{"id":7558,"date":"2025-11-06T15:40:32","date_gmt":"2025-11-06T19:40:32","guid":{"rendered":"https:\/\/www.manaus.am.gov.br\/seminf\/plano-de-verao-bairro-taruma-2\/"},"modified":"2025-11-06T15:40:32","modified_gmt":"2025-11-06T19:40:32","slug":"plano-de-verao-bairro-taruma-2","status":"publish","type":"post","link":"https:\/\/www.manaus.am.gov.br\/seminf\/plano-de-verao-bairro-taruma-2\/","title":{"rendered":"\u2018Plano de Ver\u00e3o\u2019 da Prefeitura de Manaus realiza reparo asf\u00e1ltico em duas novas ruas do bairro Tarum\u00e3"},"content":{"rendered":"\n<p>O programa \u201cPlano de Ver\u00e3o\u201d da Prefeitura de Manaus, coordenado pelas equipes da Secretaria Municipal de Infraestrutura (Seminf), realiza, nesta quinta-feira, 6\/11, os servi\u00e7os de reparo asf\u00e1ltico na rua Flor de Maracuj\u00e1 e na avenida Achouari, localizadas no bairro Tarum\u00e3, zona Oeste da capital.<\/p>\n\n\n\n<p><br>De acordo com o vice-prefeito e secret\u00e1rio de Obras, Renato Junior, as obras evidenciam os servi\u00e7os que acontecem de forma simult\u00e2nea no bairro.<br><br>\u201cTemos mais de uma frente de obra aqui no bairro Tarum\u00e3, trabalhando de forma coordenada e eficiente para transformar essa \u00e1rea. A gest\u00e3o do prefeito David Almeida n\u00e3o foge do trabalho, pelo contr\u00e1rio, as est\u00e3o obras sendo realizadas de forma simult\u00e2nea e evidenciam o comprometimento da gest\u00e3o municipal em mudar para melhor uma \u00e1rea, e isso estamos fazendo por todos os cantos de Manaus\u201d, afirma Renato Junior.<\/p>\n\n\n\n<p><br>Com as ca\u00e7ambas abastecidas de massa asf\u00e1ltica, as equipes executam a limpeza do local, retirando todo vegetal e barro dos buracos, e aplicam a imprima\u00e7\u00e3o, etapa crucial para poder receber a nova massa de asfalto no pavimento.<\/p>\n\n\n\n<p><br>O agricultor e morador da rua Flor de Maracuj\u00e1, Edelson Fran\u00e7a, de 46 anos, agradece o olhar da prefeitura em seu bairro.&nbsp;\u201cQuero agradecer a Prefeitura de Manaus pelo trabalho executado na nossa comunidade, tapando os buracos e melhorando o nosso acesso. \u00c9 uma obra bastante necess\u00e1ria\u201d, comentou.<\/p>\n\n\n\n<p><br>Todos os dias as equipes avan\u00e7am com o programa \u201cPlano de Ver\u00e3o\u201d realizando a melhoria vi\u00e1ria dos bairros da capital. O pedreiro William Fernandez, de 38 anos, relata que a prefeitura est\u00e1 fazendo um \u00f3timo trabalho na infraestrutura.<\/p>\n\n\n\n<p><br>\u201cEu quero agradecer o trabalho da Seminf em prol das nossas melhorias, reformando as ruas com asfalto de qualidade. N\u00f3s que trabalhamos, necessitamos ter uma rua bem projetada, para irmos e voltarmos, e a prefeitura est\u00e1 garantindo isso\u201d, concluiu o morador.<\/p>\n\n\n\n<figure class=\"wp-block-image size-full\"><img loading=\"lazy\" decoding=\"async\" width=\"870\" height=\"487\" src=\"https:\/\/www.manaus.am.gov.br\/seminf\/wp-content\/uploads\/sites\/6\/2025\/11\/Servico-6.jpeg\" alt=\"\" class=\"wp-image-7559\" srcset=\"https:\/\/www.manaus.am.gov.br\/seminf\/wp-content\/uploads\/sites\/6\/2025\/11\/Servico-6.jpeg 870w, https:\/\/www.manaus.am.gov.br\/seminf\/wp-content\/uploads\/sites\/6\/2025\/11\/Servico-6-300x168.jpeg 300w, https:\/\/www.manaus.am.gov.br\/seminf\/wp-content\/uploads\/sites\/6\/2025\/11\/Servico-6-768x430.jpeg 768w\" sizes=\"(max-width: 870px) 100vw, 870px\" \/><\/figure>\n\n\n\n<p>&#8212; &#8212; &#8212;<\/p>\n\n\n\n<p><strong>Texto<\/strong>\u00a0&#8211; Rayana Coutinho\/Seminf<\/p>\n\n\n\n<p><strong>Fotos<\/strong> &#8211; Alessandro Ara\u00fajo\/Seminf<\/p>\n","protected":false},"excerpt":{"rendered":"","protected":false},"author":39,"featured_media":7560,"comment_status":"closed","ping_status":"closed","sticky":false,"template":"","format":"standard","meta":{"footnotes":""},"categories":[6],"tags":[159,2742,2324,43,2743,26],"acf":[],"yoast_head":"<!-- This site is optimized with the Yoast SEO plugin v23.0 - https:\/\/yoast.com\/wordpress\/plugins\/seo\/ -->\n<title>\u2018Plano de Ver\u00e3o\u2019 realiza reparo asf\u00e1ltico em ruas do bairro Tarum\u00e3<\/title>\n<meta name=\"description\" content=\"\u2018Plano de Ver\u00e3o\u2019 da Prefeitura de Manaus, por meio da Seminf, realiza reparo asf\u00e1ltico em duas novas ruas do bairro Tarum\u00e3.\" \/>\n<meta name=\"robots\" content=\"index, follow, max-snippet:-1, max-image-preview:large, max-video-preview:-1\" \/>\n<link rel=\"canonical\" href=\"https:\/\/www.manaus.am.gov.br\/seminf\/plano-de-verao-bairro-taruma-2\/\" \/>\n<meta property=\"og:locale\" content=\"pt_BR\" \/>\n<meta property=\"og:type\" content=\"article\" \/>\n<meta property=\"og:title\" content=\"\u2018Plano de Ver\u00e3o\u2019 realiza reparo asf\u00e1ltico em ruas do bairro Tarum\u00e3\" \/>\n<meta property=\"og:description\" content=\"\u2018Plano de Ver\u00e3o\u2019 da Prefeitura de Manaus, por meio da Seminf, realiza reparo asf\u00e1ltico em duas novas ruas do bairro Tarum\u00e3.\" \/>\n<meta property=\"og:url\" content=\"https:\/\/www.manaus.am.gov.br\/seminf\/plano-de-verao-bairro-taruma-2\/\" \/>\n<meta property=\"og:site_name\" content=\"SEMINF\" \/>\n<meta property=\"article:published_time\" content=\"2025-11-06T19:40:32+00:00\" \/>\n<meta property=\"og:image\" content=\"https:\/\/www.manaus.am.gov.br\/seminf\/wp-content\/uploads\/sites\/6\/2025\/11\/Servico-4.jpeg\" \/>\n\t<meta property=\"og:image:width\" content=\"1600\" \/>\n\t<meta property=\"og:image:height\" content=\"900\" \/>\n\t<meta property=\"og:image:type\" content=\"image\/jpeg\" \/>\n<meta name=\"author\" content=\"Bruna Greco\" \/>\n<meta name=\"twitter:card\" content=\"summary_large_image\" \/>\n<meta name=\"twitter:label1\" content=\"Written by\" \/>\n\t<meta name=\"twitter:data1\" content=\"Bruna Greco\" \/>\n\t<meta name=\"twitter:label2\" content=\"Est. reading time\" \/>\n\t<meta name=\"twitter:data2\" content=\"3 minutos\" \/>\n<script type=\"application\/ld+json\" class=\"yoast-schema-graph\">{\"@context\":\"https:\/\/schema.org\",\"@graph\":[{\"@type\":\"WebPage\",\"@id\":\"https:\/\/www.manaus.am.gov.br\/seminf\/plano-de-verao-bairro-taruma-2\/\",\"url\":\"https:\/\/www.manaus.am.gov.br\/seminf\/plano-de-verao-bairro-taruma-2\/\",\"name\":\"\u2018Plano de Ver\u00e3o\u2019 realiza reparo asf\u00e1ltico em ruas do bairro Tarum\u00e3\",\"isPartOf\":{\"@id\":\"https:\/\/www.manaus.am.gov.br\/seminf\/#website\"},\"primaryImageOfPage\":{\"@id\":\"https:\/\/www.manaus.am.gov.br\/seminf\/plano-de-verao-bairro-taruma-2\/#primaryimage\"},\"image\":{\"@id\":\"https:\/\/www.manaus.am.gov.br\/seminf\/plano-de-verao-bairro-taruma-2\/#primaryimage\"},\"thumbnailUrl\":\"https:\/\/www.manaus.am.gov.br\/seminf\/wp-content\/uploads\/sites\/6\/2025\/11\/Servico-4.jpeg\",\"datePublished\":\"2025-11-06T19:40:32+00:00\",\"dateModified\":\"2025-11-06T19:40:32+00:00\",\"author\":{\"@id\":\"https:\/\/www.manaus.am.gov.br\/seminf\/#\/schema\/person\/05d223aea2bf115f9883a6ff3683d81b\"},\"description\":\"\u2018Plano de Ver\u00e3o\u2019 da Prefeitura de Manaus, por meio da Seminf, realiza reparo asf\u00e1ltico em duas novas ruas do bairro Tarum\u00e3.\",\"inLanguage\":\"pt-BR\",\"potentialAction\":[{\"@type\":\"ReadAction\",\"target\":[\"https:\/\/www.manaus.am.gov.br\/seminf\/plano-de-verao-bairro-taruma-2\/\"]}]},{\"@type\":\"ImageObject\",\"inLanguage\":\"pt-BR\",\"@id\":\"https:\/\/www.manaus.am.gov.br\/seminf\/plano-de-verao-bairro-taruma-2\/#primaryimage\",\"url\":\"https:\/\/www.manaus.am.gov.br\/seminf\/wp-content\/uploads\/sites\/6\/2025\/11\/Servico-4.jpeg\",\"contentUrl\":\"https:\/\/www.manaus.am.gov.br\/seminf\/wp-content\/uploads\/sites\/6\/2025\/11\/Servico-4.jpeg\",\"width\":1600,\"height\":900,\"caption\":\"#paratodosverem - Equipe da Seminf realizando reparos asf\u00e1lticos em via do bairro Tarum\u00e3 durante a\u00e7\u00e3o do \\\"Plano de Ver\u00e3o\\\"\"},{\"@type\":\"WebSite\",\"@id\":\"https:\/\/www.manaus.am.gov.br\/seminf\/#website\",\"url\":\"https:\/\/www.manaus.am.gov.br\/seminf\/\",\"name\":\"Secretaria de Infraestrutura\",\"description\":\"Secretaria Municipal de Infraestrutura\",\"potentialAction\":[{\"@type\":\"SearchAction\",\"target\":{\"@type\":\"EntryPoint\",\"urlTemplate\":\"https:\/\/www.manaus.am.gov.br\/seminf\/?s={search_term_string}\"},\"query-input\":\"required name=search_term_string\"}],\"inLanguage\":\"pt-BR\"},{\"@type\":\"Person\",\"@id\":\"https:\/\/www.manaus.am.gov.br\/seminf\/#\/schema\/person\/05d223aea2bf115f9883a6ff3683d81b\",\"name\":\"Bruna Greco\",\"image\":{\"@type\":\"ImageObject\",\"inLanguage\":\"pt-BR\",\"@id\":\"https:\/\/www.manaus.am.gov.br\/seminf\/#\/schema\/person\/image\/\",\"url\":\"https:\/\/secure.gravatar.com\/avatar\/9c877d1a6adc2a055330e5c09a8653ce?s=96&d=mm&r=g\",\"contentUrl\":\"https:\/\/secure.gravatar.com\/avatar\/9c877d1a6adc2a055330e5c09a8653ce?s=96&d=mm&r=g\",\"caption\":\"Bruna Greco\"}}]}<\/script>\n<!-- \/ Yoast SEO plugin. -->","yoast_head_json":{"title":"\u2018Plano de Ver\u00e3o\u2019 realiza reparo asf\u00e1ltico em ruas do bairro Tarum\u00e3","description":"\u2018Plano de Ver\u00e3o\u2019 da Prefeitura de Manaus, por meio da Seminf, realiza reparo asf\u00e1ltico em duas novas ruas do bairro Tarum\u00e3.","robots":{"index":"index","follow":"follow","max-snippet":"max-snippet:-1","max-image-preview":"max-image-preview:large","max-video-preview":"max-video-preview:-1"},"canonical":"https:\/\/www.manaus.am.gov.br\/seminf\/plano-de-verao-bairro-taruma-2\/","og_locale":"pt_BR","og_type":"article","og_title":"\u2018Plano de Ver\u00e3o\u2019 realiza reparo asf\u00e1ltico em ruas do bairro Tarum\u00e3","og_description":"\u2018Plano de Ver\u00e3o\u2019 da Prefeitura de Manaus, por meio da Seminf, realiza reparo asf\u00e1ltico em duas novas ruas do bairro Tarum\u00e3.","og_url":"https:\/\/www.manaus.am.gov.br\/seminf\/plano-de-verao-bairro-taruma-2\/","og_site_name":"SEMINF","article_published_time":"2025-11-06T19:40:32+00:00","og_image":[{"width":1600,"height":900,"url":"https:\/\/www.manaus.am.gov.br\/seminf\/wp-content\/uploads\/sites\/6\/2025\/11\/Servico-4.jpeg","type":"image\/jpeg"}],"author":"Bruna Greco","twitter_card":"summary_large_image","twitter_misc":{"Written by":"Bruna Greco","Est. reading time":"3 minutos"},"schema":{"@context":"https:\/\/schema.org","@graph":[{"@type":"WebPage","@id":"https:\/\/www.manaus.am.gov.br\/seminf\/plano-de-verao-bairro-taruma-2\/","url":"https:\/\/www.manaus.am.gov.br\/seminf\/plano-de-verao-bairro-taruma-2\/","name":"\u2018Plano de Ver\u00e3o\u2019 realiza reparo asf\u00e1ltico em ruas do bairro Tarum\u00e3","isPartOf":{"@id":"https:\/\/www.manaus.am.gov.br\/seminf\/#website"},"primaryImageOfPage":{"@id":"https:\/\/www.manaus.am.gov.br\/seminf\/plano-de-verao-bairro-taruma-2\/#primaryimage"},"image":{"@id":"https:\/\/www.manaus.am.gov.br\/seminf\/plano-de-verao-bairro-taruma-2\/#primaryimage"},"thumbnailUrl":"https:\/\/www.manaus.am.gov.br\/seminf\/wp-content\/uploads\/sites\/6\/2025\/11\/Servico-4.jpeg","datePublished":"2025-11-06T19:40:32+00:00","dateModified":"2025-11-06T19:40:32+00:00","author":{"@id":"https:\/\/www.manaus.am.gov.br\/seminf\/#\/schema\/person\/05d223aea2bf115f9883a6ff3683d81b"},"description":"\u2018Plano de Ver\u00e3o\u2019 da Prefeitura de Manaus, por meio da Seminf, realiza reparo asf\u00e1ltico em duas novas ruas do bairro Tarum\u00e3.","inLanguage":"pt-BR","potentialAction":[{"@type":"ReadAction","target":["https:\/\/www.manaus.am.gov.br\/seminf\/plano-de-verao-bairro-taruma-2\/"]}]},{"@type":"ImageObject","inLanguage":"pt-BR","@id":"https:\/\/www.manaus.am.gov.br\/seminf\/plano-de-verao-bairro-taruma-2\/#primaryimage","url":"https:\/\/www.manaus.am.gov.br\/seminf\/wp-content\/uploads\/sites\/6\/2025\/11\/Servico-4.jpeg","contentUrl":"https:\/\/www.manaus.am.gov.br\/seminf\/wp-content\/uploads\/sites\/6\/2025\/11\/Servico-4.jpeg","width":1600,"height":900,"caption":"#paratodosverem - Equipe da Seminf realizando reparos asf\u00e1lticos em via do bairro Tarum\u00e3 durante a\u00e7\u00e3o do \"Plano de Ver\u00e3o\""},{"@type":"WebSite","@id":"https:\/\/www.manaus.am.gov.br\/seminf\/#website","url":"https:\/\/www.manaus.am.gov.br\/seminf\/","name":"Secretaria de Infraestrutura","description":"Secretaria Municipal de Infraestrutura","potentialAction":[{"@type":"SearchAction","target":{"@type":"EntryPoint","urlTemplate":"https:\/\/www.manaus.am.gov.br\/seminf\/?s={search_term_string}"},"query-input":"required name=search_term_string"}],"inLanguage":"pt-BR"},{"@type":"Person","@id":"https:\/\/www.manaus.am.gov.br\/seminf\/#\/schema\/person\/05d223aea2bf115f9883a6ff3683d81b","name":"Bruna Greco","image":{"@type":"ImageObject","inLanguage":"pt-BR","@id":"https:\/\/www.manaus.am.gov.br\/seminf\/#\/schema\/person\/image\/","url":"https:\/\/secure.gravatar.com\/avatar\/9c877d1a6adc2a055330e5c09a8653ce?s=96&d=mm&r=g","contentUrl":"https:\/\/secure.gravatar.com\/avatar\/9c877d1a6adc2a055330e5c09a8653ce?s=96&d=mm&r=g","caption":"Bruna Greco"}}]}},"_links":{"self":[{"href":"https:\/\/www.manaus.am.gov.br\/seminf\/wp-json\/wp\/v2\/posts\/7558"}],"collection":[{"href":"https:\/\/www.manaus.am.gov.br\/seminf\/wp-json\/wp\/v2\/posts"}],"about":[{"href":"https:\/\/www.manaus.am.gov.br\/seminf\/wp-json\/wp\/v2\/types\/post"}],"author":[{"embeddable":true,"href":"https:\/\/www.manaus.am.gov.br\/seminf\/wp-json\/wp\/v2\/users\/39"}],"replies":[{"embeddable":true,"href":"https:\/\/www.manaus.am.gov.br\/seminf\/wp-json\/wp\/v2\/comments?post=7558"}],"version-history":[{"count":1,"href":"https:\/\/www.manaus.am.gov.br\/seminf\/wp-json\/wp\/v2\/posts\/7558\/revisions"}],"predecessor-version":[{"id":7561,"href":"https:\/\/www.manaus.am.gov.br\/seminf\/wp-json\/wp\/v2\/posts\/7558\/revisions\/7561"}],"wp:featuredmedia":[{"embeddable":true,"href":"https:\/\/www.manaus.am.gov.br\/seminf\/wp-json\/wp\/v2\/media\/7560"}],"wp:attachment":[{"href":"https:\/\/www.manaus.am.gov.br\/seminf\/wp-json\/wp\/v2\/media?parent=7558"}],"wp:term":[{"taxonomy":"category","embeddable":true,"href":"https:\/\/www.manaus.am.gov.br\/seminf\/wp-json\/wp\/v2\/categories?post=7558"},{"taxonomy":"post_tag","embeddable":true,"href":"https:\/\/www.manaus.am.gov.br\/seminf\/wp-json\/wp\/v2\/tags?post=7558"}],"curies":[{"name":"wp","href":"https:\/\/api.w.org\/{rel}","templated":true}]}}