{"id":7554,"date":"2025-11-05T18:03:26","date_gmt":"2025-11-05T22:03:26","guid":{"rendered":"https:\/\/www.manaus.am.gov.br\/seminf\/obras-de-pavimentacao\/"},"modified":"2025-11-05T18:03:27","modified_gmt":"2025-11-05T22:03:27","slug":"obras-de-pavimentacao","status":"publish","type":"post","link":"https:\/\/www.manaus.am.gov.br\/seminf\/obras-de-pavimentacao\/","title":{"rendered":"Prefeitura de Manaus leva asfalto e desenvolvimento ao ramal Bandeirantes"},"content":{"rendered":"\n<p>A Prefeitura de Manaus segue ampliando os investimentos na zona rural e levando dignidade \u00e0s fam\u00edlias que vivem no campo. Nesta quarta-feira, 5\/11, as equipes da Secretaria Municipal de Infraestrutura (Seminf) avan\u00e7aram com a pavimenta\u00e7\u00e3o da ladeira do ramal Bandeirantes, localizado no quil\u00f4metro 23 da BR-174, um trecho fundamental para o escoamento da produ\u00e7\u00e3o agr\u00edcola local.<\/p>\n\n\n\n<p>O vice-prefeito e secret\u00e1rio municipal de Obras, Renato Junior, destacou o compromisso da gest\u00e3o com os produtores rurais.<\/p>\n\n\n\n<p>\u201cO asfalto que chega aqui n\u00e3o \u00e9 apenas obra, \u00e9 transforma\u00e7\u00e3o de vida. Cada metro pavimentado representa seguran\u00e7a, acesso e respeito ao produtor que sustenta a nossa cidade com o fruto do seu trabalho. O prefeito David Almeida tem um olhar sens\u00edvel e verdadeiro pela zona rural, e isso se reflete em cada ramal que a gente recupera\u201d, afirmou Renato Junior.<\/p>\n\n\n\n<p>Antes da pavimenta\u00e7\u00e3o, as equipes realizaram servi\u00e7os de terraplanagem e nivelamento, utilizando maquin\u00e1rios como motoniveladora, retroescavadeira e rolo p\u00e9 de carneiro, preparando o solo para receber a camada asf\u00e1ltica. O trabalho foi conclu\u00eddo com a compacta\u00e7\u00e3o do asfalto, garantindo resist\u00eancia e durabilidade ao trecho.<\/p>\n\n\n\n<p>Morador do ramal e produtor de macaxeira h\u00e1 mais de 20 anos, Elynaldo de Oliveira, de 44 anos, comemorou a chegada do asfalto.<\/p>\n\n\n\n<p>\u201cQuando chovia, a lama tomava conta, e nos dias de sol era s\u00f3 poeira. Agora vai ficar bem melhor para trabalhar e escoar nossos produtos com tranquilidade\u201d, contou Elynaldo.<\/p>\n\n\n\n<p>Nos \u00faltimos quatro anos, a Seminf j\u00e1 atuou em 15 ramais da zona rural, executando servi\u00e7os de terraplanagem e pavimenta\u00e7\u00e3o, entre eles os ramais Baiano, \u00c1gua Branca, Matrinx\u00e3, Bom Jesus, Cachoeira do Le\u00e3o, Ipiranga, Para\u00edso Verde, Areal, S\u00e3o Francisco, Acar\u00e1 e Rio Branquinho, al\u00e9m da pavimenta\u00e7\u00e3o de 22 ladeiras conclu\u00eddas.<\/p>\n\n\n\n<p>Atualmente, as obras seguem em ritmo acelerado nos ramais do quil\u00f4metro 45, ZF-5 e agora Bandeirantes, demonstrando o comprometimento da Prefeitura de Manaus com o desenvolvimento e a valoriza\u00e7\u00e3o da zona rural, fortalecendo a agricultura e melhorando a vida de quem vive e trabalha no campo.<\/p>\n\n\n\n<p>\u2014- \u2014- \u2014<br><strong>Texto &#8211;<\/strong> Eduarda Lira\/Seminf<br><strong>Fotos &#8211; <\/strong>M\u00e1rcio Melo\/Seminf<\/p>\n","protected":false},"excerpt":{"rendered":"","protected":false},"author":68,"featured_media":7555,"comment_status":"closed","ping_status":"closed","sticky":false,"template":"","format":"standard","meta":{"footnotes":""},"categories":[3],"tags":[2737,2738,2739,43,26],"acf":[],"yoast_head":"<!-- This site is optimized with the Yoast SEO plugin v23.0 - https:\/\/yoast.com\/wordpress\/plugins\/seo\/ -->\n<title>Prefeitura leva asfalto e desenvolvimento ao ramal Bandeirantes<\/title>\n<meta name=\"description\" content=\"A Prefeitura de Manaus segue ampliando os investimentos na zona rural e levando dignidade \u00e0s fam\u00edlias que vivem no campo.\" \/>\n<meta name=\"robots\" content=\"index, follow, max-snippet:-1, max-image-preview:large, max-video-preview:-1\" \/>\n<link rel=\"canonical\" href=\"https:\/\/www.manaus.am.gov.br\/seminf\/obras-de-pavimentacao\/\" \/>\n<meta property=\"og:locale\" content=\"pt_BR\" \/>\n<meta property=\"og:type\" content=\"article\" \/>\n<meta property=\"og:title\" content=\"Prefeitura leva asfalto e desenvolvimento ao ramal Bandeirantes\" \/>\n<meta property=\"og:description\" content=\"A Prefeitura de Manaus segue ampliando os investimentos na zona rural e levando dignidade \u00e0s fam\u00edlias que vivem no campo.\" \/>\n<meta property=\"og:url\" content=\"https:\/\/www.manaus.am.gov.br\/seminf\/obras-de-pavimentacao\/\" \/>\n<meta property=\"og:site_name\" content=\"SEMINF\" \/>\n<meta property=\"article:published_time\" content=\"2025-11-05T22:03:26+00:00\" \/>\n<meta property=\"article:modified_time\" content=\"2025-11-05T22:03:27+00:00\" \/>\n<meta property=\"og:image\" content=\"https:\/\/www.manaus.am.gov.br\/seminf\/wp-content\/uploads\/sites\/6\/2025\/11\/736A9235-1024x683.jpg\" \/>\n\t<meta property=\"og:image:width\" content=\"1024\" \/>\n\t<meta property=\"og:image:height\" content=\"683\" \/>\n\t<meta property=\"og:image:type\" content=\"image\/jpeg\" \/>\n<meta name=\"author\" content=\"bvalente\" \/>\n<meta name=\"twitter:card\" content=\"summary_large_image\" \/>\n<meta name=\"twitter:label1\" content=\"Written by\" \/>\n\t<meta name=\"twitter:data1\" content=\"bvalente\" \/>\n\t<meta name=\"twitter:label2\" content=\"Est. reading time\" \/>\n\t<meta name=\"twitter:data2\" content=\"3 minutos\" \/>\n<script type=\"application\/ld+json\" class=\"yoast-schema-graph\">{\"@context\":\"https:\/\/schema.org\",\"@graph\":[{\"@type\":\"WebPage\",\"@id\":\"https:\/\/www.manaus.am.gov.br\/seminf\/obras-de-pavimentacao\/\",\"url\":\"https:\/\/www.manaus.am.gov.br\/seminf\/obras-de-pavimentacao\/\",\"name\":\"Prefeitura leva asfalto e desenvolvimento ao ramal Bandeirantes\",\"isPartOf\":{\"@id\":\"https:\/\/www.manaus.am.gov.br\/seminf\/#website\"},\"primaryImageOfPage\":{\"@id\":\"https:\/\/www.manaus.am.gov.br\/seminf\/obras-de-pavimentacao\/#primaryimage\"},\"image\":{\"@id\":\"https:\/\/www.manaus.am.gov.br\/seminf\/obras-de-pavimentacao\/#primaryimage\"},\"thumbnailUrl\":\"https:\/\/www.manaus.am.gov.br\/seminf\/wp-content\/uploads\/sites\/6\/2025\/11\/736A9235.jpg\",\"datePublished\":\"2025-11-05T22:03:26+00:00\",\"dateModified\":\"2025-11-05T22:03:27+00:00\",\"author\":{\"@id\":\"https:\/\/www.manaus.am.gov.br\/seminf\/#\/schema\/person\/466a0e03ae4b6062809046bd560ac955\"},\"description\":\"A Prefeitura de Manaus segue ampliando os investimentos na zona rural e levando dignidade \u00e0s fam\u00edlias que vivem no campo.\",\"inLanguage\":\"pt-BR\",\"potentialAction\":[{\"@type\":\"ReadAction\",\"target\":[\"https:\/\/www.manaus.am.gov.br\/seminf\/obras-de-pavimentacao\/\"]}]},{\"@type\":\"ImageObject\",\"inLanguage\":\"pt-BR\",\"@id\":\"https:\/\/www.manaus.am.gov.br\/seminf\/obras-de-pavimentacao\/#primaryimage\",\"url\":\"https:\/\/www.manaus.am.gov.br\/seminf\/wp-content\/uploads\/sites\/6\/2025\/11\/736A9235.jpg\",\"contentUrl\":\"https:\/\/www.manaus.am.gov.br\/seminf\/wp-content\/uploads\/sites\/6\/2025\/11\/736A9235.jpg\",\"width\":4464,\"height\":2976,\"caption\":\"#paratodosverem \u2013 Equipes da Seminf aplicando asfalto novo em ramal\"},{\"@type\":\"WebSite\",\"@id\":\"https:\/\/www.manaus.am.gov.br\/seminf\/#website\",\"url\":\"https:\/\/www.manaus.am.gov.br\/seminf\/\",\"name\":\"Secretaria de Infraestrutura\",\"description\":\"Secretaria Municipal de Infraestrutura\",\"potentialAction\":[{\"@type\":\"SearchAction\",\"target\":{\"@type\":\"EntryPoint\",\"urlTemplate\":\"https:\/\/www.manaus.am.gov.br\/seminf\/?s={search_term_string}\"},\"query-input\":\"required name=search_term_string\"}],\"inLanguage\":\"pt-BR\"},{\"@type\":\"Person\",\"@id\":\"https:\/\/www.manaus.am.gov.br\/seminf\/#\/schema\/person\/466a0e03ae4b6062809046bd560ac955\",\"name\":\"bvalente\",\"image\":{\"@type\":\"ImageObject\",\"inLanguage\":\"pt-BR\",\"@id\":\"https:\/\/www.manaus.am.gov.br\/seminf\/#\/schema\/person\/image\/\",\"url\":\"https:\/\/secure.gravatar.com\/avatar\/3e69bc2b014bdad41adfec3a39de07d2?s=96&d=mm&r=g\",\"contentUrl\":\"https:\/\/secure.gravatar.com\/avatar\/3e69bc2b014bdad41adfec3a39de07d2?s=96&d=mm&r=g\",\"caption\":\"bvalente\"}}]}<\/script>\n<!-- \/ Yoast SEO plugin. -->","yoast_head_json":{"title":"Prefeitura leva asfalto e desenvolvimento ao ramal Bandeirantes","description":"A Prefeitura de Manaus segue ampliando os investimentos na zona rural e levando dignidade \u00e0s fam\u00edlias que vivem no campo.","robots":{"index":"index","follow":"follow","max-snippet":"max-snippet:-1","max-image-preview":"max-image-preview:large","max-video-preview":"max-video-preview:-1"},"canonical":"https:\/\/www.manaus.am.gov.br\/seminf\/obras-de-pavimentacao\/","og_locale":"pt_BR","og_type":"article","og_title":"Prefeitura leva asfalto e desenvolvimento ao ramal Bandeirantes","og_description":"A Prefeitura de Manaus segue ampliando os investimentos na zona rural e levando dignidade \u00e0s fam\u00edlias que vivem no campo.","og_url":"https:\/\/www.manaus.am.gov.br\/seminf\/obras-de-pavimentacao\/","og_site_name":"SEMINF","article_published_time":"2025-11-05T22:03:26+00:00","article_modified_time":"2025-11-05T22:03:27+00:00","og_image":[{"width":1024,"height":683,"url":"https:\/\/www.manaus.am.gov.br\/seminf\/wp-content\/uploads\/sites\/6\/2025\/11\/736A9235-1024x683.jpg","type":"image\/jpeg"}],"author":"bvalente","twitter_card":"summary_large_image","twitter_misc":{"Written by":"bvalente","Est. reading time":"3 minutos"},"schema":{"@context":"https:\/\/schema.org","@graph":[{"@type":"WebPage","@id":"https:\/\/www.manaus.am.gov.br\/seminf\/obras-de-pavimentacao\/","url":"https:\/\/www.manaus.am.gov.br\/seminf\/obras-de-pavimentacao\/","name":"Prefeitura leva asfalto e desenvolvimento ao ramal Bandeirantes","isPartOf":{"@id":"https:\/\/www.manaus.am.gov.br\/seminf\/#website"},"primaryImageOfPage":{"@id":"https:\/\/www.manaus.am.gov.br\/seminf\/obras-de-pavimentacao\/#primaryimage"},"image":{"@id":"https:\/\/www.manaus.am.gov.br\/seminf\/obras-de-pavimentacao\/#primaryimage"},"thumbnailUrl":"https:\/\/www.manaus.am.gov.br\/seminf\/wp-content\/uploads\/sites\/6\/2025\/11\/736A9235.jpg","datePublished":"2025-11-05T22:03:26+00:00","dateModified":"2025-11-05T22:03:27+00:00","author":{"@id":"https:\/\/www.manaus.am.gov.br\/seminf\/#\/schema\/person\/466a0e03ae4b6062809046bd560ac955"},"description":"A Prefeitura de Manaus segue ampliando os investimentos na zona rural e levando dignidade \u00e0s fam\u00edlias que vivem no campo.","inLanguage":"pt-BR","potentialAction":[{"@type":"ReadAction","target":["https:\/\/www.manaus.am.gov.br\/seminf\/obras-de-pavimentacao\/"]}]},{"@type":"ImageObject","inLanguage":"pt-BR","@id":"https:\/\/www.manaus.am.gov.br\/seminf\/obras-de-pavimentacao\/#primaryimage","url":"https:\/\/www.manaus.am.gov.br\/seminf\/wp-content\/uploads\/sites\/6\/2025\/11\/736A9235.jpg","contentUrl":"https:\/\/www.manaus.am.gov.br\/seminf\/wp-content\/uploads\/sites\/6\/2025\/11\/736A9235.jpg","width":4464,"height":2976,"caption":"#paratodosverem \u2013 Equipes da Seminf aplicando asfalto novo em ramal"},{"@type":"WebSite","@id":"https:\/\/www.manaus.am.gov.br\/seminf\/#website","url":"https:\/\/www.manaus.am.gov.br\/seminf\/","name":"Secretaria de Infraestrutura","description":"Secretaria Municipal de Infraestrutura","potentialAction":[{"@type":"SearchAction","target":{"@type":"EntryPoint","urlTemplate":"https:\/\/www.manaus.am.gov.br\/seminf\/?s={search_term_string}"},"query-input":"required name=search_term_string"}],"inLanguage":"pt-BR"},{"@type":"Person","@id":"https:\/\/www.manaus.am.gov.br\/seminf\/#\/schema\/person\/466a0e03ae4b6062809046bd560ac955","name":"bvalente","image":{"@type":"ImageObject","inLanguage":"pt-BR","@id":"https:\/\/www.manaus.am.gov.br\/seminf\/#\/schema\/person\/image\/","url":"https:\/\/secure.gravatar.com\/avatar\/3e69bc2b014bdad41adfec3a39de07d2?s=96&d=mm&r=g","contentUrl":"https:\/\/secure.gravatar.com\/avatar\/3e69bc2b014bdad41adfec3a39de07d2?s=96&d=mm&r=g","caption":"bvalente"}}]}},"_links":{"self":[{"href":"https:\/\/www.manaus.am.gov.br\/seminf\/wp-json\/wp\/v2\/posts\/7554"}],"collection":[{"href":"https:\/\/www.manaus.am.gov.br\/seminf\/wp-json\/wp\/v2\/posts"}],"about":[{"href":"https:\/\/www.manaus.am.gov.br\/seminf\/wp-json\/wp\/v2\/types\/post"}],"author":[{"embeddable":true,"href":"https:\/\/www.manaus.am.gov.br\/seminf\/wp-json\/wp\/v2\/users\/68"}],"replies":[{"embeddable":true,"href":"https:\/\/www.manaus.am.gov.br\/seminf\/wp-json\/wp\/v2\/comments?post=7554"}],"version-history":[{"count":0,"href":"https:\/\/www.manaus.am.gov.br\/seminf\/wp-json\/wp\/v2\/posts\/7554\/revisions"}],"wp:featuredmedia":[{"embeddable":true,"href":"https:\/\/www.manaus.am.gov.br\/seminf\/wp-json\/wp\/v2\/media\/7555"}],"wp:attachment":[{"href":"https:\/\/www.manaus.am.gov.br\/seminf\/wp-json\/wp\/v2\/media?parent=7554"}],"wp:term":[{"taxonomy":"category","embeddable":true,"href":"https:\/\/www.manaus.am.gov.br\/seminf\/wp-json\/wp\/v2\/categories?post=7554"},{"taxonomy":"post_tag","embeddable":true,"href":"https:\/\/www.manaus.am.gov.br\/seminf\/wp-json\/wp\/v2\/tags?post=7554"}],"curies":[{"name":"wp","href":"https:\/\/api.w.org\/{rel}","templated":true}]}}