{"id":7535,"date":"2025-11-05T09:37:42","date_gmt":"2025-11-05T13:37:42","guid":{"rendered":"https:\/\/www.manaus.am.gov.br\/seminf\/prefeitura-seminf-jorgeteixeira\/"},"modified":"2025-11-05T09:37:43","modified_gmt":"2025-11-05T13:37:43","slug":"prefeitura-seminf-jorgeteixeira","status":"publish","type":"post","link":"https:\/\/www.manaus.am.gov.br\/seminf\/prefeitura-seminf-jorgeteixeira\/","title":{"rendered":"\u2018Plano de Ver\u00e3o\u2019 da Prefeitura de Manaus avan\u00e7a no bairro Jorge Teixeira"},"content":{"rendered":"\n<p>A Prefeitura de Manaus, por meio da Secretaria Municipal de Infraestrutura (Seminf), realiza, nesta quarta-feira, 5\/11, o trabalho de manuten\u00e7\u00e3o asf\u00e1ltica na rua 3, no bairro Jorge Teixeira, zona Leste, a partir do \u201cPlano de Ver\u00e3o\u201d, que garante a recupera\u00e7\u00e3o de ruas e avenidas em diferentes zonas da cidade.<br><br>\u201cA gest\u00e3o do prefeito David Almeida ouve as comunidades e prioriza as ruas com maior necessidade. O \u2018Plano de Ver\u00e3o\u2019 avan\u00e7a de forma din\u00e2mica, levando o asfalto para locais que precisam, proporcionando mais infraestrutura e qualidade de vida para a popula\u00e7\u00e3o\u201d, explica o vice-prefeito e secret\u00e1rio de Obras, Renato Junior.<br><br>Na zona Leste, a rua 3 foi contemplada com o servi\u00e7o de manuten\u00e7\u00e3o asf\u00e1ltica. Houve limpeza pr\u00e9via da via, o que garante a qualidade da aplica\u00e7\u00e3o da massa asf\u00e1ltica. Ap\u00f3s a finaliza\u00e7\u00e3o do trabalho, a via volta a estar nivelada e com maior durabilidade, contribuindo para a melhoria da mobilidade urbana da \u00e1rea.<br><br>\u201cN\u00f3s ficamos felizes em ver as equipes da Seminf com o trabalho di\u00e1rio pelas ruas da zona Leste. A prefeitura est\u00e1 de parab\u00e9ns\u201d, afirma o aut\u00f4nomo Gustavo Magalh\u00e3es, 40 anos.<br><br>Os trabalhos fazem parte o \u201cPlano de Ver\u00e3o\u201d, que vem transformando ruas da cidade. A prefeitura tem refor\u00e7ado seu compromisso com a popula\u00e7\u00e3o com mais conforto e mobilidade para quem depende dessas vias diariamente.<\/p>\n\n\n\n<p>&#8212; &#8212; &#8212;<\/p>\n\n\n\n<p><strong>Texto <\/strong>&#8211; Eduarda Lira\/Seminf<br><strong>Fotos <\/strong>&#8211; M\u00e1rcio Melo\/Seminf<\/p>\n","protected":false},"excerpt":{"rendered":"","protected":false},"author":23,"featured_media":7536,"comment_status":"closed","ping_status":"closed","sticky":false,"template":"","format":"standard","meta":{"footnotes":""},"categories":[560],"tags":[368,2324,43,26,58],"acf":[],"yoast_head":"<!-- This site is optimized with the Yoast SEO plugin v23.0 - https:\/\/yoast.com\/wordpress\/plugins\/seo\/ -->\n<title>\u2018Plano de Ver\u00e3o\u2019 da Prefeitura de Manaus avan\u00e7a no bairro Jorge Teixeira<\/title>\n<meta name=\"description\" content=\"A Prefeitura de Manaus, por meio da Secretaria Municipal de Infraestrutura (Seminf), realiza, nesta quarta-feira, 5\/11, o trabalho de manuten\u00e7\u00e3o asf\u00e1ltica na rua 3, no bairro Jorge Teixeira, zona Leste, a partir do \u201cPlano de Ver\u00e3o\u201d, que garante a recupera\u00e7\u00e3o de ruas e avenidas em diferentes zonas da cidade.\" \/>\n<meta name=\"robots\" content=\"index, follow, max-snippet:-1, max-image-preview:large, max-video-preview:-1\" \/>\n<link rel=\"canonical\" href=\"https:\/\/www.manaus.am.gov.br\/seminf\/prefeitura-seminf-jorgeteixeira\/\" \/>\n<meta property=\"og:locale\" content=\"pt_BR\" \/>\n<meta property=\"og:type\" content=\"article\" \/>\n<meta property=\"og:title\" content=\"\u2018Plano de Ver\u00e3o\u2019 da Prefeitura de Manaus avan\u00e7a no bairro Jorge Teixeira\" \/>\n<meta property=\"og:description\" content=\"A Prefeitura de Manaus, por meio da Secretaria Municipal de Infraestrutura (Seminf), realiza, nesta quarta-feira, 5\/11, o trabalho de manuten\u00e7\u00e3o asf\u00e1ltica na rua 3, no bairro Jorge Teixeira, zona Leste, a partir do \u201cPlano de Ver\u00e3o\u201d, que garante a recupera\u00e7\u00e3o de ruas e avenidas em diferentes zonas da cidade.\" \/>\n<meta property=\"og:url\" content=\"https:\/\/www.manaus.am.gov.br\/seminf\/prefeitura-seminf-jorgeteixeira\/\" \/>\n<meta property=\"og:site_name\" content=\"SEMINF\" \/>\n<meta property=\"article:published_time\" content=\"2025-11-05T13:37:42+00:00\" \/>\n<meta property=\"article:modified_time\" content=\"2025-11-05T13:37:43+00:00\" \/>\n<meta property=\"og:image\" content=\"https:\/\/www.manaus.am.gov.br\/seminf\/wp-content\/uploads\/sites\/6\/2025\/11\/WhatsApp-Image-2025-11-05-at-09.13.18.jpeg\" \/>\n\t<meta property=\"og:image:width\" content=\"1116\" \/>\n\t<meta property=\"og:image:height\" content=\"744\" \/>\n\t<meta property=\"og:image:type\" content=\"image\/jpeg\" \/>\n<meta name=\"author\" content=\"Adriana Costa\" \/>\n<meta name=\"twitter:card\" content=\"summary_large_image\" \/>\n<meta name=\"twitter:label1\" content=\"Written by\" \/>\n\t<meta name=\"twitter:data1\" content=\"Adriana Costa\" \/>\n\t<meta name=\"twitter:label2\" content=\"Est. reading time\" \/>\n\t<meta name=\"twitter:data2\" content=\"2 minutos\" \/>\n<script type=\"application\/ld+json\" class=\"yoast-schema-graph\">{\"@context\":\"https:\/\/schema.org\",\"@graph\":[{\"@type\":\"WebPage\",\"@id\":\"https:\/\/www.manaus.am.gov.br\/seminf\/prefeitura-seminf-jorgeteixeira\/\",\"url\":\"https:\/\/www.manaus.am.gov.br\/seminf\/prefeitura-seminf-jorgeteixeira\/\",\"name\":\"\u2018Plano de Ver\u00e3o\u2019 da Prefeitura de Manaus avan\u00e7a no bairro Jorge Teixeira\",\"isPartOf\":{\"@id\":\"https:\/\/www.manaus.am.gov.br\/seminf\/#website\"},\"primaryImageOfPage\":{\"@id\":\"https:\/\/www.manaus.am.gov.br\/seminf\/prefeitura-seminf-jorgeteixeira\/#primaryimage\"},\"image\":{\"@id\":\"https:\/\/www.manaus.am.gov.br\/seminf\/prefeitura-seminf-jorgeteixeira\/#primaryimage\"},\"thumbnailUrl\":\"https:\/\/www.manaus.am.gov.br\/seminf\/wp-content\/uploads\/sites\/6\/2025\/11\/WhatsApp-Image-2025-11-05-at-09.13.18.jpeg\",\"datePublished\":\"2025-11-05T13:37:42+00:00\",\"dateModified\":\"2025-11-05T13:37:43+00:00\",\"author\":{\"@id\":\"https:\/\/www.manaus.am.gov.br\/seminf\/#\/schema\/person\/4e49f4e267757a06ca072ec61b2b9968\"},\"description\":\"A Prefeitura de Manaus, por meio da Secretaria Municipal de Infraestrutura (Seminf), realiza, nesta quarta-feira, 5\/11, o trabalho de manuten\u00e7\u00e3o asf\u00e1ltica na rua 3, no bairro Jorge Teixeira, zona Leste, a partir do \u201cPlano de Ver\u00e3o\u201d, que garante a recupera\u00e7\u00e3o de ruas e avenidas em diferentes zonas da cidade.\",\"inLanguage\":\"pt-BR\",\"potentialAction\":[{\"@type\":\"ReadAction\",\"target\":[\"https:\/\/www.manaus.am.gov.br\/seminf\/prefeitura-seminf-jorgeteixeira\/\"]}]},{\"@type\":\"ImageObject\",\"inLanguage\":\"pt-BR\",\"@id\":\"https:\/\/www.manaus.am.gov.br\/seminf\/prefeitura-seminf-jorgeteixeira\/#primaryimage\",\"url\":\"https:\/\/www.manaus.am.gov.br\/seminf\/wp-content\/uploads\/sites\/6\/2025\/11\/WhatsApp-Image-2025-11-05-at-09.13.18.jpeg\",\"contentUrl\":\"https:\/\/www.manaus.am.gov.br\/seminf\/wp-content\/uploads\/sites\/6\/2025\/11\/WhatsApp-Image-2025-11-05-at-09.13.18.jpeg\",\"width\":1116,\"height\":744,\"caption\":\"#paratodosverem - Trabalhadores da Seminf aplicam massa asf\u00e1ltica no bairro Teixeira\"},{\"@type\":\"WebSite\",\"@id\":\"https:\/\/www.manaus.am.gov.br\/seminf\/#website\",\"url\":\"https:\/\/www.manaus.am.gov.br\/seminf\/\",\"name\":\"Secretaria de Infraestrutura\",\"description\":\"Secretaria Municipal de Infraestrutura\",\"potentialAction\":[{\"@type\":\"SearchAction\",\"target\":{\"@type\":\"EntryPoint\",\"urlTemplate\":\"https:\/\/www.manaus.am.gov.br\/seminf\/?s={search_term_string}\"},\"query-input\":\"required name=search_term_string\"}],\"inLanguage\":\"pt-BR\"},{\"@type\":\"Person\",\"@id\":\"https:\/\/www.manaus.am.gov.br\/seminf\/#\/schema\/person\/4e49f4e267757a06ca072ec61b2b9968\",\"name\":\"Adriana Costa\",\"image\":{\"@type\":\"ImageObject\",\"inLanguage\":\"pt-BR\",\"@id\":\"https:\/\/www.manaus.am.gov.br\/seminf\/#\/schema\/person\/image\/\",\"url\":\"https:\/\/secure.gravatar.com\/avatar\/576258617ef7194f718179e766d57bd4?s=96&d=mm&r=g\",\"contentUrl\":\"https:\/\/secure.gravatar.com\/avatar\/576258617ef7194f718179e766d57bd4?s=96&d=mm&r=g\",\"caption\":\"Adriana Costa\"}}]}<\/script>\n<!-- \/ Yoast SEO plugin. -->","yoast_head_json":{"title":"\u2018Plano de Ver\u00e3o\u2019 da Prefeitura de Manaus avan\u00e7a no bairro Jorge Teixeira","description":"A Prefeitura de Manaus, por meio da Secretaria Municipal de Infraestrutura (Seminf), realiza, nesta quarta-feira, 5\/11, o trabalho de manuten\u00e7\u00e3o asf\u00e1ltica na rua 3, no bairro Jorge Teixeira, zona Leste, a partir do \u201cPlano de Ver\u00e3o\u201d, que garante a recupera\u00e7\u00e3o de ruas e avenidas em diferentes zonas da cidade.","robots":{"index":"index","follow":"follow","max-snippet":"max-snippet:-1","max-image-preview":"max-image-preview:large","max-video-preview":"max-video-preview:-1"},"canonical":"https:\/\/www.manaus.am.gov.br\/seminf\/prefeitura-seminf-jorgeteixeira\/","og_locale":"pt_BR","og_type":"article","og_title":"\u2018Plano de Ver\u00e3o\u2019 da Prefeitura de Manaus avan\u00e7a no bairro Jorge Teixeira","og_description":"A Prefeitura de Manaus, por meio da Secretaria Municipal de Infraestrutura (Seminf), realiza, nesta quarta-feira, 5\/11, o trabalho de manuten\u00e7\u00e3o asf\u00e1ltica na rua 3, no bairro Jorge Teixeira, zona Leste, a partir do \u201cPlano de Ver\u00e3o\u201d, que garante a recupera\u00e7\u00e3o de ruas e avenidas em diferentes zonas da cidade.","og_url":"https:\/\/www.manaus.am.gov.br\/seminf\/prefeitura-seminf-jorgeteixeira\/","og_site_name":"SEMINF","article_published_time":"2025-11-05T13:37:42+00:00","article_modified_time":"2025-11-05T13:37:43+00:00","og_image":[{"width":1116,"height":744,"url":"https:\/\/www.manaus.am.gov.br\/seminf\/wp-content\/uploads\/sites\/6\/2025\/11\/WhatsApp-Image-2025-11-05-at-09.13.18.jpeg","type":"image\/jpeg"}],"author":"Adriana Costa","twitter_card":"summary_large_image","twitter_misc":{"Written by":"Adriana Costa","Est. reading time":"2 minutos"},"schema":{"@context":"https:\/\/schema.org","@graph":[{"@type":"WebPage","@id":"https:\/\/www.manaus.am.gov.br\/seminf\/prefeitura-seminf-jorgeteixeira\/","url":"https:\/\/www.manaus.am.gov.br\/seminf\/prefeitura-seminf-jorgeteixeira\/","name":"\u2018Plano de Ver\u00e3o\u2019 da Prefeitura de Manaus avan\u00e7a no bairro Jorge Teixeira","isPartOf":{"@id":"https:\/\/www.manaus.am.gov.br\/seminf\/#website"},"primaryImageOfPage":{"@id":"https:\/\/www.manaus.am.gov.br\/seminf\/prefeitura-seminf-jorgeteixeira\/#primaryimage"},"image":{"@id":"https:\/\/www.manaus.am.gov.br\/seminf\/prefeitura-seminf-jorgeteixeira\/#primaryimage"},"thumbnailUrl":"https:\/\/www.manaus.am.gov.br\/seminf\/wp-content\/uploads\/sites\/6\/2025\/11\/WhatsApp-Image-2025-11-05-at-09.13.18.jpeg","datePublished":"2025-11-05T13:37:42+00:00","dateModified":"2025-11-05T13:37:43+00:00","author":{"@id":"https:\/\/www.manaus.am.gov.br\/seminf\/#\/schema\/person\/4e49f4e267757a06ca072ec61b2b9968"},"description":"A Prefeitura de Manaus, por meio da Secretaria Municipal de Infraestrutura (Seminf), realiza, nesta quarta-feira, 5\/11, o trabalho de manuten\u00e7\u00e3o asf\u00e1ltica na rua 3, no bairro Jorge Teixeira, zona Leste, a partir do \u201cPlano de Ver\u00e3o\u201d, que garante a recupera\u00e7\u00e3o de ruas e avenidas em diferentes zonas da cidade.","inLanguage":"pt-BR","potentialAction":[{"@type":"ReadAction","target":["https:\/\/www.manaus.am.gov.br\/seminf\/prefeitura-seminf-jorgeteixeira\/"]}]},{"@type":"ImageObject","inLanguage":"pt-BR","@id":"https:\/\/www.manaus.am.gov.br\/seminf\/prefeitura-seminf-jorgeteixeira\/#primaryimage","url":"https:\/\/www.manaus.am.gov.br\/seminf\/wp-content\/uploads\/sites\/6\/2025\/11\/WhatsApp-Image-2025-11-05-at-09.13.18.jpeg","contentUrl":"https:\/\/www.manaus.am.gov.br\/seminf\/wp-content\/uploads\/sites\/6\/2025\/11\/WhatsApp-Image-2025-11-05-at-09.13.18.jpeg","width":1116,"height":744,"caption":"#paratodosverem - Trabalhadores da Seminf aplicam massa asf\u00e1ltica no bairro Teixeira"},{"@type":"WebSite","@id":"https:\/\/www.manaus.am.gov.br\/seminf\/#website","url":"https:\/\/www.manaus.am.gov.br\/seminf\/","name":"Secretaria de Infraestrutura","description":"Secretaria Municipal de Infraestrutura","potentialAction":[{"@type":"SearchAction","target":{"@type":"EntryPoint","urlTemplate":"https:\/\/www.manaus.am.gov.br\/seminf\/?s={search_term_string}"},"query-input":"required name=search_term_string"}],"inLanguage":"pt-BR"},{"@type":"Person","@id":"https:\/\/www.manaus.am.gov.br\/seminf\/#\/schema\/person\/4e49f4e267757a06ca072ec61b2b9968","name":"Adriana Costa","image":{"@type":"ImageObject","inLanguage":"pt-BR","@id":"https:\/\/www.manaus.am.gov.br\/seminf\/#\/schema\/person\/image\/","url":"https:\/\/secure.gravatar.com\/avatar\/576258617ef7194f718179e766d57bd4?s=96&d=mm&r=g","contentUrl":"https:\/\/secure.gravatar.com\/avatar\/576258617ef7194f718179e766d57bd4?s=96&d=mm&r=g","caption":"Adriana Costa"}}]}},"_links":{"self":[{"href":"https:\/\/www.manaus.am.gov.br\/seminf\/wp-json\/wp\/v2\/posts\/7535"}],"collection":[{"href":"https:\/\/www.manaus.am.gov.br\/seminf\/wp-json\/wp\/v2\/posts"}],"about":[{"href":"https:\/\/www.manaus.am.gov.br\/seminf\/wp-json\/wp\/v2\/types\/post"}],"author":[{"embeddable":true,"href":"https:\/\/www.manaus.am.gov.br\/seminf\/wp-json\/wp\/v2\/users\/23"}],"replies":[{"embeddable":true,"href":"https:\/\/www.manaus.am.gov.br\/seminf\/wp-json\/wp\/v2\/comments?post=7535"}],"version-history":[{"count":0,"href":"https:\/\/www.manaus.am.gov.br\/seminf\/wp-json\/wp\/v2\/posts\/7535\/revisions"}],"wp:featuredmedia":[{"embeddable":true,"href":"https:\/\/www.manaus.am.gov.br\/seminf\/wp-json\/wp\/v2\/media\/7536"}],"wp:attachment":[{"href":"https:\/\/www.manaus.am.gov.br\/seminf\/wp-json\/wp\/v2\/media?parent=7535"}],"wp:term":[{"taxonomy":"category","embeddable":true,"href":"https:\/\/www.manaus.am.gov.br\/seminf\/wp-json\/wp\/v2\/categories?post=7535"},{"taxonomy":"post_tag","embeddable":true,"href":"https:\/\/www.manaus.am.gov.br\/seminf\/wp-json\/wp\/v2\/tags?post=7535"}],"curies":[{"name":"wp","href":"https:\/\/api.w.org\/{rel}","templated":true}]}}