{"id":7529,"date":"2025-11-04T17:12:06","date_gmt":"2025-11-04T21:12:06","guid":{"rendered":"https:\/\/www.manaus.am.gov.br\/seminf\/bairro-raiz-plano-de-verao\/"},"modified":"2025-11-04T17:12:06","modified_gmt":"2025-11-04T21:12:06","slug":"bairro-raiz-plano-de-verao","status":"publish","type":"post","link":"https:\/\/www.manaus.am.gov.br\/seminf\/bairro-raiz-plano-de-verao\/","title":{"rendered":"Prefeitura de Manaus chega ao bairro Raiz com servi\u00e7os de asfalto do \u2018Plano de Ver\u00e3o\u2019"},"content":{"rendered":"\n<p>O \u201cPlano de Ver\u00e3o\u201d tem transformado vias por toda capital e, nesta ter\u00e7a-feira, 4\/11, a Prefeitura de Manaus, por meio das frentes de obras da Secretaria Municipal de Infraestrutura (Seminf), atuou de forma intensiva na zona Sul da cidade, concentrando os trabalhos de manuten\u00e7\u00e3o asf\u00e1ltica na avenida Marqu\u00eas da Silveira com a avenida Silves, no bairro Raiz.<\/p>\n\n\n\n<p><br>\u201cNa gest\u00e3o do prefeito David Almeida, seguimos em a\u00e7\u00e3o com as equipes da Seminf que est\u00e3o transformando as vias da nossa cidade. A revitaliza\u00e7\u00e3o do \u2018Plano de Ver\u00e3o\u2019 est\u00e1 em peso por todas as zonas, e estamos cumprindo com o nosso compromisso de cuidar da popula\u00e7\u00e3o e garantir melhores estruturas para o nosso povo\u201d, destacou o vice-prefeito e secret\u00e1rio de Obras, Renato Junior, ressaltando que o \u201cPlano de Ver\u00e3o\u201d \u00e9 parte do compromisso da gest\u00e3o.<\/p>\n\n\n\n<p>As equipes realizaram toda frente de trabalho de forma adequada, seguindo conforme todos os padr\u00f5es t\u00e9cnicos de execu\u00e7\u00e3o da obra, com a aplica\u00e7\u00e3o de emuls\u00e3o para a prepara\u00e7\u00e3o do solo seguida da aplica\u00e7\u00e3o de massa asf\u00e1ltica, e, por fim, a compacta\u00e7\u00e3o do asfalto com o rolo compactador.<\/p>\n\n\n\n<p><br>Os moradores da \u00e1rea aprovaram a iniciativa da Seminf atuando com o \u201cPlano de Ver\u00e3o\u201d no local. O aut\u00f4nomo Carlos Eduardo Fernandes, de 53 anos, morador da \u00e1rea h\u00e1 mais de 20 anos, comentou sua satisfa\u00e7\u00e3o em acompanhar a obra da prefeitura.<\/p>\n\n\n\n<p><br>\u201cA equipe est\u00e1 muito boa, bem uniformizados e equipados, e eu sei que n\u00e3o \u00e9 f\u00e1cil trabalhar no sol desse ver\u00e3o. Manaus cresceu muito, ent\u00e3o tem que melhorar cada vez mais\u201d, disse o morador.<\/p>\n\n\n\n<p><br>A Prefeitura de Manaus segue em a\u00e7\u00e3o com as equipes da Secretaria de Obras revitalizando a infraestrutura das vias por toda capital. Com isso, a gest\u00e3o municipal reafirma seu compromisso com a popula\u00e7\u00e3o entregando mais seguran\u00e7a, dignidade, e melhores condi\u00e7\u00f5es para o tr\u00e1fego nas vias.<\/p>\n\n\n\n<figure class=\"wp-block-image size-large\"><img loading=\"lazy\" decoding=\"async\" width=\"1024\" height=\"576\" src=\"https:\/\/www.manaus.am.gov.br\/seminf\/wp-content\/uploads\/sites\/6\/2025\/11\/Obras-1-1024x576.jpeg\" alt=\"\" class=\"wp-image-7531\" srcset=\"https:\/\/www.manaus.am.gov.br\/seminf\/wp-content\/uploads\/sites\/6\/2025\/11\/Obras-1-1024x576.jpeg 1024w, https:\/\/www.manaus.am.gov.br\/seminf\/wp-content\/uploads\/sites\/6\/2025\/11\/Obras-1-300x169.jpeg 300w, https:\/\/www.manaus.am.gov.br\/seminf\/wp-content\/uploads\/sites\/6\/2025\/11\/Obras-1-768x432.jpeg 768w, https:\/\/www.manaus.am.gov.br\/seminf\/wp-content\/uploads\/sites\/6\/2025\/11\/Obras-1-1536x864.jpeg 1536w, https:\/\/www.manaus.am.gov.br\/seminf\/wp-content\/uploads\/sites\/6\/2025\/11\/Obras-1.jpeg 1600w\" sizes=\"(max-width: 1024px) 100vw, 1024px\" \/><\/figure>\n\n\n\n<p>&#8212; &#8212; &#8212;<\/p>\n\n\n\n<p><strong>Texto<\/strong>\u00a0&#8211; Maria Amed\/Seminf<\/p>\n\n\n\n<p><strong>Fotos <\/strong>&#8211; Alessandro Ara\u00fajo\/Seminf<\/p>\n","protected":false},"excerpt":{"rendered":"","protected":false},"author":39,"featured_media":7530,"comment_status":"closed","ping_status":"closed","sticky":false,"template":"","format":"standard","meta":{"footnotes":""},"categories":[3],"tags":[1783,2324,43,26,2133],"acf":[],"yoast_head":"<!-- This site is optimized with the Yoast SEO plugin v23.0 - https:\/\/yoast.com\/wordpress\/plugins\/seo\/ -->\n<title>Bairro Raiz com servi\u00e7os de asfalto do \u2018Plano de Ver\u00e3o\u2019<\/title>\n<meta name=\"description\" content=\"Prefeitura de Manaus, por meio da Seminf, chega ao bairro Raiz com servi\u00e7os de asfalto do \u2018Plano de Ver\u00e3o\u2019 nesta ter\u00e7a-feira, 4\/11.\" \/>\n<meta name=\"robots\" content=\"index, follow, max-snippet:-1, max-image-preview:large, max-video-preview:-1\" \/>\n<link rel=\"canonical\" href=\"https:\/\/www.manaus.am.gov.br\/seminf\/bairro-raiz-plano-de-verao\/\" \/>\n<meta property=\"og:locale\" content=\"pt_BR\" \/>\n<meta property=\"og:type\" content=\"article\" \/>\n<meta property=\"og:title\" content=\"Bairro Raiz com servi\u00e7os de asfalto do \u2018Plano de Ver\u00e3o\u2019\" \/>\n<meta property=\"og:description\" content=\"Prefeitura de Manaus, por meio da Seminf, chega ao bairro Raiz com servi\u00e7os de asfalto do \u2018Plano de Ver\u00e3o\u2019 nesta ter\u00e7a-feira, 4\/11.\" \/>\n<meta property=\"og:url\" content=\"https:\/\/www.manaus.am.gov.br\/seminf\/bairro-raiz-plano-de-verao\/\" \/>\n<meta property=\"og:site_name\" content=\"SEMINF\" \/>\n<meta property=\"article:published_time\" content=\"2025-11-04T21:12:06+00:00\" \/>\n<meta property=\"og:image\" content=\"https:\/\/www.manaus.am.gov.br\/seminf\/wp-content\/uploads\/sites\/6\/2025\/11\/Obras-3.jpeg\" \/>\n\t<meta property=\"og:image:width\" content=\"1600\" \/>\n\t<meta property=\"og:image:height\" content=\"900\" \/>\n\t<meta property=\"og:image:type\" content=\"image\/jpeg\" \/>\n<meta name=\"author\" content=\"Bruna Greco\" \/>\n<meta name=\"twitter:card\" content=\"summary_large_image\" \/>\n<meta name=\"twitter:label1\" content=\"Written by\" \/>\n\t<meta name=\"twitter:data1\" content=\"Bruna Greco\" \/>\n\t<meta name=\"twitter:label2\" content=\"Est. reading time\" \/>\n\t<meta name=\"twitter:data2\" content=\"3 minutos\" \/>\n<script type=\"application\/ld+json\" class=\"yoast-schema-graph\">{\"@context\":\"https:\/\/schema.org\",\"@graph\":[{\"@type\":\"WebPage\",\"@id\":\"https:\/\/www.manaus.am.gov.br\/seminf\/bairro-raiz-plano-de-verao\/\",\"url\":\"https:\/\/www.manaus.am.gov.br\/seminf\/bairro-raiz-plano-de-verao\/\",\"name\":\"Bairro Raiz com servi\u00e7os de asfalto do \u2018Plano de Ver\u00e3o\u2019\",\"isPartOf\":{\"@id\":\"https:\/\/www.manaus.am.gov.br\/seminf\/#website\"},\"primaryImageOfPage\":{\"@id\":\"https:\/\/www.manaus.am.gov.br\/seminf\/bairro-raiz-plano-de-verao\/#primaryimage\"},\"image\":{\"@id\":\"https:\/\/www.manaus.am.gov.br\/seminf\/bairro-raiz-plano-de-verao\/#primaryimage\"},\"thumbnailUrl\":\"https:\/\/www.manaus.am.gov.br\/seminf\/wp-content\/uploads\/sites\/6\/2025\/11\/Obras-3.jpeg\",\"datePublished\":\"2025-11-04T21:12:06+00:00\",\"dateModified\":\"2025-11-04T21:12:06+00:00\",\"author\":{\"@id\":\"https:\/\/www.manaus.am.gov.br\/seminf\/#\/schema\/person\/05d223aea2bf115f9883a6ff3683d81b\"},\"description\":\"Prefeitura de Manaus, por meio da Seminf, chega ao bairro Raiz com servi\u00e7os de asfalto do \u2018Plano de Ver\u00e3o\u2019 nesta ter\u00e7a-feira, 4\/11.\",\"inLanguage\":\"pt-BR\",\"potentialAction\":[{\"@type\":\"ReadAction\",\"target\":[\"https:\/\/www.manaus.am.gov.br\/seminf\/bairro-raiz-plano-de-verao\/\"]}]},{\"@type\":\"ImageObject\",\"inLanguage\":\"pt-BR\",\"@id\":\"https:\/\/www.manaus.am.gov.br\/seminf\/bairro-raiz-plano-de-verao\/#primaryimage\",\"url\":\"https:\/\/www.manaus.am.gov.br\/seminf\/wp-content\/uploads\/sites\/6\/2025\/11\/Obras-3.jpeg\",\"contentUrl\":\"https:\/\/www.manaus.am.gov.br\/seminf\/wp-content\/uploads\/sites\/6\/2025\/11\/Obras-3.jpeg\",\"width\":1600,\"height\":900,\"caption\":\"#paratodosverem - Equipe da Seminf executando o servi\u00e7o de manuten\u00e7\u00e3o asf\u00e1ltica na avenida Marqu\u00eas da Silveira com a avenida Silves, no bairro Raiz\"},{\"@type\":\"WebSite\",\"@id\":\"https:\/\/www.manaus.am.gov.br\/seminf\/#website\",\"url\":\"https:\/\/www.manaus.am.gov.br\/seminf\/\",\"name\":\"Secretaria de Infraestrutura\",\"description\":\"Secretaria Municipal de Infraestrutura\",\"potentialAction\":[{\"@type\":\"SearchAction\",\"target\":{\"@type\":\"EntryPoint\",\"urlTemplate\":\"https:\/\/www.manaus.am.gov.br\/seminf\/?s={search_term_string}\"},\"query-input\":\"required name=search_term_string\"}],\"inLanguage\":\"pt-BR\"},{\"@type\":\"Person\",\"@id\":\"https:\/\/www.manaus.am.gov.br\/seminf\/#\/schema\/person\/05d223aea2bf115f9883a6ff3683d81b\",\"name\":\"Bruna Greco\",\"image\":{\"@type\":\"ImageObject\",\"inLanguage\":\"pt-BR\",\"@id\":\"https:\/\/www.manaus.am.gov.br\/seminf\/#\/schema\/person\/image\/\",\"url\":\"https:\/\/secure.gravatar.com\/avatar\/9c877d1a6adc2a055330e5c09a8653ce?s=96&d=mm&r=g\",\"contentUrl\":\"https:\/\/secure.gravatar.com\/avatar\/9c877d1a6adc2a055330e5c09a8653ce?s=96&d=mm&r=g\",\"caption\":\"Bruna Greco\"}}]}<\/script>\n<!-- \/ Yoast SEO plugin. -->","yoast_head_json":{"title":"Bairro Raiz com servi\u00e7os de asfalto do \u2018Plano de Ver\u00e3o\u2019","description":"Prefeitura de Manaus, por meio da Seminf, chega ao bairro Raiz com servi\u00e7os de asfalto do \u2018Plano de Ver\u00e3o\u2019 nesta ter\u00e7a-feira, 4\/11.","robots":{"index":"index","follow":"follow","max-snippet":"max-snippet:-1","max-image-preview":"max-image-preview:large","max-video-preview":"max-video-preview:-1"},"canonical":"https:\/\/www.manaus.am.gov.br\/seminf\/bairro-raiz-plano-de-verao\/","og_locale":"pt_BR","og_type":"article","og_title":"Bairro Raiz com servi\u00e7os de asfalto do \u2018Plano de Ver\u00e3o\u2019","og_description":"Prefeitura de Manaus, por meio da Seminf, chega ao bairro Raiz com servi\u00e7os de asfalto do \u2018Plano de Ver\u00e3o\u2019 nesta ter\u00e7a-feira, 4\/11.","og_url":"https:\/\/www.manaus.am.gov.br\/seminf\/bairro-raiz-plano-de-verao\/","og_site_name":"SEMINF","article_published_time":"2025-11-04T21:12:06+00:00","og_image":[{"width":1600,"height":900,"url":"https:\/\/www.manaus.am.gov.br\/seminf\/wp-content\/uploads\/sites\/6\/2025\/11\/Obras-3.jpeg","type":"image\/jpeg"}],"author":"Bruna Greco","twitter_card":"summary_large_image","twitter_misc":{"Written by":"Bruna Greco","Est. reading time":"3 minutos"},"schema":{"@context":"https:\/\/schema.org","@graph":[{"@type":"WebPage","@id":"https:\/\/www.manaus.am.gov.br\/seminf\/bairro-raiz-plano-de-verao\/","url":"https:\/\/www.manaus.am.gov.br\/seminf\/bairro-raiz-plano-de-verao\/","name":"Bairro Raiz com servi\u00e7os de asfalto do \u2018Plano de Ver\u00e3o\u2019","isPartOf":{"@id":"https:\/\/www.manaus.am.gov.br\/seminf\/#website"},"primaryImageOfPage":{"@id":"https:\/\/www.manaus.am.gov.br\/seminf\/bairro-raiz-plano-de-verao\/#primaryimage"},"image":{"@id":"https:\/\/www.manaus.am.gov.br\/seminf\/bairro-raiz-plano-de-verao\/#primaryimage"},"thumbnailUrl":"https:\/\/www.manaus.am.gov.br\/seminf\/wp-content\/uploads\/sites\/6\/2025\/11\/Obras-3.jpeg","datePublished":"2025-11-04T21:12:06+00:00","dateModified":"2025-11-04T21:12:06+00:00","author":{"@id":"https:\/\/www.manaus.am.gov.br\/seminf\/#\/schema\/person\/05d223aea2bf115f9883a6ff3683d81b"},"description":"Prefeitura de Manaus, por meio da Seminf, chega ao bairro Raiz com servi\u00e7os de asfalto do \u2018Plano de Ver\u00e3o\u2019 nesta ter\u00e7a-feira, 4\/11.","inLanguage":"pt-BR","potentialAction":[{"@type":"ReadAction","target":["https:\/\/www.manaus.am.gov.br\/seminf\/bairro-raiz-plano-de-verao\/"]}]},{"@type":"ImageObject","inLanguage":"pt-BR","@id":"https:\/\/www.manaus.am.gov.br\/seminf\/bairro-raiz-plano-de-verao\/#primaryimage","url":"https:\/\/www.manaus.am.gov.br\/seminf\/wp-content\/uploads\/sites\/6\/2025\/11\/Obras-3.jpeg","contentUrl":"https:\/\/www.manaus.am.gov.br\/seminf\/wp-content\/uploads\/sites\/6\/2025\/11\/Obras-3.jpeg","width":1600,"height":900,"caption":"#paratodosverem - Equipe da Seminf executando o servi\u00e7o de manuten\u00e7\u00e3o asf\u00e1ltica na avenida Marqu\u00eas da Silveira com a avenida Silves, no bairro Raiz"},{"@type":"WebSite","@id":"https:\/\/www.manaus.am.gov.br\/seminf\/#website","url":"https:\/\/www.manaus.am.gov.br\/seminf\/","name":"Secretaria de Infraestrutura","description":"Secretaria Municipal de Infraestrutura","potentialAction":[{"@type":"SearchAction","target":{"@type":"EntryPoint","urlTemplate":"https:\/\/www.manaus.am.gov.br\/seminf\/?s={search_term_string}"},"query-input":"required name=search_term_string"}],"inLanguage":"pt-BR"},{"@type":"Person","@id":"https:\/\/www.manaus.am.gov.br\/seminf\/#\/schema\/person\/05d223aea2bf115f9883a6ff3683d81b","name":"Bruna Greco","image":{"@type":"ImageObject","inLanguage":"pt-BR","@id":"https:\/\/www.manaus.am.gov.br\/seminf\/#\/schema\/person\/image\/","url":"https:\/\/secure.gravatar.com\/avatar\/9c877d1a6adc2a055330e5c09a8653ce?s=96&d=mm&r=g","contentUrl":"https:\/\/secure.gravatar.com\/avatar\/9c877d1a6adc2a055330e5c09a8653ce?s=96&d=mm&r=g","caption":"Bruna Greco"}}]}},"_links":{"self":[{"href":"https:\/\/www.manaus.am.gov.br\/seminf\/wp-json\/wp\/v2\/posts\/7529"}],"collection":[{"href":"https:\/\/www.manaus.am.gov.br\/seminf\/wp-json\/wp\/v2\/posts"}],"about":[{"href":"https:\/\/www.manaus.am.gov.br\/seminf\/wp-json\/wp\/v2\/types\/post"}],"author":[{"embeddable":true,"href":"https:\/\/www.manaus.am.gov.br\/seminf\/wp-json\/wp\/v2\/users\/39"}],"replies":[{"embeddable":true,"href":"https:\/\/www.manaus.am.gov.br\/seminf\/wp-json\/wp\/v2\/comments?post=7529"}],"version-history":[{"count":1,"href":"https:\/\/www.manaus.am.gov.br\/seminf\/wp-json\/wp\/v2\/posts\/7529\/revisions"}],"predecessor-version":[{"id":7532,"href":"https:\/\/www.manaus.am.gov.br\/seminf\/wp-json\/wp\/v2\/posts\/7529\/revisions\/7532"}],"wp:featuredmedia":[{"embeddable":true,"href":"https:\/\/www.manaus.am.gov.br\/seminf\/wp-json\/wp\/v2\/media\/7530"}],"wp:attachment":[{"href":"https:\/\/www.manaus.am.gov.br\/seminf\/wp-json\/wp\/v2\/media?parent=7529"}],"wp:term":[{"taxonomy":"category","embeddable":true,"href":"https:\/\/www.manaus.am.gov.br\/seminf\/wp-json\/wp\/v2\/categories?post=7529"},{"taxonomy":"post_tag","embeddable":true,"href":"https:\/\/www.manaus.am.gov.br\/seminf\/wp-json\/wp\/v2\/tags?post=7529"}],"curies":[{"name":"wp","href":"https:\/\/api.w.org\/{rel}","templated":true}]}}