{"id":7518,"date":"2025-11-04T16:53:18","date_gmt":"2025-11-04T20:53:18","guid":{"rendered":"https:\/\/www.manaus.am.gov.br\/seminf\/plano-de-verao-avenida-cosme-ferreira\/"},"modified":"2025-11-04T16:57:51","modified_gmt":"2025-11-04T20:57:51","slug":"plano-de-verao-avenida-cosme-ferreira","status":"publish","type":"post","link":"https:\/\/www.manaus.am.gov.br\/seminf\/plano-de-verao-avenida-cosme-ferreira\/","title":{"rendered":"\u2018Plano de Ver\u00e3o\u2019 da prefeitura trabalha na revitaliza\u00e7\u00e3o da avenida Cosme Ferreira com o servi\u00e7o de manuten\u00e7\u00e3o asf\u00e1ltica"},"content":{"rendered":"\n<p>A Prefeitura de Manaus, por meio da Secretaria Municipal de Infraestrutura (Seminf), intensifica, nesta ter\u00e7a-feira, 4\/11, os trabalhos de manuten\u00e7\u00e3o asf\u00e1ltica na avenida Cosme Ferreira, localizada no bairro S\u00e3o Jos\u00e9 Oper\u00e1rio, uma das principais \u00e1reas da zona Leste da cidade.<\/p>\n\n\n\n<p>A Cosme Ferreira \u00e9 uma das avenidas mais movimentadas de Manaus, por onde circulam diariamente milhares de ve\u00edculos e \u00f4nibus do transporte coletivo. O vice-prefeito e secret\u00e1rio de Obras, Renato Junior, salienta que a gest\u00e3o municipal segue presente nas ruas secund\u00e1rias, nas principais avenidas e nos becos com os servi\u00e7os.&nbsp;<\/p>\n\n\n\n<p>\u201cA gest\u00e3o do prefeito David Almeida \u00e9 uma gest\u00e3o que tem aten\u00e7\u00e3o e cuidado com todas as zonas da cidade, especialmente com a zona Leste. Estamos todos os dias com os servi\u00e7os de infraestrutura nesta \u00e1rea, seja nas vias secund\u00e1rias, nas principais avenidas e dentro dos becos. As equipes da Seminf atuam de forma coordenada para recuperar trechos comprometidos, mantendo a via segura e acess\u00edvel\u201d, afirma Renato Junior.&nbsp;<\/p>\n\n\n\n<p>Com os servi\u00e7os de manuten\u00e7\u00e3o asf\u00e1ltica, a prefeitura assegura mais conforto aos motoristas, pedestres e comerciantes que utilizam a avenida, al\u00e9m de contribuir para a fluidez do tr\u00e2nsito. O aut\u00f4nomo Marco Moraes, de 52 anos, ficou contente com as obras de reparo, principalmente por ter um tr\u00e1fego intenso na \u00e1rea.\u00a0<\/p>\n\n\n\n<p>\u201cPrefeitura de Manaus obrigado por trabalhar aqui na avenida Cosme Ferreira. Esse servi\u00e7o elimina os buracos e ajuda a melhorar o tr\u00e2nsito, estou gostando da aten\u00e7\u00e3o\u201d, relata o morador.&nbsp;<\/p>\n\n\n\n<figure class=\"wp-block-image size-large\"><img loading=\"lazy\" decoding=\"async\" width=\"1024\" height=\"576\" src=\"https:\/\/www.manaus.am.gov.br\/seminf\/wp-content\/uploads\/sites\/6\/2025\/11\/Manutencao-4-1024x576.jpeg\" alt=\"\" class=\"wp-image-7521\" srcset=\"https:\/\/www.manaus.am.gov.br\/seminf\/wp-content\/uploads\/sites\/6\/2025\/11\/Manutencao-4-1024x576.jpeg 1024w, https:\/\/www.manaus.am.gov.br\/seminf\/wp-content\/uploads\/sites\/6\/2025\/11\/Manutencao-4-300x169.jpeg 300w, https:\/\/www.manaus.am.gov.br\/seminf\/wp-content\/uploads\/sites\/6\/2025\/11\/Manutencao-4-768x432.jpeg 768w, https:\/\/www.manaus.am.gov.br\/seminf\/wp-content\/uploads\/sites\/6\/2025\/11\/Manutencao-4-1536x864.jpeg 1536w, https:\/\/www.manaus.am.gov.br\/seminf\/wp-content\/uploads\/sites\/6\/2025\/11\/Manutencao-4.jpeg 1600w\" sizes=\"(max-width: 1024px) 100vw, 1024px\" \/><\/figure>\n\n\n\n<p>&#8212; &#8212; &#8212;<\/p>\n\n\n\n<p><strong>Texto&nbsp;<\/strong>&#8211; Rayana Coutinho\/Seminf&nbsp;<\/p>\n\n\n\n<p><strong>Fotos <\/strong>&#8211; Alessandro Ara\u00fajo\/Seminf&nbsp;<\/p>\n\n\n\n<p> <\/p>\n","protected":false},"excerpt":{"rendered":"","protected":false},"author":39,"featured_media":7519,"comment_status":"closed","ping_status":"closed","sticky":false,"template":"","format":"standard","meta":{"footnotes":""},"categories":[4],"tags":[1962,2324,43,26,1845],"acf":[],"yoast_head":"<!-- This site is optimized with the Yoast SEO plugin v23.0 - https:\/\/yoast.com\/wordpress\/plugins\/seo\/ -->\n<title>\u2018Plano de Ver\u00e3o\u2019 trabalha na revitaliza\u00e7\u00e3o da Cosme Ferreira<\/title>\n<meta name=\"description\" content=\"\u2018Plano de Ver\u00e3o\u2019 da prefeitura trabalha na revitaliza\u00e7\u00e3o da avenida Cosme Ferreira com o servi\u00e7o de manuten\u00e7\u00e3o asf\u00e1ltica.\" \/>\n<meta name=\"robots\" content=\"index, follow, max-snippet:-1, max-image-preview:large, max-video-preview:-1\" \/>\n<link rel=\"canonical\" href=\"https:\/\/www.manaus.am.gov.br\/seminf\/plano-de-verao-avenida-cosme-ferreira\/\" \/>\n<meta property=\"og:locale\" content=\"pt_BR\" \/>\n<meta property=\"og:type\" content=\"article\" \/>\n<meta property=\"og:title\" content=\"\u2018Plano de Ver\u00e3o\u2019 trabalha na revitaliza\u00e7\u00e3o da Cosme Ferreira\" \/>\n<meta property=\"og:description\" content=\"\u2018Plano de Ver\u00e3o\u2019 da prefeitura trabalha na revitaliza\u00e7\u00e3o da avenida Cosme Ferreira com o servi\u00e7o de manuten\u00e7\u00e3o asf\u00e1ltica.\" \/>\n<meta property=\"og:url\" content=\"https:\/\/www.manaus.am.gov.br\/seminf\/plano-de-verao-avenida-cosme-ferreira\/\" \/>\n<meta property=\"og:site_name\" content=\"SEMINF\" \/>\n<meta property=\"article:published_time\" content=\"2025-11-04T20:53:18+00:00\" \/>\n<meta property=\"article:modified_time\" content=\"2025-11-04T20:57:51+00:00\" \/>\n<meta property=\"og:image\" content=\"https:\/\/www.manaus.am.gov.br\/seminf\/wp-content\/uploads\/sites\/6\/2025\/11\/Manutencao-1.jpeg\" \/>\n\t<meta property=\"og:image:width\" content=\"1600\" \/>\n\t<meta property=\"og:image:height\" content=\"900\" \/>\n\t<meta property=\"og:image:type\" content=\"image\/jpeg\" \/>\n<meta name=\"author\" content=\"Bruna Greco\" \/>\n<meta name=\"twitter:card\" content=\"summary_large_image\" \/>\n<meta name=\"twitter:label1\" content=\"Written by\" \/>\n\t<meta name=\"twitter:data1\" content=\"Bruna Greco\" \/>\n\t<meta name=\"twitter:label2\" content=\"Est. reading time\" \/>\n\t<meta name=\"twitter:data2\" content=\"2 minutos\" \/>\n<script type=\"application\/ld+json\" class=\"yoast-schema-graph\">{\"@context\":\"https:\/\/schema.org\",\"@graph\":[{\"@type\":\"WebPage\",\"@id\":\"https:\/\/www.manaus.am.gov.br\/seminf\/plano-de-verao-avenida-cosme-ferreira\/\",\"url\":\"https:\/\/www.manaus.am.gov.br\/seminf\/plano-de-verao-avenida-cosme-ferreira\/\",\"name\":\"\u2018Plano de Ver\u00e3o\u2019 trabalha na revitaliza\u00e7\u00e3o da Cosme Ferreira\",\"isPartOf\":{\"@id\":\"https:\/\/www.manaus.am.gov.br\/seminf\/#website\"},\"primaryImageOfPage\":{\"@id\":\"https:\/\/www.manaus.am.gov.br\/seminf\/plano-de-verao-avenida-cosme-ferreira\/#primaryimage\"},\"image\":{\"@id\":\"https:\/\/www.manaus.am.gov.br\/seminf\/plano-de-verao-avenida-cosme-ferreira\/#primaryimage\"},\"thumbnailUrl\":\"https:\/\/www.manaus.am.gov.br\/seminf\/wp-content\/uploads\/sites\/6\/2025\/11\/Manutencao-1.jpeg\",\"datePublished\":\"2025-11-04T20:53:18+00:00\",\"dateModified\":\"2025-11-04T20:57:51+00:00\",\"author\":{\"@id\":\"https:\/\/www.manaus.am.gov.br\/seminf\/#\/schema\/person\/05d223aea2bf115f9883a6ff3683d81b\"},\"description\":\"\u2018Plano de Ver\u00e3o\u2019 da prefeitura trabalha na revitaliza\u00e7\u00e3o da avenida Cosme Ferreira com o servi\u00e7o de manuten\u00e7\u00e3o asf\u00e1ltica.\",\"inLanguage\":\"pt-BR\",\"potentialAction\":[{\"@type\":\"ReadAction\",\"target\":[\"https:\/\/www.manaus.am.gov.br\/seminf\/plano-de-verao-avenida-cosme-ferreira\/\"]}]},{\"@type\":\"ImageObject\",\"inLanguage\":\"pt-BR\",\"@id\":\"https:\/\/www.manaus.am.gov.br\/seminf\/plano-de-verao-avenida-cosme-ferreira\/#primaryimage\",\"url\":\"https:\/\/www.manaus.am.gov.br\/seminf\/wp-content\/uploads\/sites\/6\/2025\/11\/Manutencao-1.jpeg\",\"contentUrl\":\"https:\/\/www.manaus.am.gov.br\/seminf\/wp-content\/uploads\/sites\/6\/2025\/11\/Manutencao-1.jpeg\",\"width\":1600,\"height\":900,\"caption\":\"#paratodosverem - Equipe da Seminf realizando manuten\u00e7\u00e3o asf\u00e1ltica na avenida Cosme Ferreira, localizada no bairro S\u00e3o Jos\u00e9 Oper\u00e1rio\"},{\"@type\":\"WebSite\",\"@id\":\"https:\/\/www.manaus.am.gov.br\/seminf\/#website\",\"url\":\"https:\/\/www.manaus.am.gov.br\/seminf\/\",\"name\":\"Secretaria de Infraestrutura\",\"description\":\"Secretaria Municipal de Infraestrutura\",\"potentialAction\":[{\"@type\":\"SearchAction\",\"target\":{\"@type\":\"EntryPoint\",\"urlTemplate\":\"https:\/\/www.manaus.am.gov.br\/seminf\/?s={search_term_string}\"},\"query-input\":\"required name=search_term_string\"}],\"inLanguage\":\"pt-BR\"},{\"@type\":\"Person\",\"@id\":\"https:\/\/www.manaus.am.gov.br\/seminf\/#\/schema\/person\/05d223aea2bf115f9883a6ff3683d81b\",\"name\":\"Bruna Greco\",\"image\":{\"@type\":\"ImageObject\",\"inLanguage\":\"pt-BR\",\"@id\":\"https:\/\/www.manaus.am.gov.br\/seminf\/#\/schema\/person\/image\/\",\"url\":\"https:\/\/secure.gravatar.com\/avatar\/9c877d1a6adc2a055330e5c09a8653ce?s=96&d=mm&r=g\",\"contentUrl\":\"https:\/\/secure.gravatar.com\/avatar\/9c877d1a6adc2a055330e5c09a8653ce?s=96&d=mm&r=g\",\"caption\":\"Bruna Greco\"}}]}<\/script>\n<!-- \/ Yoast SEO plugin. -->","yoast_head_json":{"title":"\u2018Plano de Ver\u00e3o\u2019 trabalha na revitaliza\u00e7\u00e3o da Cosme Ferreira","description":"\u2018Plano de Ver\u00e3o\u2019 da prefeitura trabalha na revitaliza\u00e7\u00e3o da avenida Cosme Ferreira com o servi\u00e7o de manuten\u00e7\u00e3o asf\u00e1ltica.","robots":{"index":"index","follow":"follow","max-snippet":"max-snippet:-1","max-image-preview":"max-image-preview:large","max-video-preview":"max-video-preview:-1"},"canonical":"https:\/\/www.manaus.am.gov.br\/seminf\/plano-de-verao-avenida-cosme-ferreira\/","og_locale":"pt_BR","og_type":"article","og_title":"\u2018Plano de Ver\u00e3o\u2019 trabalha na revitaliza\u00e7\u00e3o da Cosme Ferreira","og_description":"\u2018Plano de Ver\u00e3o\u2019 da prefeitura trabalha na revitaliza\u00e7\u00e3o da avenida Cosme Ferreira com o servi\u00e7o de manuten\u00e7\u00e3o asf\u00e1ltica.","og_url":"https:\/\/www.manaus.am.gov.br\/seminf\/plano-de-verao-avenida-cosme-ferreira\/","og_site_name":"SEMINF","article_published_time":"2025-11-04T20:53:18+00:00","article_modified_time":"2025-11-04T20:57:51+00:00","og_image":[{"width":1600,"height":900,"url":"https:\/\/www.manaus.am.gov.br\/seminf\/wp-content\/uploads\/sites\/6\/2025\/11\/Manutencao-1.jpeg","type":"image\/jpeg"}],"author":"Bruna Greco","twitter_card":"summary_large_image","twitter_misc":{"Written by":"Bruna Greco","Est. reading time":"2 minutos"},"schema":{"@context":"https:\/\/schema.org","@graph":[{"@type":"WebPage","@id":"https:\/\/www.manaus.am.gov.br\/seminf\/plano-de-verao-avenida-cosme-ferreira\/","url":"https:\/\/www.manaus.am.gov.br\/seminf\/plano-de-verao-avenida-cosme-ferreira\/","name":"\u2018Plano de Ver\u00e3o\u2019 trabalha na revitaliza\u00e7\u00e3o da Cosme Ferreira","isPartOf":{"@id":"https:\/\/www.manaus.am.gov.br\/seminf\/#website"},"primaryImageOfPage":{"@id":"https:\/\/www.manaus.am.gov.br\/seminf\/plano-de-verao-avenida-cosme-ferreira\/#primaryimage"},"image":{"@id":"https:\/\/www.manaus.am.gov.br\/seminf\/plano-de-verao-avenida-cosme-ferreira\/#primaryimage"},"thumbnailUrl":"https:\/\/www.manaus.am.gov.br\/seminf\/wp-content\/uploads\/sites\/6\/2025\/11\/Manutencao-1.jpeg","datePublished":"2025-11-04T20:53:18+00:00","dateModified":"2025-11-04T20:57:51+00:00","author":{"@id":"https:\/\/www.manaus.am.gov.br\/seminf\/#\/schema\/person\/05d223aea2bf115f9883a6ff3683d81b"},"description":"\u2018Plano de Ver\u00e3o\u2019 da prefeitura trabalha na revitaliza\u00e7\u00e3o da avenida Cosme Ferreira com o servi\u00e7o de manuten\u00e7\u00e3o asf\u00e1ltica.","inLanguage":"pt-BR","potentialAction":[{"@type":"ReadAction","target":["https:\/\/www.manaus.am.gov.br\/seminf\/plano-de-verao-avenida-cosme-ferreira\/"]}]},{"@type":"ImageObject","inLanguage":"pt-BR","@id":"https:\/\/www.manaus.am.gov.br\/seminf\/plano-de-verao-avenida-cosme-ferreira\/#primaryimage","url":"https:\/\/www.manaus.am.gov.br\/seminf\/wp-content\/uploads\/sites\/6\/2025\/11\/Manutencao-1.jpeg","contentUrl":"https:\/\/www.manaus.am.gov.br\/seminf\/wp-content\/uploads\/sites\/6\/2025\/11\/Manutencao-1.jpeg","width":1600,"height":900,"caption":"#paratodosverem - Equipe da Seminf realizando manuten\u00e7\u00e3o asf\u00e1ltica na avenida Cosme Ferreira, localizada no bairro S\u00e3o Jos\u00e9 Oper\u00e1rio"},{"@type":"WebSite","@id":"https:\/\/www.manaus.am.gov.br\/seminf\/#website","url":"https:\/\/www.manaus.am.gov.br\/seminf\/","name":"Secretaria de Infraestrutura","description":"Secretaria Municipal de Infraestrutura","potentialAction":[{"@type":"SearchAction","target":{"@type":"EntryPoint","urlTemplate":"https:\/\/www.manaus.am.gov.br\/seminf\/?s={search_term_string}"},"query-input":"required name=search_term_string"}],"inLanguage":"pt-BR"},{"@type":"Person","@id":"https:\/\/www.manaus.am.gov.br\/seminf\/#\/schema\/person\/05d223aea2bf115f9883a6ff3683d81b","name":"Bruna Greco","image":{"@type":"ImageObject","inLanguage":"pt-BR","@id":"https:\/\/www.manaus.am.gov.br\/seminf\/#\/schema\/person\/image\/","url":"https:\/\/secure.gravatar.com\/avatar\/9c877d1a6adc2a055330e5c09a8653ce?s=96&d=mm&r=g","contentUrl":"https:\/\/secure.gravatar.com\/avatar\/9c877d1a6adc2a055330e5c09a8653ce?s=96&d=mm&r=g","caption":"Bruna Greco"}}]}},"_links":{"self":[{"href":"https:\/\/www.manaus.am.gov.br\/seminf\/wp-json\/wp\/v2\/posts\/7518"}],"collection":[{"href":"https:\/\/www.manaus.am.gov.br\/seminf\/wp-json\/wp\/v2\/posts"}],"about":[{"href":"https:\/\/www.manaus.am.gov.br\/seminf\/wp-json\/wp\/v2\/types\/post"}],"author":[{"embeddable":true,"href":"https:\/\/www.manaus.am.gov.br\/seminf\/wp-json\/wp\/v2\/users\/39"}],"replies":[{"embeddable":true,"href":"https:\/\/www.manaus.am.gov.br\/seminf\/wp-json\/wp\/v2\/comments?post=7518"}],"version-history":[{"count":8,"href":"https:\/\/www.manaus.am.gov.br\/seminf\/wp-json\/wp\/v2\/posts\/7518\/revisions"}],"predecessor-version":[{"id":7528,"href":"https:\/\/www.manaus.am.gov.br\/seminf\/wp-json\/wp\/v2\/posts\/7518\/revisions\/7528"}],"wp:featuredmedia":[{"embeddable":true,"href":"https:\/\/www.manaus.am.gov.br\/seminf\/wp-json\/wp\/v2\/media\/7519"}],"wp:attachment":[{"href":"https:\/\/www.manaus.am.gov.br\/seminf\/wp-json\/wp\/v2\/media?parent=7518"}],"wp:term":[{"taxonomy":"category","embeddable":true,"href":"https:\/\/www.manaus.am.gov.br\/seminf\/wp-json\/wp\/v2\/categories?post=7518"},{"taxonomy":"post_tag","embeddable":true,"href":"https:\/\/www.manaus.am.gov.br\/seminf\/wp-json\/wp\/v2\/tags?post=7518"}],"curies":[{"name":"wp","href":"https:\/\/api.w.org\/{rel}","templated":true}]}}