{"id":7510,"date":"2025-11-04T11:27:28","date_gmt":"2025-11-04T15:27:28","guid":{"rendered":"https:\/\/www.manaus.am.gov.br\/seminf\/prefeitura-seminf-asfaltonovo-ramaldojambo\/"},"modified":"2025-11-04T11:27:30","modified_gmt":"2025-11-04T15:27:30","slug":"prefeitura-seminf-asfaltonovo-ramaldojambo","status":"publish","type":"post","link":"https:\/\/www.manaus.am.gov.br\/seminf\/prefeitura-seminf-asfaltonovo-ramaldojambo\/","title":{"rendered":"Ramal do Jambo ganha novo asfalto com obras da Prefeitura de Manaus"},"content":{"rendered":"\n<p>A Prefeitura de Manaus avan\u00e7a com as a\u00e7\u00f5es do \u201cPlano de Ver\u00e3o\u201d, levando infraestrutura e melhorias vi\u00e1rias a todas as zonas da cidade. Nesta ter\u00e7a-feira, 4\/11, as equipes da Secretaria Municipal de Infraestrutura (Seminf) executaram servi\u00e7os intensivos de manuten\u00e7\u00e3o asf\u00e1ltica no ramal do Jambo, localizado na comunidade Val Para\u00edso, no bairro Jorge Teixeira, zona Leste.<\/p>\n\n\n\n<p>A interven\u00e7\u00e3o faz parte do cronograma de recupera\u00e7\u00e3o de vias que visa garantir trafegabilidade, seguran\u00e7a e mais dignidade aos moradores. O trabalho incluiu aplica\u00e7\u00e3o de novo asfalto e nivelamento da pista, promovendo uma verdadeira transforma\u00e7\u00e3o em trechos, antes marcados por buracos e desgastes causados pelo tempo e pelas chuvas.<\/p>\n\n\n\n<p>O vice-prefeito e secret\u00e1rio de Obras, Renato Junior, destacou que a meta da gest\u00e3o \u00e9 levar melhorias a todas as comunidades, sem distin\u00e7\u00e3o. \u201cPor todas as zonas da cidade, a popula\u00e7\u00e3o encontra equipes da Seminf em a\u00e7\u00e3o. Esse \u00e9 o nosso \u2018ex\u00e9rcito do asfalto\u2019, determinado a garantir infraestrutura de qualidade em cada bairro, seguindo a orienta\u00e7\u00e3o do prefeito David Almeida. Nosso compromisso \u00e9 com o bem-estar e a qualidade de vida do povo de Manaus\u201d, afirmou Renato Junior.<\/p>\n\n\n\n<p>A chegada do novo asfalto foi recebida com entusiasmo pelos moradores, que comemoram o fim de anos de dificuldades com a trafegabilidade da via.<\/p>\n\n\n\n<p>Para \u00cdris Menezes, 59 anos, moradora h\u00e1 15 anos no local, a obra representa progresso e esperan\u00e7a. \u201c\u00c9 motivo de muita alegria e gratid\u00e3o ver essa obra acontecendo. A comunidade inteira est\u00e1 feliz, porque o progresso est\u00e1 chegando a nossa rua. Isso muda a vida da gente\u201d, celebrou.<\/p>\n\n\n\n<p>O aposentado Francisco Vasconcelos, 71 anos, refor\u00e7a o sentimento de satisfa\u00e7\u00e3o e reconhecimento.&nbsp;\u201cIsso \u00e9 um sonho realizado. O asfalto novo trouxe conforto e seguran\u00e7a. Antes, era dif\u00edcil at\u00e9 caminhar ou dirigir por aqui. Agora, tudo mudou para melhor. Agrade\u00e7o \u00e0 prefeitura por olhar por n\u00f3s\u201d, disse Francisco.<\/p>\n\n\n\n<p>Com as obras no ramal do Jambo, o bairro Jorge Teixeira avan\u00e7a em mobilidade e qualidade de vida. A Prefeitura de Manaus refor\u00e7a, a cada nova frente de trabalho, o compromisso de entregar uma cidade mais moderna, acess\u00edvel e acolhedora para todos os manauaras.<\/p>\n\n\n\n<p>&#8212; &#8212; &#8212;<\/p>\n\n\n\n<p><strong>Texto e fotos<\/strong> &#8211; Maria Amed\/ Seminf<\/p>\n\n\n\n<p><strong>Dispon\u00edveis em<\/strong> &#8211; <a href=\"https:\/\/flic.kr\/s\/aHBqjCzJ43\">https:\/\/flic.kr\/s\/aHBqjCzJ43<\/a><\/p>\n","protected":false},"excerpt":{"rendered":"","protected":false},"author":23,"featured_media":7511,"comment_status":"closed","ping_status":"closed","sticky":false,"template":"","format":"standard","meta":{"footnotes":""},"categories":[6],"tags":[405,2324,43,2727,26,58],"acf":[],"yoast_head":"<!-- This site is optimized with the Yoast SEO plugin v23.0 - https:\/\/yoast.com\/wordpress\/plugins\/seo\/ -->\n<title>Ramal do Jambo ganha novo asfalto com obras da Prefeitura de Manaus<\/title>\n<meta name=\"description\" content=\"A Prefeitura de Manaus avan\u00e7a com as a\u00e7\u00f5es do \u201cPlano de Ver\u00e3o\u201d, levando infraestrutura e melhorias vi\u00e1rias a todas as zonas da cidade. Nesta ter\u00e7a-feira, 4\/11, as equipes da Secretaria Municipal de Infraestrutura (Seminf) executaram servi\u00e7os intensivos de manuten\u00e7\u00e3o asf\u00e1ltica no ramal do Jambo, localizado na comunidade Val Para\u00edso, no bairro Jorge Teixeira, zona Leste.\" \/>\n<meta name=\"robots\" content=\"index, follow, max-snippet:-1, max-image-preview:large, max-video-preview:-1\" \/>\n<link rel=\"canonical\" href=\"https:\/\/www.manaus.am.gov.br\/seminf\/prefeitura-seminf-asfaltonovo-ramaldojambo\/\" \/>\n<meta property=\"og:locale\" content=\"pt_BR\" \/>\n<meta property=\"og:type\" content=\"article\" \/>\n<meta property=\"og:title\" content=\"Ramal do Jambo ganha novo asfalto com obras da Prefeitura de Manaus\" \/>\n<meta property=\"og:description\" content=\"A Prefeitura de Manaus avan\u00e7a com as a\u00e7\u00f5es do \u201cPlano de Ver\u00e3o\u201d, levando infraestrutura e melhorias vi\u00e1rias a todas as zonas da cidade. Nesta ter\u00e7a-feira, 4\/11, as equipes da Secretaria Municipal de Infraestrutura (Seminf) executaram servi\u00e7os intensivos de manuten\u00e7\u00e3o asf\u00e1ltica no ramal do Jambo, localizado na comunidade Val Para\u00edso, no bairro Jorge Teixeira, zona Leste.\" \/>\n<meta property=\"og:url\" content=\"https:\/\/www.manaus.am.gov.br\/seminf\/prefeitura-seminf-asfaltonovo-ramaldojambo\/\" \/>\n<meta property=\"og:site_name\" content=\"SEMINF\" \/>\n<meta property=\"article:published_time\" content=\"2025-11-04T15:27:28+00:00\" \/>\n<meta property=\"article:modified_time\" content=\"2025-11-04T15:27:30+00:00\" \/>\n<meta property=\"og:image\" content=\"https:\/\/www.manaus.am.gov.br\/seminf\/wp-content\/uploads\/sites\/6\/2025\/11\/54901630886_8f38950119_c.jpg\" \/>\n\t<meta property=\"og:image:width\" content=\"800\" \/>\n\t<meta property=\"og:image:height\" content=\"600\" \/>\n\t<meta property=\"og:image:type\" content=\"image\/jpeg\" \/>\n<meta name=\"author\" content=\"Adriana Costa\" \/>\n<meta name=\"twitter:card\" content=\"summary_large_image\" \/>\n<meta name=\"twitter:label1\" content=\"Written by\" \/>\n\t<meta name=\"twitter:data1\" content=\"Adriana Costa\" \/>\n\t<meta name=\"twitter:label2\" content=\"Est. reading time\" \/>\n\t<meta name=\"twitter:data2\" content=\"2 minutos\" \/>\n<script type=\"application\/ld+json\" class=\"yoast-schema-graph\">{\"@context\":\"https:\/\/schema.org\",\"@graph\":[{\"@type\":\"WebPage\",\"@id\":\"https:\/\/www.manaus.am.gov.br\/seminf\/prefeitura-seminf-asfaltonovo-ramaldojambo\/\",\"url\":\"https:\/\/www.manaus.am.gov.br\/seminf\/prefeitura-seminf-asfaltonovo-ramaldojambo\/\",\"name\":\"Ramal do Jambo ganha novo asfalto com obras da Prefeitura de Manaus\",\"isPartOf\":{\"@id\":\"https:\/\/www.manaus.am.gov.br\/seminf\/#website\"},\"primaryImageOfPage\":{\"@id\":\"https:\/\/www.manaus.am.gov.br\/seminf\/prefeitura-seminf-asfaltonovo-ramaldojambo\/#primaryimage\"},\"image\":{\"@id\":\"https:\/\/www.manaus.am.gov.br\/seminf\/prefeitura-seminf-asfaltonovo-ramaldojambo\/#primaryimage\"},\"thumbnailUrl\":\"https:\/\/www.manaus.am.gov.br\/seminf\/wp-content\/uploads\/sites\/6\/2025\/11\/54901630886_8f38950119_c.jpg\",\"datePublished\":\"2025-11-04T15:27:28+00:00\",\"dateModified\":\"2025-11-04T15:27:30+00:00\",\"author\":{\"@id\":\"https:\/\/www.manaus.am.gov.br\/seminf\/#\/schema\/person\/4e49f4e267757a06ca072ec61b2b9968\"},\"description\":\"A Prefeitura de Manaus avan\u00e7a com as a\u00e7\u00f5es do \u201cPlano de Ver\u00e3o\u201d, levando infraestrutura e melhorias vi\u00e1rias a todas as zonas da cidade. Nesta ter\u00e7a-feira, 4\/11, as equipes da Secretaria Municipal de Infraestrutura (Seminf) executaram servi\u00e7os intensivos de manuten\u00e7\u00e3o asf\u00e1ltica no ramal do Jambo, localizado na comunidade Val Para\u00edso, no bairro Jorge Teixeira, zona Leste.\",\"inLanguage\":\"pt-BR\",\"potentialAction\":[{\"@type\":\"ReadAction\",\"target\":[\"https:\/\/www.manaus.am.gov.br\/seminf\/prefeitura-seminf-asfaltonovo-ramaldojambo\/\"]}]},{\"@type\":\"ImageObject\",\"inLanguage\":\"pt-BR\",\"@id\":\"https:\/\/www.manaus.am.gov.br\/seminf\/prefeitura-seminf-asfaltonovo-ramaldojambo\/#primaryimage\",\"url\":\"https:\/\/www.manaus.am.gov.br\/seminf\/wp-content\/uploads\/sites\/6\/2025\/11\/54901630886_8f38950119_c.jpg\",\"contentUrl\":\"https:\/\/www.manaus.am.gov.br\/seminf\/wp-content\/uploads\/sites\/6\/2025\/11\/54901630886_8f38950119_c.jpg\",\"width\":800,\"height\":600,\"caption\":\"#paratodosverem - Homens da Seminf aplicam asfalto novo em ramal do Jambo, no bairro Jorge Teixeira\"},{\"@type\":\"WebSite\",\"@id\":\"https:\/\/www.manaus.am.gov.br\/seminf\/#website\",\"url\":\"https:\/\/www.manaus.am.gov.br\/seminf\/\",\"name\":\"Secretaria de Infraestrutura\",\"description\":\"Secretaria Municipal de Infraestrutura\",\"potentialAction\":[{\"@type\":\"SearchAction\",\"target\":{\"@type\":\"EntryPoint\",\"urlTemplate\":\"https:\/\/www.manaus.am.gov.br\/seminf\/?s={search_term_string}\"},\"query-input\":\"required name=search_term_string\"}],\"inLanguage\":\"pt-BR\"},{\"@type\":\"Person\",\"@id\":\"https:\/\/www.manaus.am.gov.br\/seminf\/#\/schema\/person\/4e49f4e267757a06ca072ec61b2b9968\",\"name\":\"Adriana Costa\",\"image\":{\"@type\":\"ImageObject\",\"inLanguage\":\"pt-BR\",\"@id\":\"https:\/\/www.manaus.am.gov.br\/seminf\/#\/schema\/person\/image\/\",\"url\":\"https:\/\/secure.gravatar.com\/avatar\/576258617ef7194f718179e766d57bd4?s=96&d=mm&r=g\",\"contentUrl\":\"https:\/\/secure.gravatar.com\/avatar\/576258617ef7194f718179e766d57bd4?s=96&d=mm&r=g\",\"caption\":\"Adriana Costa\"}}]}<\/script>\n<!-- \/ Yoast SEO plugin. -->","yoast_head_json":{"title":"Ramal do Jambo ganha novo asfalto com obras da Prefeitura de Manaus","description":"A Prefeitura de Manaus avan\u00e7a com as a\u00e7\u00f5es do \u201cPlano de Ver\u00e3o\u201d, levando infraestrutura e melhorias vi\u00e1rias a todas as zonas da cidade. Nesta ter\u00e7a-feira, 4\/11, as equipes da Secretaria Municipal de Infraestrutura (Seminf) executaram servi\u00e7os intensivos de manuten\u00e7\u00e3o asf\u00e1ltica no ramal do Jambo, localizado na comunidade Val Para\u00edso, no bairro Jorge Teixeira, zona Leste.","robots":{"index":"index","follow":"follow","max-snippet":"max-snippet:-1","max-image-preview":"max-image-preview:large","max-video-preview":"max-video-preview:-1"},"canonical":"https:\/\/www.manaus.am.gov.br\/seminf\/prefeitura-seminf-asfaltonovo-ramaldojambo\/","og_locale":"pt_BR","og_type":"article","og_title":"Ramal do Jambo ganha novo asfalto com obras da Prefeitura de Manaus","og_description":"A Prefeitura de Manaus avan\u00e7a com as a\u00e7\u00f5es do \u201cPlano de Ver\u00e3o\u201d, levando infraestrutura e melhorias vi\u00e1rias a todas as zonas da cidade. Nesta ter\u00e7a-feira, 4\/11, as equipes da Secretaria Municipal de Infraestrutura (Seminf) executaram servi\u00e7os intensivos de manuten\u00e7\u00e3o asf\u00e1ltica no ramal do Jambo, localizado na comunidade Val Para\u00edso, no bairro Jorge Teixeira, zona Leste.","og_url":"https:\/\/www.manaus.am.gov.br\/seminf\/prefeitura-seminf-asfaltonovo-ramaldojambo\/","og_site_name":"SEMINF","article_published_time":"2025-11-04T15:27:28+00:00","article_modified_time":"2025-11-04T15:27:30+00:00","og_image":[{"width":800,"height":600,"url":"https:\/\/www.manaus.am.gov.br\/seminf\/wp-content\/uploads\/sites\/6\/2025\/11\/54901630886_8f38950119_c.jpg","type":"image\/jpeg"}],"author":"Adriana Costa","twitter_card":"summary_large_image","twitter_misc":{"Written by":"Adriana Costa","Est. reading time":"2 minutos"},"schema":{"@context":"https:\/\/schema.org","@graph":[{"@type":"WebPage","@id":"https:\/\/www.manaus.am.gov.br\/seminf\/prefeitura-seminf-asfaltonovo-ramaldojambo\/","url":"https:\/\/www.manaus.am.gov.br\/seminf\/prefeitura-seminf-asfaltonovo-ramaldojambo\/","name":"Ramal do Jambo ganha novo asfalto com obras da Prefeitura de Manaus","isPartOf":{"@id":"https:\/\/www.manaus.am.gov.br\/seminf\/#website"},"primaryImageOfPage":{"@id":"https:\/\/www.manaus.am.gov.br\/seminf\/prefeitura-seminf-asfaltonovo-ramaldojambo\/#primaryimage"},"image":{"@id":"https:\/\/www.manaus.am.gov.br\/seminf\/prefeitura-seminf-asfaltonovo-ramaldojambo\/#primaryimage"},"thumbnailUrl":"https:\/\/www.manaus.am.gov.br\/seminf\/wp-content\/uploads\/sites\/6\/2025\/11\/54901630886_8f38950119_c.jpg","datePublished":"2025-11-04T15:27:28+00:00","dateModified":"2025-11-04T15:27:30+00:00","author":{"@id":"https:\/\/www.manaus.am.gov.br\/seminf\/#\/schema\/person\/4e49f4e267757a06ca072ec61b2b9968"},"description":"A Prefeitura de Manaus avan\u00e7a com as a\u00e7\u00f5es do \u201cPlano de Ver\u00e3o\u201d, levando infraestrutura e melhorias vi\u00e1rias a todas as zonas da cidade. Nesta ter\u00e7a-feira, 4\/11, as equipes da Secretaria Municipal de Infraestrutura (Seminf) executaram servi\u00e7os intensivos de manuten\u00e7\u00e3o asf\u00e1ltica no ramal do Jambo, localizado na comunidade Val Para\u00edso, no bairro Jorge Teixeira, zona Leste.","inLanguage":"pt-BR","potentialAction":[{"@type":"ReadAction","target":["https:\/\/www.manaus.am.gov.br\/seminf\/prefeitura-seminf-asfaltonovo-ramaldojambo\/"]}]},{"@type":"ImageObject","inLanguage":"pt-BR","@id":"https:\/\/www.manaus.am.gov.br\/seminf\/prefeitura-seminf-asfaltonovo-ramaldojambo\/#primaryimage","url":"https:\/\/www.manaus.am.gov.br\/seminf\/wp-content\/uploads\/sites\/6\/2025\/11\/54901630886_8f38950119_c.jpg","contentUrl":"https:\/\/www.manaus.am.gov.br\/seminf\/wp-content\/uploads\/sites\/6\/2025\/11\/54901630886_8f38950119_c.jpg","width":800,"height":600,"caption":"#paratodosverem - Homens da Seminf aplicam asfalto novo em ramal do Jambo, no bairro Jorge Teixeira"},{"@type":"WebSite","@id":"https:\/\/www.manaus.am.gov.br\/seminf\/#website","url":"https:\/\/www.manaus.am.gov.br\/seminf\/","name":"Secretaria de Infraestrutura","description":"Secretaria Municipal de Infraestrutura","potentialAction":[{"@type":"SearchAction","target":{"@type":"EntryPoint","urlTemplate":"https:\/\/www.manaus.am.gov.br\/seminf\/?s={search_term_string}"},"query-input":"required name=search_term_string"}],"inLanguage":"pt-BR"},{"@type":"Person","@id":"https:\/\/www.manaus.am.gov.br\/seminf\/#\/schema\/person\/4e49f4e267757a06ca072ec61b2b9968","name":"Adriana Costa","image":{"@type":"ImageObject","inLanguage":"pt-BR","@id":"https:\/\/www.manaus.am.gov.br\/seminf\/#\/schema\/person\/image\/","url":"https:\/\/secure.gravatar.com\/avatar\/576258617ef7194f718179e766d57bd4?s=96&d=mm&r=g","contentUrl":"https:\/\/secure.gravatar.com\/avatar\/576258617ef7194f718179e766d57bd4?s=96&d=mm&r=g","caption":"Adriana Costa"}}]}},"_links":{"self":[{"href":"https:\/\/www.manaus.am.gov.br\/seminf\/wp-json\/wp\/v2\/posts\/7510"}],"collection":[{"href":"https:\/\/www.manaus.am.gov.br\/seminf\/wp-json\/wp\/v2\/posts"}],"about":[{"href":"https:\/\/www.manaus.am.gov.br\/seminf\/wp-json\/wp\/v2\/types\/post"}],"author":[{"embeddable":true,"href":"https:\/\/www.manaus.am.gov.br\/seminf\/wp-json\/wp\/v2\/users\/23"}],"replies":[{"embeddable":true,"href":"https:\/\/www.manaus.am.gov.br\/seminf\/wp-json\/wp\/v2\/comments?post=7510"}],"version-history":[{"count":0,"href":"https:\/\/www.manaus.am.gov.br\/seminf\/wp-json\/wp\/v2\/posts\/7510\/revisions"}],"wp:featuredmedia":[{"embeddable":true,"href":"https:\/\/www.manaus.am.gov.br\/seminf\/wp-json\/wp\/v2\/media\/7511"}],"wp:attachment":[{"href":"https:\/\/www.manaus.am.gov.br\/seminf\/wp-json\/wp\/v2\/media?parent=7510"}],"wp:term":[{"taxonomy":"category","embeddable":true,"href":"https:\/\/www.manaus.am.gov.br\/seminf\/wp-json\/wp\/v2\/categories?post=7510"},{"taxonomy":"post_tag","embeddable":true,"href":"https:\/\/www.manaus.am.gov.br\/seminf\/wp-json\/wp\/v2\/tags?post=7510"}],"curies":[{"name":"wp","href":"https:\/\/api.w.org\/{rel}","templated":true}]}}