{"id":7491,"date":"2025-11-01T15:54:09","date_gmt":"2025-11-01T19:54:09","guid":{"rendered":"https:\/\/www.manaus.am.gov.br\/seminf\/prefeitura-seminf-planodeverao-zonaleste\/"},"modified":"2025-11-01T15:54:10","modified_gmt":"2025-11-01T19:54:10","slug":"prefeitura-seminf-planodeverao-zonaleste","status":"publish","type":"post","link":"https:\/\/www.manaus.am.gov.br\/seminf\/prefeitura-seminf-planodeverao-zonaleste\/","title":{"rendered":"Prefeitura de Manaus avan\u00e7a com o \u2018Plano de Ver\u00e3o\u2019 na zona Leste durante plant\u00e3o no fim de semana"},"content":{"rendered":"\n<p>Durante este s\u00e1bado, 1\u00ba\/11, equipes da Prefeitura de Manaus avan\u00e7am com obras de manuten\u00e7\u00e3o asf\u00e1ltica, por meio do \u201cPlano de Ver\u00e3o\u201d, realizado pela Secretaria Municipal de Infraestrutura (Seminf), com os trabalhos em execu\u00e7\u00e3o na rua Japara, comunidade Val Para\u00edso, bairro Jorge Teixeira, zona Leste da capital. A interven\u00e7\u00e3o visa melhorar a trafegabilidade da via para os motoristas.&nbsp;<\/p>\n\n\n\n<p>\u201cA gest\u00e3o do prefeito David Almeida \u00e9 comprometida com a popula\u00e7\u00e3o. N\u00f3s estamos atuando com diversos programas de infraestrutura pela cidade, a fim de melhorar as vias da nossa Manaus, com isso seguimos com atividades intensivas para garantir a seguran\u00e7a e mobilidade da popula\u00e7\u00e3o\u201d, explica o vice-prefeito e secret\u00e1rio de Obras, Renato Junior.<\/p>\n\n\n\n<p>As equipes realizaram a prepara\u00e7\u00e3o da base com aplica\u00e7\u00e3o da imprima\u00e7\u00e3o, uma camada impermeabilizante que auxilia na fixa\u00e7\u00e3o do novo pavimento aplicado em trechos da via antes deteriorados. A comunidade recebe com muita gratid\u00e3o os servi\u00e7os da prefeitura, pois afirmam que a gest\u00e3o municipal tem dado a aten\u00e7\u00e3o necess\u00e1ria ao bairro Jorge Teixeira.<\/p>\n\n\n\n<p>\u201cO sentimento \u00e9 de gratid\u00e3o. As ruas estavam bem ruins, principalmente para quem dirige, mas em pleno s\u00e1bado, v\u00e9spera de feriado, as equipes est\u00e3o trabalhando aqui a todo vapor, ent\u00e3o s\u00f3 temos a agradecer. A Seminf segue realizando servi\u00e7os, nos ajudando e tem sido \u00f3timo\u201d, confirma Wanderson Lima, motorista, 38 anos.<\/p>\n\n\n\n<p>O \u201cPlano de Ver\u00e3o\u201d \u00e9 uma iniciativa da Prefeitura de Manaus que vem transformando vias da cidade, onde segue com a\u00e7\u00f5es intensivas de manuten\u00e7\u00e3o asf\u00e1ltica por todas as zonas da capital com agilidade e compromisso.<\/p>\n\n\n\n<p>&#8212; &#8212; &#8212;<\/p>\n\n\n\n<p><strong>Texto<\/strong>&nbsp;&#8211; Eduarda Lira\/Seminf<\/p>\n\n\n\n<p><strong>Fotos<\/strong>&nbsp;&#8211; M\u00e1rcio Melo\/Seminf<\/p>\n","protected":false},"excerpt":{"rendered":"","protected":false},"author":23,"featured_media":7492,"comment_status":"closed","ping_status":"closed","sticky":false,"template":"","format":"standard","meta":{"footnotes":""},"categories":[3],"tags":[405,2324,43,26,1352,58],"acf":[],"yoast_head":"<!-- This site is optimized with the Yoast SEO plugin v23.0 - https:\/\/yoast.com\/wordpress\/plugins\/seo\/ -->\n<title>Prefeitura de Manaus avan\u00e7a com o \u2018Plano de Ver\u00e3o\u2019 na zona Leste durante plant\u00e3o no fim de semana<\/title>\n<meta name=\"description\" content=\"Durante este s\u00e1bado, 1\u00ba\/11, equipes da Prefeitura de Manaus avan\u00e7am com obras de manuten\u00e7\u00e3o asf\u00e1ltica, por meio do \u201cPlano de Ver\u00e3o\u201d, realizado pela Secretaria Municipal de Infraestrutura (Seminf), com os trabalhos em execu\u00e7\u00e3o na rua Japara, comunidade Val Para\u00edso, bairro Jorge Teixeira, zona Leste da capital. A interven\u00e7\u00e3o visa melhorar a trafegabilidade da via para os motoristas.\" \/>\n<meta name=\"robots\" content=\"index, follow, max-snippet:-1, max-image-preview:large, max-video-preview:-1\" \/>\n<link rel=\"canonical\" href=\"https:\/\/www.manaus.am.gov.br\/seminf\/prefeitura-seminf-planodeverao-zonaleste\/\" \/>\n<meta property=\"og:locale\" content=\"pt_BR\" \/>\n<meta property=\"og:type\" content=\"article\" \/>\n<meta property=\"og:title\" content=\"Prefeitura de Manaus avan\u00e7a com o \u2018Plano de Ver\u00e3o\u2019 na zona Leste durante plant\u00e3o no fim de semana\" \/>\n<meta property=\"og:description\" content=\"Durante este s\u00e1bado, 1\u00ba\/11, equipes da Prefeitura de Manaus avan\u00e7am com obras de manuten\u00e7\u00e3o asf\u00e1ltica, por meio do \u201cPlano de Ver\u00e3o\u201d, realizado pela Secretaria Municipal de Infraestrutura (Seminf), com os trabalhos em execu\u00e7\u00e3o na rua Japara, comunidade Val Para\u00edso, bairro Jorge Teixeira, zona Leste da capital. A interven\u00e7\u00e3o visa melhorar a trafegabilidade da via para os motoristas.\" \/>\n<meta property=\"og:url\" content=\"https:\/\/www.manaus.am.gov.br\/seminf\/prefeitura-seminf-planodeverao-zonaleste\/\" \/>\n<meta property=\"og:site_name\" content=\"SEMINF\" \/>\n<meta property=\"article:published_time\" content=\"2025-11-01T19:54:09+00:00\" \/>\n<meta property=\"article:modified_time\" content=\"2025-11-01T19:54:10+00:00\" \/>\n<meta property=\"og:image\" content=\"https:\/\/www.manaus.am.gov.br\/seminf\/wp-content\/uploads\/sites\/6\/2025\/11\/736A8955-1024x683.jpg\" \/>\n\t<meta property=\"og:image:width\" content=\"1024\" \/>\n\t<meta property=\"og:image:height\" content=\"683\" \/>\n\t<meta property=\"og:image:type\" content=\"image\/jpeg\" \/>\n<meta name=\"author\" content=\"Adriana Costa\" \/>\n<meta name=\"twitter:card\" content=\"summary_large_image\" \/>\n<meta name=\"twitter:label1\" content=\"Written by\" \/>\n\t<meta name=\"twitter:data1\" content=\"Adriana Costa\" \/>\n\t<meta name=\"twitter:label2\" content=\"Est. reading time\" \/>\n\t<meta name=\"twitter:data2\" content=\"2 minutos\" \/>\n<script type=\"application\/ld+json\" class=\"yoast-schema-graph\">{\"@context\":\"https:\/\/schema.org\",\"@graph\":[{\"@type\":\"WebPage\",\"@id\":\"https:\/\/www.manaus.am.gov.br\/seminf\/prefeitura-seminf-planodeverao-zonaleste\/\",\"url\":\"https:\/\/www.manaus.am.gov.br\/seminf\/prefeitura-seminf-planodeverao-zonaleste\/\",\"name\":\"Prefeitura de Manaus avan\u00e7a com o \u2018Plano de Ver\u00e3o\u2019 na zona Leste durante plant\u00e3o no fim de semana\",\"isPartOf\":{\"@id\":\"https:\/\/www.manaus.am.gov.br\/seminf\/#website\"},\"primaryImageOfPage\":{\"@id\":\"https:\/\/www.manaus.am.gov.br\/seminf\/prefeitura-seminf-planodeverao-zonaleste\/#primaryimage\"},\"image\":{\"@id\":\"https:\/\/www.manaus.am.gov.br\/seminf\/prefeitura-seminf-planodeverao-zonaleste\/#primaryimage\"},\"thumbnailUrl\":\"https:\/\/www.manaus.am.gov.br\/seminf\/wp-content\/uploads\/sites\/6\/2025\/11\/736A8955.jpg\",\"datePublished\":\"2025-11-01T19:54:09+00:00\",\"dateModified\":\"2025-11-01T19:54:10+00:00\",\"author\":{\"@id\":\"https:\/\/www.manaus.am.gov.br\/seminf\/#\/schema\/person\/4e49f4e267757a06ca072ec61b2b9968\"},\"description\":\"Durante este s\u00e1bado, 1\u00ba\/11, equipes da Prefeitura de Manaus avan\u00e7am com obras de manuten\u00e7\u00e3o asf\u00e1ltica, por meio do \u201cPlano de Ver\u00e3o\u201d, realizado pela Secretaria Municipal de Infraestrutura (Seminf), com os trabalhos em execu\u00e7\u00e3o na rua Japara, comunidade Val Para\u00edso, bairro Jorge Teixeira, zona Leste da capital. A interven\u00e7\u00e3o visa melhorar a trafegabilidade da via para os motoristas.\",\"inLanguage\":\"pt-BR\",\"potentialAction\":[{\"@type\":\"ReadAction\",\"target\":[\"https:\/\/www.manaus.am.gov.br\/seminf\/prefeitura-seminf-planodeverao-zonaleste\/\"]}]},{\"@type\":\"ImageObject\",\"inLanguage\":\"pt-BR\",\"@id\":\"https:\/\/www.manaus.am.gov.br\/seminf\/prefeitura-seminf-planodeverao-zonaleste\/#primaryimage\",\"url\":\"https:\/\/www.manaus.am.gov.br\/seminf\/wp-content\/uploads\/sites\/6\/2025\/11\/736A8955.jpg\",\"contentUrl\":\"https:\/\/www.manaus.am.gov.br\/seminf\/wp-content\/uploads\/sites\/6\/2025\/11\/736A8955.jpg\",\"width\":4464,\"height\":2976,\"caption\":\"#paratodosverem - Homens da Seminf aplicam asfalto novo em via do comunidade Val Para\u00edso\"},{\"@type\":\"WebSite\",\"@id\":\"https:\/\/www.manaus.am.gov.br\/seminf\/#website\",\"url\":\"https:\/\/www.manaus.am.gov.br\/seminf\/\",\"name\":\"Secretaria de Infraestrutura\",\"description\":\"Secretaria Municipal de Infraestrutura\",\"potentialAction\":[{\"@type\":\"SearchAction\",\"target\":{\"@type\":\"EntryPoint\",\"urlTemplate\":\"https:\/\/www.manaus.am.gov.br\/seminf\/?s={search_term_string}\"},\"query-input\":\"required name=search_term_string\"}],\"inLanguage\":\"pt-BR\"},{\"@type\":\"Person\",\"@id\":\"https:\/\/www.manaus.am.gov.br\/seminf\/#\/schema\/person\/4e49f4e267757a06ca072ec61b2b9968\",\"name\":\"Adriana Costa\",\"image\":{\"@type\":\"ImageObject\",\"inLanguage\":\"pt-BR\",\"@id\":\"https:\/\/www.manaus.am.gov.br\/seminf\/#\/schema\/person\/image\/\",\"url\":\"https:\/\/secure.gravatar.com\/avatar\/576258617ef7194f718179e766d57bd4?s=96&d=mm&r=g\",\"contentUrl\":\"https:\/\/secure.gravatar.com\/avatar\/576258617ef7194f718179e766d57bd4?s=96&d=mm&r=g\",\"caption\":\"Adriana Costa\"}}]}<\/script>\n<!-- \/ Yoast SEO plugin. -->","yoast_head_json":{"title":"Prefeitura de Manaus avan\u00e7a com o \u2018Plano de Ver\u00e3o\u2019 na zona Leste durante plant\u00e3o no fim de semana","description":"Durante este s\u00e1bado, 1\u00ba\/11, equipes da Prefeitura de Manaus avan\u00e7am com obras de manuten\u00e7\u00e3o asf\u00e1ltica, por meio do \u201cPlano de Ver\u00e3o\u201d, realizado pela Secretaria Municipal de Infraestrutura (Seminf), com os trabalhos em execu\u00e7\u00e3o na rua Japara, comunidade Val Para\u00edso, bairro Jorge Teixeira, zona Leste da capital. A interven\u00e7\u00e3o visa melhorar a trafegabilidade da via para os motoristas.","robots":{"index":"index","follow":"follow","max-snippet":"max-snippet:-1","max-image-preview":"max-image-preview:large","max-video-preview":"max-video-preview:-1"},"canonical":"https:\/\/www.manaus.am.gov.br\/seminf\/prefeitura-seminf-planodeverao-zonaleste\/","og_locale":"pt_BR","og_type":"article","og_title":"Prefeitura de Manaus avan\u00e7a com o \u2018Plano de Ver\u00e3o\u2019 na zona Leste durante plant\u00e3o no fim de semana","og_description":"Durante este s\u00e1bado, 1\u00ba\/11, equipes da Prefeitura de Manaus avan\u00e7am com obras de manuten\u00e7\u00e3o asf\u00e1ltica, por meio do \u201cPlano de Ver\u00e3o\u201d, realizado pela Secretaria Municipal de Infraestrutura (Seminf), com os trabalhos em execu\u00e7\u00e3o na rua Japara, comunidade Val Para\u00edso, bairro Jorge Teixeira, zona Leste da capital. A interven\u00e7\u00e3o visa melhorar a trafegabilidade da via para os motoristas.","og_url":"https:\/\/www.manaus.am.gov.br\/seminf\/prefeitura-seminf-planodeverao-zonaleste\/","og_site_name":"SEMINF","article_published_time":"2025-11-01T19:54:09+00:00","article_modified_time":"2025-11-01T19:54:10+00:00","og_image":[{"width":1024,"height":683,"url":"https:\/\/www.manaus.am.gov.br\/seminf\/wp-content\/uploads\/sites\/6\/2025\/11\/736A8955-1024x683.jpg","type":"image\/jpeg"}],"author":"Adriana Costa","twitter_card":"summary_large_image","twitter_misc":{"Written by":"Adriana Costa","Est. reading time":"2 minutos"},"schema":{"@context":"https:\/\/schema.org","@graph":[{"@type":"WebPage","@id":"https:\/\/www.manaus.am.gov.br\/seminf\/prefeitura-seminf-planodeverao-zonaleste\/","url":"https:\/\/www.manaus.am.gov.br\/seminf\/prefeitura-seminf-planodeverao-zonaleste\/","name":"Prefeitura de Manaus avan\u00e7a com o \u2018Plano de Ver\u00e3o\u2019 na zona Leste durante plant\u00e3o no fim de semana","isPartOf":{"@id":"https:\/\/www.manaus.am.gov.br\/seminf\/#website"},"primaryImageOfPage":{"@id":"https:\/\/www.manaus.am.gov.br\/seminf\/prefeitura-seminf-planodeverao-zonaleste\/#primaryimage"},"image":{"@id":"https:\/\/www.manaus.am.gov.br\/seminf\/prefeitura-seminf-planodeverao-zonaleste\/#primaryimage"},"thumbnailUrl":"https:\/\/www.manaus.am.gov.br\/seminf\/wp-content\/uploads\/sites\/6\/2025\/11\/736A8955.jpg","datePublished":"2025-11-01T19:54:09+00:00","dateModified":"2025-11-01T19:54:10+00:00","author":{"@id":"https:\/\/www.manaus.am.gov.br\/seminf\/#\/schema\/person\/4e49f4e267757a06ca072ec61b2b9968"},"description":"Durante este s\u00e1bado, 1\u00ba\/11, equipes da Prefeitura de Manaus avan\u00e7am com obras de manuten\u00e7\u00e3o asf\u00e1ltica, por meio do \u201cPlano de Ver\u00e3o\u201d, realizado pela Secretaria Municipal de Infraestrutura (Seminf), com os trabalhos em execu\u00e7\u00e3o na rua Japara, comunidade Val Para\u00edso, bairro Jorge Teixeira, zona Leste da capital. A interven\u00e7\u00e3o visa melhorar a trafegabilidade da via para os motoristas.","inLanguage":"pt-BR","potentialAction":[{"@type":"ReadAction","target":["https:\/\/www.manaus.am.gov.br\/seminf\/prefeitura-seminf-planodeverao-zonaleste\/"]}]},{"@type":"ImageObject","inLanguage":"pt-BR","@id":"https:\/\/www.manaus.am.gov.br\/seminf\/prefeitura-seminf-planodeverao-zonaleste\/#primaryimage","url":"https:\/\/www.manaus.am.gov.br\/seminf\/wp-content\/uploads\/sites\/6\/2025\/11\/736A8955.jpg","contentUrl":"https:\/\/www.manaus.am.gov.br\/seminf\/wp-content\/uploads\/sites\/6\/2025\/11\/736A8955.jpg","width":4464,"height":2976,"caption":"#paratodosverem - Homens da Seminf aplicam asfalto novo em via do comunidade Val Para\u00edso"},{"@type":"WebSite","@id":"https:\/\/www.manaus.am.gov.br\/seminf\/#website","url":"https:\/\/www.manaus.am.gov.br\/seminf\/","name":"Secretaria de Infraestrutura","description":"Secretaria Municipal de Infraestrutura","potentialAction":[{"@type":"SearchAction","target":{"@type":"EntryPoint","urlTemplate":"https:\/\/www.manaus.am.gov.br\/seminf\/?s={search_term_string}"},"query-input":"required name=search_term_string"}],"inLanguage":"pt-BR"},{"@type":"Person","@id":"https:\/\/www.manaus.am.gov.br\/seminf\/#\/schema\/person\/4e49f4e267757a06ca072ec61b2b9968","name":"Adriana Costa","image":{"@type":"ImageObject","inLanguage":"pt-BR","@id":"https:\/\/www.manaus.am.gov.br\/seminf\/#\/schema\/person\/image\/","url":"https:\/\/secure.gravatar.com\/avatar\/576258617ef7194f718179e766d57bd4?s=96&d=mm&r=g","contentUrl":"https:\/\/secure.gravatar.com\/avatar\/576258617ef7194f718179e766d57bd4?s=96&d=mm&r=g","caption":"Adriana Costa"}}]}},"_links":{"self":[{"href":"https:\/\/www.manaus.am.gov.br\/seminf\/wp-json\/wp\/v2\/posts\/7491"}],"collection":[{"href":"https:\/\/www.manaus.am.gov.br\/seminf\/wp-json\/wp\/v2\/posts"}],"about":[{"href":"https:\/\/www.manaus.am.gov.br\/seminf\/wp-json\/wp\/v2\/types\/post"}],"author":[{"embeddable":true,"href":"https:\/\/www.manaus.am.gov.br\/seminf\/wp-json\/wp\/v2\/users\/23"}],"replies":[{"embeddable":true,"href":"https:\/\/www.manaus.am.gov.br\/seminf\/wp-json\/wp\/v2\/comments?post=7491"}],"version-history":[{"count":0,"href":"https:\/\/www.manaus.am.gov.br\/seminf\/wp-json\/wp\/v2\/posts\/7491\/revisions"}],"wp:featuredmedia":[{"embeddable":true,"href":"https:\/\/www.manaus.am.gov.br\/seminf\/wp-json\/wp\/v2\/media\/7492"}],"wp:attachment":[{"href":"https:\/\/www.manaus.am.gov.br\/seminf\/wp-json\/wp\/v2\/media?parent=7491"}],"wp:term":[{"taxonomy":"category","embeddable":true,"href":"https:\/\/www.manaus.am.gov.br\/seminf\/wp-json\/wp\/v2\/categories?post=7491"},{"taxonomy":"post_tag","embeddable":true,"href":"https:\/\/www.manaus.am.gov.br\/seminf\/wp-json\/wp\/v2\/tags?post=7491"}],"curies":[{"name":"wp","href":"https:\/\/api.w.org\/{rel}","templated":true}]}}