{"id":7481,"date":"2025-10-31T15:33:19","date_gmt":"2025-10-31T19:33:19","guid":{"rendered":"https:\/\/www.manaus.am.gov.br\/seminf\/plano-de-verao-novo-aleixo\/"},"modified":"2025-10-31T15:33:19","modified_gmt":"2025-10-31T19:33:19","slug":"plano-de-verao-novo-aleixo","status":"publish","type":"post","link":"https:\/\/www.manaus.am.gov.br\/seminf\/plano-de-verao-novo-aleixo\/","title":{"rendered":"\u2018Plano de Ver\u00e3o\u2019 da prefeitura transforma ruas do Novo Aleixo e leva mais qualidade de vida aos moradores"},"content":{"rendered":"\n<p>A Prefeitura de Manaus segue acelerando o ritmo das obras do \u201cPlano de Ver\u00e3o\u201d, levando infraestrutura, mobilidade e dignidade para as comunidades da capital. Nesta sexta-feira, 31\/10, as frentes de trabalho da Secretaria Municipal de Infraestrutura (Seminf) chegaram \u00e0s ruas Itapo\u00e3 do Oeste e S\u00e3o Louren\u00e7o, no bairro Novo Aleixo, zona Norte, com servi\u00e7os de manuten\u00e7\u00e3o asf\u00e1ltica que est\u00e3o transformando a realidade dos moradores da \u00e1rea.<\/p>\n\n\n\n<p>Com maquin\u00e1rio e equipes em a\u00e7\u00e3o, o servi\u00e7o inclui limpeza, remo\u00e7\u00e3o de res\u00edduos e aplica\u00e7\u00e3o de nova camada asf\u00e1ltica em pontos cr\u00edticos das vias. O resultado \u00e9 imediato, ruas niveladas, tr\u00e2nsito mais seguro e um ambiente urbano mais agrad\u00e1vel para quem vive e trabalha na regi\u00e3o.<\/p>\n\n\n\n<p>O vice-prefeito e secret\u00e1rio de Obras, Renato Junior, destacou que o trabalho intenso da prefeitura tem como prioridade o bem-estar da popula\u00e7\u00e3o. \u201cNosso compromisso \u00e9 com as pessoas. O prefeito David Almeida tem nos orientado a estar nas ruas, ouvindo as demandas e levando resultados concretos. Cada via recuperada representa mais conforto, seguran\u00e7a e qualidade de vida para os manauaras\u201d, afirmou.<\/p>\n\n\n\n<p>Para quem mora no Novo Aleixo, a presen\u00e7a das equipes da prefeitura tem feito diferen\u00e7a.<\/p>\n\n\n\n<p>\u201c\u00c9 muito bom ver que a orefeitura est\u00e1 olhando pelo nosso bairro. As ruas estavam cheias de buracos e agora ficaram bem melhores. Isso facilita a passagem dos carros e melhora at\u00e9 o visual da comunidade\u201d, contou o industri\u00e1rio Joel Brito, de 45 anos.<\/p>\n\n\n\n<p>Com o \u201cPlano de Ver\u00e3o\u201d, a Prefeitura de Manaus refor\u00e7a o compromisso de cuidar da cidade e garantir que todos os bairros recebam servi\u00e7os de infraestrutura que transformam o dia a dia da popula\u00e7\u00e3o.<\/p>\n\n\n\n<figure class=\"wp-block-image size-large\"><img loading=\"lazy\" decoding=\"async\" width=\"1024\" height=\"683\" src=\"https:\/\/www.manaus.am.gov.br\/seminf\/wp-content\/uploads\/sites\/6\/2025\/10\/Obra-5-1024x683.jpeg\" alt=\"\" class=\"wp-image-7483\" srcset=\"https:\/\/www.manaus.am.gov.br\/seminf\/wp-content\/uploads\/sites\/6\/2025\/10\/Obra-5-1024x683.jpeg 1024w, https:\/\/www.manaus.am.gov.br\/seminf\/wp-content\/uploads\/sites\/6\/2025\/10\/Obra-5-300x200.jpeg 300w, https:\/\/www.manaus.am.gov.br\/seminf\/wp-content\/uploads\/sites\/6\/2025\/10\/Obra-5-768x512.jpeg 768w, https:\/\/www.manaus.am.gov.br\/seminf\/wp-content\/uploads\/sites\/6\/2025\/10\/Obra-5.jpeg 1116w\" sizes=\"(max-width: 1024px) 100vw, 1024px\" \/><\/figure>\n\n\n\n<p>&#8212; &#8212; &#8212;<\/p>\n\n\n\n<p><strong>Texto\u00a0<\/strong>&#8211; Eduarda Lira\/Seminf<\/p>\n\n\n\n<p><strong>Fotos<\/strong> &#8211; M\u00e1rcio Melo\/Seminf<\/p>\n","protected":false},"excerpt":{"rendered":"","protected":false},"author":39,"featured_media":7482,"comment_status":"closed","ping_status":"closed","sticky":false,"template":"","format":"standard","meta":{"footnotes":""},"categories":[4],"tags":[2324,43,2721,2722,26],"acf":[],"yoast_head":"<!-- This site is optimized with the Yoast SEO plugin v23.0 - https:\/\/yoast.com\/wordpress\/plugins\/seo\/ -->\n<title>\u2018Plano de Ver\u00e3o\u2019 transforma ruas do Novo Aleixo<\/title>\n<meta name=\"description\" content=\"\u2018Plano de Ver\u00e3o\u2019 da Prefeitura de Manaus transforma ruas do Novo Aleixo e leva mais qualidade de vida aos moradores.\" \/>\n<meta name=\"robots\" content=\"index, follow, max-snippet:-1, max-image-preview:large, max-video-preview:-1\" \/>\n<link rel=\"canonical\" href=\"https:\/\/www.manaus.am.gov.br\/seminf\/plano-de-verao-novo-aleixo\/\" \/>\n<meta property=\"og:locale\" content=\"pt_BR\" \/>\n<meta property=\"og:type\" content=\"article\" \/>\n<meta property=\"og:title\" content=\"\u2018Plano de Ver\u00e3o\u2019 transforma ruas do Novo Aleixo\" \/>\n<meta property=\"og:description\" content=\"\u2018Plano de Ver\u00e3o\u2019 da Prefeitura de Manaus transforma ruas do Novo Aleixo e leva mais qualidade de vida aos moradores.\" \/>\n<meta property=\"og:url\" content=\"https:\/\/www.manaus.am.gov.br\/seminf\/plano-de-verao-novo-aleixo\/\" \/>\n<meta property=\"og:site_name\" content=\"SEMINF\" \/>\n<meta property=\"article:published_time\" content=\"2025-10-31T19:33:19+00:00\" \/>\n<meta property=\"og:image\" content=\"https:\/\/www.manaus.am.gov.br\/seminf\/wp-content\/uploads\/sites\/6\/2025\/10\/Obra-3.jpeg\" \/>\n\t<meta property=\"og:image:width\" content=\"1116\" \/>\n\t<meta property=\"og:image:height\" content=\"744\" \/>\n\t<meta property=\"og:image:type\" content=\"image\/jpeg\" \/>\n<meta name=\"author\" content=\"Bruna Greco\" \/>\n<meta name=\"twitter:card\" content=\"summary_large_image\" \/>\n<meta name=\"twitter:label1\" content=\"Written by\" \/>\n\t<meta name=\"twitter:data1\" content=\"Bruna Greco\" \/>\n\t<meta name=\"twitter:label2\" content=\"Est. reading time\" \/>\n\t<meta name=\"twitter:data2\" content=\"2 minutos\" \/>\n<script type=\"application\/ld+json\" class=\"yoast-schema-graph\">{\"@context\":\"https:\/\/schema.org\",\"@graph\":[{\"@type\":\"WebPage\",\"@id\":\"https:\/\/www.manaus.am.gov.br\/seminf\/plano-de-verao-novo-aleixo\/\",\"url\":\"https:\/\/www.manaus.am.gov.br\/seminf\/plano-de-verao-novo-aleixo\/\",\"name\":\"\u2018Plano de Ver\u00e3o\u2019 transforma ruas do Novo Aleixo\",\"isPartOf\":{\"@id\":\"https:\/\/www.manaus.am.gov.br\/seminf\/#website\"},\"primaryImageOfPage\":{\"@id\":\"https:\/\/www.manaus.am.gov.br\/seminf\/plano-de-verao-novo-aleixo\/#primaryimage\"},\"image\":{\"@id\":\"https:\/\/www.manaus.am.gov.br\/seminf\/plano-de-verao-novo-aleixo\/#primaryimage\"},\"thumbnailUrl\":\"https:\/\/www.manaus.am.gov.br\/seminf\/wp-content\/uploads\/sites\/6\/2025\/10\/Obra-3.jpeg\",\"datePublished\":\"2025-10-31T19:33:19+00:00\",\"dateModified\":\"2025-10-31T19:33:19+00:00\",\"author\":{\"@id\":\"https:\/\/www.manaus.am.gov.br\/seminf\/#\/schema\/person\/05d223aea2bf115f9883a6ff3683d81b\"},\"description\":\"\u2018Plano de Ver\u00e3o\u2019 da Prefeitura de Manaus transforma ruas do Novo Aleixo e leva mais qualidade de vida aos moradores.\",\"inLanguage\":\"pt-BR\",\"potentialAction\":[{\"@type\":\"ReadAction\",\"target\":[\"https:\/\/www.manaus.am.gov.br\/seminf\/plano-de-verao-novo-aleixo\/\"]}]},{\"@type\":\"ImageObject\",\"inLanguage\":\"pt-BR\",\"@id\":\"https:\/\/www.manaus.am.gov.br\/seminf\/plano-de-verao-novo-aleixo\/#primaryimage\",\"url\":\"https:\/\/www.manaus.am.gov.br\/seminf\/wp-content\/uploads\/sites\/6\/2025\/10\/Obra-3.jpeg\",\"contentUrl\":\"https:\/\/www.manaus.am.gov.br\/seminf\/wp-content\/uploads\/sites\/6\/2025\/10\/Obra-3.jpeg\",\"width\":1116,\"height\":744,\"caption\":\"#paratodosverem - Equipe da Seminf realizando a recupera\u00e7\u00e3o asf\u00e1ltica de rua do bairro Novo Aleixo\"},{\"@type\":\"WebSite\",\"@id\":\"https:\/\/www.manaus.am.gov.br\/seminf\/#website\",\"url\":\"https:\/\/www.manaus.am.gov.br\/seminf\/\",\"name\":\"Secretaria de Infraestrutura\",\"description\":\"Secretaria Municipal de Infraestrutura\",\"potentialAction\":[{\"@type\":\"SearchAction\",\"target\":{\"@type\":\"EntryPoint\",\"urlTemplate\":\"https:\/\/www.manaus.am.gov.br\/seminf\/?s={search_term_string}\"},\"query-input\":\"required name=search_term_string\"}],\"inLanguage\":\"pt-BR\"},{\"@type\":\"Person\",\"@id\":\"https:\/\/www.manaus.am.gov.br\/seminf\/#\/schema\/person\/05d223aea2bf115f9883a6ff3683d81b\",\"name\":\"Bruna Greco\",\"image\":{\"@type\":\"ImageObject\",\"inLanguage\":\"pt-BR\",\"@id\":\"https:\/\/www.manaus.am.gov.br\/seminf\/#\/schema\/person\/image\/\",\"url\":\"https:\/\/secure.gravatar.com\/avatar\/9c877d1a6adc2a055330e5c09a8653ce?s=96&d=mm&r=g\",\"contentUrl\":\"https:\/\/secure.gravatar.com\/avatar\/9c877d1a6adc2a055330e5c09a8653ce?s=96&d=mm&r=g\",\"caption\":\"Bruna Greco\"}}]}<\/script>\n<!-- \/ Yoast SEO plugin. -->","yoast_head_json":{"title":"\u2018Plano de Ver\u00e3o\u2019 transforma ruas do Novo Aleixo","description":"\u2018Plano de Ver\u00e3o\u2019 da Prefeitura de Manaus transforma ruas do Novo Aleixo e leva mais qualidade de vida aos moradores.","robots":{"index":"index","follow":"follow","max-snippet":"max-snippet:-1","max-image-preview":"max-image-preview:large","max-video-preview":"max-video-preview:-1"},"canonical":"https:\/\/www.manaus.am.gov.br\/seminf\/plano-de-verao-novo-aleixo\/","og_locale":"pt_BR","og_type":"article","og_title":"\u2018Plano de Ver\u00e3o\u2019 transforma ruas do Novo Aleixo","og_description":"\u2018Plano de Ver\u00e3o\u2019 da Prefeitura de Manaus transforma ruas do Novo Aleixo e leva mais qualidade de vida aos moradores.","og_url":"https:\/\/www.manaus.am.gov.br\/seminf\/plano-de-verao-novo-aleixo\/","og_site_name":"SEMINF","article_published_time":"2025-10-31T19:33:19+00:00","og_image":[{"width":1116,"height":744,"url":"https:\/\/www.manaus.am.gov.br\/seminf\/wp-content\/uploads\/sites\/6\/2025\/10\/Obra-3.jpeg","type":"image\/jpeg"}],"author":"Bruna Greco","twitter_card":"summary_large_image","twitter_misc":{"Written by":"Bruna Greco","Est. reading time":"2 minutos"},"schema":{"@context":"https:\/\/schema.org","@graph":[{"@type":"WebPage","@id":"https:\/\/www.manaus.am.gov.br\/seminf\/plano-de-verao-novo-aleixo\/","url":"https:\/\/www.manaus.am.gov.br\/seminf\/plano-de-verao-novo-aleixo\/","name":"\u2018Plano de Ver\u00e3o\u2019 transforma ruas do Novo Aleixo","isPartOf":{"@id":"https:\/\/www.manaus.am.gov.br\/seminf\/#website"},"primaryImageOfPage":{"@id":"https:\/\/www.manaus.am.gov.br\/seminf\/plano-de-verao-novo-aleixo\/#primaryimage"},"image":{"@id":"https:\/\/www.manaus.am.gov.br\/seminf\/plano-de-verao-novo-aleixo\/#primaryimage"},"thumbnailUrl":"https:\/\/www.manaus.am.gov.br\/seminf\/wp-content\/uploads\/sites\/6\/2025\/10\/Obra-3.jpeg","datePublished":"2025-10-31T19:33:19+00:00","dateModified":"2025-10-31T19:33:19+00:00","author":{"@id":"https:\/\/www.manaus.am.gov.br\/seminf\/#\/schema\/person\/05d223aea2bf115f9883a6ff3683d81b"},"description":"\u2018Plano de Ver\u00e3o\u2019 da Prefeitura de Manaus transforma ruas do Novo Aleixo e leva mais qualidade de vida aos moradores.","inLanguage":"pt-BR","potentialAction":[{"@type":"ReadAction","target":["https:\/\/www.manaus.am.gov.br\/seminf\/plano-de-verao-novo-aleixo\/"]}]},{"@type":"ImageObject","inLanguage":"pt-BR","@id":"https:\/\/www.manaus.am.gov.br\/seminf\/plano-de-verao-novo-aleixo\/#primaryimage","url":"https:\/\/www.manaus.am.gov.br\/seminf\/wp-content\/uploads\/sites\/6\/2025\/10\/Obra-3.jpeg","contentUrl":"https:\/\/www.manaus.am.gov.br\/seminf\/wp-content\/uploads\/sites\/6\/2025\/10\/Obra-3.jpeg","width":1116,"height":744,"caption":"#paratodosverem - Equipe da Seminf realizando a recupera\u00e7\u00e3o asf\u00e1ltica de rua do bairro Novo Aleixo"},{"@type":"WebSite","@id":"https:\/\/www.manaus.am.gov.br\/seminf\/#website","url":"https:\/\/www.manaus.am.gov.br\/seminf\/","name":"Secretaria de Infraestrutura","description":"Secretaria Municipal de Infraestrutura","potentialAction":[{"@type":"SearchAction","target":{"@type":"EntryPoint","urlTemplate":"https:\/\/www.manaus.am.gov.br\/seminf\/?s={search_term_string}"},"query-input":"required name=search_term_string"}],"inLanguage":"pt-BR"},{"@type":"Person","@id":"https:\/\/www.manaus.am.gov.br\/seminf\/#\/schema\/person\/05d223aea2bf115f9883a6ff3683d81b","name":"Bruna Greco","image":{"@type":"ImageObject","inLanguage":"pt-BR","@id":"https:\/\/www.manaus.am.gov.br\/seminf\/#\/schema\/person\/image\/","url":"https:\/\/secure.gravatar.com\/avatar\/9c877d1a6adc2a055330e5c09a8653ce?s=96&d=mm&r=g","contentUrl":"https:\/\/secure.gravatar.com\/avatar\/9c877d1a6adc2a055330e5c09a8653ce?s=96&d=mm&r=g","caption":"Bruna Greco"}}]}},"_links":{"self":[{"href":"https:\/\/www.manaus.am.gov.br\/seminf\/wp-json\/wp\/v2\/posts\/7481"}],"collection":[{"href":"https:\/\/www.manaus.am.gov.br\/seminf\/wp-json\/wp\/v2\/posts"}],"about":[{"href":"https:\/\/www.manaus.am.gov.br\/seminf\/wp-json\/wp\/v2\/types\/post"}],"author":[{"embeddable":true,"href":"https:\/\/www.manaus.am.gov.br\/seminf\/wp-json\/wp\/v2\/users\/39"}],"replies":[{"embeddable":true,"href":"https:\/\/www.manaus.am.gov.br\/seminf\/wp-json\/wp\/v2\/comments?post=7481"}],"version-history":[{"count":1,"href":"https:\/\/www.manaus.am.gov.br\/seminf\/wp-json\/wp\/v2\/posts\/7481\/revisions"}],"predecessor-version":[{"id":7484,"href":"https:\/\/www.manaus.am.gov.br\/seminf\/wp-json\/wp\/v2\/posts\/7481\/revisions\/7484"}],"wp:featuredmedia":[{"embeddable":true,"href":"https:\/\/www.manaus.am.gov.br\/seminf\/wp-json\/wp\/v2\/media\/7482"}],"wp:attachment":[{"href":"https:\/\/www.manaus.am.gov.br\/seminf\/wp-json\/wp\/v2\/media?parent=7481"}],"wp:term":[{"taxonomy":"category","embeddable":true,"href":"https:\/\/www.manaus.am.gov.br\/seminf\/wp-json\/wp\/v2\/categories?post=7481"},{"taxonomy":"post_tag","embeddable":true,"href":"https:\/\/www.manaus.am.gov.br\/seminf\/wp-json\/wp\/v2\/tags?post=7481"}],"curies":[{"name":"wp","href":"https:\/\/api.w.org\/{rel}","templated":true}]}}