{"id":7408,"date":"2025-10-23T20:43:17","date_gmt":"2025-10-24T00:43:17","guid":{"rendered":"https:\/\/www.manaus.am.gov.br\/seminf\/prefeitura-seminf-tancredoneves\/"},"modified":"2025-10-23T20:43:19","modified_gmt":"2025-10-24T00:43:19","slug":"prefeitura-seminf-tancredoneves","status":"publish","type":"post","link":"https:\/\/www.manaus.am.gov.br\/seminf\/prefeitura-seminf-tancredoneves\/","title":{"rendered":"Prefeitura de Manaus intensifica \u2018Plano de Ver\u00e3o\u2019 e melhora mobilidade no bairro Tancredo Neves"},"content":{"rendered":"\n<p>A Prefeitura de Manaus avan\u00e7a com as a\u00e7\u00f5es do \u201cPlano de Ver\u00e3o\u201d e, nesta quinta-feira, 23\/10, executa frentes de trabalho nas ruas Jasmim, Girassol e beco S\u00e3o Valentin, no bairro Tancredo Neves, zona Leste da capital. As equipes da Secretaria Municipal de Infraestrutura (Seminf) atuam na recupera\u00e7\u00e3o asf\u00e1ltica para garantir mais seguran\u00e7a, conforto e melhor mobilidade aos motoristas e moradores da \u00e1rea.<\/p>\n\n\n\n<p>O vice-prefeito e secret\u00e1rio de Obras, Renato Junior, destacou que o \u201cPlano de Ver\u00e3o\u201d \u00e9 uma das prioridades da gest\u00e3o e refor\u00e7a o compromisso da prefeitura com o desenvolvimento urbano da capital.<\/p>\n\n\n\n<p>\u201cNosso objetivo \u00e9 que Manaus tenha ruas mais seguras, acess\u00edveis e com infraestrutura de qualidade. O \u2018Plano de Ver\u00e3o\u2019 \u00e9 um compromisso firme da gest\u00e3o do prefeito David Almeida com o bem-estar da popula\u00e7\u00e3o. Vamos seguir trabalhando dia e noite para transformar a realidade dos bairros e melhorar a vida dos manauaras\u201d, afirmou Renato Junior.<\/p>\n\n\n\n<p>Moradores da \u00e1rea comemoram as melhorias. O motorista Paulo S\u00e9rgio de Deus, de 65 anos, destacou que a obra traz al\u00edvio para quem trafega diariamente pela regi\u00e3o. \u201cVai melhorar muito para todos aqui do bairro. Antes era dif\u00edcil dirigir com tantos buracos, agora, a prefeitura est\u00e1 recuperando o asfalto e vai ficar bem melhor, principalmente para quem trabalha no tr\u00e2nsito\u201d, disse.<\/p>\n\n\n\n<p>Com o avan\u00e7o das obras, a Prefeitura de Manaus reafirma o compromisso com a infraestrutura urbana e a qualidade de vida dos cidad\u00e3os. O \u201cPlano de Ver\u00e3o\u201d segue em andamento, beneficiando todas as zonas da cidade e promovendo uma Manaus mais segura e acess\u00edvel para todos.<\/p>\n\n\n\n<p>&#8212; &#8212; &#8212;<\/p>\n\n\n\n<p><strong>Texto e fotos<\/strong> &#8211; Eduarda Lira \/ Seminf<\/p>\n","protected":false},"excerpt":{"rendered":"","protected":false},"author":23,"featured_media":7409,"comment_status":"closed","ping_status":"closed","sticky":false,"template":"","format":"standard","meta":{"footnotes":""},"categories":[560],"tags":[562,43,26,1284],"acf":[],"yoast_head":"<!-- This site is optimized with the Yoast SEO plugin v23.0 - https:\/\/yoast.com\/wordpress\/plugins\/seo\/ -->\n<title>Prefeitura de Manaus intensifica \u2018Plano de Ver\u00e3o\u2019 e melhora mobilidade no bairro Tancredo Neves<\/title>\n<meta name=\"description\" content=\"A Prefeitura de Manaus avan\u00e7a com as a\u00e7\u00f5es do \u201cPlano de Ver\u00e3o\u201d e, nesta quinta-feira, 23\/10, executa frentes de trabalho nas ruas Jasmim, Girassol e beco S\u00e3o Valentin, no bairro Tancredo Neves, zona Leste da capital.\" \/>\n<meta name=\"robots\" content=\"index, follow, max-snippet:-1, max-image-preview:large, max-video-preview:-1\" \/>\n<link rel=\"canonical\" href=\"https:\/\/www.manaus.am.gov.br\/seminf\/prefeitura-seminf-tancredoneves\/\" \/>\n<meta property=\"og:locale\" content=\"pt_BR\" \/>\n<meta property=\"og:type\" content=\"article\" \/>\n<meta property=\"og:title\" content=\"Prefeitura de Manaus intensifica \u2018Plano de Ver\u00e3o\u2019 e melhora mobilidade no bairro Tancredo Neves\" \/>\n<meta property=\"og:description\" content=\"A Prefeitura de Manaus avan\u00e7a com as a\u00e7\u00f5es do \u201cPlano de Ver\u00e3o\u201d e, nesta quinta-feira, 23\/10, executa frentes de trabalho nas ruas Jasmim, Girassol e beco S\u00e3o Valentin, no bairro Tancredo Neves, zona Leste da capital.\" \/>\n<meta property=\"og:url\" content=\"https:\/\/www.manaus.am.gov.br\/seminf\/prefeitura-seminf-tancredoneves\/\" \/>\n<meta property=\"og:site_name\" content=\"SEMINF\" \/>\n<meta property=\"article:published_time\" content=\"2025-10-24T00:43:17+00:00\" \/>\n<meta property=\"article:modified_time\" content=\"2025-10-24T00:43:19+00:00\" \/>\n<meta property=\"og:image\" content=\"https:\/\/www.manaus.am.gov.br\/seminf\/wp-content\/uploads\/sites\/6\/2025\/10\/IMG_0807-_1_-1024x768.jpeg\" \/>\n\t<meta property=\"og:image:width\" content=\"1024\" \/>\n\t<meta property=\"og:image:height\" content=\"768\" \/>\n\t<meta property=\"og:image:type\" content=\"image\/jpeg\" \/>\n<meta name=\"author\" content=\"Adriana Costa\" \/>\n<meta name=\"twitter:card\" content=\"summary_large_image\" \/>\n<meta name=\"twitter:label1\" content=\"Written by\" \/>\n\t<meta name=\"twitter:data1\" content=\"Adriana Costa\" \/>\n\t<meta name=\"twitter:label2\" content=\"Est. reading time\" \/>\n\t<meta name=\"twitter:data2\" content=\"2 minutos\" \/>\n<script type=\"application\/ld+json\" class=\"yoast-schema-graph\">{\"@context\":\"https:\/\/schema.org\",\"@graph\":[{\"@type\":\"WebPage\",\"@id\":\"https:\/\/www.manaus.am.gov.br\/seminf\/prefeitura-seminf-tancredoneves\/\",\"url\":\"https:\/\/www.manaus.am.gov.br\/seminf\/prefeitura-seminf-tancredoneves\/\",\"name\":\"Prefeitura de Manaus intensifica \u2018Plano de Ver\u00e3o\u2019 e melhora mobilidade no bairro Tancredo Neves\",\"isPartOf\":{\"@id\":\"https:\/\/www.manaus.am.gov.br\/seminf\/#website\"},\"primaryImageOfPage\":{\"@id\":\"https:\/\/www.manaus.am.gov.br\/seminf\/prefeitura-seminf-tancredoneves\/#primaryimage\"},\"image\":{\"@id\":\"https:\/\/www.manaus.am.gov.br\/seminf\/prefeitura-seminf-tancredoneves\/#primaryimage\"},\"thumbnailUrl\":\"https:\/\/www.manaus.am.gov.br\/seminf\/wp-content\/uploads\/sites\/6\/2025\/10\/IMG_0807-_1_.jpeg\",\"datePublished\":\"2025-10-24T00:43:17+00:00\",\"dateModified\":\"2025-10-24T00:43:19+00:00\",\"author\":{\"@id\":\"https:\/\/www.manaus.am.gov.br\/seminf\/#\/schema\/person\/4e49f4e267757a06ca072ec61b2b9968\"},\"description\":\"A Prefeitura de Manaus avan\u00e7a com as a\u00e7\u00f5es do \u201cPlano de Ver\u00e3o\u201d e, nesta quinta-feira, 23\/10, executa frentes de trabalho nas ruas Jasmim, Girassol e beco S\u00e3o Valentin, no bairro Tancredo Neves, zona Leste da capital.\",\"inLanguage\":\"pt-BR\",\"potentialAction\":[{\"@type\":\"ReadAction\",\"target\":[\"https:\/\/www.manaus.am.gov.br\/seminf\/prefeitura-seminf-tancredoneves\/\"]}]},{\"@type\":\"ImageObject\",\"inLanguage\":\"pt-BR\",\"@id\":\"https:\/\/www.manaus.am.gov.br\/seminf\/prefeitura-seminf-tancredoneves\/#primaryimage\",\"url\":\"https:\/\/www.manaus.am.gov.br\/seminf\/wp-content\/uploads\/sites\/6\/2025\/10\/IMG_0807-_1_.jpeg\",\"contentUrl\":\"https:\/\/www.manaus.am.gov.br\/seminf\/wp-content\/uploads\/sites\/6\/2025\/10\/IMG_0807-_1_.jpeg\",\"width\":4032,\"height\":3024,\"caption\":\"#paratodosverem - Trabalhadores da Seminf aplicam massa asf\u00e1ltica em rua do bairro Tancredo Neves\"},{\"@type\":\"WebSite\",\"@id\":\"https:\/\/www.manaus.am.gov.br\/seminf\/#website\",\"url\":\"https:\/\/www.manaus.am.gov.br\/seminf\/\",\"name\":\"Secretaria de Infraestrutura\",\"description\":\"Secretaria Municipal de Infraestrutura\",\"potentialAction\":[{\"@type\":\"SearchAction\",\"target\":{\"@type\":\"EntryPoint\",\"urlTemplate\":\"https:\/\/www.manaus.am.gov.br\/seminf\/?s={search_term_string}\"},\"query-input\":\"required name=search_term_string\"}],\"inLanguage\":\"pt-BR\"},{\"@type\":\"Person\",\"@id\":\"https:\/\/www.manaus.am.gov.br\/seminf\/#\/schema\/person\/4e49f4e267757a06ca072ec61b2b9968\",\"name\":\"Adriana Costa\",\"image\":{\"@type\":\"ImageObject\",\"inLanguage\":\"pt-BR\",\"@id\":\"https:\/\/www.manaus.am.gov.br\/seminf\/#\/schema\/person\/image\/\",\"url\":\"https:\/\/secure.gravatar.com\/avatar\/576258617ef7194f718179e766d57bd4?s=96&d=mm&r=g\",\"contentUrl\":\"https:\/\/secure.gravatar.com\/avatar\/576258617ef7194f718179e766d57bd4?s=96&d=mm&r=g\",\"caption\":\"Adriana Costa\"}}]}<\/script>\n<!-- \/ Yoast SEO plugin. -->","yoast_head_json":{"title":"Prefeitura de Manaus intensifica \u2018Plano de Ver\u00e3o\u2019 e melhora mobilidade no bairro Tancredo Neves","description":"A Prefeitura de Manaus avan\u00e7a com as a\u00e7\u00f5es do \u201cPlano de Ver\u00e3o\u201d e, nesta quinta-feira, 23\/10, executa frentes de trabalho nas ruas Jasmim, Girassol e beco S\u00e3o Valentin, no bairro Tancredo Neves, zona Leste da capital.","robots":{"index":"index","follow":"follow","max-snippet":"max-snippet:-1","max-image-preview":"max-image-preview:large","max-video-preview":"max-video-preview:-1"},"canonical":"https:\/\/www.manaus.am.gov.br\/seminf\/prefeitura-seminf-tancredoneves\/","og_locale":"pt_BR","og_type":"article","og_title":"Prefeitura de Manaus intensifica \u2018Plano de Ver\u00e3o\u2019 e melhora mobilidade no bairro Tancredo Neves","og_description":"A Prefeitura de Manaus avan\u00e7a com as a\u00e7\u00f5es do \u201cPlano de Ver\u00e3o\u201d e, nesta quinta-feira, 23\/10, executa frentes de trabalho nas ruas Jasmim, Girassol e beco S\u00e3o Valentin, no bairro Tancredo Neves, zona Leste da capital.","og_url":"https:\/\/www.manaus.am.gov.br\/seminf\/prefeitura-seminf-tancredoneves\/","og_site_name":"SEMINF","article_published_time":"2025-10-24T00:43:17+00:00","article_modified_time":"2025-10-24T00:43:19+00:00","og_image":[{"width":1024,"height":768,"url":"https:\/\/www.manaus.am.gov.br\/seminf\/wp-content\/uploads\/sites\/6\/2025\/10\/IMG_0807-_1_-1024x768.jpeg","type":"image\/jpeg"}],"author":"Adriana Costa","twitter_card":"summary_large_image","twitter_misc":{"Written by":"Adriana Costa","Est. reading time":"2 minutos"},"schema":{"@context":"https:\/\/schema.org","@graph":[{"@type":"WebPage","@id":"https:\/\/www.manaus.am.gov.br\/seminf\/prefeitura-seminf-tancredoneves\/","url":"https:\/\/www.manaus.am.gov.br\/seminf\/prefeitura-seminf-tancredoneves\/","name":"Prefeitura de Manaus intensifica \u2018Plano de Ver\u00e3o\u2019 e melhora mobilidade no bairro Tancredo Neves","isPartOf":{"@id":"https:\/\/www.manaus.am.gov.br\/seminf\/#website"},"primaryImageOfPage":{"@id":"https:\/\/www.manaus.am.gov.br\/seminf\/prefeitura-seminf-tancredoneves\/#primaryimage"},"image":{"@id":"https:\/\/www.manaus.am.gov.br\/seminf\/prefeitura-seminf-tancredoneves\/#primaryimage"},"thumbnailUrl":"https:\/\/www.manaus.am.gov.br\/seminf\/wp-content\/uploads\/sites\/6\/2025\/10\/IMG_0807-_1_.jpeg","datePublished":"2025-10-24T00:43:17+00:00","dateModified":"2025-10-24T00:43:19+00:00","author":{"@id":"https:\/\/www.manaus.am.gov.br\/seminf\/#\/schema\/person\/4e49f4e267757a06ca072ec61b2b9968"},"description":"A Prefeitura de Manaus avan\u00e7a com as a\u00e7\u00f5es do \u201cPlano de Ver\u00e3o\u201d e, nesta quinta-feira, 23\/10, executa frentes de trabalho nas ruas Jasmim, Girassol e beco S\u00e3o Valentin, no bairro Tancredo Neves, zona Leste da capital.","inLanguage":"pt-BR","potentialAction":[{"@type":"ReadAction","target":["https:\/\/www.manaus.am.gov.br\/seminf\/prefeitura-seminf-tancredoneves\/"]}]},{"@type":"ImageObject","inLanguage":"pt-BR","@id":"https:\/\/www.manaus.am.gov.br\/seminf\/prefeitura-seminf-tancredoneves\/#primaryimage","url":"https:\/\/www.manaus.am.gov.br\/seminf\/wp-content\/uploads\/sites\/6\/2025\/10\/IMG_0807-_1_.jpeg","contentUrl":"https:\/\/www.manaus.am.gov.br\/seminf\/wp-content\/uploads\/sites\/6\/2025\/10\/IMG_0807-_1_.jpeg","width":4032,"height":3024,"caption":"#paratodosverem - Trabalhadores da Seminf aplicam massa asf\u00e1ltica em rua do bairro Tancredo Neves"},{"@type":"WebSite","@id":"https:\/\/www.manaus.am.gov.br\/seminf\/#website","url":"https:\/\/www.manaus.am.gov.br\/seminf\/","name":"Secretaria de Infraestrutura","description":"Secretaria Municipal de Infraestrutura","potentialAction":[{"@type":"SearchAction","target":{"@type":"EntryPoint","urlTemplate":"https:\/\/www.manaus.am.gov.br\/seminf\/?s={search_term_string}"},"query-input":"required name=search_term_string"}],"inLanguage":"pt-BR"},{"@type":"Person","@id":"https:\/\/www.manaus.am.gov.br\/seminf\/#\/schema\/person\/4e49f4e267757a06ca072ec61b2b9968","name":"Adriana Costa","image":{"@type":"ImageObject","inLanguage":"pt-BR","@id":"https:\/\/www.manaus.am.gov.br\/seminf\/#\/schema\/person\/image\/","url":"https:\/\/secure.gravatar.com\/avatar\/576258617ef7194f718179e766d57bd4?s=96&d=mm&r=g","contentUrl":"https:\/\/secure.gravatar.com\/avatar\/576258617ef7194f718179e766d57bd4?s=96&d=mm&r=g","caption":"Adriana Costa"}}]}},"_links":{"self":[{"href":"https:\/\/www.manaus.am.gov.br\/seminf\/wp-json\/wp\/v2\/posts\/7408"}],"collection":[{"href":"https:\/\/www.manaus.am.gov.br\/seminf\/wp-json\/wp\/v2\/posts"}],"about":[{"href":"https:\/\/www.manaus.am.gov.br\/seminf\/wp-json\/wp\/v2\/types\/post"}],"author":[{"embeddable":true,"href":"https:\/\/www.manaus.am.gov.br\/seminf\/wp-json\/wp\/v2\/users\/23"}],"replies":[{"embeddable":true,"href":"https:\/\/www.manaus.am.gov.br\/seminf\/wp-json\/wp\/v2\/comments?post=7408"}],"version-history":[{"count":0,"href":"https:\/\/www.manaus.am.gov.br\/seminf\/wp-json\/wp\/v2\/posts\/7408\/revisions"}],"wp:featuredmedia":[{"embeddable":true,"href":"https:\/\/www.manaus.am.gov.br\/seminf\/wp-json\/wp\/v2\/media\/7409"}],"wp:attachment":[{"href":"https:\/\/www.manaus.am.gov.br\/seminf\/wp-json\/wp\/v2\/media?parent=7408"}],"wp:term":[{"taxonomy":"category","embeddable":true,"href":"https:\/\/www.manaus.am.gov.br\/seminf\/wp-json\/wp\/v2\/categories?post=7408"},{"taxonomy":"post_tag","embeddable":true,"href":"https:\/\/www.manaus.am.gov.br\/seminf\/wp-json\/wp\/v2\/tags?post=7408"}],"curies":[{"name":"wp","href":"https:\/\/api.w.org\/{rel}","templated":true}]}}