{"id":7370,"date":"2025-10-21T19:52:51","date_gmt":"2025-10-21T23:52:51","guid":{"rendered":"https:\/\/www.manaus.am.gov.br\/seminf\/obras-plano-de-verao-2\/"},"modified":"2025-10-21T19:52:53","modified_gmt":"2025-10-21T23:52:53","slug":"obras-plano-de-verao-2","status":"publish","type":"post","link":"https:\/\/www.manaus.am.gov.br\/seminf\/obras-plano-de-verao-2\/","title":{"rendered":"\u2018Plano de Ver\u00e3o\u2019 da Prefeitura de Manaus recupera tr\u00eas ruas do bairro Cidade de Deus\u00a0\u00a0"},"content":{"rendered":"\n<p><br>Nesta ter\u00e7a-feira, 21\/10, a for\u00e7a-tarefa da Prefeitura de Manaus, por meio da Secretaria Municipal de Infraestrutura (Seminf), avan\u00e7a com os trabalhos do programa \u201cPlano de Ver\u00e3o\u201d, realizando a recupera\u00e7\u00e3o asf\u00e1ltica nas ruas Bernardinho Ribeiro, 11 e 2, localizadas no conjunto Vila Nova, no bairro Cidade de Deus.&nbsp;<\/p>\n\n\n\n<p>O vice-prefeito e secret\u00e1rio de Obras, Renato Junior, refor\u00e7a que as equipes do \u201cPlano de Ver\u00e3o\u201d est\u00e3o com for\u00e7a total na zona Norte, atentas para a moderniza\u00e7\u00e3o e melhoria da \u00e1rea.\u00a0<\/p>\n\n\n\n<p>\u201cA a\u00e7\u00e3o tem como objetivo garantir mais seguran\u00e7a e mobilidade para os motoristas e pedestres, e as equipes seguem firmes recuperando as vias danificadas, deixando a cidade mais trafeg\u00e1vel e bem cuidada. Essa \u00e9 uma determina\u00e7\u00e3o do prefeito David Almeida, levar e intensificar os servi\u00e7os de asfalto onde mais necessitam e v\u00e1rias frentes de obras se encontram aqui na zona Norte\u201d, afirma Renato Junior.\u00a0<\/p>\n\n\n\n<p>Ao sair de casa, a comerciante Soraya Coelho, 40 anos, se deparou com as equipes da Seminf trabalhando. Na oportunidade, a moradora compartilhou que \u00e9 a realiza\u00e7\u00e3o de um sonho.\u00a0<\/p>\n\n\n\n<p>\u201cN\u00f3s solicitamos esse asfalto e \u00e9 a realiza\u00e7\u00e3o de um sonho ter ele aqui hoje. Quero agradecer muito a equipe da Prefeitura de Manaus, estou saindo agora da minha casa e dei de cara com a equipe trabalhando, se esfor\u00e7ando, muito bom esse servi\u00e7o, eu estou muito feliz\u201d, afirma a moradora.\u00a0<\/p>\n\n\n\n<p>O asfalto transforma o cotidiano da popula\u00e7\u00e3o, levando mais conforto, seguran\u00e7a e qualidade de vida a quem transita pelas vias da cidade. Cada trecho recuperado representa um avan\u00e7o na mobilidade urbana, mostrando que a infraestrutura est\u00e1 presente no dia a dia das pessoas, garantindo o direito de ir e vir com dignidade.<\/p>\n\n\n\n<p>A aut\u00f4noma Kelen Souza, 40 anos, relata que esses trabalhos trar\u00e3o melhorias significativas para a \u00e1rea.\u00a0<\/p>\n\n\n\n<p>\u201c\u00c9 t\u00e3o bom acordar e ver a prefeitura trabalhando com inova\u00e7\u00e3o na nossa rua. A rua precisa de uma reforma, teremos uma melhora significativa na infraestrutura\u201d, afirma a moradora.<\/p>\n\n\n\n<p>\u2014 \u2014 \u2014<br><strong>Texto &#8211; <\/strong>\u00a0Rayana Coutinho\/ Seminf\u00a0<br><strong>Fotos &#8211; <\/strong>M\u00e1rcio Melo\/ Seminf\u00a0<\/p>\n","protected":false},"excerpt":{"rendered":"","protected":false},"author":68,"featured_media":7371,"comment_status":"closed","ping_status":"closed","sticky":false,"template":"","format":"standard","meta":{"footnotes":""},"categories":[8],"tags":[2680,1133,43,2681,26],"acf":[],"yoast_head":"<!-- This site is optimized with the Yoast SEO plugin v23.0 - https:\/\/yoast.com\/wordpress\/plugins\/seo\/ -->\n<title>\u2018Plano de Ver\u00e3o\u2019 da Prefeitura de Manaus recupera ruas<\/title>\n<meta name=\"description\" content=\"A Prefeitura de Manaus, por meio da Secretaria Municipal de Infraestrutura (Seminf), avan\u00e7a com os trabalhos do programa \u201cPlano de Ver\u00e3o\u201d.\" \/>\n<meta name=\"robots\" content=\"index, follow, max-snippet:-1, max-image-preview:large, max-video-preview:-1\" \/>\n<link rel=\"canonical\" href=\"https:\/\/www.manaus.am.gov.br\/seminf\/obras-plano-de-verao-2\/\" \/>\n<meta property=\"og:locale\" content=\"pt_BR\" \/>\n<meta property=\"og:type\" content=\"article\" \/>\n<meta property=\"og:title\" content=\"\u2018Plano de Ver\u00e3o\u2019 da Prefeitura de Manaus recupera ruas\" \/>\n<meta property=\"og:description\" content=\"A Prefeitura de Manaus, por meio da Secretaria Municipal de Infraestrutura (Seminf), avan\u00e7a com os trabalhos do programa \u201cPlano de Ver\u00e3o\u201d.\" \/>\n<meta property=\"og:url\" content=\"https:\/\/www.manaus.am.gov.br\/seminf\/obras-plano-de-verao-2\/\" \/>\n<meta property=\"og:site_name\" content=\"SEMINF\" \/>\n<meta property=\"article:published_time\" content=\"2025-10-21T23:52:51+00:00\" \/>\n<meta property=\"article:modified_time\" content=\"2025-10-21T23:52:53+00:00\" \/>\n<meta property=\"og:image\" content=\"https:\/\/www.manaus.am.gov.br\/seminf\/wp-content\/uploads\/sites\/6\/2025\/10\/736A7448-1024x683.jpg\" \/>\n\t<meta property=\"og:image:width\" content=\"1024\" \/>\n\t<meta property=\"og:image:height\" content=\"683\" \/>\n\t<meta property=\"og:image:type\" content=\"image\/jpeg\" \/>\n<meta name=\"author\" content=\"bvalente\" \/>\n<meta name=\"twitter:card\" content=\"summary_large_image\" \/>\n<meta name=\"twitter:label1\" content=\"Written by\" \/>\n\t<meta name=\"twitter:data1\" content=\"bvalente\" \/>\n\t<meta name=\"twitter:label2\" content=\"Est. reading time\" \/>\n\t<meta name=\"twitter:data2\" content=\"3 minutos\" \/>\n<script type=\"application\/ld+json\" class=\"yoast-schema-graph\">{\"@context\":\"https:\/\/schema.org\",\"@graph\":[{\"@type\":\"WebPage\",\"@id\":\"https:\/\/www.manaus.am.gov.br\/seminf\/obras-plano-de-verao-2\/\",\"url\":\"https:\/\/www.manaus.am.gov.br\/seminf\/obras-plano-de-verao-2\/\",\"name\":\"\u2018Plano de Ver\u00e3o\u2019 da Prefeitura de Manaus recupera ruas\",\"isPartOf\":{\"@id\":\"https:\/\/www.manaus.am.gov.br\/seminf\/#website\"},\"primaryImageOfPage\":{\"@id\":\"https:\/\/www.manaus.am.gov.br\/seminf\/obras-plano-de-verao-2\/#primaryimage\"},\"image\":{\"@id\":\"https:\/\/www.manaus.am.gov.br\/seminf\/obras-plano-de-verao-2\/#primaryimage\"},\"thumbnailUrl\":\"https:\/\/www.manaus.am.gov.br\/seminf\/wp-content\/uploads\/sites\/6\/2025\/10\/736A7448.jpg\",\"datePublished\":\"2025-10-21T23:52:51+00:00\",\"dateModified\":\"2025-10-21T23:52:53+00:00\",\"author\":{\"@id\":\"https:\/\/www.manaus.am.gov.br\/seminf\/#\/schema\/person\/466a0e03ae4b6062809046bd560ac955\"},\"description\":\"A Prefeitura de Manaus, por meio da Secretaria Municipal de Infraestrutura (Seminf), avan\u00e7a com os trabalhos do programa \u201cPlano de Ver\u00e3o\u201d.\",\"inLanguage\":\"pt-BR\",\"potentialAction\":[{\"@type\":\"ReadAction\",\"target\":[\"https:\/\/www.manaus.am.gov.br\/seminf\/obras-plano-de-verao-2\/\"]}]},{\"@type\":\"ImageObject\",\"inLanguage\":\"pt-BR\",\"@id\":\"https:\/\/www.manaus.am.gov.br\/seminf\/obras-plano-de-verao-2\/#primaryimage\",\"url\":\"https:\/\/www.manaus.am.gov.br\/seminf\/wp-content\/uploads\/sites\/6\/2025\/10\/736A7448.jpg\",\"contentUrl\":\"https:\/\/www.manaus.am.gov.br\/seminf\/wp-content\/uploads\/sites\/6\/2025\/10\/736A7448.jpg\",\"width\":4464,\"height\":2976,\"caption\":\"#paratodosverem \u2013 Equipe da Seminf aplicando massa asf\u00e1ltica na via\"},{\"@type\":\"WebSite\",\"@id\":\"https:\/\/www.manaus.am.gov.br\/seminf\/#website\",\"url\":\"https:\/\/www.manaus.am.gov.br\/seminf\/\",\"name\":\"Secretaria de Infraestrutura\",\"description\":\"Secretaria Municipal de Infraestrutura\",\"potentialAction\":[{\"@type\":\"SearchAction\",\"target\":{\"@type\":\"EntryPoint\",\"urlTemplate\":\"https:\/\/www.manaus.am.gov.br\/seminf\/?s={search_term_string}\"},\"query-input\":\"required name=search_term_string\"}],\"inLanguage\":\"pt-BR\"},{\"@type\":\"Person\",\"@id\":\"https:\/\/www.manaus.am.gov.br\/seminf\/#\/schema\/person\/466a0e03ae4b6062809046bd560ac955\",\"name\":\"bvalente\",\"image\":{\"@type\":\"ImageObject\",\"inLanguage\":\"pt-BR\",\"@id\":\"https:\/\/www.manaus.am.gov.br\/seminf\/#\/schema\/person\/image\/\",\"url\":\"https:\/\/secure.gravatar.com\/avatar\/3e69bc2b014bdad41adfec3a39de07d2?s=96&d=mm&r=g\",\"contentUrl\":\"https:\/\/secure.gravatar.com\/avatar\/3e69bc2b014bdad41adfec3a39de07d2?s=96&d=mm&r=g\",\"caption\":\"bvalente\"}}]}<\/script>\n<!-- \/ Yoast SEO plugin. -->","yoast_head_json":{"title":"\u2018Plano de Ver\u00e3o\u2019 da Prefeitura de Manaus recupera ruas","description":"A Prefeitura de Manaus, por meio da Secretaria Municipal de Infraestrutura (Seminf), avan\u00e7a com os trabalhos do programa \u201cPlano de Ver\u00e3o\u201d.","robots":{"index":"index","follow":"follow","max-snippet":"max-snippet:-1","max-image-preview":"max-image-preview:large","max-video-preview":"max-video-preview:-1"},"canonical":"https:\/\/www.manaus.am.gov.br\/seminf\/obras-plano-de-verao-2\/","og_locale":"pt_BR","og_type":"article","og_title":"\u2018Plano de Ver\u00e3o\u2019 da Prefeitura de Manaus recupera ruas","og_description":"A Prefeitura de Manaus, por meio da Secretaria Municipal de Infraestrutura (Seminf), avan\u00e7a com os trabalhos do programa \u201cPlano de Ver\u00e3o\u201d.","og_url":"https:\/\/www.manaus.am.gov.br\/seminf\/obras-plano-de-verao-2\/","og_site_name":"SEMINF","article_published_time":"2025-10-21T23:52:51+00:00","article_modified_time":"2025-10-21T23:52:53+00:00","og_image":[{"width":1024,"height":683,"url":"https:\/\/www.manaus.am.gov.br\/seminf\/wp-content\/uploads\/sites\/6\/2025\/10\/736A7448-1024x683.jpg","type":"image\/jpeg"}],"author":"bvalente","twitter_card":"summary_large_image","twitter_misc":{"Written by":"bvalente","Est. reading time":"3 minutos"},"schema":{"@context":"https:\/\/schema.org","@graph":[{"@type":"WebPage","@id":"https:\/\/www.manaus.am.gov.br\/seminf\/obras-plano-de-verao-2\/","url":"https:\/\/www.manaus.am.gov.br\/seminf\/obras-plano-de-verao-2\/","name":"\u2018Plano de Ver\u00e3o\u2019 da Prefeitura de Manaus recupera ruas","isPartOf":{"@id":"https:\/\/www.manaus.am.gov.br\/seminf\/#website"},"primaryImageOfPage":{"@id":"https:\/\/www.manaus.am.gov.br\/seminf\/obras-plano-de-verao-2\/#primaryimage"},"image":{"@id":"https:\/\/www.manaus.am.gov.br\/seminf\/obras-plano-de-verao-2\/#primaryimage"},"thumbnailUrl":"https:\/\/www.manaus.am.gov.br\/seminf\/wp-content\/uploads\/sites\/6\/2025\/10\/736A7448.jpg","datePublished":"2025-10-21T23:52:51+00:00","dateModified":"2025-10-21T23:52:53+00:00","author":{"@id":"https:\/\/www.manaus.am.gov.br\/seminf\/#\/schema\/person\/466a0e03ae4b6062809046bd560ac955"},"description":"A Prefeitura de Manaus, por meio da Secretaria Municipal de Infraestrutura (Seminf), avan\u00e7a com os trabalhos do programa \u201cPlano de Ver\u00e3o\u201d.","inLanguage":"pt-BR","potentialAction":[{"@type":"ReadAction","target":["https:\/\/www.manaus.am.gov.br\/seminf\/obras-plano-de-verao-2\/"]}]},{"@type":"ImageObject","inLanguage":"pt-BR","@id":"https:\/\/www.manaus.am.gov.br\/seminf\/obras-plano-de-verao-2\/#primaryimage","url":"https:\/\/www.manaus.am.gov.br\/seminf\/wp-content\/uploads\/sites\/6\/2025\/10\/736A7448.jpg","contentUrl":"https:\/\/www.manaus.am.gov.br\/seminf\/wp-content\/uploads\/sites\/6\/2025\/10\/736A7448.jpg","width":4464,"height":2976,"caption":"#paratodosverem \u2013 Equipe da Seminf aplicando massa asf\u00e1ltica na via"},{"@type":"WebSite","@id":"https:\/\/www.manaus.am.gov.br\/seminf\/#website","url":"https:\/\/www.manaus.am.gov.br\/seminf\/","name":"Secretaria de Infraestrutura","description":"Secretaria Municipal de Infraestrutura","potentialAction":[{"@type":"SearchAction","target":{"@type":"EntryPoint","urlTemplate":"https:\/\/www.manaus.am.gov.br\/seminf\/?s={search_term_string}"},"query-input":"required name=search_term_string"}],"inLanguage":"pt-BR"},{"@type":"Person","@id":"https:\/\/www.manaus.am.gov.br\/seminf\/#\/schema\/person\/466a0e03ae4b6062809046bd560ac955","name":"bvalente","image":{"@type":"ImageObject","inLanguage":"pt-BR","@id":"https:\/\/www.manaus.am.gov.br\/seminf\/#\/schema\/person\/image\/","url":"https:\/\/secure.gravatar.com\/avatar\/3e69bc2b014bdad41adfec3a39de07d2?s=96&d=mm&r=g","contentUrl":"https:\/\/secure.gravatar.com\/avatar\/3e69bc2b014bdad41adfec3a39de07d2?s=96&d=mm&r=g","caption":"bvalente"}}]}},"_links":{"self":[{"href":"https:\/\/www.manaus.am.gov.br\/seminf\/wp-json\/wp\/v2\/posts\/7370"}],"collection":[{"href":"https:\/\/www.manaus.am.gov.br\/seminf\/wp-json\/wp\/v2\/posts"}],"about":[{"href":"https:\/\/www.manaus.am.gov.br\/seminf\/wp-json\/wp\/v2\/types\/post"}],"author":[{"embeddable":true,"href":"https:\/\/www.manaus.am.gov.br\/seminf\/wp-json\/wp\/v2\/users\/68"}],"replies":[{"embeddable":true,"href":"https:\/\/www.manaus.am.gov.br\/seminf\/wp-json\/wp\/v2\/comments?post=7370"}],"version-history":[{"count":0,"href":"https:\/\/www.manaus.am.gov.br\/seminf\/wp-json\/wp\/v2\/posts\/7370\/revisions"}],"wp:featuredmedia":[{"embeddable":true,"href":"https:\/\/www.manaus.am.gov.br\/seminf\/wp-json\/wp\/v2\/media\/7371"}],"wp:attachment":[{"href":"https:\/\/www.manaus.am.gov.br\/seminf\/wp-json\/wp\/v2\/media?parent=7370"}],"wp:term":[{"taxonomy":"category","embeddable":true,"href":"https:\/\/www.manaus.am.gov.br\/seminf\/wp-json\/wp\/v2\/categories?post=7370"},{"taxonomy":"post_tag","embeddable":true,"href":"https:\/\/www.manaus.am.gov.br\/seminf\/wp-json\/wp\/v2\/tags?post=7370"}],"curies":[{"name":"wp","href":"https:\/\/api.w.org\/{rel}","templated":true}]}}