{"id":7291,"date":"2025-10-15T19:50:56","date_gmt":"2025-10-15T23:50:56","guid":{"rendered":"https:\/\/www.manaus.am.gov.br\/seminf\/finalizacao-das-obras-da-avenida-do-turismo\/"},"modified":"2025-10-15T19:50:58","modified_gmt":"2025-10-15T23:50:58","slug":"finalizacao-das-obras-da-avenida-do-turismo","status":"publish","type":"post","link":"https:\/\/www.manaus.am.gov.br\/seminf\/finalizacao-das-obras-da-avenida-do-turismo\/","title":{"rendered":"Prefeitura de Manaus alcan\u00e7a 95% de execu\u00e7\u00e3o de obras da avenida do Turismo com novo pavimento, alargamento e embelezamento"},"content":{"rendered":"\n<p><br>Nesta quarta-feira, 15\/10, a Prefeitura de Manaus, por meio da Secretaria Municipal de Infraestrutura (Seminf), entra na fase de finaliza\u00e7\u00e3o das obras da avenida do Turismo e alcan\u00e7a 95% de execu\u00e7\u00e3o. As equipes transformam a pista que estava desgastada e com um tr\u00e2nsito intenso, em uma avenida modelo da zona Oeste.&nbsp;<\/p>\n\n\n\n<p>O vice-prefeito e secret\u00e1rio de Obras, Renato Junior, destaca que as obras est\u00e3o a todo vapor e que entram na fase de finaliza\u00e7\u00e3o, com o apoio da Secretaria Municipal de Limpeza Urbana (Semulsp).\u00a0<\/p>\n\n\n\n<p>\u201cEstamos na fase final dessa grande obra que vai deixar a via mais moderna, segura e confort\u00e1vel. O combo da gest\u00e3o do prefeito David Almeida \u00e9 completo, com asfalto novo, pista ampliada, drenagem superficial implantada e o embelezamento do local. Tudo pensado para melhorar a mobilidade e o visual desse importante corredor vi\u00e1rio da zona Oeste, contamos com a presen\u00e7a da equipe da Semulsp que est\u00e1 realizando a limpeza do local, mais uma vez trabalhando em conjunto em prol da popula\u00e7\u00e3o\u201d, afirma Renato Junior.\u00a0<\/p>\n\n\n\n<p>As equipes atuam na finaliza\u00e7\u00e3o da implanta\u00e7\u00e3o do meio-fio e sarjeta com 9.500 metros feitos, melhorando o escoamento da \u00e1gua das chuvas e preservando a durabilidade do asfalto. Em paralelo, a Semulsp realiza a limpeza do local.\u00a0<\/p>\n\n\n\n<p>A avenida recebeu a fresagem, com aplica\u00e7\u00e3o do novo recapeamento com mais de 16 mil toneladas de massa asf\u00e1ltica. O alargamento do canteiro central foi executado em seis quil\u00f4metros e 600 metros, proporcionando uma amplia\u00e7\u00e3o de um metro a mais de largura e passando a contar com 10 metros, para tr\u00eas faixas de ve\u00edculos, o que garante mais fluidez e seguran\u00e7a no tr\u00e2nsito. Tamb\u00e9m foi feita a reconstru\u00e7\u00e3o de 12 caixas coletoras.\u00a0<\/p>\n\n\n\n<p>O aposentado Joaquim Guedes, 61 anos, passou com sua bicicleta na avenida e elogiou o novo pavimento.\u00a0\u00a0<\/p>\n\n\n\n<p>\u201cA estrada da avenida do Turismo est\u00e1 mais larga, asfalto de qualidade, notei logo a diferen\u00e7a passando de bicicleta por aqui. Ficou muito bom o servi\u00e7o da Prefeitura de Manaus, nota 10 para essa obra excelente em uma avenida movimentada\u201d, agradece Joaquim.<\/p>\n\n\n\n<p>\u2014 \u2014 \u2014<br><strong>Texto &#8211; <\/strong>Rayana Coutinho\/ Seminf<br><strong>Fotos &#8211; <\/strong>\u00a0Alessandro Ara\u00fajo\/ Seminf\u00a0<\/p>\n","protected":false},"excerpt":{"rendered":"","protected":false},"author":68,"featured_media":7292,"comment_status":"closed","ping_status":"closed","sticky":false,"template":"","format":"standard","meta":{"footnotes":""},"categories":[560],"tags":[2642,2643,43,26],"acf":[],"yoast_head":"<!-- This site is optimized with the Yoast SEO plugin v23.0 - https:\/\/yoast.com\/wordpress\/plugins\/seo\/ -->\n<title>PMM alcan\u00e7a 95% de execu\u00e7\u00e3o de obras da avenida do Turismo<\/title>\n<meta name=\"description\" content=\"A Prefeitura de Manaus entra na fase de finaliza\u00e7\u00e3o das obras da avenida do Turismo e alcan\u00e7a 95% de execu\u00e7\u00e3o.\" \/>\n<meta name=\"robots\" content=\"index, follow, max-snippet:-1, max-image-preview:large, max-video-preview:-1\" \/>\n<link rel=\"canonical\" href=\"https:\/\/www.manaus.am.gov.br\/seminf\/finalizacao-das-obras-da-avenida-do-turismo\/\" \/>\n<meta property=\"og:locale\" content=\"pt_BR\" \/>\n<meta property=\"og:type\" content=\"article\" \/>\n<meta property=\"og:title\" content=\"PMM alcan\u00e7a 95% de execu\u00e7\u00e3o de obras da avenida do Turismo\" \/>\n<meta property=\"og:description\" content=\"A Prefeitura de Manaus entra na fase de finaliza\u00e7\u00e3o das obras da avenida do Turismo e alcan\u00e7a 95% de execu\u00e7\u00e3o.\" \/>\n<meta property=\"og:url\" content=\"https:\/\/www.manaus.am.gov.br\/seminf\/finalizacao-das-obras-da-avenida-do-turismo\/\" \/>\n<meta property=\"og:site_name\" content=\"SEMINF\" \/>\n<meta property=\"article:published_time\" content=\"2025-10-15T23:50:56+00:00\" \/>\n<meta property=\"article:modified_time\" content=\"2025-10-15T23:50:58+00:00\" \/>\n<meta property=\"og:image\" content=\"https:\/\/www.manaus.am.gov.br\/seminf\/wp-content\/uploads\/sites\/6\/2025\/10\/Prefeitura-de-Manaus-alcanca-95-de-execucao-de-obras-da-avenida-do-Turismo-com-novo-pavimento-alargamento-e-embelezamento.jpeg\" \/>\n\t<meta property=\"og:image:width\" content=\"1600\" \/>\n\t<meta property=\"og:image:height\" content=\"1200\" \/>\n\t<meta property=\"og:image:type\" content=\"image\/jpeg\" \/>\n<meta name=\"author\" content=\"bvalente\" \/>\n<meta name=\"twitter:card\" content=\"summary_large_image\" \/>\n<meta name=\"twitter:label1\" content=\"Written by\" \/>\n\t<meta name=\"twitter:data1\" content=\"bvalente\" \/>\n\t<meta name=\"twitter:label2\" content=\"Est. reading time\" \/>\n\t<meta name=\"twitter:data2\" content=\"3 minutos\" \/>\n<script type=\"application\/ld+json\" class=\"yoast-schema-graph\">{\"@context\":\"https:\/\/schema.org\",\"@graph\":[{\"@type\":\"WebPage\",\"@id\":\"https:\/\/www.manaus.am.gov.br\/seminf\/finalizacao-das-obras-da-avenida-do-turismo\/\",\"url\":\"https:\/\/www.manaus.am.gov.br\/seminf\/finalizacao-das-obras-da-avenida-do-turismo\/\",\"name\":\"PMM alcan\u00e7a 95% de execu\u00e7\u00e3o de obras da avenida do Turismo\",\"isPartOf\":{\"@id\":\"https:\/\/www.manaus.am.gov.br\/seminf\/#website\"},\"primaryImageOfPage\":{\"@id\":\"https:\/\/www.manaus.am.gov.br\/seminf\/finalizacao-das-obras-da-avenida-do-turismo\/#primaryimage\"},\"image\":{\"@id\":\"https:\/\/www.manaus.am.gov.br\/seminf\/finalizacao-das-obras-da-avenida-do-turismo\/#primaryimage\"},\"thumbnailUrl\":\"https:\/\/www.manaus.am.gov.br\/seminf\/wp-content\/uploads\/sites\/6\/2025\/10\/Prefeitura-de-Manaus-alcanca-95-de-execucao-de-obras-da-avenida-do-Turismo-com-novo-pavimento-alargamento-e-embelezamento.jpeg\",\"datePublished\":\"2025-10-15T23:50:56+00:00\",\"dateModified\":\"2025-10-15T23:50:58+00:00\",\"author\":{\"@id\":\"https:\/\/www.manaus.am.gov.br\/seminf\/#\/schema\/person\/466a0e03ae4b6062809046bd560ac955\"},\"description\":\"A Prefeitura de Manaus entra na fase de finaliza\u00e7\u00e3o das obras da avenida do Turismo e alcan\u00e7a 95% de execu\u00e7\u00e3o.\",\"inLanguage\":\"pt-BR\",\"potentialAction\":[{\"@type\":\"ReadAction\",\"target\":[\"https:\/\/www.manaus.am.gov.br\/seminf\/finalizacao-das-obras-da-avenida-do-turismo\/\"]}]},{\"@type\":\"ImageObject\",\"inLanguage\":\"pt-BR\",\"@id\":\"https:\/\/www.manaus.am.gov.br\/seminf\/finalizacao-das-obras-da-avenida-do-turismo\/#primaryimage\",\"url\":\"https:\/\/www.manaus.am.gov.br\/seminf\/wp-content\/uploads\/sites\/6\/2025\/10\/Prefeitura-de-Manaus-alcanca-95-de-execucao-de-obras-da-avenida-do-Turismo-com-novo-pavimento-alargamento-e-embelezamento.jpeg\",\"contentUrl\":\"https:\/\/www.manaus.am.gov.br\/seminf\/wp-content\/uploads\/sites\/6\/2025\/10\/Prefeitura-de-Manaus-alcanca-95-de-execucao-de-obras-da-avenida-do-Turismo-com-novo-pavimento-alargamento-e-embelezamento.jpeg\",\"width\":1600,\"height\":1200,\"caption\":\"#paratodosverem \u2013 Servidor da Seminf durante obra de alargamento da avenida do Turismo\"},{\"@type\":\"WebSite\",\"@id\":\"https:\/\/www.manaus.am.gov.br\/seminf\/#website\",\"url\":\"https:\/\/www.manaus.am.gov.br\/seminf\/\",\"name\":\"Secretaria de Infraestrutura\",\"description\":\"Secretaria Municipal de Infraestrutura\",\"potentialAction\":[{\"@type\":\"SearchAction\",\"target\":{\"@type\":\"EntryPoint\",\"urlTemplate\":\"https:\/\/www.manaus.am.gov.br\/seminf\/?s={search_term_string}\"},\"query-input\":\"required name=search_term_string\"}],\"inLanguage\":\"pt-BR\"},{\"@type\":\"Person\",\"@id\":\"https:\/\/www.manaus.am.gov.br\/seminf\/#\/schema\/person\/466a0e03ae4b6062809046bd560ac955\",\"name\":\"bvalente\",\"image\":{\"@type\":\"ImageObject\",\"inLanguage\":\"pt-BR\",\"@id\":\"https:\/\/www.manaus.am.gov.br\/seminf\/#\/schema\/person\/image\/\",\"url\":\"https:\/\/secure.gravatar.com\/avatar\/3e69bc2b014bdad41adfec3a39de07d2?s=96&d=mm&r=g\",\"contentUrl\":\"https:\/\/secure.gravatar.com\/avatar\/3e69bc2b014bdad41adfec3a39de07d2?s=96&d=mm&r=g\",\"caption\":\"bvalente\"}}]}<\/script>\n<!-- \/ Yoast SEO plugin. -->","yoast_head_json":{"title":"PMM alcan\u00e7a 95% de execu\u00e7\u00e3o de obras da avenida do Turismo","description":"A Prefeitura de Manaus entra na fase de finaliza\u00e7\u00e3o das obras da avenida do Turismo e alcan\u00e7a 95% de execu\u00e7\u00e3o.","robots":{"index":"index","follow":"follow","max-snippet":"max-snippet:-1","max-image-preview":"max-image-preview:large","max-video-preview":"max-video-preview:-1"},"canonical":"https:\/\/www.manaus.am.gov.br\/seminf\/finalizacao-das-obras-da-avenida-do-turismo\/","og_locale":"pt_BR","og_type":"article","og_title":"PMM alcan\u00e7a 95% de execu\u00e7\u00e3o de obras da avenida do Turismo","og_description":"A Prefeitura de Manaus entra na fase de finaliza\u00e7\u00e3o das obras da avenida do Turismo e alcan\u00e7a 95% de execu\u00e7\u00e3o.","og_url":"https:\/\/www.manaus.am.gov.br\/seminf\/finalizacao-das-obras-da-avenida-do-turismo\/","og_site_name":"SEMINF","article_published_time":"2025-10-15T23:50:56+00:00","article_modified_time":"2025-10-15T23:50:58+00:00","og_image":[{"width":1600,"height":1200,"url":"https:\/\/www.manaus.am.gov.br\/seminf\/wp-content\/uploads\/sites\/6\/2025\/10\/Prefeitura-de-Manaus-alcanca-95-de-execucao-de-obras-da-avenida-do-Turismo-com-novo-pavimento-alargamento-e-embelezamento.jpeg","type":"image\/jpeg"}],"author":"bvalente","twitter_card":"summary_large_image","twitter_misc":{"Written by":"bvalente","Est. reading time":"3 minutos"},"schema":{"@context":"https:\/\/schema.org","@graph":[{"@type":"WebPage","@id":"https:\/\/www.manaus.am.gov.br\/seminf\/finalizacao-das-obras-da-avenida-do-turismo\/","url":"https:\/\/www.manaus.am.gov.br\/seminf\/finalizacao-das-obras-da-avenida-do-turismo\/","name":"PMM alcan\u00e7a 95% de execu\u00e7\u00e3o de obras da avenida do Turismo","isPartOf":{"@id":"https:\/\/www.manaus.am.gov.br\/seminf\/#website"},"primaryImageOfPage":{"@id":"https:\/\/www.manaus.am.gov.br\/seminf\/finalizacao-das-obras-da-avenida-do-turismo\/#primaryimage"},"image":{"@id":"https:\/\/www.manaus.am.gov.br\/seminf\/finalizacao-das-obras-da-avenida-do-turismo\/#primaryimage"},"thumbnailUrl":"https:\/\/www.manaus.am.gov.br\/seminf\/wp-content\/uploads\/sites\/6\/2025\/10\/Prefeitura-de-Manaus-alcanca-95-de-execucao-de-obras-da-avenida-do-Turismo-com-novo-pavimento-alargamento-e-embelezamento.jpeg","datePublished":"2025-10-15T23:50:56+00:00","dateModified":"2025-10-15T23:50:58+00:00","author":{"@id":"https:\/\/www.manaus.am.gov.br\/seminf\/#\/schema\/person\/466a0e03ae4b6062809046bd560ac955"},"description":"A Prefeitura de Manaus entra na fase de finaliza\u00e7\u00e3o das obras da avenida do Turismo e alcan\u00e7a 95% de execu\u00e7\u00e3o.","inLanguage":"pt-BR","potentialAction":[{"@type":"ReadAction","target":["https:\/\/www.manaus.am.gov.br\/seminf\/finalizacao-das-obras-da-avenida-do-turismo\/"]}]},{"@type":"ImageObject","inLanguage":"pt-BR","@id":"https:\/\/www.manaus.am.gov.br\/seminf\/finalizacao-das-obras-da-avenida-do-turismo\/#primaryimage","url":"https:\/\/www.manaus.am.gov.br\/seminf\/wp-content\/uploads\/sites\/6\/2025\/10\/Prefeitura-de-Manaus-alcanca-95-de-execucao-de-obras-da-avenida-do-Turismo-com-novo-pavimento-alargamento-e-embelezamento.jpeg","contentUrl":"https:\/\/www.manaus.am.gov.br\/seminf\/wp-content\/uploads\/sites\/6\/2025\/10\/Prefeitura-de-Manaus-alcanca-95-de-execucao-de-obras-da-avenida-do-Turismo-com-novo-pavimento-alargamento-e-embelezamento.jpeg","width":1600,"height":1200,"caption":"#paratodosverem \u2013 Servidor da Seminf durante obra de alargamento da avenida do Turismo"},{"@type":"WebSite","@id":"https:\/\/www.manaus.am.gov.br\/seminf\/#website","url":"https:\/\/www.manaus.am.gov.br\/seminf\/","name":"Secretaria de Infraestrutura","description":"Secretaria Municipal de Infraestrutura","potentialAction":[{"@type":"SearchAction","target":{"@type":"EntryPoint","urlTemplate":"https:\/\/www.manaus.am.gov.br\/seminf\/?s={search_term_string}"},"query-input":"required name=search_term_string"}],"inLanguage":"pt-BR"},{"@type":"Person","@id":"https:\/\/www.manaus.am.gov.br\/seminf\/#\/schema\/person\/466a0e03ae4b6062809046bd560ac955","name":"bvalente","image":{"@type":"ImageObject","inLanguage":"pt-BR","@id":"https:\/\/www.manaus.am.gov.br\/seminf\/#\/schema\/person\/image\/","url":"https:\/\/secure.gravatar.com\/avatar\/3e69bc2b014bdad41adfec3a39de07d2?s=96&d=mm&r=g","contentUrl":"https:\/\/secure.gravatar.com\/avatar\/3e69bc2b014bdad41adfec3a39de07d2?s=96&d=mm&r=g","caption":"bvalente"}}]}},"_links":{"self":[{"href":"https:\/\/www.manaus.am.gov.br\/seminf\/wp-json\/wp\/v2\/posts\/7291"}],"collection":[{"href":"https:\/\/www.manaus.am.gov.br\/seminf\/wp-json\/wp\/v2\/posts"}],"about":[{"href":"https:\/\/www.manaus.am.gov.br\/seminf\/wp-json\/wp\/v2\/types\/post"}],"author":[{"embeddable":true,"href":"https:\/\/www.manaus.am.gov.br\/seminf\/wp-json\/wp\/v2\/users\/68"}],"replies":[{"embeddable":true,"href":"https:\/\/www.manaus.am.gov.br\/seminf\/wp-json\/wp\/v2\/comments?post=7291"}],"version-history":[{"count":0,"href":"https:\/\/www.manaus.am.gov.br\/seminf\/wp-json\/wp\/v2\/posts\/7291\/revisions"}],"wp:featuredmedia":[{"embeddable":true,"href":"https:\/\/www.manaus.am.gov.br\/seminf\/wp-json\/wp\/v2\/media\/7292"}],"wp:attachment":[{"href":"https:\/\/www.manaus.am.gov.br\/seminf\/wp-json\/wp\/v2\/media?parent=7291"}],"wp:term":[{"taxonomy":"category","embeddable":true,"href":"https:\/\/www.manaus.am.gov.br\/seminf\/wp-json\/wp\/v2\/categories?post=7291"},{"taxonomy":"post_tag","embeddable":true,"href":"https:\/\/www.manaus.am.gov.br\/seminf\/wp-json\/wp\/v2\/tags?post=7291"}],"curies":[{"name":"wp","href":"https:\/\/api.w.org\/{rel}","templated":true}]}}