{"id":727,"date":"2023-02-15T09:26:58","date_gmt":"2023-02-15T13:26:58","guid":{"rendered":"https:\/\/www.manaus.am.gov.br\/seminf\/prefeitura-de-manaus-recupera-150-metros-de-calcada-em-frente-de-escola-no-bairro-cidade-nova\/"},"modified":"2023-02-15T16:26:49","modified_gmt":"2023-02-15T20:26:49","slug":"prefeitura-de-manaus-recupera-150-metros-de-calcada-em-frente-de-escola-no-bairro-cidade-nova","status":"publish","type":"post","link":"https:\/\/www.manaus.am.gov.br\/seminf\/prefeitura-de-manaus-recupera-150-metros-de-calcada-em-frente-de-escola-no-bairro-cidade-nova\/","title":{"rendered":"<strong>Prefeitura de Manaus recupera 150 metros de cal\u00e7ada em frente de escola no bairro Cidade Nova<\/strong>"},"content":{"rendered":"\n<p>A Prefeitura de Manaus, por meio da Secretaria Municipal de Infraestrutura (Seminf), iniciou, nesta quarta-feira, 15\/2, a obra de implanta\u00e7\u00e3o de 150 metros de cal\u00e7ada, na avenida Coronel S\u00e1vio Belota, no conjunto Amazonino Mendes, bairro Cidade Nova, zona Norte, ap\u00f3s equipe de engenharia do munic\u00edpio realizar inspe\u00e7\u00e3o no local.&nbsp;<\/p>\n\n\n\n<p>A recupera\u00e7\u00e3o da cal\u00e7ada, em frente \u00e0 escola Professor Jos\u00e9 Bernardino Lindoso, &nbsp;envolve 15 servidores, que atuam, de forma c\u00e9lere, na aplica\u00e7\u00e3o de 10 metros c\u00fabicos de concreto.&nbsp;\u201c\u00c9 isso que vai oferecer qualidade de vida e seguran\u00e7a aos estudantes e demais pedestres do bairro\u201d, afirmou o secret\u00e1rio de Obras, Renato Junior.<\/p>\n\n\n\n<p>O respons\u00e1vel pela obra, engenheiro \u00c9rico Braga, explica que o trabalho requer cautela.&nbsp;\u201cNosso trabalho envolve o todo, e n\u00e3o s\u00f3 o pavimento. Aqui nos preocupamos com a seguran\u00e7a da via para os motoristas, mas tamb\u00e9m na seguran\u00e7a do passeio p\u00fablico para os pedestres, que muitas vezes se arriscavam na pista, disputando espa\u00e7o com os ve\u00edculos para chegarem ao seu destino. A determina\u00e7\u00e3o do prefeito David Almeida e do secret\u00e1rio de Obras, Renato Junior, \u00e9 promover sempre a seguran\u00e7a das pessoas, que ter\u00e3o um local seguro para transitar\u201d, explicou.&nbsp;<\/p>\n\n\n\n<p>A Seminf atua no bairro com a revitaliza\u00e7\u00e3o de ruas, recupera\u00e7\u00e3o de redes de drenagem, desobstru\u00e7\u00e3o de bueiros, entre outros servi\u00e7os b\u00e1sicos de infraestrutura.<\/p>\n\n\n\n<p>Em paralelo, as obras do programa \u201cAsfalta Manaus\u201d seguem a todo vapor, com a meta de recapear 10 mil ruas na cidade de Manaus.<\/p>\n\n\n\n<p>&#8212; &#8212; &#8212;<\/p>\n\n\n\n<p><strong>Texto<\/strong>&nbsp;&#8211; Valesca Martins\/ Seminf<\/p>\n\n\n\n<p><strong>Imagens<\/strong>&nbsp;&#8211; M\u00e1rcio Melo\/ Seminf<\/p>\n\n\n\n<p><strong>Dispon\u00edveis em<\/strong> &#8211; <a href=\"https:\/\/flic.kr\/s\/aHBqjAsenE\">https:\/\/flic.kr\/s\/aHBqjAsenE<\/a><\/p>\n","protected":false},"excerpt":{"rendered":"","protected":false},"author":23,"featured_media":728,"comment_status":"closed","ping_status":"closed","sticky":false,"template":"","format":"standard","meta":{"footnotes":""},"categories":[16],"tags":[238,93,239,43,26],"acf":[],"yoast_head":"<!-- This site is optimized with the Yoast SEO plugin v23.0 - https:\/\/yoast.com\/wordpress\/plugins\/seo\/ -->\n<title>Prefeitura recupera 150 metros de cal\u00e7ada no bairro Cidade Nova<\/title>\n<meta name=\"description\" content=\"A Prefeitura de Manaus, por meio da Secretaria Municipal de Infraestrutura (Seminf), iniciou, nesta quarta-feira, 15\/2, a obra de implanta\u00e7\u00e3o de 150 metros de cal\u00e7ada, na avenida Coronel S\u00e1vio Belota, no conjunto Amazonino Mendes, bairro Cidade Nova, zona Norte, ap\u00f3s equipe de engenharia do munic\u00edpio realizar inspe\u00e7\u00e3o no local.\" \/>\n<meta name=\"robots\" content=\"index, follow, max-snippet:-1, max-image-preview:large, max-video-preview:-1\" \/>\n<link rel=\"canonical\" href=\"https:\/\/www.manaus.am.gov.br\/seminf\/prefeitura-de-manaus-recupera-150-metros-de-calcada-em-frente-de-escola-no-bairro-cidade-nova\/\" \/>\n<meta property=\"og:locale\" content=\"pt_BR\" \/>\n<meta property=\"og:type\" content=\"article\" \/>\n<meta property=\"og:title\" content=\"Prefeitura recupera 150 metros de cal\u00e7ada no bairro Cidade Nova\" \/>\n<meta property=\"og:description\" content=\"A Prefeitura de Manaus, por meio da Secretaria Municipal de Infraestrutura (Seminf), iniciou, nesta quarta-feira, 15\/2, a obra de implanta\u00e7\u00e3o de 150 metros de cal\u00e7ada, na avenida Coronel S\u00e1vio Belota, no conjunto Amazonino Mendes, bairro Cidade Nova, zona Norte, ap\u00f3s equipe de engenharia do munic\u00edpio realizar inspe\u00e7\u00e3o no local.\" \/>\n<meta property=\"og:url\" content=\"https:\/\/www.manaus.am.gov.br\/seminf\/prefeitura-de-manaus-recupera-150-metros-de-calcada-em-frente-de-escola-no-bairro-cidade-nova\/\" \/>\n<meta property=\"og:site_name\" content=\"SEMINF\" \/>\n<meta property=\"article:published_time\" content=\"2023-02-15T13:26:58+00:00\" \/>\n<meta property=\"article:modified_time\" content=\"2023-02-15T20:26:49+00:00\" \/>\n<meta property=\"og:image\" content=\"https:\/\/www.manaus.am.gov.br\/seminf\/wp-content\/uploads\/sites\/6\/2023\/02\/52690856615_5e16b93990_c.jpg\" \/>\n\t<meta property=\"og:image:width\" content=\"799\" \/>\n\t<meta property=\"og:image:height\" content=\"533\" \/>\n\t<meta property=\"og:image:type\" content=\"image\/jpeg\" \/>\n<meta name=\"author\" content=\"Adriana Costa\" \/>\n<meta name=\"twitter:card\" content=\"summary_large_image\" \/>\n<meta name=\"twitter:label1\" content=\"Written by\" \/>\n\t<meta name=\"twitter:data1\" content=\"Adriana Costa\" \/>\n\t<meta name=\"twitter:label2\" content=\"Est. reading time\" \/>\n\t<meta name=\"twitter:data2\" content=\"2 minutos\" \/>\n<script type=\"application\/ld+json\" class=\"yoast-schema-graph\">{\"@context\":\"https:\/\/schema.org\",\"@graph\":[{\"@type\":\"WebPage\",\"@id\":\"https:\/\/www.manaus.am.gov.br\/seminf\/prefeitura-de-manaus-recupera-150-metros-de-calcada-em-frente-de-escola-no-bairro-cidade-nova\/\",\"url\":\"https:\/\/www.manaus.am.gov.br\/seminf\/prefeitura-de-manaus-recupera-150-metros-de-calcada-em-frente-de-escola-no-bairro-cidade-nova\/\",\"name\":\"Prefeitura recupera 150 metros de cal\u00e7ada no bairro Cidade Nova\",\"isPartOf\":{\"@id\":\"https:\/\/www.manaus.am.gov.br\/seminf\/#website\"},\"primaryImageOfPage\":{\"@id\":\"https:\/\/www.manaus.am.gov.br\/seminf\/prefeitura-de-manaus-recupera-150-metros-de-calcada-em-frente-de-escola-no-bairro-cidade-nova\/#primaryimage\"},\"image\":{\"@id\":\"https:\/\/www.manaus.am.gov.br\/seminf\/prefeitura-de-manaus-recupera-150-metros-de-calcada-em-frente-de-escola-no-bairro-cidade-nova\/#primaryimage\"},\"thumbnailUrl\":\"https:\/\/www.manaus.am.gov.br\/seminf\/wp-content\/uploads\/sites\/6\/2023\/02\/52690856615_5e16b93990_c.jpg\",\"datePublished\":\"2023-02-15T13:26:58+00:00\",\"dateModified\":\"2023-02-15T20:26:49+00:00\",\"author\":{\"@id\":\"https:\/\/www.manaus.am.gov.br\/seminf\/#\/schema\/person\/4e49f4e267757a06ca072ec61b2b9968\"},\"description\":\"A Prefeitura de Manaus, por meio da Secretaria Municipal de Infraestrutura (Seminf), iniciou, nesta quarta-feira, 15\/2, a obra de implanta\u00e7\u00e3o de 150 metros de cal\u00e7ada, na avenida Coronel S\u00e1vio Belota, no conjunto Amazonino Mendes, bairro Cidade Nova, zona Norte, ap\u00f3s equipe de engenharia do munic\u00edpio realizar inspe\u00e7\u00e3o no local.\",\"inLanguage\":\"pt-BR\",\"potentialAction\":[{\"@type\":\"ReadAction\",\"target\":[\"https:\/\/www.manaus.am.gov.br\/seminf\/prefeitura-de-manaus-recupera-150-metros-de-calcada-em-frente-de-escola-no-bairro-cidade-nova\/\"]}]},{\"@type\":\"ImageObject\",\"inLanguage\":\"pt-BR\",\"@id\":\"https:\/\/www.manaus.am.gov.br\/seminf\/prefeitura-de-manaus-recupera-150-metros-de-calcada-em-frente-de-escola-no-bairro-cidade-nova\/#primaryimage\",\"url\":\"https:\/\/www.manaus.am.gov.br\/seminf\/wp-content\/uploads\/sites\/6\/2023\/02\/52690856615_5e16b93990_c.jpg\",\"contentUrl\":\"https:\/\/www.manaus.am.gov.br\/seminf\/wp-content\/uploads\/sites\/6\/2023\/02\/52690856615_5e16b93990_c.jpg\",\"width\":799,\"height\":533},{\"@type\":\"WebSite\",\"@id\":\"https:\/\/www.manaus.am.gov.br\/seminf\/#website\",\"url\":\"https:\/\/www.manaus.am.gov.br\/seminf\/\",\"name\":\"Secretaria de Infraestrutura\",\"description\":\"Secretaria Municipal de Infraestrutura\",\"potentialAction\":[{\"@type\":\"SearchAction\",\"target\":{\"@type\":\"EntryPoint\",\"urlTemplate\":\"https:\/\/www.manaus.am.gov.br\/seminf\/?s={search_term_string}\"},\"query-input\":\"required name=search_term_string\"}],\"inLanguage\":\"pt-BR\"},{\"@type\":\"Person\",\"@id\":\"https:\/\/www.manaus.am.gov.br\/seminf\/#\/schema\/person\/4e49f4e267757a06ca072ec61b2b9968\",\"name\":\"Adriana Costa\",\"image\":{\"@type\":\"ImageObject\",\"inLanguage\":\"pt-BR\",\"@id\":\"https:\/\/www.manaus.am.gov.br\/seminf\/#\/schema\/person\/image\/\",\"url\":\"https:\/\/secure.gravatar.com\/avatar\/576258617ef7194f718179e766d57bd4?s=96&d=mm&r=g\",\"contentUrl\":\"https:\/\/secure.gravatar.com\/avatar\/576258617ef7194f718179e766d57bd4?s=96&d=mm&r=g\",\"caption\":\"Adriana Costa\"}}]}<\/script>\n<!-- \/ Yoast SEO plugin. -->","yoast_head_json":{"title":"Prefeitura recupera 150 metros de cal\u00e7ada no bairro Cidade Nova","description":"A Prefeitura de Manaus, por meio da Secretaria Municipal de Infraestrutura (Seminf), iniciou, nesta quarta-feira, 15\/2, a obra de implanta\u00e7\u00e3o de 150 metros de cal\u00e7ada, na avenida Coronel S\u00e1vio Belota, no conjunto Amazonino Mendes, bairro Cidade Nova, zona Norte, ap\u00f3s equipe de engenharia do munic\u00edpio realizar inspe\u00e7\u00e3o no local.","robots":{"index":"index","follow":"follow","max-snippet":"max-snippet:-1","max-image-preview":"max-image-preview:large","max-video-preview":"max-video-preview:-1"},"canonical":"https:\/\/www.manaus.am.gov.br\/seminf\/prefeitura-de-manaus-recupera-150-metros-de-calcada-em-frente-de-escola-no-bairro-cidade-nova\/","og_locale":"pt_BR","og_type":"article","og_title":"Prefeitura recupera 150 metros de cal\u00e7ada no bairro Cidade Nova","og_description":"A Prefeitura de Manaus, por meio da Secretaria Municipal de Infraestrutura (Seminf), iniciou, nesta quarta-feira, 15\/2, a obra de implanta\u00e7\u00e3o de 150 metros de cal\u00e7ada, na avenida Coronel S\u00e1vio Belota, no conjunto Amazonino Mendes, bairro Cidade Nova, zona Norte, ap\u00f3s equipe de engenharia do munic\u00edpio realizar inspe\u00e7\u00e3o no local.","og_url":"https:\/\/www.manaus.am.gov.br\/seminf\/prefeitura-de-manaus-recupera-150-metros-de-calcada-em-frente-de-escola-no-bairro-cidade-nova\/","og_site_name":"SEMINF","article_published_time":"2023-02-15T13:26:58+00:00","article_modified_time":"2023-02-15T20:26:49+00:00","og_image":[{"width":799,"height":533,"url":"https:\/\/www.manaus.am.gov.br\/seminf\/wp-content\/uploads\/sites\/6\/2023\/02\/52690856615_5e16b93990_c.jpg","type":"image\/jpeg"}],"author":"Adriana Costa","twitter_card":"summary_large_image","twitter_misc":{"Written by":"Adriana Costa","Est. reading time":"2 minutos"},"schema":{"@context":"https:\/\/schema.org","@graph":[{"@type":"WebPage","@id":"https:\/\/www.manaus.am.gov.br\/seminf\/prefeitura-de-manaus-recupera-150-metros-de-calcada-em-frente-de-escola-no-bairro-cidade-nova\/","url":"https:\/\/www.manaus.am.gov.br\/seminf\/prefeitura-de-manaus-recupera-150-metros-de-calcada-em-frente-de-escola-no-bairro-cidade-nova\/","name":"Prefeitura recupera 150 metros de cal\u00e7ada no bairro Cidade Nova","isPartOf":{"@id":"https:\/\/www.manaus.am.gov.br\/seminf\/#website"},"primaryImageOfPage":{"@id":"https:\/\/www.manaus.am.gov.br\/seminf\/prefeitura-de-manaus-recupera-150-metros-de-calcada-em-frente-de-escola-no-bairro-cidade-nova\/#primaryimage"},"image":{"@id":"https:\/\/www.manaus.am.gov.br\/seminf\/prefeitura-de-manaus-recupera-150-metros-de-calcada-em-frente-de-escola-no-bairro-cidade-nova\/#primaryimage"},"thumbnailUrl":"https:\/\/www.manaus.am.gov.br\/seminf\/wp-content\/uploads\/sites\/6\/2023\/02\/52690856615_5e16b93990_c.jpg","datePublished":"2023-02-15T13:26:58+00:00","dateModified":"2023-02-15T20:26:49+00:00","author":{"@id":"https:\/\/www.manaus.am.gov.br\/seminf\/#\/schema\/person\/4e49f4e267757a06ca072ec61b2b9968"},"description":"A Prefeitura de Manaus, por meio da Secretaria Municipal de Infraestrutura (Seminf), iniciou, nesta quarta-feira, 15\/2, a obra de implanta\u00e7\u00e3o de 150 metros de cal\u00e7ada, na avenida Coronel S\u00e1vio Belota, no conjunto Amazonino Mendes, bairro Cidade Nova, zona Norte, ap\u00f3s equipe de engenharia do munic\u00edpio realizar inspe\u00e7\u00e3o no local.","inLanguage":"pt-BR","potentialAction":[{"@type":"ReadAction","target":["https:\/\/www.manaus.am.gov.br\/seminf\/prefeitura-de-manaus-recupera-150-metros-de-calcada-em-frente-de-escola-no-bairro-cidade-nova\/"]}]},{"@type":"ImageObject","inLanguage":"pt-BR","@id":"https:\/\/www.manaus.am.gov.br\/seminf\/prefeitura-de-manaus-recupera-150-metros-de-calcada-em-frente-de-escola-no-bairro-cidade-nova\/#primaryimage","url":"https:\/\/www.manaus.am.gov.br\/seminf\/wp-content\/uploads\/sites\/6\/2023\/02\/52690856615_5e16b93990_c.jpg","contentUrl":"https:\/\/www.manaus.am.gov.br\/seminf\/wp-content\/uploads\/sites\/6\/2023\/02\/52690856615_5e16b93990_c.jpg","width":799,"height":533},{"@type":"WebSite","@id":"https:\/\/www.manaus.am.gov.br\/seminf\/#website","url":"https:\/\/www.manaus.am.gov.br\/seminf\/","name":"Secretaria de Infraestrutura","description":"Secretaria Municipal de Infraestrutura","potentialAction":[{"@type":"SearchAction","target":{"@type":"EntryPoint","urlTemplate":"https:\/\/www.manaus.am.gov.br\/seminf\/?s={search_term_string}"},"query-input":"required name=search_term_string"}],"inLanguage":"pt-BR"},{"@type":"Person","@id":"https:\/\/www.manaus.am.gov.br\/seminf\/#\/schema\/person\/4e49f4e267757a06ca072ec61b2b9968","name":"Adriana Costa","image":{"@type":"ImageObject","inLanguage":"pt-BR","@id":"https:\/\/www.manaus.am.gov.br\/seminf\/#\/schema\/person\/image\/","url":"https:\/\/secure.gravatar.com\/avatar\/576258617ef7194f718179e766d57bd4?s=96&d=mm&r=g","contentUrl":"https:\/\/secure.gravatar.com\/avatar\/576258617ef7194f718179e766d57bd4?s=96&d=mm&r=g","caption":"Adriana Costa"}}]}},"_links":{"self":[{"href":"https:\/\/www.manaus.am.gov.br\/seminf\/wp-json\/wp\/v2\/posts\/727"}],"collection":[{"href":"https:\/\/www.manaus.am.gov.br\/seminf\/wp-json\/wp\/v2\/posts"}],"about":[{"href":"https:\/\/www.manaus.am.gov.br\/seminf\/wp-json\/wp\/v2\/types\/post"}],"author":[{"embeddable":true,"href":"https:\/\/www.manaus.am.gov.br\/seminf\/wp-json\/wp\/v2\/users\/23"}],"replies":[{"embeddable":true,"href":"https:\/\/www.manaus.am.gov.br\/seminf\/wp-json\/wp\/v2\/comments?post=727"}],"version-history":[{"count":1,"href":"https:\/\/www.manaus.am.gov.br\/seminf\/wp-json\/wp\/v2\/posts\/727\/revisions"}],"predecessor-version":[{"id":731,"href":"https:\/\/www.manaus.am.gov.br\/seminf\/wp-json\/wp\/v2\/posts\/727\/revisions\/731"}],"wp:featuredmedia":[{"embeddable":true,"href":"https:\/\/www.manaus.am.gov.br\/seminf\/wp-json\/wp\/v2\/media\/728"}],"wp:attachment":[{"href":"https:\/\/www.manaus.am.gov.br\/seminf\/wp-json\/wp\/v2\/media?parent=727"}],"wp:term":[{"taxonomy":"category","embeddable":true,"href":"https:\/\/www.manaus.am.gov.br\/seminf\/wp-json\/wp\/v2\/categories?post=727"},{"taxonomy":"post_tag","embeddable":true,"href":"https:\/\/www.manaus.am.gov.br\/seminf\/wp-json\/wp\/v2\/tags?post=727"}],"curies":[{"name":"wp","href":"https:\/\/api.w.org\/{rel}","templated":true}]}}