{"id":7226,"date":"2025-10-10T15:00:03","date_gmt":"2025-10-10T19:00:03","guid":{"rendered":"https:\/\/www.manaus.am.gov.br\/seminf\/prefeitura-seminf-zumbi-manutencaoasfaltica\/"},"modified":"2025-10-10T15:00:04","modified_gmt":"2025-10-10T19:00:04","slug":"prefeitura-seminf-zumbi-manutencaoasfaltica","status":"publish","type":"post","link":"https:\/\/www.manaus.am.gov.br\/seminf\/prefeitura-seminf-zumbi-manutencaoasfaltica\/","title":{"rendered":"Prefeitura de Manaus refor\u00e7a infraestrutura com manuten\u00e7\u00e3o\u00a0asf\u00e1ltica\u00a0no bairro Zumbi dos Palmares"},"content":{"rendered":"\n<p>A Prefeitura de Manaus, por meio da Secretaria Municipal de Infraestrutura (Seminf), realiza, nesta sexta-feira, 10\/10, a manuten\u00e7\u00e3o asf\u00e1ltica da rua Nossa Senhora do Bonfim, no bairro Zumbi dos Palmares, zona Leste, garantindo maior seguran\u00e7a e trafegabilidade para os condutores da regi\u00e3o.<\/p>\n\n\n\n<p>Segundo o vice-prefeito e secret\u00e1rio de Obras, Renato Junior, a recupera\u00e7\u00e3o asf\u00e1ltica \u00e9 prioridade da gest\u00e3o municipal. &#8220;Estamos garantindo ruas seguras e bem conservadas para a popula\u00e7\u00e3o. Cada a\u00e7\u00e3o de manuten\u00e7\u00e3o asf\u00e1ltica \u00e9 um compromisso com a mobilidade, a seguran\u00e7a e a qualidade de vida dos moradores de Manaus&#8221;, destacou Renato Junior.<\/p>\n\n\n\n<p>As equipes da Seminf realizam a prepara\u00e7\u00e3o da base da via, com limpeza e aplica\u00e7\u00e3o da camada de imprima\u00e7\u00e3o, que fixa o novo asfalto ao solo. Em seguida, \u00e9 aplicada a nova massa asf\u00e1ltica nos trechos desgastados, proporcionando uma via nivelada e pronta para o tr\u00e1fego seguro.<\/p>\n\n\n\n<p>Com a conclus\u00e3o do servi\u00e7o, os moradores passam a contar com ruas mais seguras e trafeg\u00e1veis, refor\u00e7ando o compromisso da Prefeitura de Manaus com a infraestrutura urbana e o bem-estar da popula\u00e7\u00e3o.<\/p>\n\n\n\n<p>&#8212; &#8212; &#8212;<\/p>\n\n\n\n<p><strong>Texto<\/strong> &#8211; Eduarda Lira\/Seminf<\/p>\n\n\n\n<p><strong>Fotos<\/strong> &#8211; Divulga\u00e7\u00e3o\/Seminf<\/p>\n","protected":false},"excerpt":{"rendered":"","protected":false},"author":23,"featured_media":7227,"comment_status":"closed","ping_status":"closed","sticky":false,"template":"","format":"standard","meta":{"footnotes":""},"categories":[4],"tags":[368,43,26,362],"acf":[],"yoast_head":"<!-- This site is optimized with the Yoast SEO plugin v23.0 - https:\/\/yoast.com\/wordpress\/plugins\/seo\/ -->\n<title>Prefeitura de Manaus refor\u00e7a infraestrutura com manuten\u00e7\u00e3o asf\u00e1ltica no bairro Zumbi dos Palmares<\/title>\n<meta name=\"description\" content=\"A Prefeitura de Manaus, por meio da Secretaria Municipal de Infraestrutura (Seminf), realiza, nesta sexta-feira, 10\/10, a manuten\u00e7\u00e3o asf\u00e1ltica da rua Nossa Senhora do Bonfim, no bairro Zumbi dos Palmares, zona Leste, garantindo maior seguran\u00e7a e trafegabilidade para os condutores da regi\u00e3o.\" \/>\n<meta name=\"robots\" content=\"index, follow, max-snippet:-1, max-image-preview:large, max-video-preview:-1\" \/>\n<link rel=\"canonical\" href=\"https:\/\/www.manaus.am.gov.br\/seminf\/prefeitura-seminf-zumbi-manutencaoasfaltica\/\" \/>\n<meta property=\"og:locale\" content=\"pt_BR\" \/>\n<meta property=\"og:type\" content=\"article\" \/>\n<meta property=\"og:title\" content=\"Prefeitura de Manaus refor\u00e7a infraestrutura com manuten\u00e7\u00e3o asf\u00e1ltica no bairro Zumbi dos Palmares\" \/>\n<meta property=\"og:description\" content=\"A Prefeitura de Manaus, por meio da Secretaria Municipal de Infraestrutura (Seminf), realiza, nesta sexta-feira, 10\/10, a manuten\u00e7\u00e3o asf\u00e1ltica da rua Nossa Senhora do Bonfim, no bairro Zumbi dos Palmares, zona Leste, garantindo maior seguran\u00e7a e trafegabilidade para os condutores da regi\u00e3o.\" \/>\n<meta property=\"og:url\" content=\"https:\/\/www.manaus.am.gov.br\/seminf\/prefeitura-seminf-zumbi-manutencaoasfaltica\/\" \/>\n<meta property=\"og:site_name\" content=\"SEMINF\" \/>\n<meta property=\"article:published_time\" content=\"2025-10-10T19:00:03+00:00\" \/>\n<meta property=\"article:modified_time\" content=\"2025-10-10T19:00:04+00:00\" \/>\n<meta property=\"og:image\" content=\"https:\/\/www.manaus.am.gov.br\/seminf\/wp-content\/uploads\/sites\/6\/2025\/10\/54845602421_3cae97b82a_c.jpg\" \/>\n\t<meta property=\"og:image:width\" content=\"800\" \/>\n\t<meta property=\"og:image:height\" content=\"600\" \/>\n\t<meta property=\"og:image:type\" content=\"image\/jpeg\" \/>\n<meta name=\"author\" content=\"Adriana Costa\" \/>\n<meta name=\"twitter:card\" content=\"summary_large_image\" \/>\n<meta name=\"twitter:label1\" content=\"Written by\" \/>\n\t<meta name=\"twitter:data1\" content=\"Adriana Costa\" \/>\n\t<meta name=\"twitter:label2\" content=\"Est. reading time\" \/>\n\t<meta name=\"twitter:data2\" content=\"1 minuto\" \/>\n<script type=\"application\/ld+json\" class=\"yoast-schema-graph\">{\"@context\":\"https:\/\/schema.org\",\"@graph\":[{\"@type\":\"WebPage\",\"@id\":\"https:\/\/www.manaus.am.gov.br\/seminf\/prefeitura-seminf-zumbi-manutencaoasfaltica\/\",\"url\":\"https:\/\/www.manaus.am.gov.br\/seminf\/prefeitura-seminf-zumbi-manutencaoasfaltica\/\",\"name\":\"Prefeitura de Manaus refor\u00e7a infraestrutura com manuten\u00e7\u00e3o asf\u00e1ltica no bairro Zumbi dos Palmares\",\"isPartOf\":{\"@id\":\"https:\/\/www.manaus.am.gov.br\/seminf\/#website\"},\"primaryImageOfPage\":{\"@id\":\"https:\/\/www.manaus.am.gov.br\/seminf\/prefeitura-seminf-zumbi-manutencaoasfaltica\/#primaryimage\"},\"image\":{\"@id\":\"https:\/\/www.manaus.am.gov.br\/seminf\/prefeitura-seminf-zumbi-manutencaoasfaltica\/#primaryimage\"},\"thumbnailUrl\":\"https:\/\/www.manaus.am.gov.br\/seminf\/wp-content\/uploads\/sites\/6\/2025\/10\/54845602421_3cae97b82a_c.jpg\",\"datePublished\":\"2025-10-10T19:00:03+00:00\",\"dateModified\":\"2025-10-10T19:00:04+00:00\",\"author\":{\"@id\":\"https:\/\/www.manaus.am.gov.br\/seminf\/#\/schema\/person\/4e49f4e267757a06ca072ec61b2b9968\"},\"description\":\"A Prefeitura de Manaus, por meio da Secretaria Municipal de Infraestrutura (Seminf), realiza, nesta sexta-feira, 10\/10, a manuten\u00e7\u00e3o asf\u00e1ltica da rua Nossa Senhora do Bonfim, no bairro Zumbi dos Palmares, zona Leste, garantindo maior seguran\u00e7a e trafegabilidade para os condutores da regi\u00e3o.\",\"inLanguage\":\"pt-BR\",\"potentialAction\":[{\"@type\":\"ReadAction\",\"target\":[\"https:\/\/www.manaus.am.gov.br\/seminf\/prefeitura-seminf-zumbi-manutencaoasfaltica\/\"]}]},{\"@type\":\"ImageObject\",\"inLanguage\":\"pt-BR\",\"@id\":\"https:\/\/www.manaus.am.gov.br\/seminf\/prefeitura-seminf-zumbi-manutencaoasfaltica\/#primaryimage\",\"url\":\"https:\/\/www.manaus.am.gov.br\/seminf\/wp-content\/uploads\/sites\/6\/2025\/10\/54845602421_3cae97b82a_c.jpg\",\"contentUrl\":\"https:\/\/www.manaus.am.gov.br\/seminf\/wp-content\/uploads\/sites\/6\/2025\/10\/54845602421_3cae97b82a_c.jpg\",\"width\":800,\"height\":600,\"caption\":\"#paratodosverem - Homens da Seminf aplicam asfalto novo em via do Zumbi, na zona Leste\"},{\"@type\":\"WebSite\",\"@id\":\"https:\/\/www.manaus.am.gov.br\/seminf\/#website\",\"url\":\"https:\/\/www.manaus.am.gov.br\/seminf\/\",\"name\":\"Secretaria de Infraestrutura\",\"description\":\"Secretaria Municipal de Infraestrutura\",\"potentialAction\":[{\"@type\":\"SearchAction\",\"target\":{\"@type\":\"EntryPoint\",\"urlTemplate\":\"https:\/\/www.manaus.am.gov.br\/seminf\/?s={search_term_string}\"},\"query-input\":\"required name=search_term_string\"}],\"inLanguage\":\"pt-BR\"},{\"@type\":\"Person\",\"@id\":\"https:\/\/www.manaus.am.gov.br\/seminf\/#\/schema\/person\/4e49f4e267757a06ca072ec61b2b9968\",\"name\":\"Adriana Costa\",\"image\":{\"@type\":\"ImageObject\",\"inLanguage\":\"pt-BR\",\"@id\":\"https:\/\/www.manaus.am.gov.br\/seminf\/#\/schema\/person\/image\/\",\"url\":\"https:\/\/secure.gravatar.com\/avatar\/576258617ef7194f718179e766d57bd4?s=96&d=mm&r=g\",\"contentUrl\":\"https:\/\/secure.gravatar.com\/avatar\/576258617ef7194f718179e766d57bd4?s=96&d=mm&r=g\",\"caption\":\"Adriana Costa\"}}]}<\/script>\n<!-- \/ Yoast SEO plugin. -->","yoast_head_json":{"title":"Prefeitura de Manaus refor\u00e7a infraestrutura com manuten\u00e7\u00e3o asf\u00e1ltica no bairro Zumbi dos Palmares","description":"A Prefeitura de Manaus, por meio da Secretaria Municipal de Infraestrutura (Seminf), realiza, nesta sexta-feira, 10\/10, a manuten\u00e7\u00e3o asf\u00e1ltica da rua Nossa Senhora do Bonfim, no bairro Zumbi dos Palmares, zona Leste, garantindo maior seguran\u00e7a e trafegabilidade para os condutores da regi\u00e3o.","robots":{"index":"index","follow":"follow","max-snippet":"max-snippet:-1","max-image-preview":"max-image-preview:large","max-video-preview":"max-video-preview:-1"},"canonical":"https:\/\/www.manaus.am.gov.br\/seminf\/prefeitura-seminf-zumbi-manutencaoasfaltica\/","og_locale":"pt_BR","og_type":"article","og_title":"Prefeitura de Manaus refor\u00e7a infraestrutura com manuten\u00e7\u00e3o asf\u00e1ltica no bairro Zumbi dos Palmares","og_description":"A Prefeitura de Manaus, por meio da Secretaria Municipal de Infraestrutura (Seminf), realiza, nesta sexta-feira, 10\/10, a manuten\u00e7\u00e3o asf\u00e1ltica da rua Nossa Senhora do Bonfim, no bairro Zumbi dos Palmares, zona Leste, garantindo maior seguran\u00e7a e trafegabilidade para os condutores da regi\u00e3o.","og_url":"https:\/\/www.manaus.am.gov.br\/seminf\/prefeitura-seminf-zumbi-manutencaoasfaltica\/","og_site_name":"SEMINF","article_published_time":"2025-10-10T19:00:03+00:00","article_modified_time":"2025-10-10T19:00:04+00:00","og_image":[{"width":800,"height":600,"url":"https:\/\/www.manaus.am.gov.br\/seminf\/wp-content\/uploads\/sites\/6\/2025\/10\/54845602421_3cae97b82a_c.jpg","type":"image\/jpeg"}],"author":"Adriana Costa","twitter_card":"summary_large_image","twitter_misc":{"Written by":"Adriana Costa","Est. reading time":"1 minuto"},"schema":{"@context":"https:\/\/schema.org","@graph":[{"@type":"WebPage","@id":"https:\/\/www.manaus.am.gov.br\/seminf\/prefeitura-seminf-zumbi-manutencaoasfaltica\/","url":"https:\/\/www.manaus.am.gov.br\/seminf\/prefeitura-seminf-zumbi-manutencaoasfaltica\/","name":"Prefeitura de Manaus refor\u00e7a infraestrutura com manuten\u00e7\u00e3o asf\u00e1ltica no bairro Zumbi dos Palmares","isPartOf":{"@id":"https:\/\/www.manaus.am.gov.br\/seminf\/#website"},"primaryImageOfPage":{"@id":"https:\/\/www.manaus.am.gov.br\/seminf\/prefeitura-seminf-zumbi-manutencaoasfaltica\/#primaryimage"},"image":{"@id":"https:\/\/www.manaus.am.gov.br\/seminf\/prefeitura-seminf-zumbi-manutencaoasfaltica\/#primaryimage"},"thumbnailUrl":"https:\/\/www.manaus.am.gov.br\/seminf\/wp-content\/uploads\/sites\/6\/2025\/10\/54845602421_3cae97b82a_c.jpg","datePublished":"2025-10-10T19:00:03+00:00","dateModified":"2025-10-10T19:00:04+00:00","author":{"@id":"https:\/\/www.manaus.am.gov.br\/seminf\/#\/schema\/person\/4e49f4e267757a06ca072ec61b2b9968"},"description":"A Prefeitura de Manaus, por meio da Secretaria Municipal de Infraestrutura (Seminf), realiza, nesta sexta-feira, 10\/10, a manuten\u00e7\u00e3o asf\u00e1ltica da rua Nossa Senhora do Bonfim, no bairro Zumbi dos Palmares, zona Leste, garantindo maior seguran\u00e7a e trafegabilidade para os condutores da regi\u00e3o.","inLanguage":"pt-BR","potentialAction":[{"@type":"ReadAction","target":["https:\/\/www.manaus.am.gov.br\/seminf\/prefeitura-seminf-zumbi-manutencaoasfaltica\/"]}]},{"@type":"ImageObject","inLanguage":"pt-BR","@id":"https:\/\/www.manaus.am.gov.br\/seminf\/prefeitura-seminf-zumbi-manutencaoasfaltica\/#primaryimage","url":"https:\/\/www.manaus.am.gov.br\/seminf\/wp-content\/uploads\/sites\/6\/2025\/10\/54845602421_3cae97b82a_c.jpg","contentUrl":"https:\/\/www.manaus.am.gov.br\/seminf\/wp-content\/uploads\/sites\/6\/2025\/10\/54845602421_3cae97b82a_c.jpg","width":800,"height":600,"caption":"#paratodosverem - Homens da Seminf aplicam asfalto novo em via do Zumbi, na zona Leste"},{"@type":"WebSite","@id":"https:\/\/www.manaus.am.gov.br\/seminf\/#website","url":"https:\/\/www.manaus.am.gov.br\/seminf\/","name":"Secretaria de Infraestrutura","description":"Secretaria Municipal de Infraestrutura","potentialAction":[{"@type":"SearchAction","target":{"@type":"EntryPoint","urlTemplate":"https:\/\/www.manaus.am.gov.br\/seminf\/?s={search_term_string}"},"query-input":"required name=search_term_string"}],"inLanguage":"pt-BR"},{"@type":"Person","@id":"https:\/\/www.manaus.am.gov.br\/seminf\/#\/schema\/person\/4e49f4e267757a06ca072ec61b2b9968","name":"Adriana Costa","image":{"@type":"ImageObject","inLanguage":"pt-BR","@id":"https:\/\/www.manaus.am.gov.br\/seminf\/#\/schema\/person\/image\/","url":"https:\/\/secure.gravatar.com\/avatar\/576258617ef7194f718179e766d57bd4?s=96&d=mm&r=g","contentUrl":"https:\/\/secure.gravatar.com\/avatar\/576258617ef7194f718179e766d57bd4?s=96&d=mm&r=g","caption":"Adriana Costa"}}]}},"_links":{"self":[{"href":"https:\/\/www.manaus.am.gov.br\/seminf\/wp-json\/wp\/v2\/posts\/7226"}],"collection":[{"href":"https:\/\/www.manaus.am.gov.br\/seminf\/wp-json\/wp\/v2\/posts"}],"about":[{"href":"https:\/\/www.manaus.am.gov.br\/seminf\/wp-json\/wp\/v2\/types\/post"}],"author":[{"embeddable":true,"href":"https:\/\/www.manaus.am.gov.br\/seminf\/wp-json\/wp\/v2\/users\/23"}],"replies":[{"embeddable":true,"href":"https:\/\/www.manaus.am.gov.br\/seminf\/wp-json\/wp\/v2\/comments?post=7226"}],"version-history":[{"count":0,"href":"https:\/\/www.manaus.am.gov.br\/seminf\/wp-json\/wp\/v2\/posts\/7226\/revisions"}],"wp:featuredmedia":[{"embeddable":true,"href":"https:\/\/www.manaus.am.gov.br\/seminf\/wp-json\/wp\/v2\/media\/7227"}],"wp:attachment":[{"href":"https:\/\/www.manaus.am.gov.br\/seminf\/wp-json\/wp\/v2\/media?parent=7226"}],"wp:term":[{"taxonomy":"category","embeddable":true,"href":"https:\/\/www.manaus.am.gov.br\/seminf\/wp-json\/wp\/v2\/categories?post=7226"},{"taxonomy":"post_tag","embeddable":true,"href":"https:\/\/www.manaus.am.gov.br\/seminf\/wp-json\/wp\/v2\/tags?post=7226"}],"curies":[{"name":"wp","href":"https:\/\/api.w.org\/{rel}","templated":true}]}}