{"id":7224,"date":"2025-10-10T14:44:57","date_gmt":"2025-10-10T18:44:57","guid":{"rendered":"https:\/\/www.manaus.am.gov.br\/seminf\/prefeitura-seminf-avenidasumauma-asfalto\/"},"modified":"2025-10-10T14:44:58","modified_gmt":"2025-10-10T18:44:58","slug":"prefeitura-seminf-avenidasumauma-asfalto","status":"publish","type":"post","link":"https:\/\/www.manaus.am.gov.br\/seminf\/prefeitura-seminf-avenidasumauma-asfalto\/","title":{"rendered":"Prefeitura de Manaus realiza recupera\u00e7\u00e3o asf\u00e1ltica na avenida Suma\u00fama"},"content":{"rendered":"\n<p>A Prefeitura de Manaus, por meio da Secretaria Municipal de Infraestrutura (Seminf), realiza recupera\u00e7\u00e3o asf\u00e1ltica na avenida Suma\u00fama, no bairro Monte das Oliveiras, zona Norte, ap\u00f3s a conclus\u00e3o da obra de moderniza\u00e7\u00e3o da rede de drenagem profunda no local. A a\u00e7\u00e3o integra o esfor\u00e7o da gest\u00e3o municipal para garantir seguran\u00e7a, trafegabilidade e melhor escoamento das \u00e1guas pluviais na regi\u00e3o.<\/p>\n\n\n\n<p>O servi\u00e7o de drenagem, comprometido pelo desgaste e ac\u00famulo de res\u00edduos, foi substitu\u00eddo por uma estrutura moderna e resistente, para eliminar pontos de alagamento e prevenir futuros transtornos para moradores e motoristas.<\/p>\n\n\n\n<p>Para o vice-prefeito e secret\u00e1rio de Obras, Renato Junior, a a\u00e7\u00e3o refor\u00e7a o compromisso da prefeitura com a infraestrutura e a qualidade de vida da popula\u00e7\u00e3o.<\/p>\n\n\n\n<p>&#8220;A Prefeitura de Manaus trabalha continuamente para prevenir problemas estruturais que impactam o dia a dia da popula\u00e7\u00e3o. Com a drenagem recuperada, agora, devolvemos \u00e0 avenida Suma\u00fama uma via segura e adequada para todos que circulam por aqui&#8221;, destacou Renato Junior.<\/p>\n\n\n\n<p>A interven\u00e7\u00e3o incluiu a aplica\u00e7\u00e3o de nova massa asf\u00e1ltica, nivelamento da via e compacta\u00e7\u00e3o do solo.<\/p>\n\n\n\n<p>Com a conclus\u00e3o dessa obra, a Prefeitura de Manaus reafirma seu compromisso com a melhoria da infraestrutura urbana e a promo\u00e7\u00e3o de mais conforto, seguran\u00e7a e bem-estar para os moradores de todas as zonas da capital.<\/p>\n\n\n\n<p>&#8212; &#8212; &#8212;<\/p>\n\n\n\n<p><strong>Texto\u00a0<\/strong>&#8211; Maria Amed\/ Seminf<\/p>\n\n\n\n<p><strong>Fotos\u00a0<\/strong>&#8211; M\u00e1rcio Melo\/ Seminf<\/p>\n","protected":false},"excerpt":{"rendered":"","protected":false},"author":23,"featured_media":7225,"comment_status":"closed","ping_status":"closed","sticky":false,"template":"","format":"standard","meta":{"footnotes":""},"categories":[3],"tags":[251,2617,43,73,26],"acf":[],"yoast_head":"<!-- This site is optimized with the Yoast SEO plugin v23.0 - https:\/\/yoast.com\/wordpress\/plugins\/seo\/ -->\n<title>Prefeitura de Manaus realiza recupera\u00e7\u00e3o asf\u00e1ltica na avenida Suma\u00fama<\/title>\n<meta name=\"description\" content=\"A Prefeitura de Manaus, por meio da Secretaria Municipal de Infraestrutura (Seminf), realiza recupera\u00e7\u00e3o asf\u00e1ltica na avenida Suma\u00fama, no bairro Monte das Oliveiras, zona Norte, ap\u00f3s a conclus\u00e3o da obra de moderniza\u00e7\u00e3o da rede de drenagem profunda no local. A a\u00e7\u00e3o integra o esfor\u00e7o da gest\u00e3o municipal para garantir seguran\u00e7a, trafegabilidade e melhor escoamento das \u00e1guas pluviais na regi\u00e3o.\" \/>\n<meta name=\"robots\" content=\"index, follow, max-snippet:-1, max-image-preview:large, max-video-preview:-1\" \/>\n<link rel=\"canonical\" href=\"https:\/\/www.manaus.am.gov.br\/seminf\/prefeitura-seminf-avenidasumauma-asfalto\/\" \/>\n<meta property=\"og:locale\" content=\"pt_BR\" \/>\n<meta property=\"og:type\" content=\"article\" \/>\n<meta property=\"og:title\" content=\"Prefeitura de Manaus realiza recupera\u00e7\u00e3o asf\u00e1ltica na avenida Suma\u00fama\" \/>\n<meta property=\"og:description\" content=\"A Prefeitura de Manaus, por meio da Secretaria Municipal de Infraestrutura (Seminf), realiza recupera\u00e7\u00e3o asf\u00e1ltica na avenida Suma\u00fama, no bairro Monte das Oliveiras, zona Norte, ap\u00f3s a conclus\u00e3o da obra de moderniza\u00e7\u00e3o da rede de drenagem profunda no local. A a\u00e7\u00e3o integra o esfor\u00e7o da gest\u00e3o municipal para garantir seguran\u00e7a, trafegabilidade e melhor escoamento das \u00e1guas pluviais na regi\u00e3o.\" \/>\n<meta property=\"og:url\" content=\"https:\/\/www.manaus.am.gov.br\/seminf\/prefeitura-seminf-avenidasumauma-asfalto\/\" \/>\n<meta property=\"og:site_name\" content=\"SEMINF\" \/>\n<meta property=\"article:published_time\" content=\"2025-10-10T18:44:57+00:00\" \/>\n<meta property=\"article:modified_time\" content=\"2025-10-10T18:44:58+00:00\" \/>\n<meta property=\"og:image\" content=\"https:\/\/www.manaus.am.gov.br\/seminf\/wp-content\/uploads\/sites\/6\/2025\/10\/WhatsApp-Image-2025-10-10-at-14.04.13.jpeg\" \/>\n\t<meta property=\"og:image:width\" content=\"1280\" \/>\n\t<meta property=\"og:image:height\" content=\"853\" \/>\n\t<meta property=\"og:image:type\" content=\"image\/jpeg\" \/>\n<meta name=\"author\" content=\"Adriana Costa\" \/>\n<meta name=\"twitter:card\" content=\"summary_large_image\" \/>\n<meta name=\"twitter:label1\" content=\"Written by\" \/>\n\t<meta name=\"twitter:data1\" content=\"Adriana Costa\" \/>\n\t<meta name=\"twitter:label2\" content=\"Est. reading time\" \/>\n\t<meta name=\"twitter:data2\" content=\"2 minutos\" \/>\n<script type=\"application\/ld+json\" class=\"yoast-schema-graph\">{\"@context\":\"https:\/\/schema.org\",\"@graph\":[{\"@type\":\"WebPage\",\"@id\":\"https:\/\/www.manaus.am.gov.br\/seminf\/prefeitura-seminf-avenidasumauma-asfalto\/\",\"url\":\"https:\/\/www.manaus.am.gov.br\/seminf\/prefeitura-seminf-avenidasumauma-asfalto\/\",\"name\":\"Prefeitura de Manaus realiza recupera\u00e7\u00e3o asf\u00e1ltica na avenida Suma\u00fama\",\"isPartOf\":{\"@id\":\"https:\/\/www.manaus.am.gov.br\/seminf\/#website\"},\"primaryImageOfPage\":{\"@id\":\"https:\/\/www.manaus.am.gov.br\/seminf\/prefeitura-seminf-avenidasumauma-asfalto\/#primaryimage\"},\"image\":{\"@id\":\"https:\/\/www.manaus.am.gov.br\/seminf\/prefeitura-seminf-avenidasumauma-asfalto\/#primaryimage\"},\"thumbnailUrl\":\"https:\/\/www.manaus.am.gov.br\/seminf\/wp-content\/uploads\/sites\/6\/2025\/10\/WhatsApp-Image-2025-10-10-at-14.04.13.jpeg\",\"datePublished\":\"2025-10-10T18:44:57+00:00\",\"dateModified\":\"2025-10-10T18:44:58+00:00\",\"author\":{\"@id\":\"https:\/\/www.manaus.am.gov.br\/seminf\/#\/schema\/person\/4e49f4e267757a06ca072ec61b2b9968\"},\"description\":\"A Prefeitura de Manaus, por meio da Secretaria Municipal de Infraestrutura (Seminf), realiza recupera\u00e7\u00e3o asf\u00e1ltica na avenida Suma\u00fama, no bairro Monte das Oliveiras, zona Norte, ap\u00f3s a conclus\u00e3o da obra de moderniza\u00e7\u00e3o da rede de drenagem profunda no local. A a\u00e7\u00e3o integra o esfor\u00e7o da gest\u00e3o municipal para garantir seguran\u00e7a, trafegabilidade e melhor escoamento das \u00e1guas pluviais na regi\u00e3o.\",\"inLanguage\":\"pt-BR\",\"potentialAction\":[{\"@type\":\"ReadAction\",\"target\":[\"https:\/\/www.manaus.am.gov.br\/seminf\/prefeitura-seminf-avenidasumauma-asfalto\/\"]}]},{\"@type\":\"ImageObject\",\"inLanguage\":\"pt-BR\",\"@id\":\"https:\/\/www.manaus.am.gov.br\/seminf\/prefeitura-seminf-avenidasumauma-asfalto\/#primaryimage\",\"url\":\"https:\/\/www.manaus.am.gov.br\/seminf\/wp-content\/uploads\/sites\/6\/2025\/10\/WhatsApp-Image-2025-10-10-at-14.04.13.jpeg\",\"contentUrl\":\"https:\/\/www.manaus.am.gov.br\/seminf\/wp-content\/uploads\/sites\/6\/2025\/10\/WhatsApp-Image-2025-10-10-at-14.04.13.jpeg\",\"width\":1280,\"height\":853,\"caption\":\"#paratodosverem - Trabalhadores da Seminf aplicam massa asf\u00e1ltica em avenida Suma\u00fama\"},{\"@type\":\"WebSite\",\"@id\":\"https:\/\/www.manaus.am.gov.br\/seminf\/#website\",\"url\":\"https:\/\/www.manaus.am.gov.br\/seminf\/\",\"name\":\"Secretaria de Infraestrutura\",\"description\":\"Secretaria Municipal de Infraestrutura\",\"potentialAction\":[{\"@type\":\"SearchAction\",\"target\":{\"@type\":\"EntryPoint\",\"urlTemplate\":\"https:\/\/www.manaus.am.gov.br\/seminf\/?s={search_term_string}\"},\"query-input\":\"required name=search_term_string\"}],\"inLanguage\":\"pt-BR\"},{\"@type\":\"Person\",\"@id\":\"https:\/\/www.manaus.am.gov.br\/seminf\/#\/schema\/person\/4e49f4e267757a06ca072ec61b2b9968\",\"name\":\"Adriana Costa\",\"image\":{\"@type\":\"ImageObject\",\"inLanguage\":\"pt-BR\",\"@id\":\"https:\/\/www.manaus.am.gov.br\/seminf\/#\/schema\/person\/image\/\",\"url\":\"https:\/\/secure.gravatar.com\/avatar\/576258617ef7194f718179e766d57bd4?s=96&d=mm&r=g\",\"contentUrl\":\"https:\/\/secure.gravatar.com\/avatar\/576258617ef7194f718179e766d57bd4?s=96&d=mm&r=g\",\"caption\":\"Adriana Costa\"}}]}<\/script>\n<!-- \/ Yoast SEO plugin. -->","yoast_head_json":{"title":"Prefeitura de Manaus realiza recupera\u00e7\u00e3o asf\u00e1ltica na avenida Suma\u00fama","description":"A Prefeitura de Manaus, por meio da Secretaria Municipal de Infraestrutura (Seminf), realiza recupera\u00e7\u00e3o asf\u00e1ltica na avenida Suma\u00fama, no bairro Monte das Oliveiras, zona Norte, ap\u00f3s a conclus\u00e3o da obra de moderniza\u00e7\u00e3o da rede de drenagem profunda no local. A a\u00e7\u00e3o integra o esfor\u00e7o da gest\u00e3o municipal para garantir seguran\u00e7a, trafegabilidade e melhor escoamento das \u00e1guas pluviais na regi\u00e3o.","robots":{"index":"index","follow":"follow","max-snippet":"max-snippet:-1","max-image-preview":"max-image-preview:large","max-video-preview":"max-video-preview:-1"},"canonical":"https:\/\/www.manaus.am.gov.br\/seminf\/prefeitura-seminf-avenidasumauma-asfalto\/","og_locale":"pt_BR","og_type":"article","og_title":"Prefeitura de Manaus realiza recupera\u00e7\u00e3o asf\u00e1ltica na avenida Suma\u00fama","og_description":"A Prefeitura de Manaus, por meio da Secretaria Municipal de Infraestrutura (Seminf), realiza recupera\u00e7\u00e3o asf\u00e1ltica na avenida Suma\u00fama, no bairro Monte das Oliveiras, zona Norte, ap\u00f3s a conclus\u00e3o da obra de moderniza\u00e7\u00e3o da rede de drenagem profunda no local. A a\u00e7\u00e3o integra o esfor\u00e7o da gest\u00e3o municipal para garantir seguran\u00e7a, trafegabilidade e melhor escoamento das \u00e1guas pluviais na regi\u00e3o.","og_url":"https:\/\/www.manaus.am.gov.br\/seminf\/prefeitura-seminf-avenidasumauma-asfalto\/","og_site_name":"SEMINF","article_published_time":"2025-10-10T18:44:57+00:00","article_modified_time":"2025-10-10T18:44:58+00:00","og_image":[{"width":1280,"height":853,"url":"https:\/\/www.manaus.am.gov.br\/seminf\/wp-content\/uploads\/sites\/6\/2025\/10\/WhatsApp-Image-2025-10-10-at-14.04.13.jpeg","type":"image\/jpeg"}],"author":"Adriana Costa","twitter_card":"summary_large_image","twitter_misc":{"Written by":"Adriana Costa","Est. reading time":"2 minutos"},"schema":{"@context":"https:\/\/schema.org","@graph":[{"@type":"WebPage","@id":"https:\/\/www.manaus.am.gov.br\/seminf\/prefeitura-seminf-avenidasumauma-asfalto\/","url":"https:\/\/www.manaus.am.gov.br\/seminf\/prefeitura-seminf-avenidasumauma-asfalto\/","name":"Prefeitura de Manaus realiza recupera\u00e7\u00e3o asf\u00e1ltica na avenida Suma\u00fama","isPartOf":{"@id":"https:\/\/www.manaus.am.gov.br\/seminf\/#website"},"primaryImageOfPage":{"@id":"https:\/\/www.manaus.am.gov.br\/seminf\/prefeitura-seminf-avenidasumauma-asfalto\/#primaryimage"},"image":{"@id":"https:\/\/www.manaus.am.gov.br\/seminf\/prefeitura-seminf-avenidasumauma-asfalto\/#primaryimage"},"thumbnailUrl":"https:\/\/www.manaus.am.gov.br\/seminf\/wp-content\/uploads\/sites\/6\/2025\/10\/WhatsApp-Image-2025-10-10-at-14.04.13.jpeg","datePublished":"2025-10-10T18:44:57+00:00","dateModified":"2025-10-10T18:44:58+00:00","author":{"@id":"https:\/\/www.manaus.am.gov.br\/seminf\/#\/schema\/person\/4e49f4e267757a06ca072ec61b2b9968"},"description":"A Prefeitura de Manaus, por meio da Secretaria Municipal de Infraestrutura (Seminf), realiza recupera\u00e7\u00e3o asf\u00e1ltica na avenida Suma\u00fama, no bairro Monte das Oliveiras, zona Norte, ap\u00f3s a conclus\u00e3o da obra de moderniza\u00e7\u00e3o da rede de drenagem profunda no local. A a\u00e7\u00e3o integra o esfor\u00e7o da gest\u00e3o municipal para garantir seguran\u00e7a, trafegabilidade e melhor escoamento das \u00e1guas pluviais na regi\u00e3o.","inLanguage":"pt-BR","potentialAction":[{"@type":"ReadAction","target":["https:\/\/www.manaus.am.gov.br\/seminf\/prefeitura-seminf-avenidasumauma-asfalto\/"]}]},{"@type":"ImageObject","inLanguage":"pt-BR","@id":"https:\/\/www.manaus.am.gov.br\/seminf\/prefeitura-seminf-avenidasumauma-asfalto\/#primaryimage","url":"https:\/\/www.manaus.am.gov.br\/seminf\/wp-content\/uploads\/sites\/6\/2025\/10\/WhatsApp-Image-2025-10-10-at-14.04.13.jpeg","contentUrl":"https:\/\/www.manaus.am.gov.br\/seminf\/wp-content\/uploads\/sites\/6\/2025\/10\/WhatsApp-Image-2025-10-10-at-14.04.13.jpeg","width":1280,"height":853,"caption":"#paratodosverem - Trabalhadores da Seminf aplicam massa asf\u00e1ltica em avenida Suma\u00fama"},{"@type":"WebSite","@id":"https:\/\/www.manaus.am.gov.br\/seminf\/#website","url":"https:\/\/www.manaus.am.gov.br\/seminf\/","name":"Secretaria de Infraestrutura","description":"Secretaria Municipal de Infraestrutura","potentialAction":[{"@type":"SearchAction","target":{"@type":"EntryPoint","urlTemplate":"https:\/\/www.manaus.am.gov.br\/seminf\/?s={search_term_string}"},"query-input":"required name=search_term_string"}],"inLanguage":"pt-BR"},{"@type":"Person","@id":"https:\/\/www.manaus.am.gov.br\/seminf\/#\/schema\/person\/4e49f4e267757a06ca072ec61b2b9968","name":"Adriana Costa","image":{"@type":"ImageObject","inLanguage":"pt-BR","@id":"https:\/\/www.manaus.am.gov.br\/seminf\/#\/schema\/person\/image\/","url":"https:\/\/secure.gravatar.com\/avatar\/576258617ef7194f718179e766d57bd4?s=96&d=mm&r=g","contentUrl":"https:\/\/secure.gravatar.com\/avatar\/576258617ef7194f718179e766d57bd4?s=96&d=mm&r=g","caption":"Adriana Costa"}}]}},"_links":{"self":[{"href":"https:\/\/www.manaus.am.gov.br\/seminf\/wp-json\/wp\/v2\/posts\/7224"}],"collection":[{"href":"https:\/\/www.manaus.am.gov.br\/seminf\/wp-json\/wp\/v2\/posts"}],"about":[{"href":"https:\/\/www.manaus.am.gov.br\/seminf\/wp-json\/wp\/v2\/types\/post"}],"author":[{"embeddable":true,"href":"https:\/\/www.manaus.am.gov.br\/seminf\/wp-json\/wp\/v2\/users\/23"}],"replies":[{"embeddable":true,"href":"https:\/\/www.manaus.am.gov.br\/seminf\/wp-json\/wp\/v2\/comments?post=7224"}],"version-history":[{"count":0,"href":"https:\/\/www.manaus.am.gov.br\/seminf\/wp-json\/wp\/v2\/posts\/7224\/revisions"}],"wp:featuredmedia":[{"embeddable":true,"href":"https:\/\/www.manaus.am.gov.br\/seminf\/wp-json\/wp\/v2\/media\/7225"}],"wp:attachment":[{"href":"https:\/\/www.manaus.am.gov.br\/seminf\/wp-json\/wp\/v2\/media?parent=7224"}],"wp:term":[{"taxonomy":"category","embeddable":true,"href":"https:\/\/www.manaus.am.gov.br\/seminf\/wp-json\/wp\/v2\/categories?post=7224"},{"taxonomy":"post_tag","embeddable":true,"href":"https:\/\/www.manaus.am.gov.br\/seminf\/wp-json\/wp\/v2\/tags?post=7224"}],"curies":[{"name":"wp","href":"https:\/\/api.w.org\/{rel}","templated":true}]}}