{"id":7217,"date":"2025-10-09T16:23:14","date_gmt":"2025-10-09T20:23:14","guid":{"rendered":"https:\/\/www.manaus.am.gov.br\/seminf\/obra-recuperacao-galeria-subterranea-compensa\/"},"modified":"2025-10-09T16:23:14","modified_gmt":"2025-10-09T20:23:14","slug":"obra-recuperacao-galeria-subterranea-compensa","status":"publish","type":"post","link":"https:\/\/www.manaus.am.gov.br\/seminf\/obra-recuperacao-galeria-subterranea-compensa\/","title":{"rendered":"Prefeitura de Manaus realiza obra emergencial e recupera galeria subterr\u00e2nea no bairro Compensa"},"content":{"rendered":"\n<p>A Prefeitura de Manaus, por meio da Secretaria Municipal de Infraestrutura (Seminf), executa, nesta quinta-feira, 9\/10, a recupera\u00e7\u00e3o de um trecho da rede de drenagem profunda na rua Bel\u00e9m, no bairro Compensa, zona Oeste. A manuten\u00e7\u00e3o emergencial foi iniciada ap\u00f3s o surgimento de uma cratera de aproximadamente dois metros de profundidade, causada pela deteriora\u00e7\u00e3o da tubula\u00e7\u00e3o obstru\u00edda por lixo.<\/p>\n\n\n\n<p>Com o apoio de maquin\u00e1rios pesados, como retroescavadeiras, os oper\u00e1rios removeram a antiga estrutura danificada e realizaram a limpeza e desobstru\u00e7\u00e3o completa da galeria. Em seguida, novas tubula\u00e7\u00f5es mais resistentes est\u00e3o sendo implantadas, garantindo o escoamento adequado das \u00e1guas pluviais e a seguran\u00e7a dos moradores da \u00e1rea.<\/p>\n\n\n\n<p>O vice-prefeito e secret\u00e1rio de Obras, Renato Junior, destacou a import\u00e2ncia da parceria entre o poder p\u00fablico e a popula\u00e7\u00e3o para manter o bom funcionamento do sistema de drenagem na capital.<\/p>\n\n\n\n<p>\u201cO lixo \u00e9 um dos maiores inimigos das nossas redes de drenagem. Cada embalagem ou garrafa jogada na rua invadem as tubula\u00e7\u00f5es, e podem acabar entupindo bueiros e rompendo galerias inteiras. A gest\u00e3o do prefeito David Almeida trabalha incansavelmente para corrigir esses problemas e evitar que eles se repitam, mas precisamos da colabora\u00e7\u00e3o de todos. Quando o lixo \u00e9 descartado de forma incorreta, ele acaba voltando para n\u00f3s em forma de transtorno\u201d, afirmou Renato Junior.&nbsp;<\/p>\n\n\n\n<p>Os moradores da \u00e1rea acompanharam os trabalhos e comemoraram a r\u00e1pida resposta da prefeitura, como o aposentado Jos\u00e9 Nelson de Souza, de 71 anos. \u201c\u00c9 uma alegria ver as equipes trabalhando aqui. A galeria estava comprometida e trazia risco para a gente. Agora, com essa obra, estamos mais tranquilos\u201d, contou.<\/p>\n\n\n\n<p>A Prefeitura de Manaus segue com um cronograma cont\u00ednuo de manuten\u00e7\u00e3o das redes de drenagem profunda e limpeza de caixas coletoras em toda a cidade, refor\u00e7ando o compromisso com a infraestrutura urbana e a preven\u00e7\u00e3o de alagamentos.<\/p>\n\n\n\n<figure class=\"wp-block-image size-large\"><img loading=\"lazy\" decoding=\"async\" width=\"1024\" height=\"682\" src=\"https:\/\/www.manaus.am.gov.br\/seminf\/wp-content\/uploads\/sites\/6\/2025\/10\/Manutencao-4-1024x682.jpeg\" alt=\"\" class=\"wp-image-7219\" srcset=\"https:\/\/www.manaus.am.gov.br\/seminf\/wp-content\/uploads\/sites\/6\/2025\/10\/Manutencao-4-1024x682.jpeg 1024w, https:\/\/www.manaus.am.gov.br\/seminf\/wp-content\/uploads\/sites\/6\/2025\/10\/Manutencao-4-300x200.jpeg 300w, https:\/\/www.manaus.am.gov.br\/seminf\/wp-content\/uploads\/sites\/6\/2025\/10\/Manutencao-4-768x512.jpeg 768w, https:\/\/www.manaus.am.gov.br\/seminf\/wp-content\/uploads\/sites\/6\/2025\/10\/Manutencao-4-1536x1023.jpeg 1536w, https:\/\/www.manaus.am.gov.br\/seminf\/wp-content\/uploads\/sites\/6\/2025\/10\/Manutencao-4.jpeg 1600w\" sizes=\"(max-width: 1024px) 100vw, 1024px\" \/><\/figure>\n\n\n\n<p>&#8212; &#8212; &#8212;<\/p>\n\n\n\n<p><strong>Texto<\/strong>\u00a0&#8211; Eduarda Lira\/Seminf<\/p>\n\n\n\n<p><strong>Fotos<\/strong> &#8211; M\u00e1rcio Melo\/Seminf<\/p>\n","protected":false},"excerpt":{"rendered":"","protected":false},"author":39,"featured_media":7218,"comment_status":"closed","ping_status":"closed","sticky":false,"template":"","format":"standard","meta":{"footnotes":""},"categories":[3],"tags":[450,121,43,2610,26],"acf":[],"yoast_head":"<!-- This site is optimized with the Yoast SEO plugin v23.0 - https:\/\/yoast.com\/wordpress\/plugins\/seo\/ -->\n<title>Obra e recupera\u00e7\u00e3o da galeria subterr\u00e2nea no bairro Compensa<\/title>\n<meta name=\"description\" content=\"Prefeitura de Manaus, por meio da Seminf, realiza obra emergencial e recupera galeria subterr\u00e2nea no bairro Compensa.\" \/>\n<meta name=\"robots\" content=\"index, follow, max-snippet:-1, max-image-preview:large, max-video-preview:-1\" \/>\n<link rel=\"canonical\" href=\"https:\/\/www.manaus.am.gov.br\/seminf\/obra-recuperacao-galeria-subterranea-compensa\/\" \/>\n<meta property=\"og:locale\" content=\"pt_BR\" \/>\n<meta property=\"og:type\" content=\"article\" \/>\n<meta property=\"og:title\" content=\"Obra e recupera\u00e7\u00e3o da galeria subterr\u00e2nea no bairro Compensa\" \/>\n<meta property=\"og:description\" content=\"Prefeitura de Manaus, por meio da Seminf, realiza obra emergencial e recupera galeria subterr\u00e2nea no bairro Compensa.\" \/>\n<meta property=\"og:url\" content=\"https:\/\/www.manaus.am.gov.br\/seminf\/obra-recuperacao-galeria-subterranea-compensa\/\" \/>\n<meta property=\"og:site_name\" content=\"SEMINF\" \/>\n<meta property=\"article:published_time\" content=\"2025-10-09T20:23:14+00:00\" \/>\n<meta property=\"og:image\" content=\"https:\/\/www.manaus.am.gov.br\/seminf\/wp-content\/uploads\/sites\/6\/2025\/10\/Manutencao-2.jpeg\" \/>\n\t<meta property=\"og:image:width\" content=\"1600\" \/>\n\t<meta property=\"og:image:height\" content=\"1066\" \/>\n\t<meta property=\"og:image:type\" content=\"image\/jpeg\" \/>\n<meta name=\"author\" content=\"Bruna Greco\" \/>\n<meta name=\"twitter:card\" content=\"summary_large_image\" \/>\n<meta name=\"twitter:label1\" content=\"Written by\" \/>\n\t<meta name=\"twitter:data1\" content=\"Bruna Greco\" \/>\n\t<meta name=\"twitter:label2\" content=\"Est. reading time\" \/>\n\t<meta name=\"twitter:data2\" content=\"3 minutos\" \/>\n<script type=\"application\/ld+json\" class=\"yoast-schema-graph\">{\"@context\":\"https:\/\/schema.org\",\"@graph\":[{\"@type\":\"WebPage\",\"@id\":\"https:\/\/www.manaus.am.gov.br\/seminf\/obra-recuperacao-galeria-subterranea-compensa\/\",\"url\":\"https:\/\/www.manaus.am.gov.br\/seminf\/obra-recuperacao-galeria-subterranea-compensa\/\",\"name\":\"Obra e recupera\u00e7\u00e3o da galeria subterr\u00e2nea no bairro Compensa\",\"isPartOf\":{\"@id\":\"https:\/\/www.manaus.am.gov.br\/seminf\/#website\"},\"primaryImageOfPage\":{\"@id\":\"https:\/\/www.manaus.am.gov.br\/seminf\/obra-recuperacao-galeria-subterranea-compensa\/#primaryimage\"},\"image\":{\"@id\":\"https:\/\/www.manaus.am.gov.br\/seminf\/obra-recuperacao-galeria-subterranea-compensa\/#primaryimage\"},\"thumbnailUrl\":\"https:\/\/www.manaus.am.gov.br\/seminf\/wp-content\/uploads\/sites\/6\/2025\/10\/Manutencao-2.jpeg\",\"datePublished\":\"2025-10-09T20:23:14+00:00\",\"dateModified\":\"2025-10-09T20:23:14+00:00\",\"author\":{\"@id\":\"https:\/\/www.manaus.am.gov.br\/seminf\/#\/schema\/person\/05d223aea2bf115f9883a6ff3683d81b\"},\"description\":\"Prefeitura de Manaus, por meio da Seminf, realiza obra emergencial e recupera galeria subterr\u00e2nea no bairro Compensa.\",\"inLanguage\":\"pt-BR\",\"potentialAction\":[{\"@type\":\"ReadAction\",\"target\":[\"https:\/\/www.manaus.am.gov.br\/seminf\/obra-recuperacao-galeria-subterranea-compensa\/\"]}]},{\"@type\":\"ImageObject\",\"inLanguage\":\"pt-BR\",\"@id\":\"https:\/\/www.manaus.am.gov.br\/seminf\/obra-recuperacao-galeria-subterranea-compensa\/#primaryimage\",\"url\":\"https:\/\/www.manaus.am.gov.br\/seminf\/wp-content\/uploads\/sites\/6\/2025\/10\/Manutencao-2.jpeg\",\"contentUrl\":\"https:\/\/www.manaus.am.gov.br\/seminf\/wp-content\/uploads\/sites\/6\/2025\/10\/Manutencao-2.jpeg\",\"width\":1600,\"height\":1066,\"caption\":\"#paratodosverem - Equipe da Seminf realizando uma obra emergencial para recuperar uma galeria subterr\u00e2nea na rua Bel\u00e9m, no bairro Compensa\"},{\"@type\":\"WebSite\",\"@id\":\"https:\/\/www.manaus.am.gov.br\/seminf\/#website\",\"url\":\"https:\/\/www.manaus.am.gov.br\/seminf\/\",\"name\":\"Secretaria de Infraestrutura\",\"description\":\"Secretaria Municipal de Infraestrutura\",\"potentialAction\":[{\"@type\":\"SearchAction\",\"target\":{\"@type\":\"EntryPoint\",\"urlTemplate\":\"https:\/\/www.manaus.am.gov.br\/seminf\/?s={search_term_string}\"},\"query-input\":\"required name=search_term_string\"}],\"inLanguage\":\"pt-BR\"},{\"@type\":\"Person\",\"@id\":\"https:\/\/www.manaus.am.gov.br\/seminf\/#\/schema\/person\/05d223aea2bf115f9883a6ff3683d81b\",\"name\":\"Bruna Greco\",\"image\":{\"@type\":\"ImageObject\",\"inLanguage\":\"pt-BR\",\"@id\":\"https:\/\/www.manaus.am.gov.br\/seminf\/#\/schema\/person\/image\/\",\"url\":\"https:\/\/secure.gravatar.com\/avatar\/9c877d1a6adc2a055330e5c09a8653ce?s=96&d=mm&r=g\",\"contentUrl\":\"https:\/\/secure.gravatar.com\/avatar\/9c877d1a6adc2a055330e5c09a8653ce?s=96&d=mm&r=g\",\"caption\":\"Bruna Greco\"}}]}<\/script>\n<!-- \/ Yoast SEO plugin. -->","yoast_head_json":{"title":"Obra e recupera\u00e7\u00e3o da galeria subterr\u00e2nea no bairro Compensa","description":"Prefeitura de Manaus, por meio da Seminf, realiza obra emergencial e recupera galeria subterr\u00e2nea no bairro Compensa.","robots":{"index":"index","follow":"follow","max-snippet":"max-snippet:-1","max-image-preview":"max-image-preview:large","max-video-preview":"max-video-preview:-1"},"canonical":"https:\/\/www.manaus.am.gov.br\/seminf\/obra-recuperacao-galeria-subterranea-compensa\/","og_locale":"pt_BR","og_type":"article","og_title":"Obra e recupera\u00e7\u00e3o da galeria subterr\u00e2nea no bairro Compensa","og_description":"Prefeitura de Manaus, por meio da Seminf, realiza obra emergencial e recupera galeria subterr\u00e2nea no bairro Compensa.","og_url":"https:\/\/www.manaus.am.gov.br\/seminf\/obra-recuperacao-galeria-subterranea-compensa\/","og_site_name":"SEMINF","article_published_time":"2025-10-09T20:23:14+00:00","og_image":[{"width":1600,"height":1066,"url":"https:\/\/www.manaus.am.gov.br\/seminf\/wp-content\/uploads\/sites\/6\/2025\/10\/Manutencao-2.jpeg","type":"image\/jpeg"}],"author":"Bruna Greco","twitter_card":"summary_large_image","twitter_misc":{"Written by":"Bruna Greco","Est. reading time":"3 minutos"},"schema":{"@context":"https:\/\/schema.org","@graph":[{"@type":"WebPage","@id":"https:\/\/www.manaus.am.gov.br\/seminf\/obra-recuperacao-galeria-subterranea-compensa\/","url":"https:\/\/www.manaus.am.gov.br\/seminf\/obra-recuperacao-galeria-subterranea-compensa\/","name":"Obra e recupera\u00e7\u00e3o da galeria subterr\u00e2nea no bairro Compensa","isPartOf":{"@id":"https:\/\/www.manaus.am.gov.br\/seminf\/#website"},"primaryImageOfPage":{"@id":"https:\/\/www.manaus.am.gov.br\/seminf\/obra-recuperacao-galeria-subterranea-compensa\/#primaryimage"},"image":{"@id":"https:\/\/www.manaus.am.gov.br\/seminf\/obra-recuperacao-galeria-subterranea-compensa\/#primaryimage"},"thumbnailUrl":"https:\/\/www.manaus.am.gov.br\/seminf\/wp-content\/uploads\/sites\/6\/2025\/10\/Manutencao-2.jpeg","datePublished":"2025-10-09T20:23:14+00:00","dateModified":"2025-10-09T20:23:14+00:00","author":{"@id":"https:\/\/www.manaus.am.gov.br\/seminf\/#\/schema\/person\/05d223aea2bf115f9883a6ff3683d81b"},"description":"Prefeitura de Manaus, por meio da Seminf, realiza obra emergencial e recupera galeria subterr\u00e2nea no bairro Compensa.","inLanguage":"pt-BR","potentialAction":[{"@type":"ReadAction","target":["https:\/\/www.manaus.am.gov.br\/seminf\/obra-recuperacao-galeria-subterranea-compensa\/"]}]},{"@type":"ImageObject","inLanguage":"pt-BR","@id":"https:\/\/www.manaus.am.gov.br\/seminf\/obra-recuperacao-galeria-subterranea-compensa\/#primaryimage","url":"https:\/\/www.manaus.am.gov.br\/seminf\/wp-content\/uploads\/sites\/6\/2025\/10\/Manutencao-2.jpeg","contentUrl":"https:\/\/www.manaus.am.gov.br\/seminf\/wp-content\/uploads\/sites\/6\/2025\/10\/Manutencao-2.jpeg","width":1600,"height":1066,"caption":"#paratodosverem - Equipe da Seminf realizando uma obra emergencial para recuperar uma galeria subterr\u00e2nea na rua Bel\u00e9m, no bairro Compensa"},{"@type":"WebSite","@id":"https:\/\/www.manaus.am.gov.br\/seminf\/#website","url":"https:\/\/www.manaus.am.gov.br\/seminf\/","name":"Secretaria de Infraestrutura","description":"Secretaria Municipal de Infraestrutura","potentialAction":[{"@type":"SearchAction","target":{"@type":"EntryPoint","urlTemplate":"https:\/\/www.manaus.am.gov.br\/seminf\/?s={search_term_string}"},"query-input":"required name=search_term_string"}],"inLanguage":"pt-BR"},{"@type":"Person","@id":"https:\/\/www.manaus.am.gov.br\/seminf\/#\/schema\/person\/05d223aea2bf115f9883a6ff3683d81b","name":"Bruna Greco","image":{"@type":"ImageObject","inLanguage":"pt-BR","@id":"https:\/\/www.manaus.am.gov.br\/seminf\/#\/schema\/person\/image\/","url":"https:\/\/secure.gravatar.com\/avatar\/9c877d1a6adc2a055330e5c09a8653ce?s=96&d=mm&r=g","contentUrl":"https:\/\/secure.gravatar.com\/avatar\/9c877d1a6adc2a055330e5c09a8653ce?s=96&d=mm&r=g","caption":"Bruna Greco"}}]}},"_links":{"self":[{"href":"https:\/\/www.manaus.am.gov.br\/seminf\/wp-json\/wp\/v2\/posts\/7217"}],"collection":[{"href":"https:\/\/www.manaus.am.gov.br\/seminf\/wp-json\/wp\/v2\/posts"}],"about":[{"href":"https:\/\/www.manaus.am.gov.br\/seminf\/wp-json\/wp\/v2\/types\/post"}],"author":[{"embeddable":true,"href":"https:\/\/www.manaus.am.gov.br\/seminf\/wp-json\/wp\/v2\/users\/39"}],"replies":[{"embeddable":true,"href":"https:\/\/www.manaus.am.gov.br\/seminf\/wp-json\/wp\/v2\/comments?post=7217"}],"version-history":[{"count":1,"href":"https:\/\/www.manaus.am.gov.br\/seminf\/wp-json\/wp\/v2\/posts\/7217\/revisions"}],"predecessor-version":[{"id":7220,"href":"https:\/\/www.manaus.am.gov.br\/seminf\/wp-json\/wp\/v2\/posts\/7217\/revisions\/7220"}],"wp:featuredmedia":[{"embeddable":true,"href":"https:\/\/www.manaus.am.gov.br\/seminf\/wp-json\/wp\/v2\/media\/7218"}],"wp:attachment":[{"href":"https:\/\/www.manaus.am.gov.br\/seminf\/wp-json\/wp\/v2\/media?parent=7217"}],"wp:term":[{"taxonomy":"category","embeddable":true,"href":"https:\/\/www.manaus.am.gov.br\/seminf\/wp-json\/wp\/v2\/categories?post=7217"},{"taxonomy":"post_tag","embeddable":true,"href":"https:\/\/www.manaus.am.gov.br\/seminf\/wp-json\/wp\/v2\/tags?post=7217"}],"curies":[{"name":"wp","href":"https:\/\/api.w.org\/{rel}","templated":true}]}}