{"id":7213,"date":"2025-10-09T15:22:03","date_gmt":"2025-10-09T19:22:03","guid":{"rendered":"https:\/\/www.manaus.am.gov.br\/seminf\/limpeza-desobstrucao-caixa-coletora-alvorada\/"},"modified":"2025-10-09T15:22:03","modified_gmt":"2025-10-09T19:22:03","slug":"limpeza-desobstrucao-caixa-coletora-alvorada","status":"publish","type":"post","link":"https:\/\/www.manaus.am.gov.br\/seminf\/limpeza-desobstrucao-caixa-coletora-alvorada\/","title":{"rendered":"Prefeitura de Manaus realiza limpeza e desobstru\u00e7\u00e3o em caixa coletora na avenida Dom Pedro"},"content":{"rendered":"\n<p>Com intuito de manter a cidade ordenada, a equipe da Secretaria Municipal de Infraestrutura (Seminf), da Prefeitura de Manaus, realiza diversos servi\u00e7os essenciais, entre eles, a desobstru\u00e7\u00e3o e limpeza das caixas coletoras. Nesta quinta-feira, 9\/10, essa a\u00e7\u00e3o foi executada na avenida Dom Pedro, no bairro Alvorada, zona Centro-Oeste, em uma caixa coletora que estava obstru\u00edda por lixo.<\/p>\n\n\n\n<p>O vice-prefeito e secret\u00e1rio de Obras, Renato Junior, afirma que esse trabalho \u00e9 fundamental para prevenir alagamentos e garantir mais seguran\u00e7a \u00e0 popula\u00e7\u00e3o. Ele destaca ainda que as equipes atuam de forma cont\u00ednua, com a\u00e7\u00f5es realizadas diariamente.<\/p>\n\n\n\n<p>\u201cTodos os dias as equipes da Secretaria de Obras est\u00e3o empenhadas em realizar a limpeza e desobstru\u00e7\u00e3o das caixas coletoras, um trabalho que parece simples e passa at\u00e9 despercebido, mas que tem uma grande funcionalidade em evitar transtornos como alagamentos. A gest\u00e3o do prefeito David Almeida est\u00e1 fazendo a sua parte e contamos com o apoio da popula\u00e7\u00e3o em jogar o lixo no lugar certo\u201d, ressalta Renato Junior.&nbsp;<\/p>\n\n\n\n<p>Com o apoio de um caminh\u00e3o hidrojato, as equipes realizaram a remo\u00e7\u00e3o de diversos res\u00edduos de dentro da caixa coletora. Entre os materiais encontrados estavam marmitas, garrafas pl\u00e1sticas e at\u00e9 um par de sand\u00e1lias. O descarte incorreto desses objetos impede o escoamento adequado das \u00e1guas das chuvas e compromete o funcionamento da drenagem.<\/p>\n\n\n\n<p>A comerciante Maria Gomes, de 47 anos, \u00e9 propriet\u00e1ria de um restaurante que fica pr\u00f3ximo \u00e0 caixa coletora. Ela relatou sobre a a\u00e7\u00e3o ben\u00e9fica da prefeitura na localidade, mas deixou o seu recado de conscientiza\u00e7\u00e3o para a popula\u00e7\u00e3o.&nbsp;<\/p>\n\n\n\n<p>\u201cA Prefeitura de Manaus est\u00e1 fazendo o servi\u00e7o periodicamente, desentupindo esse bueiro, que quando entope prejudica a mim e ao meu restaurante, que tenho aqui nesta \u00e1rea. Mas, tudo isso acontece por conta do descarte irregular. A popula\u00e7\u00e3o precisa ter a consci\u00eancia de n\u00e3o jogar o lixo na rua, nem que seja um papelzinho de bombom, um canudo ou um copo pl\u00e1stico. Se todo ser humano pensasse assim em n\u00e3o jogar lixo na rua, n\u00e3o existiria bueiro entupido\u201d, concluiu a comerciante.<\/p>\n\n\n\n<figure class=\"wp-block-image size-large\"><img loading=\"lazy\" decoding=\"async\" width=\"1024\" height=\"682\" src=\"https:\/\/www.manaus.am.gov.br\/seminf\/wp-content\/uploads\/sites\/6\/2025\/10\/Acao-3-1024x682.jpeg\" alt=\"\" class=\"wp-image-7215\" srcset=\"https:\/\/www.manaus.am.gov.br\/seminf\/wp-content\/uploads\/sites\/6\/2025\/10\/Acao-3-1024x682.jpeg 1024w, https:\/\/www.manaus.am.gov.br\/seminf\/wp-content\/uploads\/sites\/6\/2025\/10\/Acao-3-300x200.jpeg 300w, https:\/\/www.manaus.am.gov.br\/seminf\/wp-content\/uploads\/sites\/6\/2025\/10\/Acao-3-768x512.jpeg 768w, https:\/\/www.manaus.am.gov.br\/seminf\/wp-content\/uploads\/sites\/6\/2025\/10\/Acao-3-1536x1023.jpeg 1536w, https:\/\/www.manaus.am.gov.br\/seminf\/wp-content\/uploads\/sites\/6\/2025\/10\/Acao-3.jpeg 1600w\" sizes=\"(max-width: 1024px) 100vw, 1024px\" \/><\/figure>\n\n\n\n<p>&#8212; &#8212; &#8212;<\/p>\n\n\n\n<p><strong>Texto &#8211;<\/strong>\u00a0Rayana Coutinho\/Seminf\u00a0<\/p>\n\n\n\n<p><strong>Fotos &#8211;<\/strong> M\u00e1rcio Melo\/Seminf<\/p>\n","protected":false},"excerpt":{"rendered":"","protected":false},"author":39,"featured_media":7214,"comment_status":"closed","ping_status":"closed","sticky":false,"template":"","format":"standard","meta":{"footnotes":""},"categories":[12],"tags":[2616,124,2265,1535,43,26],"acf":[],"yoast_head":"<!-- This site is optimized with the Yoast SEO plugin v23.0 - https:\/\/yoast.com\/wordpress\/plugins\/seo\/ -->\n<title>Limpeza e desobstru\u00e7\u00e3o em caixa coletora na avenida Dom Pedro<\/title>\n<meta name=\"description\" content=\"Prefeitura de Manaus, por meio da Seminf, realiza limpeza e desobstru\u00e7\u00e3o em caixa coletora na avenida Dom Pedro.\" \/>\n<meta name=\"robots\" content=\"index, follow, max-snippet:-1, max-image-preview:large, max-video-preview:-1\" \/>\n<link rel=\"canonical\" href=\"https:\/\/www.manaus.am.gov.br\/seminf\/limpeza-desobstrucao-caixa-coletora-alvorada\/\" \/>\n<meta property=\"og:locale\" content=\"pt_BR\" \/>\n<meta property=\"og:type\" content=\"article\" \/>\n<meta property=\"og:title\" content=\"Limpeza e desobstru\u00e7\u00e3o em caixa coletora na avenida Dom Pedro\" \/>\n<meta property=\"og:description\" content=\"Prefeitura de Manaus, por meio da Seminf, realiza limpeza e desobstru\u00e7\u00e3o em caixa coletora na avenida Dom Pedro.\" \/>\n<meta property=\"og:url\" content=\"https:\/\/www.manaus.am.gov.br\/seminf\/limpeza-desobstrucao-caixa-coletora-alvorada\/\" \/>\n<meta property=\"og:site_name\" content=\"SEMINF\" \/>\n<meta property=\"article:published_time\" content=\"2025-10-09T19:22:03+00:00\" \/>\n<meta property=\"og:image\" content=\"https:\/\/www.manaus.am.gov.br\/seminf\/wp-content\/uploads\/sites\/6\/2025\/10\/Acao-1.jpeg\" \/>\n\t<meta property=\"og:image:width\" content=\"1600\" \/>\n\t<meta property=\"og:image:height\" content=\"1066\" \/>\n\t<meta property=\"og:image:type\" content=\"image\/jpeg\" \/>\n<meta name=\"author\" content=\"Bruna Greco\" \/>\n<meta name=\"twitter:card\" content=\"summary_large_image\" \/>\n<meta name=\"twitter:label1\" content=\"Written by\" \/>\n\t<meta name=\"twitter:data1\" content=\"Bruna Greco\" \/>\n\t<meta name=\"twitter:label2\" content=\"Est. reading time\" \/>\n\t<meta name=\"twitter:data2\" content=\"3 minutos\" \/>\n<script type=\"application\/ld+json\" class=\"yoast-schema-graph\">{\"@context\":\"https:\/\/schema.org\",\"@graph\":[{\"@type\":\"WebPage\",\"@id\":\"https:\/\/www.manaus.am.gov.br\/seminf\/limpeza-desobstrucao-caixa-coletora-alvorada\/\",\"url\":\"https:\/\/www.manaus.am.gov.br\/seminf\/limpeza-desobstrucao-caixa-coletora-alvorada\/\",\"name\":\"Limpeza e desobstru\u00e7\u00e3o em caixa coletora na avenida Dom Pedro\",\"isPartOf\":{\"@id\":\"https:\/\/www.manaus.am.gov.br\/seminf\/#website\"},\"primaryImageOfPage\":{\"@id\":\"https:\/\/www.manaus.am.gov.br\/seminf\/limpeza-desobstrucao-caixa-coletora-alvorada\/#primaryimage\"},\"image\":{\"@id\":\"https:\/\/www.manaus.am.gov.br\/seminf\/limpeza-desobstrucao-caixa-coletora-alvorada\/#primaryimage\"},\"thumbnailUrl\":\"https:\/\/www.manaus.am.gov.br\/seminf\/wp-content\/uploads\/sites\/6\/2025\/10\/Acao-1.jpeg\",\"datePublished\":\"2025-10-09T19:22:03+00:00\",\"dateModified\":\"2025-10-09T19:22:03+00:00\",\"author\":{\"@id\":\"https:\/\/www.manaus.am.gov.br\/seminf\/#\/schema\/person\/05d223aea2bf115f9883a6ff3683d81b\"},\"description\":\"Prefeitura de Manaus, por meio da Seminf, realiza limpeza e desobstru\u00e7\u00e3o em caixa coletora na avenida Dom Pedro.\",\"inLanguage\":\"pt-BR\",\"potentialAction\":[{\"@type\":\"ReadAction\",\"target\":[\"https:\/\/www.manaus.am.gov.br\/seminf\/limpeza-desobstrucao-caixa-coletora-alvorada\/\"]}]},{\"@type\":\"ImageObject\",\"inLanguage\":\"pt-BR\",\"@id\":\"https:\/\/www.manaus.am.gov.br\/seminf\/limpeza-desobstrucao-caixa-coletora-alvorada\/#primaryimage\",\"url\":\"https:\/\/www.manaus.am.gov.br\/seminf\/wp-content\/uploads\/sites\/6\/2025\/10\/Acao-1.jpeg\",\"contentUrl\":\"https:\/\/www.manaus.am.gov.br\/seminf\/wp-content\/uploads\/sites\/6\/2025\/10\/Acao-1.jpeg\",\"width\":1600,\"height\":1066,\"caption\":\"#paratodosverem - Equipe da Seminf realizando a desobstru\u00e7\u00e3o de caixa coletora na avenida Dom Pedro, no bairro Alvorada\"},{\"@type\":\"WebSite\",\"@id\":\"https:\/\/www.manaus.am.gov.br\/seminf\/#website\",\"url\":\"https:\/\/www.manaus.am.gov.br\/seminf\/\",\"name\":\"Secretaria de Infraestrutura\",\"description\":\"Secretaria Municipal de Infraestrutura\",\"potentialAction\":[{\"@type\":\"SearchAction\",\"target\":{\"@type\":\"EntryPoint\",\"urlTemplate\":\"https:\/\/www.manaus.am.gov.br\/seminf\/?s={search_term_string}\"},\"query-input\":\"required name=search_term_string\"}],\"inLanguage\":\"pt-BR\"},{\"@type\":\"Person\",\"@id\":\"https:\/\/www.manaus.am.gov.br\/seminf\/#\/schema\/person\/05d223aea2bf115f9883a6ff3683d81b\",\"name\":\"Bruna Greco\",\"image\":{\"@type\":\"ImageObject\",\"inLanguage\":\"pt-BR\",\"@id\":\"https:\/\/www.manaus.am.gov.br\/seminf\/#\/schema\/person\/image\/\",\"url\":\"https:\/\/secure.gravatar.com\/avatar\/9c877d1a6adc2a055330e5c09a8653ce?s=96&d=mm&r=g\",\"contentUrl\":\"https:\/\/secure.gravatar.com\/avatar\/9c877d1a6adc2a055330e5c09a8653ce?s=96&d=mm&r=g\",\"caption\":\"Bruna Greco\"}}]}<\/script>\n<!-- \/ Yoast SEO plugin. -->","yoast_head_json":{"title":"Limpeza e desobstru\u00e7\u00e3o em caixa coletora na avenida Dom Pedro","description":"Prefeitura de Manaus, por meio da Seminf, realiza limpeza e desobstru\u00e7\u00e3o em caixa coletora na avenida Dom Pedro.","robots":{"index":"index","follow":"follow","max-snippet":"max-snippet:-1","max-image-preview":"max-image-preview:large","max-video-preview":"max-video-preview:-1"},"canonical":"https:\/\/www.manaus.am.gov.br\/seminf\/limpeza-desobstrucao-caixa-coletora-alvorada\/","og_locale":"pt_BR","og_type":"article","og_title":"Limpeza e desobstru\u00e7\u00e3o em caixa coletora na avenida Dom Pedro","og_description":"Prefeitura de Manaus, por meio da Seminf, realiza limpeza e desobstru\u00e7\u00e3o em caixa coletora na avenida Dom Pedro.","og_url":"https:\/\/www.manaus.am.gov.br\/seminf\/limpeza-desobstrucao-caixa-coletora-alvorada\/","og_site_name":"SEMINF","article_published_time":"2025-10-09T19:22:03+00:00","og_image":[{"width":1600,"height":1066,"url":"https:\/\/www.manaus.am.gov.br\/seminf\/wp-content\/uploads\/sites\/6\/2025\/10\/Acao-1.jpeg","type":"image\/jpeg"}],"author":"Bruna Greco","twitter_card":"summary_large_image","twitter_misc":{"Written by":"Bruna Greco","Est. reading time":"3 minutos"},"schema":{"@context":"https:\/\/schema.org","@graph":[{"@type":"WebPage","@id":"https:\/\/www.manaus.am.gov.br\/seminf\/limpeza-desobstrucao-caixa-coletora-alvorada\/","url":"https:\/\/www.manaus.am.gov.br\/seminf\/limpeza-desobstrucao-caixa-coletora-alvorada\/","name":"Limpeza e desobstru\u00e7\u00e3o em caixa coletora na avenida Dom Pedro","isPartOf":{"@id":"https:\/\/www.manaus.am.gov.br\/seminf\/#website"},"primaryImageOfPage":{"@id":"https:\/\/www.manaus.am.gov.br\/seminf\/limpeza-desobstrucao-caixa-coletora-alvorada\/#primaryimage"},"image":{"@id":"https:\/\/www.manaus.am.gov.br\/seminf\/limpeza-desobstrucao-caixa-coletora-alvorada\/#primaryimage"},"thumbnailUrl":"https:\/\/www.manaus.am.gov.br\/seminf\/wp-content\/uploads\/sites\/6\/2025\/10\/Acao-1.jpeg","datePublished":"2025-10-09T19:22:03+00:00","dateModified":"2025-10-09T19:22:03+00:00","author":{"@id":"https:\/\/www.manaus.am.gov.br\/seminf\/#\/schema\/person\/05d223aea2bf115f9883a6ff3683d81b"},"description":"Prefeitura de Manaus, por meio da Seminf, realiza limpeza e desobstru\u00e7\u00e3o em caixa coletora na avenida Dom Pedro.","inLanguage":"pt-BR","potentialAction":[{"@type":"ReadAction","target":["https:\/\/www.manaus.am.gov.br\/seminf\/limpeza-desobstrucao-caixa-coletora-alvorada\/"]}]},{"@type":"ImageObject","inLanguage":"pt-BR","@id":"https:\/\/www.manaus.am.gov.br\/seminf\/limpeza-desobstrucao-caixa-coletora-alvorada\/#primaryimage","url":"https:\/\/www.manaus.am.gov.br\/seminf\/wp-content\/uploads\/sites\/6\/2025\/10\/Acao-1.jpeg","contentUrl":"https:\/\/www.manaus.am.gov.br\/seminf\/wp-content\/uploads\/sites\/6\/2025\/10\/Acao-1.jpeg","width":1600,"height":1066,"caption":"#paratodosverem - Equipe da Seminf realizando a desobstru\u00e7\u00e3o de caixa coletora na avenida Dom Pedro, no bairro Alvorada"},{"@type":"WebSite","@id":"https:\/\/www.manaus.am.gov.br\/seminf\/#website","url":"https:\/\/www.manaus.am.gov.br\/seminf\/","name":"Secretaria de Infraestrutura","description":"Secretaria Municipal de Infraestrutura","potentialAction":[{"@type":"SearchAction","target":{"@type":"EntryPoint","urlTemplate":"https:\/\/www.manaus.am.gov.br\/seminf\/?s={search_term_string}"},"query-input":"required name=search_term_string"}],"inLanguage":"pt-BR"},{"@type":"Person","@id":"https:\/\/www.manaus.am.gov.br\/seminf\/#\/schema\/person\/05d223aea2bf115f9883a6ff3683d81b","name":"Bruna Greco","image":{"@type":"ImageObject","inLanguage":"pt-BR","@id":"https:\/\/www.manaus.am.gov.br\/seminf\/#\/schema\/person\/image\/","url":"https:\/\/secure.gravatar.com\/avatar\/9c877d1a6adc2a055330e5c09a8653ce?s=96&d=mm&r=g","contentUrl":"https:\/\/secure.gravatar.com\/avatar\/9c877d1a6adc2a055330e5c09a8653ce?s=96&d=mm&r=g","caption":"Bruna Greco"}}]}},"_links":{"self":[{"href":"https:\/\/www.manaus.am.gov.br\/seminf\/wp-json\/wp\/v2\/posts\/7213"}],"collection":[{"href":"https:\/\/www.manaus.am.gov.br\/seminf\/wp-json\/wp\/v2\/posts"}],"about":[{"href":"https:\/\/www.manaus.am.gov.br\/seminf\/wp-json\/wp\/v2\/types\/post"}],"author":[{"embeddable":true,"href":"https:\/\/www.manaus.am.gov.br\/seminf\/wp-json\/wp\/v2\/users\/39"}],"replies":[{"embeddable":true,"href":"https:\/\/www.manaus.am.gov.br\/seminf\/wp-json\/wp\/v2\/comments?post=7213"}],"version-history":[{"count":1,"href":"https:\/\/www.manaus.am.gov.br\/seminf\/wp-json\/wp\/v2\/posts\/7213\/revisions"}],"predecessor-version":[{"id":7216,"href":"https:\/\/www.manaus.am.gov.br\/seminf\/wp-json\/wp\/v2\/posts\/7213\/revisions\/7216"}],"wp:featuredmedia":[{"embeddable":true,"href":"https:\/\/www.manaus.am.gov.br\/seminf\/wp-json\/wp\/v2\/media\/7214"}],"wp:attachment":[{"href":"https:\/\/www.manaus.am.gov.br\/seminf\/wp-json\/wp\/v2\/media?parent=7213"}],"wp:term":[{"taxonomy":"category","embeddable":true,"href":"https:\/\/www.manaus.am.gov.br\/seminf\/wp-json\/wp\/v2\/categories?post=7213"},{"taxonomy":"post_tag","embeddable":true,"href":"https:\/\/www.manaus.am.gov.br\/seminf\/wp-json\/wp\/v2\/tags?post=7213"}],"curies":[{"name":"wp","href":"https:\/\/api.w.org\/{rel}","templated":true}]}}