{"id":7211,"date":"2025-10-09T12:19:29","date_gmt":"2025-10-09T16:19:29","guid":{"rendered":"https:\/\/www.manaus.am.gov.br\/seminf\/prefeitura-seminf-drenagem-coroado\/"},"modified":"2025-10-09T12:19:30","modified_gmt":"2025-10-09T16:19:30","slug":"prefeitura-seminf-drenagem-coroado","status":"publish","type":"post","link":"https:\/\/www.manaus.am.gov.br\/seminf\/prefeitura-seminf-drenagem-coroado\/","title":{"rendered":"Prefeitura de Manaus moderniza sistema de drenagem profunda no bairro Coroado"},"content":{"rendered":"\n<p>A Prefeitura de Manaus, por meio da Secretaria Municipal de Infraestrutura (Seminf), executou, nesta quinta-feira, 9\/10, uma obra de revitaliza\u00e7\u00e3o do sistema de drenagem profunda no beco Alameda dos Inocentes, bairro Coroado, zona Leste da capital. A interven\u00e7\u00e3o faz parte do plano de moderniza\u00e7\u00e3o da infraestrutura da cidade, com foco na preven\u00e7\u00e3o de alagamentos e na melhoria da qualidade de vida dos moradores.<\/p>\n\n\n\n<p>A antiga galeria subterr\u00e2nea, que apresentava desgaste e baixa capacidade de escoamento, foi totalmente reestruturada. As equipes da Seminf substitu\u00edram os tubos antigos por novas estruturas de concreto armado, ampliando a resist\u00eancia e a durabilidade do sistema, o que garante mais efici\u00eancia no escoamento das \u00e1guas pluviais e reduz o risco de eros\u00f5es e danos \u00e0 via.<\/p>\n\n\n\n<p>Segundo o vice-prefeito e secret\u00e1rio de Obras, Renato Junior, a a\u00e7\u00e3o refor\u00e7a o compromisso da gest\u00e3o em atuar de forma preventiva e estrat\u00e9gica nas \u00e1reas que mais sofrem com o ac\u00famulo de \u00e1guas das chuvas.<\/p>\n\n\n\n<p>\u201cEstamos modernizando os sistemas de drenagem em todas as zonas da cidade. No Coroado, transformamos uma galeria antiga e ineficiente em uma estrutura moderna e resistente. \u00c9 assim que a gest\u00e3o do prefeito David Almeida trabalha, com planejamento, agilidade e resultados que impactam positivamente a vida da popula\u00e7\u00e3o\u201d, destacou Renato Junior.<\/p>\n\n\n\n<p>A Prefeitura de Manaus tem intensificado as a\u00e7\u00f5es de infraestrutura em todas as zonas da cidade, com prioridade \u00e0s obras que melhoram a mobilidade urbana e a seguran\u00e7a da popula\u00e7\u00e3o. Cada interven\u00e7\u00e3o executada representa um avan\u00e7o no compromisso da administra\u00e7\u00e3o municipal em construir uma Manaus mais preparada, com vias bem estruturadas e sistemas de drenagem capazes de suportar os per\u00edodos de fortes chuvas.<\/p>\n\n\n\n<p>Moradores da \u00e1rea, como o jardineiro Jo\u00e3o Batista Pereira, de 60 anos, reconheceram os benef\u00edcios da obra.<\/p>\n\n\n\n<p>\u201cAgrade\u00e7o muito \u00e0 prefeitura por estar arrumando esta rua por onde passo todos os dias. Obrigado ao prefeito e ao vice-prefeito por olharem pelo nosso bairro\u201d, afirmou o morador.<\/p>\n\n\n\n<p>A interven\u00e7\u00e3o no Coroado \u00e9 mais um exemplo do trabalho cont\u00ednuo da gest\u00e3o municipal em promover uma infraestrutura moderna, segura e eficiente, garantindo \u00e0 popula\u00e7\u00e3o uma cidade mais resiliente e com melhor qualidade de vida.<\/p>\n\n\n\n<p>&#8212; &#8212; &#8212;<\/p>\n\n\n\n<p><strong>Texto\u00a0<\/strong>&#8211; Maria Amed \/ Seminf<\/p>\n\n\n\n<p><strong>Fotos\u00a0<\/strong>&#8211; M\u00e1rcio Melo \/ Seminf<\/p>\n","protected":false},"excerpt":{"rendered":"","protected":false},"author":23,"featured_media":7212,"comment_status":"closed","ping_status":"closed","sticky":false,"template":"","format":"standard","meta":{"footnotes":""},"categories":[6],"tags":[654,43,73,26],"acf":[],"yoast_head":"<!-- This site is optimized with the Yoast SEO plugin v23.0 - https:\/\/yoast.com\/wordpress\/plugins\/seo\/ -->\n<title>Prefeitura de Manaus moderniza sistema de drenagem profunda no bairro Coroado<\/title>\n<meta name=\"description\" content=\"A Prefeitura de Manaus, por meio da Secretaria Municipal de Infraestrutura (Seminf), executou, nesta quinta-feira, 9\/10, uma obra de revitaliza\u00e7\u00e3o do sistema de drenagem profunda no beco Alameda dos Inocentes, bairro Coroado, zona Leste da capital. A interven\u00e7\u00e3o faz parte do plano de moderniza\u00e7\u00e3o da infraestrutura da cidade, com foco na preven\u00e7\u00e3o de alagamentos e na melhoria da qualidade de vida dos moradores.\" \/>\n<meta name=\"robots\" content=\"index, follow, max-snippet:-1, max-image-preview:large, max-video-preview:-1\" \/>\n<link rel=\"canonical\" href=\"https:\/\/www.manaus.am.gov.br\/seminf\/prefeitura-seminf-drenagem-coroado\/\" \/>\n<meta property=\"og:locale\" content=\"pt_BR\" \/>\n<meta property=\"og:type\" content=\"article\" \/>\n<meta property=\"og:title\" content=\"Prefeitura de Manaus moderniza sistema de drenagem profunda no bairro Coroado\" \/>\n<meta property=\"og:description\" content=\"A Prefeitura de Manaus, por meio da Secretaria Municipal de Infraestrutura (Seminf), executou, nesta quinta-feira, 9\/10, uma obra de revitaliza\u00e7\u00e3o do sistema de drenagem profunda no beco Alameda dos Inocentes, bairro Coroado, zona Leste da capital. A interven\u00e7\u00e3o faz parte do plano de moderniza\u00e7\u00e3o da infraestrutura da cidade, com foco na preven\u00e7\u00e3o de alagamentos e na melhoria da qualidade de vida dos moradores.\" \/>\n<meta property=\"og:url\" content=\"https:\/\/www.manaus.am.gov.br\/seminf\/prefeitura-seminf-drenagem-coroado\/\" \/>\n<meta property=\"og:site_name\" content=\"SEMINF\" \/>\n<meta property=\"article:published_time\" content=\"2025-10-09T16:19:29+00:00\" \/>\n<meta property=\"article:modified_time\" content=\"2025-10-09T16:19:30+00:00\" \/>\n<meta property=\"og:image\" content=\"https:\/\/www.manaus.am.gov.br\/seminf\/wp-content\/uploads\/sites\/6\/2025\/10\/WhatsApp-Image-2025-10-09-at-11.58.17-2.jpeg\" \/>\n\t<meta property=\"og:image:width\" content=\"1280\" \/>\n\t<meta property=\"og:image:height\" content=\"854\" \/>\n\t<meta property=\"og:image:type\" content=\"image\/jpeg\" \/>\n<meta name=\"author\" content=\"Adriana Costa\" \/>\n<meta name=\"twitter:card\" content=\"summary_large_image\" \/>\n<meta name=\"twitter:label1\" content=\"Written by\" \/>\n\t<meta name=\"twitter:data1\" content=\"Adriana Costa\" \/>\n\t<meta name=\"twitter:label2\" content=\"Est. reading time\" \/>\n\t<meta name=\"twitter:data2\" content=\"3 minutos\" \/>\n<script type=\"application\/ld+json\" class=\"yoast-schema-graph\">{\"@context\":\"https:\/\/schema.org\",\"@graph\":[{\"@type\":\"WebPage\",\"@id\":\"https:\/\/www.manaus.am.gov.br\/seminf\/prefeitura-seminf-drenagem-coroado\/\",\"url\":\"https:\/\/www.manaus.am.gov.br\/seminf\/prefeitura-seminf-drenagem-coroado\/\",\"name\":\"Prefeitura de Manaus moderniza sistema de drenagem profunda no bairro Coroado\",\"isPartOf\":{\"@id\":\"https:\/\/www.manaus.am.gov.br\/seminf\/#website\"},\"primaryImageOfPage\":{\"@id\":\"https:\/\/www.manaus.am.gov.br\/seminf\/prefeitura-seminf-drenagem-coroado\/#primaryimage\"},\"image\":{\"@id\":\"https:\/\/www.manaus.am.gov.br\/seminf\/prefeitura-seminf-drenagem-coroado\/#primaryimage\"},\"thumbnailUrl\":\"https:\/\/www.manaus.am.gov.br\/seminf\/wp-content\/uploads\/sites\/6\/2025\/10\/WhatsApp-Image-2025-10-09-at-11.58.17-2.jpeg\",\"datePublished\":\"2025-10-09T16:19:29+00:00\",\"dateModified\":\"2025-10-09T16:19:30+00:00\",\"author\":{\"@id\":\"https:\/\/www.manaus.am.gov.br\/seminf\/#\/schema\/person\/4e49f4e267757a06ca072ec61b2b9968\"},\"description\":\"A Prefeitura de Manaus, por meio da Secretaria Municipal de Infraestrutura (Seminf), executou, nesta quinta-feira, 9\/10, uma obra de revitaliza\u00e7\u00e3o do sistema de drenagem profunda no beco Alameda dos Inocentes, bairro Coroado, zona Leste da capital. A interven\u00e7\u00e3o faz parte do plano de moderniza\u00e7\u00e3o da infraestrutura da cidade, com foco na preven\u00e7\u00e3o de alagamentos e na melhoria da qualidade de vida dos moradores.\",\"inLanguage\":\"pt-BR\",\"potentialAction\":[{\"@type\":\"ReadAction\",\"target\":[\"https:\/\/www.manaus.am.gov.br\/seminf\/prefeitura-seminf-drenagem-coroado\/\"]}]},{\"@type\":\"ImageObject\",\"inLanguage\":\"pt-BR\",\"@id\":\"https:\/\/www.manaus.am.gov.br\/seminf\/prefeitura-seminf-drenagem-coroado\/#primaryimage\",\"url\":\"https:\/\/www.manaus.am.gov.br\/seminf\/wp-content\/uploads\/sites\/6\/2025\/10\/WhatsApp-Image-2025-10-09-at-11.58.17-2.jpeg\",\"contentUrl\":\"https:\/\/www.manaus.am.gov.br\/seminf\/wp-content\/uploads\/sites\/6\/2025\/10\/WhatsApp-Image-2025-10-09-at-11.58.17-2.jpeg\",\"width\":1280,\"height\":854,\"caption\":\"#paratodosverem - Trabalhadores da Seminf atuam em obra de rede de drenagem\"},{\"@type\":\"WebSite\",\"@id\":\"https:\/\/www.manaus.am.gov.br\/seminf\/#website\",\"url\":\"https:\/\/www.manaus.am.gov.br\/seminf\/\",\"name\":\"Secretaria de Infraestrutura\",\"description\":\"Secretaria Municipal de Infraestrutura\",\"potentialAction\":[{\"@type\":\"SearchAction\",\"target\":{\"@type\":\"EntryPoint\",\"urlTemplate\":\"https:\/\/www.manaus.am.gov.br\/seminf\/?s={search_term_string}\"},\"query-input\":\"required name=search_term_string\"}],\"inLanguage\":\"pt-BR\"},{\"@type\":\"Person\",\"@id\":\"https:\/\/www.manaus.am.gov.br\/seminf\/#\/schema\/person\/4e49f4e267757a06ca072ec61b2b9968\",\"name\":\"Adriana Costa\",\"image\":{\"@type\":\"ImageObject\",\"inLanguage\":\"pt-BR\",\"@id\":\"https:\/\/www.manaus.am.gov.br\/seminf\/#\/schema\/person\/image\/\",\"url\":\"https:\/\/secure.gravatar.com\/avatar\/576258617ef7194f718179e766d57bd4?s=96&d=mm&r=g\",\"contentUrl\":\"https:\/\/secure.gravatar.com\/avatar\/576258617ef7194f718179e766d57bd4?s=96&d=mm&r=g\",\"caption\":\"Adriana Costa\"}}]}<\/script>\n<!-- \/ Yoast SEO plugin. -->","yoast_head_json":{"title":"Prefeitura de Manaus moderniza sistema de drenagem profunda no bairro Coroado","description":"A Prefeitura de Manaus, por meio da Secretaria Municipal de Infraestrutura (Seminf), executou, nesta quinta-feira, 9\/10, uma obra de revitaliza\u00e7\u00e3o do sistema de drenagem profunda no beco Alameda dos Inocentes, bairro Coroado, zona Leste da capital. A interven\u00e7\u00e3o faz parte do plano de moderniza\u00e7\u00e3o da infraestrutura da cidade, com foco na preven\u00e7\u00e3o de alagamentos e na melhoria da qualidade de vida dos moradores.","robots":{"index":"index","follow":"follow","max-snippet":"max-snippet:-1","max-image-preview":"max-image-preview:large","max-video-preview":"max-video-preview:-1"},"canonical":"https:\/\/www.manaus.am.gov.br\/seminf\/prefeitura-seminf-drenagem-coroado\/","og_locale":"pt_BR","og_type":"article","og_title":"Prefeitura de Manaus moderniza sistema de drenagem profunda no bairro Coroado","og_description":"A Prefeitura de Manaus, por meio da Secretaria Municipal de Infraestrutura (Seminf), executou, nesta quinta-feira, 9\/10, uma obra de revitaliza\u00e7\u00e3o do sistema de drenagem profunda no beco Alameda dos Inocentes, bairro Coroado, zona Leste da capital. A interven\u00e7\u00e3o faz parte do plano de moderniza\u00e7\u00e3o da infraestrutura da cidade, com foco na preven\u00e7\u00e3o de alagamentos e na melhoria da qualidade de vida dos moradores.","og_url":"https:\/\/www.manaus.am.gov.br\/seminf\/prefeitura-seminf-drenagem-coroado\/","og_site_name":"SEMINF","article_published_time":"2025-10-09T16:19:29+00:00","article_modified_time":"2025-10-09T16:19:30+00:00","og_image":[{"width":1280,"height":854,"url":"https:\/\/www.manaus.am.gov.br\/seminf\/wp-content\/uploads\/sites\/6\/2025\/10\/WhatsApp-Image-2025-10-09-at-11.58.17-2.jpeg","type":"image\/jpeg"}],"author":"Adriana Costa","twitter_card":"summary_large_image","twitter_misc":{"Written by":"Adriana Costa","Est. reading time":"3 minutos"},"schema":{"@context":"https:\/\/schema.org","@graph":[{"@type":"WebPage","@id":"https:\/\/www.manaus.am.gov.br\/seminf\/prefeitura-seminf-drenagem-coroado\/","url":"https:\/\/www.manaus.am.gov.br\/seminf\/prefeitura-seminf-drenagem-coroado\/","name":"Prefeitura de Manaus moderniza sistema de drenagem profunda no bairro Coroado","isPartOf":{"@id":"https:\/\/www.manaus.am.gov.br\/seminf\/#website"},"primaryImageOfPage":{"@id":"https:\/\/www.manaus.am.gov.br\/seminf\/prefeitura-seminf-drenagem-coroado\/#primaryimage"},"image":{"@id":"https:\/\/www.manaus.am.gov.br\/seminf\/prefeitura-seminf-drenagem-coroado\/#primaryimage"},"thumbnailUrl":"https:\/\/www.manaus.am.gov.br\/seminf\/wp-content\/uploads\/sites\/6\/2025\/10\/WhatsApp-Image-2025-10-09-at-11.58.17-2.jpeg","datePublished":"2025-10-09T16:19:29+00:00","dateModified":"2025-10-09T16:19:30+00:00","author":{"@id":"https:\/\/www.manaus.am.gov.br\/seminf\/#\/schema\/person\/4e49f4e267757a06ca072ec61b2b9968"},"description":"A Prefeitura de Manaus, por meio da Secretaria Municipal de Infraestrutura (Seminf), executou, nesta quinta-feira, 9\/10, uma obra de revitaliza\u00e7\u00e3o do sistema de drenagem profunda no beco Alameda dos Inocentes, bairro Coroado, zona Leste da capital. A interven\u00e7\u00e3o faz parte do plano de moderniza\u00e7\u00e3o da infraestrutura da cidade, com foco na preven\u00e7\u00e3o de alagamentos e na melhoria da qualidade de vida dos moradores.","inLanguage":"pt-BR","potentialAction":[{"@type":"ReadAction","target":["https:\/\/www.manaus.am.gov.br\/seminf\/prefeitura-seminf-drenagem-coroado\/"]}]},{"@type":"ImageObject","inLanguage":"pt-BR","@id":"https:\/\/www.manaus.am.gov.br\/seminf\/prefeitura-seminf-drenagem-coroado\/#primaryimage","url":"https:\/\/www.manaus.am.gov.br\/seminf\/wp-content\/uploads\/sites\/6\/2025\/10\/WhatsApp-Image-2025-10-09-at-11.58.17-2.jpeg","contentUrl":"https:\/\/www.manaus.am.gov.br\/seminf\/wp-content\/uploads\/sites\/6\/2025\/10\/WhatsApp-Image-2025-10-09-at-11.58.17-2.jpeg","width":1280,"height":854,"caption":"#paratodosverem - Trabalhadores da Seminf atuam em obra de rede de drenagem"},{"@type":"WebSite","@id":"https:\/\/www.manaus.am.gov.br\/seminf\/#website","url":"https:\/\/www.manaus.am.gov.br\/seminf\/","name":"Secretaria de Infraestrutura","description":"Secretaria Municipal de Infraestrutura","potentialAction":[{"@type":"SearchAction","target":{"@type":"EntryPoint","urlTemplate":"https:\/\/www.manaus.am.gov.br\/seminf\/?s={search_term_string}"},"query-input":"required name=search_term_string"}],"inLanguage":"pt-BR"},{"@type":"Person","@id":"https:\/\/www.manaus.am.gov.br\/seminf\/#\/schema\/person\/4e49f4e267757a06ca072ec61b2b9968","name":"Adriana Costa","image":{"@type":"ImageObject","inLanguage":"pt-BR","@id":"https:\/\/www.manaus.am.gov.br\/seminf\/#\/schema\/person\/image\/","url":"https:\/\/secure.gravatar.com\/avatar\/576258617ef7194f718179e766d57bd4?s=96&d=mm&r=g","contentUrl":"https:\/\/secure.gravatar.com\/avatar\/576258617ef7194f718179e766d57bd4?s=96&d=mm&r=g","caption":"Adriana Costa"}}]}},"_links":{"self":[{"href":"https:\/\/www.manaus.am.gov.br\/seminf\/wp-json\/wp\/v2\/posts\/7211"}],"collection":[{"href":"https:\/\/www.manaus.am.gov.br\/seminf\/wp-json\/wp\/v2\/posts"}],"about":[{"href":"https:\/\/www.manaus.am.gov.br\/seminf\/wp-json\/wp\/v2\/types\/post"}],"author":[{"embeddable":true,"href":"https:\/\/www.manaus.am.gov.br\/seminf\/wp-json\/wp\/v2\/users\/23"}],"replies":[{"embeddable":true,"href":"https:\/\/www.manaus.am.gov.br\/seminf\/wp-json\/wp\/v2\/comments?post=7211"}],"version-history":[{"count":0,"href":"https:\/\/www.manaus.am.gov.br\/seminf\/wp-json\/wp\/v2\/posts\/7211\/revisions"}],"wp:featuredmedia":[{"embeddable":true,"href":"https:\/\/www.manaus.am.gov.br\/seminf\/wp-json\/wp\/v2\/media\/7212"}],"wp:attachment":[{"href":"https:\/\/www.manaus.am.gov.br\/seminf\/wp-json\/wp\/v2\/media?parent=7211"}],"wp:term":[{"taxonomy":"category","embeddable":true,"href":"https:\/\/www.manaus.am.gov.br\/seminf\/wp-json\/wp\/v2\/categories?post=7211"},{"taxonomy":"post_tag","embeddable":true,"href":"https:\/\/www.manaus.am.gov.br\/seminf\/wp-json\/wp\/v2\/tags?post=7211"}],"curies":[{"name":"wp","href":"https:\/\/api.w.org\/{rel}","templated":true}]}}