{"id":7198,"date":"2025-10-08T13:44:09","date_gmt":"2025-10-08T17:44:09","guid":{"rendered":"https:\/\/www.manaus.am.gov.br\/seminf\/prefeitura-seminf-revitalizacaoviaria-parque10\/"},"modified":"2025-10-08T13:44:11","modified_gmt":"2025-10-08T17:44:11","slug":"prefeitura-seminf-revitalizacaoviaria-parque10","status":"publish","type":"post","link":"https:\/\/www.manaus.am.gov.br\/seminf\/prefeitura-seminf-revitalizacaoviaria-parque10\/","title":{"rendered":"Prefeitura de Manaus revitaliza rua Carbonita e melhora mobilidade no Parque 10"},"content":{"rendered":"\n<p>A Prefeitura de Manaus, por meio da Secretaria Municipal de Infraestrutura (Seminf), intensifica as a\u00e7\u00f5es de melhoria vi\u00e1ria na zona Centro-Sul da capital, com a recupera\u00e7\u00e3o asf\u00e1ltica da rua Carbonita, no bairro Parque 10 de Novembro. A obra transforma a mobilidade local, garante mais seguran\u00e7a no tr\u00e1fego e eleva a qualidade de vida dos moradores.<\/p>\n\n\n\n<p>Os servi\u00e7os, executados em ritmo intenso pelas equipes da Seminf, contemplaram a recupera\u00e7\u00e3o do pavimento com aplica\u00e7\u00e3o de nova camada asf\u00e1ltica de alta resist\u00eancia, que proporciona durabilidade e trafegabilidade adequadas \u00e0 via.<\/p>\n\n\n\n<p>\u201cA recupera\u00e7\u00e3o da rua Carbonita representa mais uma entrega concreta da gest\u00e3o do prefeito David Almeida. Cada rua recuperada \u00e9 uma transforma\u00e7\u00e3o na rotina das pessoas. Estamos devolvendo dignidade, seguran\u00e7a e valoriza\u00e7\u00e3o aos moradores, trabalhando com planejamento e intensidade para melhorar a infraestrutura da cidade\u201d, destacou o vice-prefeito e secret\u00e1rio de Obras, Renato Junior.<\/p>\n\n\n\n<p>Com a manuten\u00e7\u00e3o da via, a rua Carbonita ganha um aspecto renovado, eliminando os transtornos causados por buracos e desn\u00edveis. A a\u00e7\u00e3o integra o plano cont\u00ednuo de revitaliza\u00e7\u00e3o de vias da Prefeitura de Manaus, que segue promovendo obras estruturantes em todas as zonas da cidade, fortalecendo o compromisso com uma cidade mais moderna e acess\u00edvel.<\/p>\n\n\n\n<p>&#8212; &#8212; &#8212;<\/p>\n\n\n\n<p><strong>Texto\u00a0<\/strong>&#8211; Maria Amed \/ Seminf<\/p>\n\n\n\n<p><strong>Fotos\u00a0<\/strong>&#8211; Divulga\u00e7\u00e3o \/ Seminf<\/p>\n","protected":false},"excerpt":{"rendered":"","protected":false},"author":23,"featured_media":7199,"comment_status":"closed","ping_status":"closed","sticky":false,"template":"","format":"standard","meta":{"footnotes":""},"categories":[4],"tags":[2611,43,2612,26],"acf":[],"yoast_head":"<!-- This site is optimized with the Yoast SEO plugin v23.0 - https:\/\/yoast.com\/wordpress\/plugins\/seo\/ -->\n<title>Prefeitura de Manaus revitaliza rua Carbonita e melhora mobilidade no Parque 10<\/title>\n<meta name=\"description\" content=\"A Prefeitura de Manaus, por meio da Secretaria Municipal de Infraestrutura (Seminf), intensifica as a\u00e7\u00f5es de melhoria vi\u00e1ria na zona Centro-Sul da capital, com a recupera\u00e7\u00e3o asf\u00e1ltica da rua Carbonita, no bairro Parque 10 de Novembro.\" \/>\n<meta name=\"robots\" content=\"index, follow, max-snippet:-1, max-image-preview:large, max-video-preview:-1\" \/>\n<link rel=\"canonical\" href=\"https:\/\/www.manaus.am.gov.br\/seminf\/prefeitura-seminf-revitalizacaoviaria-parque10\/\" \/>\n<meta property=\"og:locale\" content=\"pt_BR\" \/>\n<meta property=\"og:type\" content=\"article\" \/>\n<meta property=\"og:title\" content=\"Prefeitura de Manaus revitaliza rua Carbonita e melhora mobilidade no Parque 10\" \/>\n<meta property=\"og:description\" content=\"A Prefeitura de Manaus, por meio da Secretaria Municipal de Infraestrutura (Seminf), intensifica as a\u00e7\u00f5es de melhoria vi\u00e1ria na zona Centro-Sul da capital, com a recupera\u00e7\u00e3o asf\u00e1ltica da rua Carbonita, no bairro Parque 10 de Novembro.\" \/>\n<meta property=\"og:url\" content=\"https:\/\/www.manaus.am.gov.br\/seminf\/prefeitura-seminf-revitalizacaoviaria-parque10\/\" \/>\n<meta property=\"og:site_name\" content=\"SEMINF\" \/>\n<meta property=\"article:published_time\" content=\"2025-10-08T17:44:09+00:00\" \/>\n<meta property=\"article:modified_time\" content=\"2025-10-08T17:44:11+00:00\" \/>\n<meta property=\"og:image\" content=\"https:\/\/www.manaus.am.gov.br\/seminf\/wp-content\/uploads\/sites\/6\/2025\/10\/179c262d-417e-46a9-a02b-559f6d4ea676.jpg\" \/>\n\t<meta property=\"og:image:width\" content=\"1600\" \/>\n\t<meta property=\"og:image:height\" content=\"1200\" \/>\n\t<meta property=\"og:image:type\" content=\"image\/jpeg\" \/>\n<meta name=\"author\" content=\"Adriana Costa\" \/>\n<meta name=\"twitter:card\" content=\"summary_large_image\" \/>\n<meta name=\"twitter:label1\" content=\"Written by\" \/>\n\t<meta name=\"twitter:data1\" content=\"Adriana Costa\" \/>\n\t<meta name=\"twitter:label2\" content=\"Est. reading time\" \/>\n\t<meta name=\"twitter:data2\" content=\"2 minutos\" \/>\n<script type=\"application\/ld+json\" class=\"yoast-schema-graph\">{\"@context\":\"https:\/\/schema.org\",\"@graph\":[{\"@type\":\"WebPage\",\"@id\":\"https:\/\/www.manaus.am.gov.br\/seminf\/prefeitura-seminf-revitalizacaoviaria-parque10\/\",\"url\":\"https:\/\/www.manaus.am.gov.br\/seminf\/prefeitura-seminf-revitalizacaoviaria-parque10\/\",\"name\":\"Prefeitura de Manaus revitaliza rua Carbonita e melhora mobilidade no Parque 10\",\"isPartOf\":{\"@id\":\"https:\/\/www.manaus.am.gov.br\/seminf\/#website\"},\"primaryImageOfPage\":{\"@id\":\"https:\/\/www.manaus.am.gov.br\/seminf\/prefeitura-seminf-revitalizacaoviaria-parque10\/#primaryimage\"},\"image\":{\"@id\":\"https:\/\/www.manaus.am.gov.br\/seminf\/prefeitura-seminf-revitalizacaoviaria-parque10\/#primaryimage\"},\"thumbnailUrl\":\"https:\/\/www.manaus.am.gov.br\/seminf\/wp-content\/uploads\/sites\/6\/2025\/10\/179c262d-417e-46a9-a02b-559f6d4ea676.jpg\",\"datePublished\":\"2025-10-08T17:44:09+00:00\",\"dateModified\":\"2025-10-08T17:44:11+00:00\",\"author\":{\"@id\":\"https:\/\/www.manaus.am.gov.br\/seminf\/#\/schema\/person\/4e49f4e267757a06ca072ec61b2b9968\"},\"description\":\"A Prefeitura de Manaus, por meio da Secretaria Municipal de Infraestrutura (Seminf), intensifica as a\u00e7\u00f5es de melhoria vi\u00e1ria na zona Centro-Sul da capital, com a recupera\u00e7\u00e3o asf\u00e1ltica da rua Carbonita, no bairro Parque 10 de Novembro.\",\"inLanguage\":\"pt-BR\",\"potentialAction\":[{\"@type\":\"ReadAction\",\"target\":[\"https:\/\/www.manaus.am.gov.br\/seminf\/prefeitura-seminf-revitalizacaoviaria-parque10\/\"]}]},{\"@type\":\"ImageObject\",\"inLanguage\":\"pt-BR\",\"@id\":\"https:\/\/www.manaus.am.gov.br\/seminf\/prefeitura-seminf-revitalizacaoviaria-parque10\/#primaryimage\",\"url\":\"https:\/\/www.manaus.am.gov.br\/seminf\/wp-content\/uploads\/sites\/6\/2025\/10\/179c262d-417e-46a9-a02b-559f6d4ea676.jpg\",\"contentUrl\":\"https:\/\/www.manaus.am.gov.br\/seminf\/wp-content\/uploads\/sites\/6\/2025\/10\/179c262d-417e-46a9-a02b-559f6d4ea676.jpg\",\"width\":1600,\"height\":1200,\"caption\":\"#paratodosverem - Trabalhadores da Seminf aplicam asfalto novo em via do Parque 10\"},{\"@type\":\"WebSite\",\"@id\":\"https:\/\/www.manaus.am.gov.br\/seminf\/#website\",\"url\":\"https:\/\/www.manaus.am.gov.br\/seminf\/\",\"name\":\"Secretaria de Infraestrutura\",\"description\":\"Secretaria Municipal de Infraestrutura\",\"potentialAction\":[{\"@type\":\"SearchAction\",\"target\":{\"@type\":\"EntryPoint\",\"urlTemplate\":\"https:\/\/www.manaus.am.gov.br\/seminf\/?s={search_term_string}\"},\"query-input\":\"required name=search_term_string\"}],\"inLanguage\":\"pt-BR\"},{\"@type\":\"Person\",\"@id\":\"https:\/\/www.manaus.am.gov.br\/seminf\/#\/schema\/person\/4e49f4e267757a06ca072ec61b2b9968\",\"name\":\"Adriana Costa\",\"image\":{\"@type\":\"ImageObject\",\"inLanguage\":\"pt-BR\",\"@id\":\"https:\/\/www.manaus.am.gov.br\/seminf\/#\/schema\/person\/image\/\",\"url\":\"https:\/\/secure.gravatar.com\/avatar\/576258617ef7194f718179e766d57bd4?s=96&d=mm&r=g\",\"contentUrl\":\"https:\/\/secure.gravatar.com\/avatar\/576258617ef7194f718179e766d57bd4?s=96&d=mm&r=g\",\"caption\":\"Adriana Costa\"}}]}<\/script>\n<!-- \/ Yoast SEO plugin. -->","yoast_head_json":{"title":"Prefeitura de Manaus revitaliza rua Carbonita e melhora mobilidade no Parque 10","description":"A Prefeitura de Manaus, por meio da Secretaria Municipal de Infraestrutura (Seminf), intensifica as a\u00e7\u00f5es de melhoria vi\u00e1ria na zona Centro-Sul da capital, com a recupera\u00e7\u00e3o asf\u00e1ltica da rua Carbonita, no bairro Parque 10 de Novembro.","robots":{"index":"index","follow":"follow","max-snippet":"max-snippet:-1","max-image-preview":"max-image-preview:large","max-video-preview":"max-video-preview:-1"},"canonical":"https:\/\/www.manaus.am.gov.br\/seminf\/prefeitura-seminf-revitalizacaoviaria-parque10\/","og_locale":"pt_BR","og_type":"article","og_title":"Prefeitura de Manaus revitaliza rua Carbonita e melhora mobilidade no Parque 10","og_description":"A Prefeitura de Manaus, por meio da Secretaria Municipal de Infraestrutura (Seminf), intensifica as a\u00e7\u00f5es de melhoria vi\u00e1ria na zona Centro-Sul da capital, com a recupera\u00e7\u00e3o asf\u00e1ltica da rua Carbonita, no bairro Parque 10 de Novembro.","og_url":"https:\/\/www.manaus.am.gov.br\/seminf\/prefeitura-seminf-revitalizacaoviaria-parque10\/","og_site_name":"SEMINF","article_published_time":"2025-10-08T17:44:09+00:00","article_modified_time":"2025-10-08T17:44:11+00:00","og_image":[{"width":1600,"height":1200,"url":"https:\/\/www.manaus.am.gov.br\/seminf\/wp-content\/uploads\/sites\/6\/2025\/10\/179c262d-417e-46a9-a02b-559f6d4ea676.jpg","type":"image\/jpeg"}],"author":"Adriana Costa","twitter_card":"summary_large_image","twitter_misc":{"Written by":"Adriana Costa","Est. reading time":"2 minutos"},"schema":{"@context":"https:\/\/schema.org","@graph":[{"@type":"WebPage","@id":"https:\/\/www.manaus.am.gov.br\/seminf\/prefeitura-seminf-revitalizacaoviaria-parque10\/","url":"https:\/\/www.manaus.am.gov.br\/seminf\/prefeitura-seminf-revitalizacaoviaria-parque10\/","name":"Prefeitura de Manaus revitaliza rua Carbonita e melhora mobilidade no Parque 10","isPartOf":{"@id":"https:\/\/www.manaus.am.gov.br\/seminf\/#website"},"primaryImageOfPage":{"@id":"https:\/\/www.manaus.am.gov.br\/seminf\/prefeitura-seminf-revitalizacaoviaria-parque10\/#primaryimage"},"image":{"@id":"https:\/\/www.manaus.am.gov.br\/seminf\/prefeitura-seminf-revitalizacaoviaria-parque10\/#primaryimage"},"thumbnailUrl":"https:\/\/www.manaus.am.gov.br\/seminf\/wp-content\/uploads\/sites\/6\/2025\/10\/179c262d-417e-46a9-a02b-559f6d4ea676.jpg","datePublished":"2025-10-08T17:44:09+00:00","dateModified":"2025-10-08T17:44:11+00:00","author":{"@id":"https:\/\/www.manaus.am.gov.br\/seminf\/#\/schema\/person\/4e49f4e267757a06ca072ec61b2b9968"},"description":"A Prefeitura de Manaus, por meio da Secretaria Municipal de Infraestrutura (Seminf), intensifica as a\u00e7\u00f5es de melhoria vi\u00e1ria na zona Centro-Sul da capital, com a recupera\u00e7\u00e3o asf\u00e1ltica da rua Carbonita, no bairro Parque 10 de Novembro.","inLanguage":"pt-BR","potentialAction":[{"@type":"ReadAction","target":["https:\/\/www.manaus.am.gov.br\/seminf\/prefeitura-seminf-revitalizacaoviaria-parque10\/"]}]},{"@type":"ImageObject","inLanguage":"pt-BR","@id":"https:\/\/www.manaus.am.gov.br\/seminf\/prefeitura-seminf-revitalizacaoviaria-parque10\/#primaryimage","url":"https:\/\/www.manaus.am.gov.br\/seminf\/wp-content\/uploads\/sites\/6\/2025\/10\/179c262d-417e-46a9-a02b-559f6d4ea676.jpg","contentUrl":"https:\/\/www.manaus.am.gov.br\/seminf\/wp-content\/uploads\/sites\/6\/2025\/10\/179c262d-417e-46a9-a02b-559f6d4ea676.jpg","width":1600,"height":1200,"caption":"#paratodosverem - Trabalhadores da Seminf aplicam asfalto novo em via do Parque 10"},{"@type":"WebSite","@id":"https:\/\/www.manaus.am.gov.br\/seminf\/#website","url":"https:\/\/www.manaus.am.gov.br\/seminf\/","name":"Secretaria de Infraestrutura","description":"Secretaria Municipal de Infraestrutura","potentialAction":[{"@type":"SearchAction","target":{"@type":"EntryPoint","urlTemplate":"https:\/\/www.manaus.am.gov.br\/seminf\/?s={search_term_string}"},"query-input":"required name=search_term_string"}],"inLanguage":"pt-BR"},{"@type":"Person","@id":"https:\/\/www.manaus.am.gov.br\/seminf\/#\/schema\/person\/4e49f4e267757a06ca072ec61b2b9968","name":"Adriana Costa","image":{"@type":"ImageObject","inLanguage":"pt-BR","@id":"https:\/\/www.manaus.am.gov.br\/seminf\/#\/schema\/person\/image\/","url":"https:\/\/secure.gravatar.com\/avatar\/576258617ef7194f718179e766d57bd4?s=96&d=mm&r=g","contentUrl":"https:\/\/secure.gravatar.com\/avatar\/576258617ef7194f718179e766d57bd4?s=96&d=mm&r=g","caption":"Adriana Costa"}}]}},"_links":{"self":[{"href":"https:\/\/www.manaus.am.gov.br\/seminf\/wp-json\/wp\/v2\/posts\/7198"}],"collection":[{"href":"https:\/\/www.manaus.am.gov.br\/seminf\/wp-json\/wp\/v2\/posts"}],"about":[{"href":"https:\/\/www.manaus.am.gov.br\/seminf\/wp-json\/wp\/v2\/types\/post"}],"author":[{"embeddable":true,"href":"https:\/\/www.manaus.am.gov.br\/seminf\/wp-json\/wp\/v2\/users\/23"}],"replies":[{"embeddable":true,"href":"https:\/\/www.manaus.am.gov.br\/seminf\/wp-json\/wp\/v2\/comments?post=7198"}],"version-history":[{"count":0,"href":"https:\/\/www.manaus.am.gov.br\/seminf\/wp-json\/wp\/v2\/posts\/7198\/revisions"}],"wp:featuredmedia":[{"embeddable":true,"href":"https:\/\/www.manaus.am.gov.br\/seminf\/wp-json\/wp\/v2\/media\/7199"}],"wp:attachment":[{"href":"https:\/\/www.manaus.am.gov.br\/seminf\/wp-json\/wp\/v2\/media?parent=7198"}],"wp:term":[{"taxonomy":"category","embeddable":true,"href":"https:\/\/www.manaus.am.gov.br\/seminf\/wp-json\/wp\/v2\/categories?post=7198"},{"taxonomy":"post_tag","embeddable":true,"href":"https:\/\/www.manaus.am.gov.br\/seminf\/wp-json\/wp\/v2\/tags?post=7198"}],"curies":[{"name":"wp","href":"https:\/\/api.w.org\/{rel}","templated":true}]}}