{"id":7196,"date":"2025-10-08T13:35:07","date_gmt":"2025-10-08T17:35:07","guid":{"rendered":"https:\/\/www.manaus.am.gov.br\/seminf\/avenida-7-de-maio-recupera\/"},"modified":"2025-10-08T13:35:08","modified_gmt":"2025-10-08T17:35:08","slug":"avenida-7-de-maio-recupera","status":"publish","type":"post","link":"https:\/\/www.manaus.am.gov.br\/seminf\/avenida-7-de-maio-recupera\/","title":{"rendered":"Prefeitura de Manaus recupera a avenida 7 de Maio e transforma mobilidade no bairro Nova Cidade"},"content":{"rendered":"\n<p>A <a href=\"https:\/\/www.instagram.com\/prefeiturademanaus\/\">Prefeitura de Manaus<\/a>, por meio da <a href=\"https:\/\/www.manaus.am.gov.br\/seminf\/\">Secretaria Municipal de Infraestrutura (Seminf)<\/a>, intensifica, nesta quarta-feira, 8\/10, as obras de revitaliza\u00e7\u00e3o vi\u00e1ria na zona Norte da capital, com a recupera\u00e7\u00e3o completa da avenida 7 de Maio, no bairro Nova Cidade. A interven\u00e7\u00e3o garante mais fluidez ao tr\u00e2nsito e seguran\u00e7a para quem trafega por uma das principais vias da regi\u00e3o.<\/p>\n\n\n\n<p>A avenida, que apresentava trechos de desgaste do pavimento por conta do intenso fluxo de ve\u00edculos, recebeu servi\u00e7os de recupera\u00e7\u00e3o dos trechos danificados, prepara\u00e7\u00e3o da base e aplica\u00e7\u00e3o de uma nova camada asf\u00e1ltica com material de alta durabilidade. O trabalho garante uma melhoria significativa na infraestrutura urbana e na mobilidade local.<\/p>\n\n\n\n<p>\u201cA recupera\u00e7\u00e3o da 7 de Maio \u00e9 mais do que uma obra de asfalto, \u00e9 uma transforma\u00e7\u00e3o na rotina de milhares de pessoas que utilizam essa via todos os dias. Atendendo \u00e0 determina\u00e7\u00e3o do prefeito David Almeida, estamos levando infraestrutura de verdade para os bairros, com servi\u00e7os que trazem seguran\u00e7a, valoriza\u00e7\u00e3o e qualidade de vida para a popula\u00e7\u00e3o\u201d, destacou o vice-prefeito e secret\u00e1rio de Obras, Renato Junior.<\/p>\n\n\n\n<p>Com a revitaliza\u00e7\u00e3o, o tr\u00e1fego na regi\u00e3o volta a fluir com mais efici\u00eancia, eliminando os transtornos causados por buracos e desn\u00edveis. A a\u00e7\u00e3o integra o cronograma cont\u00ednuo de obras da Prefeitura de Manaus, que segue modernizando o sistema vi\u00e1rio da cidade e reafirmando o compromisso de cuidar da infraestrutura e mobilidade urbana em todas as zonas da capital.<\/p>\n\n\n\n<p>&#8212; &#8212; &#8212;<\/p>\n\n\n\n<p><strong>Texto &#8211;<\/strong> Maria Amed \/ Seminf<\/p>\n\n\n\n<p><strong>Fotos &#8211;<\/strong> Divulga\u00e7\u00e3o \/ Seminf<\/p>\n","protected":false},"excerpt":{"rendered":"","protected":false},"author":57,"featured_media":7197,"comment_status":"closed","ping_status":"closed","sticky":false,"template":"","format":"standard","meta":{"footnotes":""},"categories":[3],"tags":[2248,22,43,26],"acf":[],"yoast_head":"<!-- This site is optimized with the Yoast SEO plugin v23.0 - https:\/\/yoast.com\/wordpress\/plugins\/seo\/ -->\n<title>Prefeitura de Manaus recupera a avenida 7 de Maio<\/title>\n<meta name=\"description\" content=\"A Prefeitura intensifica, nesta quarta-feira, 8\/10, as obras de revitaliza\u00e7\u00e3o vi\u00e1ria com a recupera\u00e7\u00e3o completa da avenida 7 de Maio.\" \/>\n<meta name=\"robots\" content=\"index, follow, max-snippet:-1, max-image-preview:large, max-video-preview:-1\" \/>\n<link rel=\"canonical\" href=\"https:\/\/www.manaus.am.gov.br\/seminf\/avenida-7-de-maio-recupera\/\" \/>\n<meta property=\"og:locale\" content=\"pt_BR\" \/>\n<meta property=\"og:type\" content=\"article\" \/>\n<meta property=\"og:title\" content=\"Prefeitura de Manaus recupera a avenida 7 de Maio\" \/>\n<meta property=\"og:description\" content=\"A Prefeitura intensifica, nesta quarta-feira, 8\/10, as obras de revitaliza\u00e7\u00e3o vi\u00e1ria com a recupera\u00e7\u00e3o completa da avenida 7 de Maio.\" \/>\n<meta property=\"og:url\" content=\"https:\/\/www.manaus.am.gov.br\/seminf\/avenida-7-de-maio-recupera\/\" \/>\n<meta property=\"og:site_name\" content=\"SEMINF\" \/>\n<meta property=\"article:published_time\" content=\"2025-10-08T17:35:07+00:00\" \/>\n<meta property=\"article:modified_time\" content=\"2025-10-08T17:35:08+00:00\" \/>\n<meta property=\"og:image\" content=\"https:\/\/www.manaus.am.gov.br\/seminf\/wp-content\/uploads\/sites\/6\/2025\/10\/Avenida-7-de-Maio-2.jpg\" \/>\n\t<meta property=\"og:image:width\" content=\"663\" \/>\n\t<meta property=\"og:image:height\" content=\"373\" \/>\n\t<meta property=\"og:image:type\" content=\"image\/jpeg\" \/>\n<meta name=\"author\" content=\"Thiago Fernando\" \/>\n<meta name=\"twitter:card\" content=\"summary_large_image\" \/>\n<meta name=\"twitter:label1\" content=\"Written by\" \/>\n\t<meta name=\"twitter:data1\" content=\"Thiago Fernando\" \/>\n\t<meta name=\"twitter:label2\" content=\"Est. reading time\" \/>\n\t<meta name=\"twitter:data2\" content=\"2 minutos\" \/>\n<script type=\"application\/ld+json\" class=\"yoast-schema-graph\">{\"@context\":\"https:\/\/schema.org\",\"@graph\":[{\"@type\":\"WebPage\",\"@id\":\"https:\/\/www.manaus.am.gov.br\/seminf\/avenida-7-de-maio-recupera\/\",\"url\":\"https:\/\/www.manaus.am.gov.br\/seminf\/avenida-7-de-maio-recupera\/\",\"name\":\"Prefeitura de Manaus recupera a avenida 7 de Maio\",\"isPartOf\":{\"@id\":\"https:\/\/www.manaus.am.gov.br\/seminf\/#website\"},\"primaryImageOfPage\":{\"@id\":\"https:\/\/www.manaus.am.gov.br\/seminf\/avenida-7-de-maio-recupera\/#primaryimage\"},\"image\":{\"@id\":\"https:\/\/www.manaus.am.gov.br\/seminf\/avenida-7-de-maio-recupera\/#primaryimage\"},\"thumbnailUrl\":\"https:\/\/www.manaus.am.gov.br\/seminf\/wp-content\/uploads\/sites\/6\/2025\/10\/Avenida-7-de-Maio-2.jpg\",\"datePublished\":\"2025-10-08T17:35:07+00:00\",\"dateModified\":\"2025-10-08T17:35:08+00:00\",\"author\":{\"@id\":\"https:\/\/www.manaus.am.gov.br\/seminf\/#\/schema\/person\/a5ee5376db6e21af026374b369f30882\"},\"description\":\"A Prefeitura intensifica, nesta quarta-feira, 8\/10, as obras de revitaliza\u00e7\u00e3o vi\u00e1ria com a recupera\u00e7\u00e3o completa da avenida 7 de Maio.\",\"inLanguage\":\"pt-BR\",\"potentialAction\":[{\"@type\":\"ReadAction\",\"target\":[\"https:\/\/www.manaus.am.gov.br\/seminf\/avenida-7-de-maio-recupera\/\"]}]},{\"@type\":\"ImageObject\",\"inLanguage\":\"pt-BR\",\"@id\":\"https:\/\/www.manaus.am.gov.br\/seminf\/avenida-7-de-maio-recupera\/#primaryimage\",\"url\":\"https:\/\/www.manaus.am.gov.br\/seminf\/wp-content\/uploads\/sites\/6\/2025\/10\/Avenida-7-de-Maio-2.jpg\",\"contentUrl\":\"https:\/\/www.manaus.am.gov.br\/seminf\/wp-content\/uploads\/sites\/6\/2025\/10\/Avenida-7-de-Maio-2.jpg\",\"width\":663,\"height\":373,\"caption\":\"#paratodosverem - Servidores da Seminf realizando recupera\u00e7\u00e3o asf\u00e1ltica da avenida 7 de Maio\"},{\"@type\":\"WebSite\",\"@id\":\"https:\/\/www.manaus.am.gov.br\/seminf\/#website\",\"url\":\"https:\/\/www.manaus.am.gov.br\/seminf\/\",\"name\":\"Secretaria de Infraestrutura\",\"description\":\"Secretaria Municipal de Infraestrutura\",\"potentialAction\":[{\"@type\":\"SearchAction\",\"target\":{\"@type\":\"EntryPoint\",\"urlTemplate\":\"https:\/\/www.manaus.am.gov.br\/seminf\/?s={search_term_string}\"},\"query-input\":\"required name=search_term_string\"}],\"inLanguage\":\"pt-BR\"},{\"@type\":\"Person\",\"@id\":\"https:\/\/www.manaus.am.gov.br\/seminf\/#\/schema\/person\/a5ee5376db6e21af026374b369f30882\",\"name\":\"Thiago Fernando\",\"image\":{\"@type\":\"ImageObject\",\"inLanguage\":\"pt-BR\",\"@id\":\"https:\/\/www.manaus.am.gov.br\/seminf\/#\/schema\/person\/image\/\",\"url\":\"https:\/\/secure.gravatar.com\/avatar\/f5aab8722444041451501c077052ac07?s=96&d=mm&r=g\",\"contentUrl\":\"https:\/\/secure.gravatar.com\/avatar\/f5aab8722444041451501c077052ac07?s=96&d=mm&r=g\",\"caption\":\"Thiago Fernando\"}}]}<\/script>\n<!-- \/ Yoast SEO plugin. -->","yoast_head_json":{"title":"Prefeitura de Manaus recupera a avenida 7 de Maio","description":"A Prefeitura intensifica, nesta quarta-feira, 8\/10, as obras de revitaliza\u00e7\u00e3o vi\u00e1ria com a recupera\u00e7\u00e3o completa da avenida 7 de Maio.","robots":{"index":"index","follow":"follow","max-snippet":"max-snippet:-1","max-image-preview":"max-image-preview:large","max-video-preview":"max-video-preview:-1"},"canonical":"https:\/\/www.manaus.am.gov.br\/seminf\/avenida-7-de-maio-recupera\/","og_locale":"pt_BR","og_type":"article","og_title":"Prefeitura de Manaus recupera a avenida 7 de Maio","og_description":"A Prefeitura intensifica, nesta quarta-feira, 8\/10, as obras de revitaliza\u00e7\u00e3o vi\u00e1ria com a recupera\u00e7\u00e3o completa da avenida 7 de Maio.","og_url":"https:\/\/www.manaus.am.gov.br\/seminf\/avenida-7-de-maio-recupera\/","og_site_name":"SEMINF","article_published_time":"2025-10-08T17:35:07+00:00","article_modified_time":"2025-10-08T17:35:08+00:00","og_image":[{"width":663,"height":373,"url":"https:\/\/www.manaus.am.gov.br\/seminf\/wp-content\/uploads\/sites\/6\/2025\/10\/Avenida-7-de-Maio-2.jpg","type":"image\/jpeg"}],"author":"Thiago Fernando","twitter_card":"summary_large_image","twitter_misc":{"Written by":"Thiago Fernando","Est. reading time":"2 minutos"},"schema":{"@context":"https:\/\/schema.org","@graph":[{"@type":"WebPage","@id":"https:\/\/www.manaus.am.gov.br\/seminf\/avenida-7-de-maio-recupera\/","url":"https:\/\/www.manaus.am.gov.br\/seminf\/avenida-7-de-maio-recupera\/","name":"Prefeitura de Manaus recupera a avenida 7 de Maio","isPartOf":{"@id":"https:\/\/www.manaus.am.gov.br\/seminf\/#website"},"primaryImageOfPage":{"@id":"https:\/\/www.manaus.am.gov.br\/seminf\/avenida-7-de-maio-recupera\/#primaryimage"},"image":{"@id":"https:\/\/www.manaus.am.gov.br\/seminf\/avenida-7-de-maio-recupera\/#primaryimage"},"thumbnailUrl":"https:\/\/www.manaus.am.gov.br\/seminf\/wp-content\/uploads\/sites\/6\/2025\/10\/Avenida-7-de-Maio-2.jpg","datePublished":"2025-10-08T17:35:07+00:00","dateModified":"2025-10-08T17:35:08+00:00","author":{"@id":"https:\/\/www.manaus.am.gov.br\/seminf\/#\/schema\/person\/a5ee5376db6e21af026374b369f30882"},"description":"A Prefeitura intensifica, nesta quarta-feira, 8\/10, as obras de revitaliza\u00e7\u00e3o vi\u00e1ria com a recupera\u00e7\u00e3o completa da avenida 7 de Maio.","inLanguage":"pt-BR","potentialAction":[{"@type":"ReadAction","target":["https:\/\/www.manaus.am.gov.br\/seminf\/avenida-7-de-maio-recupera\/"]}]},{"@type":"ImageObject","inLanguage":"pt-BR","@id":"https:\/\/www.manaus.am.gov.br\/seminf\/avenida-7-de-maio-recupera\/#primaryimage","url":"https:\/\/www.manaus.am.gov.br\/seminf\/wp-content\/uploads\/sites\/6\/2025\/10\/Avenida-7-de-Maio-2.jpg","contentUrl":"https:\/\/www.manaus.am.gov.br\/seminf\/wp-content\/uploads\/sites\/6\/2025\/10\/Avenida-7-de-Maio-2.jpg","width":663,"height":373,"caption":"#paratodosverem - Servidores da Seminf realizando recupera\u00e7\u00e3o asf\u00e1ltica da avenida 7 de Maio"},{"@type":"WebSite","@id":"https:\/\/www.manaus.am.gov.br\/seminf\/#website","url":"https:\/\/www.manaus.am.gov.br\/seminf\/","name":"Secretaria de Infraestrutura","description":"Secretaria Municipal de Infraestrutura","potentialAction":[{"@type":"SearchAction","target":{"@type":"EntryPoint","urlTemplate":"https:\/\/www.manaus.am.gov.br\/seminf\/?s={search_term_string}"},"query-input":"required name=search_term_string"}],"inLanguage":"pt-BR"},{"@type":"Person","@id":"https:\/\/www.manaus.am.gov.br\/seminf\/#\/schema\/person\/a5ee5376db6e21af026374b369f30882","name":"Thiago Fernando","image":{"@type":"ImageObject","inLanguage":"pt-BR","@id":"https:\/\/www.manaus.am.gov.br\/seminf\/#\/schema\/person\/image\/","url":"https:\/\/secure.gravatar.com\/avatar\/f5aab8722444041451501c077052ac07?s=96&d=mm&r=g","contentUrl":"https:\/\/secure.gravatar.com\/avatar\/f5aab8722444041451501c077052ac07?s=96&d=mm&r=g","caption":"Thiago Fernando"}}]}},"_links":{"self":[{"href":"https:\/\/www.manaus.am.gov.br\/seminf\/wp-json\/wp\/v2\/posts\/7196"}],"collection":[{"href":"https:\/\/www.manaus.am.gov.br\/seminf\/wp-json\/wp\/v2\/posts"}],"about":[{"href":"https:\/\/www.manaus.am.gov.br\/seminf\/wp-json\/wp\/v2\/types\/post"}],"author":[{"embeddable":true,"href":"https:\/\/www.manaus.am.gov.br\/seminf\/wp-json\/wp\/v2\/users\/57"}],"replies":[{"embeddable":true,"href":"https:\/\/www.manaus.am.gov.br\/seminf\/wp-json\/wp\/v2\/comments?post=7196"}],"version-history":[{"count":0,"href":"https:\/\/www.manaus.am.gov.br\/seminf\/wp-json\/wp\/v2\/posts\/7196\/revisions"}],"wp:featuredmedia":[{"embeddable":true,"href":"https:\/\/www.manaus.am.gov.br\/seminf\/wp-json\/wp\/v2\/media\/7197"}],"wp:attachment":[{"href":"https:\/\/www.manaus.am.gov.br\/seminf\/wp-json\/wp\/v2\/media?parent=7196"}],"wp:term":[{"taxonomy":"category","embeddable":true,"href":"https:\/\/www.manaus.am.gov.br\/seminf\/wp-json\/wp\/v2\/categories?post=7196"},{"taxonomy":"post_tag","embeddable":true,"href":"https:\/\/www.manaus.am.gov.br\/seminf\/wp-json\/wp\/v2\/tags?post=7196"}],"curies":[{"name":"wp","href":"https:\/\/api.w.org\/{rel}","templated":true}]}}