{"id":7168,"date":"2025-10-07T16:29:03","date_gmt":"2025-10-07T20:29:03","guid":{"rendered":"https:\/\/www.manaus.am.gov.br\/seminf\/recuperacao-drenagem-lirio-do-vale\/"},"modified":"2025-10-07T16:29:03","modified_gmt":"2025-10-07T20:29:03","slug":"recuperacao-drenagem-lirio-do-vale","status":"publish","type":"post","link":"https:\/\/www.manaus.am.gov.br\/seminf\/recuperacao-drenagem-lirio-do-vale\/","title":{"rendered":"Prefeitura de Manaus recupera sistema de drenagem e refor\u00e7a infraestrutura no bairro L\u00edrio do Vale"},"content":{"rendered":"\n<p>A Prefeitura de Manaus, por meio da Secretaria Municipal de Infraestrutura (Seminf), avan\u00e7a com as obras de recupera\u00e7\u00e3o vi\u00e1ria e melhorias no sistema de drenagem da rua S\u00e3o Jos\u00e9, no bairro L\u00edrio do Vale, zona Oeste da capital. Os servi\u00e7os, executados nesta ter\u00e7a-feira, 7\/10, incluem a substitui\u00e7\u00e3o de tubos danificados, a reestrutura\u00e7\u00e3o da drenagem profunda e a recomposi\u00e7\u00e3o da drenagem superficial, garantindo mais durabilidade e seguran\u00e7a \u00e0 via.<\/p>\n\n\n\n<p>De acordo com o vice-prefeito e secret\u00e1rio de Obras, Renato Junior, o trabalho da Seminf segue uma orienta\u00e7\u00e3o clara do prefeito David Almeida, de realizar interven\u00e7\u00f5es completas e duradouras que solucionem definitivamente os problemas de infraestrutura nos bairros.<\/p>\n\n\n\n<p>\u201cNossas equipes atuam de forma integrada, substituindo tubula\u00e7\u00f5es antigas, reconstruindo sarjetas e cal\u00e7adas, e garantindo um sistema de drenagem eficiente. Esse tipo de trabalho \u00e9 o que realmente melhora o dia a dia das pessoas, evitando ac\u00famulo de \u00e1gua, crateras e alagamentos. \u00c9 o padr\u00e3o de qualidade que o prefeito David Almeida nos orienta a manter em toda Manaus\u201d, destacou Renato Junior.<\/p>\n\n\n\n<p>Durante as escava\u00e7\u00f5es, as equipes identificaram que o rompimento da antiga tubula\u00e7\u00e3o foi provocado por obstru\u00e7\u00f5es causadas pelo descarte irregular de res\u00edduos. Com a substitui\u00e7\u00e3o das manilhas e a reconstru\u00e7\u00e3o da cal\u00e7ada, sarjeta e meio-fio, o trecho volta a oferecer condi\u00e7\u00f5es adequadas de tr\u00e1fego e seguran\u00e7a aos moradores.<\/p>\n\n\n\n<p>Moradora da rua S\u00e3o Jos\u00e9, a dona de casa Nazar\u00e9 Sales, de 64 anos, celebrou o in\u00edcio das obras e agradeceu pela resposta r\u00e1pida \u00e0 solicita\u00e7\u00e3o feita \u00e0 Seminf. \u201cEu mesma pedi esse servi\u00e7o e agora estou vendo a equipe aqui trabalhando. \u00c9 um al\u00edvio ver a prefeitura cuidando da nossa rua. Ficamos muito gratos por esse retorno e por ver o bairro sendo valorizado\u201d, afirmou.<\/p>\n\n\n\n<p>A Prefeitura de Manaus segue intensificando as a\u00e7\u00f5es de recupera\u00e7\u00e3o da malha vi\u00e1ria e drenagem em todas as zonas da cidade, assegurando uma infraestrutura mais eficiente e resiliente para a popula\u00e7\u00e3o.<\/p>\n\n\n\n<figure class=\"wp-block-image size-full\"><img loading=\"lazy\" decoding=\"async\" width=\"639\" height=\"483\" src=\"https:\/\/www.manaus.am.gov.br\/seminf\/wp-content\/uploads\/sites\/6\/2025\/10\/Servico-4.jpg\" alt=\"\" class=\"wp-image-7170\" srcset=\"https:\/\/www.manaus.am.gov.br\/seminf\/wp-content\/uploads\/sites\/6\/2025\/10\/Servico-4.jpg 639w, https:\/\/www.manaus.am.gov.br\/seminf\/wp-content\/uploads\/sites\/6\/2025\/10\/Servico-4-300x227.jpg 300w\" sizes=\"(max-width: 639px) 100vw, 639px\" \/><\/figure>\n\n\n\n<p>&#8212; &#8212; &#8212;<\/p>\n\n\n\n<p><strong>Texto &#8211;<\/strong>\u00a0Rayana Coutinho\/Seminf<\/p>\n\n\n\n<p><strong>Fotos &#8211;<\/strong> Alessandro Ara\u00fajo\/Seminf<\/p>\n","protected":false},"excerpt":{"rendered":"","protected":false},"author":39,"featured_media":7169,"comment_status":"closed","ping_status":"closed","sticky":false,"template":"","format":"standard","meta":{"footnotes":""},"categories":[6],"tags":[216,43,2606,2607,26],"acf":[],"yoast_head":"<!-- This site is optimized with the Yoast SEO plugin v23.0 - https:\/\/yoast.com\/wordpress\/plugins\/seo\/ -->\n<title>Recupera\u00e7\u00e3o do sistema de drenagem no bairro L\u00edrio do Vale<\/title>\n<meta name=\"description\" content=\"Prefeitura de Manaus, por meio da Seminf, recupera sistema de drenagem e refor\u00e7a infraestrutura no bairro L\u00edrio do Vale.\" \/>\n<meta name=\"robots\" content=\"index, follow, max-snippet:-1, max-image-preview:large, max-video-preview:-1\" \/>\n<link rel=\"canonical\" href=\"https:\/\/www.manaus.am.gov.br\/seminf\/recuperacao-drenagem-lirio-do-vale\/\" \/>\n<meta property=\"og:locale\" content=\"pt_BR\" \/>\n<meta property=\"og:type\" content=\"article\" \/>\n<meta property=\"og:title\" content=\"Recupera\u00e7\u00e3o do sistema de drenagem no bairro L\u00edrio do Vale\" \/>\n<meta property=\"og:description\" content=\"Prefeitura de Manaus, por meio da Seminf, recupera sistema de drenagem e refor\u00e7a infraestrutura no bairro L\u00edrio do Vale.\" \/>\n<meta property=\"og:url\" content=\"https:\/\/www.manaus.am.gov.br\/seminf\/recuperacao-drenagem-lirio-do-vale\/\" \/>\n<meta property=\"og:site_name\" content=\"SEMINF\" \/>\n<meta property=\"article:published_time\" content=\"2025-10-07T20:29:03+00:00\" \/>\n<meta property=\"og:image\" content=\"https:\/\/www.manaus.am.gov.br\/seminf\/wp-content\/uploads\/sites\/6\/2025\/10\/Servico-2.jpg\" \/>\n\t<meta property=\"og:image:width\" content=\"651\" \/>\n\t<meta property=\"og:image:height\" content=\"490\" \/>\n\t<meta property=\"og:image:type\" content=\"image\/jpeg\" \/>\n<meta name=\"author\" content=\"Bruna Greco\" \/>\n<meta name=\"twitter:card\" content=\"summary_large_image\" \/>\n<meta name=\"twitter:label1\" content=\"Written by\" \/>\n\t<meta name=\"twitter:data1\" content=\"Bruna Greco\" \/>\n\t<meta name=\"twitter:label2\" content=\"Est. reading time\" \/>\n\t<meta name=\"twitter:data2\" content=\"3 minutos\" \/>\n<script type=\"application\/ld+json\" class=\"yoast-schema-graph\">{\"@context\":\"https:\/\/schema.org\",\"@graph\":[{\"@type\":\"WebPage\",\"@id\":\"https:\/\/www.manaus.am.gov.br\/seminf\/recuperacao-drenagem-lirio-do-vale\/\",\"url\":\"https:\/\/www.manaus.am.gov.br\/seminf\/recuperacao-drenagem-lirio-do-vale\/\",\"name\":\"Recupera\u00e7\u00e3o do sistema de drenagem no bairro L\u00edrio do Vale\",\"isPartOf\":{\"@id\":\"https:\/\/www.manaus.am.gov.br\/seminf\/#website\"},\"primaryImageOfPage\":{\"@id\":\"https:\/\/www.manaus.am.gov.br\/seminf\/recuperacao-drenagem-lirio-do-vale\/#primaryimage\"},\"image\":{\"@id\":\"https:\/\/www.manaus.am.gov.br\/seminf\/recuperacao-drenagem-lirio-do-vale\/#primaryimage\"},\"thumbnailUrl\":\"https:\/\/www.manaus.am.gov.br\/seminf\/wp-content\/uploads\/sites\/6\/2025\/10\/Servico-2.jpg\",\"datePublished\":\"2025-10-07T20:29:03+00:00\",\"dateModified\":\"2025-10-07T20:29:03+00:00\",\"author\":{\"@id\":\"https:\/\/www.manaus.am.gov.br\/seminf\/#\/schema\/person\/05d223aea2bf115f9883a6ff3683d81b\"},\"description\":\"Prefeitura de Manaus, por meio da Seminf, recupera sistema de drenagem e refor\u00e7a infraestrutura no bairro L\u00edrio do Vale.\",\"inLanguage\":\"pt-BR\",\"potentialAction\":[{\"@type\":\"ReadAction\",\"target\":[\"https:\/\/www.manaus.am.gov.br\/seminf\/recuperacao-drenagem-lirio-do-vale\/\"]}]},{\"@type\":\"ImageObject\",\"inLanguage\":\"pt-BR\",\"@id\":\"https:\/\/www.manaus.am.gov.br\/seminf\/recuperacao-drenagem-lirio-do-vale\/#primaryimage\",\"url\":\"https:\/\/www.manaus.am.gov.br\/seminf\/wp-content\/uploads\/sites\/6\/2025\/10\/Servico-2.jpg\",\"contentUrl\":\"https:\/\/www.manaus.am.gov.br\/seminf\/wp-content\/uploads\/sites\/6\/2025\/10\/Servico-2.jpg\",\"width\":651,\"height\":490,\"caption\":\"#paratodosverem - Equipe da Seminf realizando a recupera\u00e7\u00e3o do sistema de drenagem da rua S\u00e3o Jos\u00e9, no bairro L\u00edrio do Vale\"},{\"@type\":\"WebSite\",\"@id\":\"https:\/\/www.manaus.am.gov.br\/seminf\/#website\",\"url\":\"https:\/\/www.manaus.am.gov.br\/seminf\/\",\"name\":\"Secretaria de Infraestrutura\",\"description\":\"Secretaria Municipal de Infraestrutura\",\"potentialAction\":[{\"@type\":\"SearchAction\",\"target\":{\"@type\":\"EntryPoint\",\"urlTemplate\":\"https:\/\/www.manaus.am.gov.br\/seminf\/?s={search_term_string}\"},\"query-input\":\"required name=search_term_string\"}],\"inLanguage\":\"pt-BR\"},{\"@type\":\"Person\",\"@id\":\"https:\/\/www.manaus.am.gov.br\/seminf\/#\/schema\/person\/05d223aea2bf115f9883a6ff3683d81b\",\"name\":\"Bruna Greco\",\"image\":{\"@type\":\"ImageObject\",\"inLanguage\":\"pt-BR\",\"@id\":\"https:\/\/www.manaus.am.gov.br\/seminf\/#\/schema\/person\/image\/\",\"url\":\"https:\/\/secure.gravatar.com\/avatar\/9c877d1a6adc2a055330e5c09a8653ce?s=96&d=mm&r=g\",\"contentUrl\":\"https:\/\/secure.gravatar.com\/avatar\/9c877d1a6adc2a055330e5c09a8653ce?s=96&d=mm&r=g\",\"caption\":\"Bruna Greco\"}}]}<\/script>\n<!-- \/ Yoast SEO plugin. -->","yoast_head_json":{"title":"Recupera\u00e7\u00e3o do sistema de drenagem no bairro L\u00edrio do Vale","description":"Prefeitura de Manaus, por meio da Seminf, recupera sistema de drenagem e refor\u00e7a infraestrutura no bairro L\u00edrio do Vale.","robots":{"index":"index","follow":"follow","max-snippet":"max-snippet:-1","max-image-preview":"max-image-preview:large","max-video-preview":"max-video-preview:-1"},"canonical":"https:\/\/www.manaus.am.gov.br\/seminf\/recuperacao-drenagem-lirio-do-vale\/","og_locale":"pt_BR","og_type":"article","og_title":"Recupera\u00e7\u00e3o do sistema de drenagem no bairro L\u00edrio do Vale","og_description":"Prefeitura de Manaus, por meio da Seminf, recupera sistema de drenagem e refor\u00e7a infraestrutura no bairro L\u00edrio do Vale.","og_url":"https:\/\/www.manaus.am.gov.br\/seminf\/recuperacao-drenagem-lirio-do-vale\/","og_site_name":"SEMINF","article_published_time":"2025-10-07T20:29:03+00:00","og_image":[{"width":651,"height":490,"url":"https:\/\/www.manaus.am.gov.br\/seminf\/wp-content\/uploads\/sites\/6\/2025\/10\/Servico-2.jpg","type":"image\/jpeg"}],"author":"Bruna Greco","twitter_card":"summary_large_image","twitter_misc":{"Written by":"Bruna Greco","Est. reading time":"3 minutos"},"schema":{"@context":"https:\/\/schema.org","@graph":[{"@type":"WebPage","@id":"https:\/\/www.manaus.am.gov.br\/seminf\/recuperacao-drenagem-lirio-do-vale\/","url":"https:\/\/www.manaus.am.gov.br\/seminf\/recuperacao-drenagem-lirio-do-vale\/","name":"Recupera\u00e7\u00e3o do sistema de drenagem no bairro L\u00edrio do Vale","isPartOf":{"@id":"https:\/\/www.manaus.am.gov.br\/seminf\/#website"},"primaryImageOfPage":{"@id":"https:\/\/www.manaus.am.gov.br\/seminf\/recuperacao-drenagem-lirio-do-vale\/#primaryimage"},"image":{"@id":"https:\/\/www.manaus.am.gov.br\/seminf\/recuperacao-drenagem-lirio-do-vale\/#primaryimage"},"thumbnailUrl":"https:\/\/www.manaus.am.gov.br\/seminf\/wp-content\/uploads\/sites\/6\/2025\/10\/Servico-2.jpg","datePublished":"2025-10-07T20:29:03+00:00","dateModified":"2025-10-07T20:29:03+00:00","author":{"@id":"https:\/\/www.manaus.am.gov.br\/seminf\/#\/schema\/person\/05d223aea2bf115f9883a6ff3683d81b"},"description":"Prefeitura de Manaus, por meio da Seminf, recupera sistema de drenagem e refor\u00e7a infraestrutura no bairro L\u00edrio do Vale.","inLanguage":"pt-BR","potentialAction":[{"@type":"ReadAction","target":["https:\/\/www.manaus.am.gov.br\/seminf\/recuperacao-drenagem-lirio-do-vale\/"]}]},{"@type":"ImageObject","inLanguage":"pt-BR","@id":"https:\/\/www.manaus.am.gov.br\/seminf\/recuperacao-drenagem-lirio-do-vale\/#primaryimage","url":"https:\/\/www.manaus.am.gov.br\/seminf\/wp-content\/uploads\/sites\/6\/2025\/10\/Servico-2.jpg","contentUrl":"https:\/\/www.manaus.am.gov.br\/seminf\/wp-content\/uploads\/sites\/6\/2025\/10\/Servico-2.jpg","width":651,"height":490,"caption":"#paratodosverem - Equipe da Seminf realizando a recupera\u00e7\u00e3o do sistema de drenagem da rua S\u00e3o Jos\u00e9, no bairro L\u00edrio do Vale"},{"@type":"WebSite","@id":"https:\/\/www.manaus.am.gov.br\/seminf\/#website","url":"https:\/\/www.manaus.am.gov.br\/seminf\/","name":"Secretaria de Infraestrutura","description":"Secretaria Municipal de Infraestrutura","potentialAction":[{"@type":"SearchAction","target":{"@type":"EntryPoint","urlTemplate":"https:\/\/www.manaus.am.gov.br\/seminf\/?s={search_term_string}"},"query-input":"required name=search_term_string"}],"inLanguage":"pt-BR"},{"@type":"Person","@id":"https:\/\/www.manaus.am.gov.br\/seminf\/#\/schema\/person\/05d223aea2bf115f9883a6ff3683d81b","name":"Bruna Greco","image":{"@type":"ImageObject","inLanguage":"pt-BR","@id":"https:\/\/www.manaus.am.gov.br\/seminf\/#\/schema\/person\/image\/","url":"https:\/\/secure.gravatar.com\/avatar\/9c877d1a6adc2a055330e5c09a8653ce?s=96&d=mm&r=g","contentUrl":"https:\/\/secure.gravatar.com\/avatar\/9c877d1a6adc2a055330e5c09a8653ce?s=96&d=mm&r=g","caption":"Bruna Greco"}}]}},"_links":{"self":[{"href":"https:\/\/www.manaus.am.gov.br\/seminf\/wp-json\/wp\/v2\/posts\/7168"}],"collection":[{"href":"https:\/\/www.manaus.am.gov.br\/seminf\/wp-json\/wp\/v2\/posts"}],"about":[{"href":"https:\/\/www.manaus.am.gov.br\/seminf\/wp-json\/wp\/v2\/types\/post"}],"author":[{"embeddable":true,"href":"https:\/\/www.manaus.am.gov.br\/seminf\/wp-json\/wp\/v2\/users\/39"}],"replies":[{"embeddable":true,"href":"https:\/\/www.manaus.am.gov.br\/seminf\/wp-json\/wp\/v2\/comments?post=7168"}],"version-history":[{"count":1,"href":"https:\/\/www.manaus.am.gov.br\/seminf\/wp-json\/wp\/v2\/posts\/7168\/revisions"}],"predecessor-version":[{"id":7171,"href":"https:\/\/www.manaus.am.gov.br\/seminf\/wp-json\/wp\/v2\/posts\/7168\/revisions\/7171"}],"wp:featuredmedia":[{"embeddable":true,"href":"https:\/\/www.manaus.am.gov.br\/seminf\/wp-json\/wp\/v2\/media\/7169"}],"wp:attachment":[{"href":"https:\/\/www.manaus.am.gov.br\/seminf\/wp-json\/wp\/v2\/media?parent=7168"}],"wp:term":[{"taxonomy":"category","embeddable":true,"href":"https:\/\/www.manaus.am.gov.br\/seminf\/wp-json\/wp\/v2\/categories?post=7168"},{"taxonomy":"post_tag","embeddable":true,"href":"https:\/\/www.manaus.am.gov.br\/seminf\/wp-json\/wp\/v2\/tags?post=7168"}],"curies":[{"name":"wp","href":"https:\/\/api.w.org\/{rel}","templated":true}]}}