{"id":7084,"date":"2025-10-01T14:24:21","date_gmt":"2025-10-01T18:24:21","guid":{"rendered":"https:\/\/www.manaus.am.gov.br\/seminf\/prefeitura-seminf-redededrenagem-compensa2\/"},"modified":"2025-10-01T14:24:22","modified_gmt":"2025-10-01T18:24:22","slug":"prefeitura-seminf-redededrenagem-compensa2","status":"publish","type":"post","link":"https:\/\/www.manaus.am.gov.br\/seminf\/prefeitura-seminf-redededrenagem-compensa2\/","title":{"rendered":"Prefeitura de Manaus realiza manuten\u00e7\u00e3o de rede de drenagem profunda no bairro Compensa 2"},"content":{"rendered":"\n<p>A Prefeitura de Manaus, por meio da Secretaria Municipal de Infraestrutura (Seminf), executa, nesta quarta-feira, 1\u00ba\/10, a manuten\u00e7\u00e3o da rede de drenagem profunda da rua Brasil\u00e9ia, no bairro Compensa 2, zona Oeste, com o objetivo de refor\u00e7ar a seguran\u00e7a e a qualidade de vida dos moradores da regi\u00e3o.<\/p>\n\n\n\n<p>\u201cO compromisso da gest\u00e3o do prefeito David Almeida \u00e9 manter a cidade segura e funcional para todos. Com a\u00e7\u00f5es, como essa da Seminf, de manuten\u00e7\u00f5es e reparos na infraestrutura, estamos prevenindo a popula\u00e7\u00e3o de alagamentos e oferecendo melhores condi\u00e7\u00f5es para quem vive nessas regi\u00f5es\u201d, afirma o vice-prefeito e secret\u00e1rio de Obras, Renato Junior.&nbsp;<\/p>\n\n\n\n<p>A equipe iniciou a interven\u00e7\u00e3o com o apoio de uma retroescavadeira, realizando a escava\u00e7\u00e3o que revelou o rompimento da tubula\u00e7\u00e3o provocado pelas fortes chuvas. Em seguida, os oper\u00e1rios substitu\u00edram a estrutura com a instala\u00e7\u00e3o de novos tubos de concreto armado e refor\u00e7aram o anelamento, garantindo maior resist\u00eancia e durabilidade ao sistema de drenagem.<\/p>\n\n\n\n<p>Durante a execu\u00e7\u00e3o, a equipe da Seminf atuou de forma organizada para recuperar o funcionamento da rede, ao substituir os tubos deteriorados da tubula\u00e7\u00e3o da drenagem profunda e garantir a seguran\u00e7a e efici\u00eancia do sistema de drenagem.<\/p>\n\n\n\n<p>A prefeitura vem proporcionando melhores condi\u00e7\u00f5es de escoamento das \u00e1guas pluviais em toda a cidade de Manaus, para prevenir alagamentos e oferecer mais seguran\u00e7a e conforto \u00e0 popula\u00e7\u00e3o.&nbsp;<\/p>\n\n\n\n<p>&#8212; &#8212; &#8212;<\/p>\n\n\n\n<p><strong>Texto<\/strong> &#8211; Eduarda Lira\/Seminf<\/p>\n\n\n\n<p><strong>Fotos<\/strong>&nbsp; &#8211; &nbsp;Divulga\u00e7\u00e3o\/ Seminf<\/p>\n","protected":false},"excerpt":{"rendered":"","protected":false},"author":23,"featured_media":7085,"comment_status":"closed","ping_status":"closed","sticky":false,"template":"","format":"standard","meta":{"footnotes":""},"categories":[6],"tags":[2164,43,73,26],"acf":[],"yoast_head":"<!-- This site is optimized with the Yoast SEO plugin v23.0 - https:\/\/yoast.com\/wordpress\/plugins\/seo\/ -->\n<title>Prefeitura de Manaus realiza manuten\u00e7\u00e3o de rede de drenagem profunda no bairro Compensa 2<\/title>\n<meta name=\"description\" content=\"A Prefeitura de Manaus, por meio da Secretaria Municipal de Infraestrutura (Seminf), executa, nesta quarta-feira, 1\u00ba\/10, a manuten\u00e7\u00e3o da rede de drenagem profunda da rua Brasil\u00e9ia, no bairro Compensa 2, zona Oeste\" \/>\n<meta name=\"robots\" content=\"index, follow, max-snippet:-1, max-image-preview:large, max-video-preview:-1\" \/>\n<link rel=\"canonical\" href=\"https:\/\/www.manaus.am.gov.br\/seminf\/prefeitura-seminf-redededrenagem-compensa2\/\" \/>\n<meta property=\"og:locale\" content=\"pt_BR\" \/>\n<meta property=\"og:type\" content=\"article\" \/>\n<meta property=\"og:title\" content=\"Prefeitura de Manaus realiza manuten\u00e7\u00e3o de rede de drenagem profunda no bairro Compensa 2\" \/>\n<meta property=\"og:description\" content=\"A Prefeitura de Manaus, por meio da Secretaria Municipal de Infraestrutura (Seminf), executa, nesta quarta-feira, 1\u00ba\/10, a manuten\u00e7\u00e3o da rede de drenagem profunda da rua Brasil\u00e9ia, no bairro Compensa 2, zona Oeste\" \/>\n<meta property=\"og:url\" content=\"https:\/\/www.manaus.am.gov.br\/seminf\/prefeitura-seminf-redededrenagem-compensa2\/\" \/>\n<meta property=\"og:site_name\" content=\"SEMINF\" \/>\n<meta property=\"article:published_time\" content=\"2025-10-01T18:24:21+00:00\" \/>\n<meta property=\"article:modified_time\" content=\"2025-10-01T18:24:22+00:00\" \/>\n<meta property=\"og:image\" content=\"https:\/\/www.manaus.am.gov.br\/seminf\/wp-content\/uploads\/sites\/6\/2025\/10\/WhatsApp-Image-2025-10-01-at-14.22.15-2.jpeg\" \/>\n\t<meta property=\"og:image:width\" content=\"1280\" \/>\n\t<meta property=\"og:image:height\" content=\"720\" \/>\n\t<meta property=\"og:image:type\" content=\"image\/jpeg\" \/>\n<meta name=\"author\" content=\"Adriana Costa\" \/>\n<meta name=\"twitter:card\" content=\"summary_large_image\" \/>\n<meta name=\"twitter:label1\" content=\"Written by\" \/>\n\t<meta name=\"twitter:data1\" content=\"Adriana Costa\" \/>\n\t<meta name=\"twitter:label2\" content=\"Est. reading time\" \/>\n\t<meta name=\"twitter:data2\" content=\"2 minutos\" \/>\n<script type=\"application\/ld+json\" class=\"yoast-schema-graph\">{\"@context\":\"https:\/\/schema.org\",\"@graph\":[{\"@type\":\"WebPage\",\"@id\":\"https:\/\/www.manaus.am.gov.br\/seminf\/prefeitura-seminf-redededrenagem-compensa2\/\",\"url\":\"https:\/\/www.manaus.am.gov.br\/seminf\/prefeitura-seminf-redededrenagem-compensa2\/\",\"name\":\"Prefeitura de Manaus realiza manuten\u00e7\u00e3o de rede de drenagem profunda no bairro Compensa 2\",\"isPartOf\":{\"@id\":\"https:\/\/www.manaus.am.gov.br\/seminf\/#website\"},\"primaryImageOfPage\":{\"@id\":\"https:\/\/www.manaus.am.gov.br\/seminf\/prefeitura-seminf-redededrenagem-compensa2\/#primaryimage\"},\"image\":{\"@id\":\"https:\/\/www.manaus.am.gov.br\/seminf\/prefeitura-seminf-redededrenagem-compensa2\/#primaryimage\"},\"thumbnailUrl\":\"https:\/\/www.manaus.am.gov.br\/seminf\/wp-content\/uploads\/sites\/6\/2025\/10\/WhatsApp-Image-2025-10-01-at-14.22.15-2.jpeg\",\"datePublished\":\"2025-10-01T18:24:21+00:00\",\"dateModified\":\"2025-10-01T18:24:22+00:00\",\"author\":{\"@id\":\"https:\/\/www.manaus.am.gov.br\/seminf\/#\/schema\/person\/4e49f4e267757a06ca072ec61b2b9968\"},\"description\":\"A Prefeitura de Manaus, por meio da Secretaria Municipal de Infraestrutura (Seminf), executa, nesta quarta-feira, 1\u00ba\/10, a manuten\u00e7\u00e3o da rede de drenagem profunda da rua Brasil\u00e9ia, no bairro Compensa 2, zona Oeste\",\"inLanguage\":\"pt-BR\",\"potentialAction\":[{\"@type\":\"ReadAction\",\"target\":[\"https:\/\/www.manaus.am.gov.br\/seminf\/prefeitura-seminf-redededrenagem-compensa2\/\"]}]},{\"@type\":\"ImageObject\",\"inLanguage\":\"pt-BR\",\"@id\":\"https:\/\/www.manaus.am.gov.br\/seminf\/prefeitura-seminf-redededrenagem-compensa2\/#primaryimage\",\"url\":\"https:\/\/www.manaus.am.gov.br\/seminf\/wp-content\/uploads\/sites\/6\/2025\/10\/WhatsApp-Image-2025-10-01-at-14.22.15-2.jpeg\",\"contentUrl\":\"https:\/\/www.manaus.am.gov.br\/seminf\/wp-content\/uploads\/sites\/6\/2025\/10\/WhatsApp-Image-2025-10-01-at-14.22.15-2.jpeg\",\"width\":1280,\"height\":720,\"caption\":\"#paratodosverem - Imagem de retroescavadeira e trabalhadores da Seminf em servi\u00e7o de manuten\u00e7\u00e3o de rede de drenagem\"},{\"@type\":\"WebSite\",\"@id\":\"https:\/\/www.manaus.am.gov.br\/seminf\/#website\",\"url\":\"https:\/\/www.manaus.am.gov.br\/seminf\/\",\"name\":\"Secretaria de Infraestrutura\",\"description\":\"Secretaria Municipal de Infraestrutura\",\"potentialAction\":[{\"@type\":\"SearchAction\",\"target\":{\"@type\":\"EntryPoint\",\"urlTemplate\":\"https:\/\/www.manaus.am.gov.br\/seminf\/?s={search_term_string}\"},\"query-input\":\"required name=search_term_string\"}],\"inLanguage\":\"pt-BR\"},{\"@type\":\"Person\",\"@id\":\"https:\/\/www.manaus.am.gov.br\/seminf\/#\/schema\/person\/4e49f4e267757a06ca072ec61b2b9968\",\"name\":\"Adriana Costa\",\"image\":{\"@type\":\"ImageObject\",\"inLanguage\":\"pt-BR\",\"@id\":\"https:\/\/www.manaus.am.gov.br\/seminf\/#\/schema\/person\/image\/\",\"url\":\"https:\/\/secure.gravatar.com\/avatar\/576258617ef7194f718179e766d57bd4?s=96&d=mm&r=g\",\"contentUrl\":\"https:\/\/secure.gravatar.com\/avatar\/576258617ef7194f718179e766d57bd4?s=96&d=mm&r=g\",\"caption\":\"Adriana Costa\"}}]}<\/script>\n<!-- \/ Yoast SEO plugin. -->","yoast_head_json":{"title":"Prefeitura de Manaus realiza manuten\u00e7\u00e3o de rede de drenagem profunda no bairro Compensa 2","description":"A Prefeitura de Manaus, por meio da Secretaria Municipal de Infraestrutura (Seminf), executa, nesta quarta-feira, 1\u00ba\/10, a manuten\u00e7\u00e3o da rede de drenagem profunda da rua Brasil\u00e9ia, no bairro Compensa 2, zona Oeste","robots":{"index":"index","follow":"follow","max-snippet":"max-snippet:-1","max-image-preview":"max-image-preview:large","max-video-preview":"max-video-preview:-1"},"canonical":"https:\/\/www.manaus.am.gov.br\/seminf\/prefeitura-seminf-redededrenagem-compensa2\/","og_locale":"pt_BR","og_type":"article","og_title":"Prefeitura de Manaus realiza manuten\u00e7\u00e3o de rede de drenagem profunda no bairro Compensa 2","og_description":"A Prefeitura de Manaus, por meio da Secretaria Municipal de Infraestrutura (Seminf), executa, nesta quarta-feira, 1\u00ba\/10, a manuten\u00e7\u00e3o da rede de drenagem profunda da rua Brasil\u00e9ia, no bairro Compensa 2, zona Oeste","og_url":"https:\/\/www.manaus.am.gov.br\/seminf\/prefeitura-seminf-redededrenagem-compensa2\/","og_site_name":"SEMINF","article_published_time":"2025-10-01T18:24:21+00:00","article_modified_time":"2025-10-01T18:24:22+00:00","og_image":[{"width":1280,"height":720,"url":"https:\/\/www.manaus.am.gov.br\/seminf\/wp-content\/uploads\/sites\/6\/2025\/10\/WhatsApp-Image-2025-10-01-at-14.22.15-2.jpeg","type":"image\/jpeg"}],"author":"Adriana Costa","twitter_card":"summary_large_image","twitter_misc":{"Written by":"Adriana Costa","Est. reading time":"2 minutos"},"schema":{"@context":"https:\/\/schema.org","@graph":[{"@type":"WebPage","@id":"https:\/\/www.manaus.am.gov.br\/seminf\/prefeitura-seminf-redededrenagem-compensa2\/","url":"https:\/\/www.manaus.am.gov.br\/seminf\/prefeitura-seminf-redededrenagem-compensa2\/","name":"Prefeitura de Manaus realiza manuten\u00e7\u00e3o de rede de drenagem profunda no bairro Compensa 2","isPartOf":{"@id":"https:\/\/www.manaus.am.gov.br\/seminf\/#website"},"primaryImageOfPage":{"@id":"https:\/\/www.manaus.am.gov.br\/seminf\/prefeitura-seminf-redededrenagem-compensa2\/#primaryimage"},"image":{"@id":"https:\/\/www.manaus.am.gov.br\/seminf\/prefeitura-seminf-redededrenagem-compensa2\/#primaryimage"},"thumbnailUrl":"https:\/\/www.manaus.am.gov.br\/seminf\/wp-content\/uploads\/sites\/6\/2025\/10\/WhatsApp-Image-2025-10-01-at-14.22.15-2.jpeg","datePublished":"2025-10-01T18:24:21+00:00","dateModified":"2025-10-01T18:24:22+00:00","author":{"@id":"https:\/\/www.manaus.am.gov.br\/seminf\/#\/schema\/person\/4e49f4e267757a06ca072ec61b2b9968"},"description":"A Prefeitura de Manaus, por meio da Secretaria Municipal de Infraestrutura (Seminf), executa, nesta quarta-feira, 1\u00ba\/10, a manuten\u00e7\u00e3o da rede de drenagem profunda da rua Brasil\u00e9ia, no bairro Compensa 2, zona Oeste","inLanguage":"pt-BR","potentialAction":[{"@type":"ReadAction","target":["https:\/\/www.manaus.am.gov.br\/seminf\/prefeitura-seminf-redededrenagem-compensa2\/"]}]},{"@type":"ImageObject","inLanguage":"pt-BR","@id":"https:\/\/www.manaus.am.gov.br\/seminf\/prefeitura-seminf-redededrenagem-compensa2\/#primaryimage","url":"https:\/\/www.manaus.am.gov.br\/seminf\/wp-content\/uploads\/sites\/6\/2025\/10\/WhatsApp-Image-2025-10-01-at-14.22.15-2.jpeg","contentUrl":"https:\/\/www.manaus.am.gov.br\/seminf\/wp-content\/uploads\/sites\/6\/2025\/10\/WhatsApp-Image-2025-10-01-at-14.22.15-2.jpeg","width":1280,"height":720,"caption":"#paratodosverem - Imagem de retroescavadeira e trabalhadores da Seminf em servi\u00e7o de manuten\u00e7\u00e3o de rede de drenagem"},{"@type":"WebSite","@id":"https:\/\/www.manaus.am.gov.br\/seminf\/#website","url":"https:\/\/www.manaus.am.gov.br\/seminf\/","name":"Secretaria de Infraestrutura","description":"Secretaria Municipal de Infraestrutura","potentialAction":[{"@type":"SearchAction","target":{"@type":"EntryPoint","urlTemplate":"https:\/\/www.manaus.am.gov.br\/seminf\/?s={search_term_string}"},"query-input":"required name=search_term_string"}],"inLanguage":"pt-BR"},{"@type":"Person","@id":"https:\/\/www.manaus.am.gov.br\/seminf\/#\/schema\/person\/4e49f4e267757a06ca072ec61b2b9968","name":"Adriana Costa","image":{"@type":"ImageObject","inLanguage":"pt-BR","@id":"https:\/\/www.manaus.am.gov.br\/seminf\/#\/schema\/person\/image\/","url":"https:\/\/secure.gravatar.com\/avatar\/576258617ef7194f718179e766d57bd4?s=96&d=mm&r=g","contentUrl":"https:\/\/secure.gravatar.com\/avatar\/576258617ef7194f718179e766d57bd4?s=96&d=mm&r=g","caption":"Adriana Costa"}}]}},"_links":{"self":[{"href":"https:\/\/www.manaus.am.gov.br\/seminf\/wp-json\/wp\/v2\/posts\/7084"}],"collection":[{"href":"https:\/\/www.manaus.am.gov.br\/seminf\/wp-json\/wp\/v2\/posts"}],"about":[{"href":"https:\/\/www.manaus.am.gov.br\/seminf\/wp-json\/wp\/v2\/types\/post"}],"author":[{"embeddable":true,"href":"https:\/\/www.manaus.am.gov.br\/seminf\/wp-json\/wp\/v2\/users\/23"}],"replies":[{"embeddable":true,"href":"https:\/\/www.manaus.am.gov.br\/seminf\/wp-json\/wp\/v2\/comments?post=7084"}],"version-history":[{"count":0,"href":"https:\/\/www.manaus.am.gov.br\/seminf\/wp-json\/wp\/v2\/posts\/7084\/revisions"}],"wp:featuredmedia":[{"embeddable":true,"href":"https:\/\/www.manaus.am.gov.br\/seminf\/wp-json\/wp\/v2\/media\/7085"}],"wp:attachment":[{"href":"https:\/\/www.manaus.am.gov.br\/seminf\/wp-json\/wp\/v2\/media?parent=7084"}],"wp:term":[{"taxonomy":"category","embeddable":true,"href":"https:\/\/www.manaus.am.gov.br\/seminf\/wp-json\/wp\/v2\/categories?post=7084"},{"taxonomy":"post_tag","embeddable":true,"href":"https:\/\/www.manaus.am.gov.br\/seminf\/wp-json\/wp\/v2\/tags?post=7084"}],"curies":[{"name":"wp","href":"https:\/\/api.w.org\/{rel}","templated":true}]}}