{"id":7076,"date":"2025-10-01T10:29:43","date_gmt":"2025-10-01T14:29:43","guid":{"rendered":"https:\/\/www.manaus.am.gov.br\/seminf\/prefeitura-seminf-quadradomauazinho\/"},"modified":"2025-10-01T10:29:45","modified_gmt":"2025-10-01T14:29:45","slug":"prefeitura-seminf-quadradomauazinho","status":"publish","type":"post","link":"https:\/\/www.manaus.am.gov.br\/seminf\/prefeitura-seminf-quadradomauazinho\/","title":{"rendered":"Prefeitura de Manaus inicia transforma\u00e7\u00e3o de quadra do Mauazinho em novo espa\u00e7o de esporte e lazer"},"content":{"rendered":"\n<p>A Prefeitura de Manaus iniciou, nesta quarta-feira, 1\u00ba\/10, as obras de revitaliza\u00e7\u00e3o da quadra poliesportiva do bairro Mauazinho, na avenida Arouca, zona Leste. O espa\u00e7o, que h\u00e1 anos aguardava melhorias, ganhar\u00e1 cobertura in\u00e9dita e estrutura completa para receber a comunidade com mais conforto e seguran\u00e7a.<\/p>\n\n\n\n<p>As frentes de trabalho atuam na montagem da estrutura met\u00e1lica da cobertura, na reconstru\u00e7\u00e3o da \u00e1rea administrativa e na recupera\u00e7\u00e3o dos muros e da pr\u00f3pria quadra. A principal novidade \u00e9 a instala\u00e7\u00e3o da cobertura, que antes n\u00e3o existia, garantindo prote\u00e7\u00e3o contra o sol e a chuva, ampliando as possibilidades de uso do espa\u00e7o para pr\u00e1ticas esportivas e eventos comunit\u00e1rios durante todo o ano.<\/p>\n\n\n\n<p>O vice-prefeito e secret\u00e1rio de Infraestrutura, Renato Junior, destacou o compromisso da gest\u00e3o em levar qualidade de vida a todas as regi\u00f5es da cidade. \u201cEssa obra simboliza o que defendemos, uma gest\u00e3o que olha por todos, que investe no esporte como ferramenta de inclus\u00e3o e que valoriza a comunidade. O prefeito David Almeida tem o olhar voltado para cada bairro, e aqui no Mauzinho vamos entregar dignidade e oportunidade para que crian\u00e7as, jovens e fam\u00edlias possam se reunir, brincar e sonhar em um espa\u00e7o renovado\u201d, afirmou Renato Junior.&nbsp;<\/p>\n\n\n\n<p>A transforma\u00e7\u00e3o j\u00e1 anima os moradores. O agente de limpeza Carlos Ramires, 47, que mora em frente \u00e0 quadra, recorda as dificuldades e comemora a chegada da reforma.<\/p>\n\n\n\n<p>\u201cMoro aqui h\u00e1 mais de 20 anos e nunca tivemos uma cobertura. Quando chovia, a quadra ficava inutiliz\u00e1vel. Foram muitas promessas que nunca sa\u00edram do papel. Ver a obra acontecendo \u00e9 emocionante. Essa mudan\u00e7a vai trazer alegria para todo o bairro\u201d, disse o morador.<\/p>\n\n\n\n<p>O padeiro Maycon Lopes, 40, tamb\u00e9m celebra a revitaliza\u00e7\u00e3o, que ele chama de \u201cpresente de Natal\u201d para a comunidade.<\/p>\n\n\n\n<p>\u201cHoje n\u00f3s temos uma prefeitura presente no Mauazinho. Antes s\u00f3 ouvimos promessas, agora o sonho virou realidade. Nossa quadra vai ser coberta, o muro est\u00e1 ficando lindo e toda a comunidade est\u00e1 muito feliz\u201d, comemorou Maycon.<\/p>\n\n\n\n<p>A iniciativa faz parte do programa de revitaliza\u00e7\u00e3o de espa\u00e7os p\u00fablicos da Prefeitura de Manaus, que busca estimular a pr\u00e1tica esportiva, fortalecer os v\u00ednculos sociais e oferecer ambientes acolhedores para o lazer e a sa\u00fade da popula\u00e7\u00e3o.<\/p>\n\n\n\n<p>&#8212; &#8212; &#8212;<\/p>\n\n\n\n<p><strong>Texto<\/strong>&nbsp;&#8211; Rayana Coutinho\/ Seminf<\/p>\n\n\n\n<p><strong>Fotos<\/strong>&nbsp;&#8211; Alessandro Ara\u00fajo\/ Seminf<\/p>\n","protected":false},"excerpt":{"rendered":"","protected":false},"author":23,"featured_media":7077,"comment_status":"closed","ping_status":"closed","sticky":false,"template":"","format":"standard","meta":{"footnotes":""},"categories":[4],"tags":[610,43,1432,123,26,58],"acf":[],"yoast_head":"<!-- This site is optimized with the Yoast SEO plugin v23.0 - https:\/\/yoast.com\/wordpress\/plugins\/seo\/ -->\n<title>Prefeitura de Manaus inicia transforma\u00e7\u00e3o de quadra do Mauazinho em novo espa\u00e7o de esporte e lazer<\/title>\n<meta name=\"description\" content=\"A Prefeitura de Manaus iniciou, nesta quarta-feira, 1\u00ba\/10, as obras de revitaliza\u00e7\u00e3o da quadra poliesportiva do bairro Mauazinho, na avenida Arouca, zona Leste. O espa\u00e7o, que h\u00e1 anos aguardava melhorias, ganhar\u00e1 cobertura in\u00e9dita e estrutura completa para receber a comunidade com mais conforto e seguran\u00e7a.\" \/>\n<meta name=\"robots\" content=\"index, follow, max-snippet:-1, max-image-preview:large, max-video-preview:-1\" \/>\n<link rel=\"canonical\" href=\"https:\/\/www.manaus.am.gov.br\/seminf\/prefeitura-seminf-quadradomauazinho\/\" \/>\n<meta property=\"og:locale\" content=\"pt_BR\" \/>\n<meta property=\"og:type\" content=\"article\" \/>\n<meta property=\"og:title\" content=\"Prefeitura de Manaus inicia transforma\u00e7\u00e3o de quadra do Mauazinho em novo espa\u00e7o de esporte e lazer\" \/>\n<meta property=\"og:description\" content=\"A Prefeitura de Manaus iniciou, nesta quarta-feira, 1\u00ba\/10, as obras de revitaliza\u00e7\u00e3o da quadra poliesportiva do bairro Mauazinho, na avenida Arouca, zona Leste. O espa\u00e7o, que h\u00e1 anos aguardava melhorias, ganhar\u00e1 cobertura in\u00e9dita e estrutura completa para receber a comunidade com mais conforto e seguran\u00e7a.\" \/>\n<meta property=\"og:url\" content=\"https:\/\/www.manaus.am.gov.br\/seminf\/prefeitura-seminf-quadradomauazinho\/\" \/>\n<meta property=\"og:site_name\" content=\"SEMINF\" \/>\n<meta property=\"article:published_time\" content=\"2025-10-01T14:29:43+00:00\" \/>\n<meta property=\"article:modified_time\" content=\"2025-10-01T14:29:45+00:00\" \/>\n<meta property=\"og:image\" content=\"https:\/\/www.manaus.am.gov.br\/seminf\/wp-content\/uploads\/sites\/6\/2025\/10\/54825256518_16849a7dd8_c.jpg\" \/>\n\t<meta property=\"og:image:width\" content=\"800\" \/>\n\t<meta property=\"og:image:height\" content=\"600\" \/>\n\t<meta property=\"og:image:type\" content=\"image\/jpeg\" \/>\n<meta name=\"author\" content=\"Adriana Costa\" \/>\n<meta name=\"twitter:card\" content=\"summary_large_image\" \/>\n<meta name=\"twitter:label1\" content=\"Written by\" \/>\n\t<meta name=\"twitter:data1\" content=\"Adriana Costa\" \/>\n\t<meta name=\"twitter:label2\" content=\"Est. reading time\" \/>\n\t<meta name=\"twitter:data2\" content=\"3 minutos\" \/>\n<script type=\"application\/ld+json\" class=\"yoast-schema-graph\">{\"@context\":\"https:\/\/schema.org\",\"@graph\":[{\"@type\":\"WebPage\",\"@id\":\"https:\/\/www.manaus.am.gov.br\/seminf\/prefeitura-seminf-quadradomauazinho\/\",\"url\":\"https:\/\/www.manaus.am.gov.br\/seminf\/prefeitura-seminf-quadradomauazinho\/\",\"name\":\"Prefeitura de Manaus inicia transforma\u00e7\u00e3o de quadra do Mauazinho em novo espa\u00e7o de esporte e lazer\",\"isPartOf\":{\"@id\":\"https:\/\/www.manaus.am.gov.br\/seminf\/#website\"},\"primaryImageOfPage\":{\"@id\":\"https:\/\/www.manaus.am.gov.br\/seminf\/prefeitura-seminf-quadradomauazinho\/#primaryimage\"},\"image\":{\"@id\":\"https:\/\/www.manaus.am.gov.br\/seminf\/prefeitura-seminf-quadradomauazinho\/#primaryimage\"},\"thumbnailUrl\":\"https:\/\/www.manaus.am.gov.br\/seminf\/wp-content\/uploads\/sites\/6\/2025\/10\/54825256518_16849a7dd8_c.jpg\",\"datePublished\":\"2025-10-01T14:29:43+00:00\",\"dateModified\":\"2025-10-01T14:29:45+00:00\",\"author\":{\"@id\":\"https:\/\/www.manaus.am.gov.br\/seminf\/#\/schema\/person\/4e49f4e267757a06ca072ec61b2b9968\"},\"description\":\"A Prefeitura de Manaus iniciou, nesta quarta-feira, 1\u00ba\/10, as obras de revitaliza\u00e7\u00e3o da quadra poliesportiva do bairro Mauazinho, na avenida Arouca, zona Leste. O espa\u00e7o, que h\u00e1 anos aguardava melhorias, ganhar\u00e1 cobertura in\u00e9dita e estrutura completa para receber a comunidade com mais conforto e seguran\u00e7a.\",\"inLanguage\":\"pt-BR\",\"potentialAction\":[{\"@type\":\"ReadAction\",\"target\":[\"https:\/\/www.manaus.am.gov.br\/seminf\/prefeitura-seminf-quadradomauazinho\/\"]}]},{\"@type\":\"ImageObject\",\"inLanguage\":\"pt-BR\",\"@id\":\"https:\/\/www.manaus.am.gov.br\/seminf\/prefeitura-seminf-quadradomauazinho\/#primaryimage\",\"url\":\"https:\/\/www.manaus.am.gov.br\/seminf\/wp-content\/uploads\/sites\/6\/2025\/10\/54825256518_16849a7dd8_c.jpg\",\"contentUrl\":\"https:\/\/www.manaus.am.gov.br\/seminf\/wp-content\/uploads\/sites\/6\/2025\/10\/54825256518_16849a7dd8_c.jpg\",\"width\":800,\"height\":600,\"caption\":\"#paratodosverem - Imagem de canteiro de obras em quadra do bairro Mauazinho\"},{\"@type\":\"WebSite\",\"@id\":\"https:\/\/www.manaus.am.gov.br\/seminf\/#website\",\"url\":\"https:\/\/www.manaus.am.gov.br\/seminf\/\",\"name\":\"Secretaria de Infraestrutura\",\"description\":\"Secretaria Municipal de Infraestrutura\",\"potentialAction\":[{\"@type\":\"SearchAction\",\"target\":{\"@type\":\"EntryPoint\",\"urlTemplate\":\"https:\/\/www.manaus.am.gov.br\/seminf\/?s={search_term_string}\"},\"query-input\":\"required name=search_term_string\"}],\"inLanguage\":\"pt-BR\"},{\"@type\":\"Person\",\"@id\":\"https:\/\/www.manaus.am.gov.br\/seminf\/#\/schema\/person\/4e49f4e267757a06ca072ec61b2b9968\",\"name\":\"Adriana Costa\",\"image\":{\"@type\":\"ImageObject\",\"inLanguage\":\"pt-BR\",\"@id\":\"https:\/\/www.manaus.am.gov.br\/seminf\/#\/schema\/person\/image\/\",\"url\":\"https:\/\/secure.gravatar.com\/avatar\/576258617ef7194f718179e766d57bd4?s=96&d=mm&r=g\",\"contentUrl\":\"https:\/\/secure.gravatar.com\/avatar\/576258617ef7194f718179e766d57bd4?s=96&d=mm&r=g\",\"caption\":\"Adriana Costa\"}}]}<\/script>\n<!-- \/ Yoast SEO plugin. -->","yoast_head_json":{"title":"Prefeitura de Manaus inicia transforma\u00e7\u00e3o de quadra do Mauazinho em novo espa\u00e7o de esporte e lazer","description":"A Prefeitura de Manaus iniciou, nesta quarta-feira, 1\u00ba\/10, as obras de revitaliza\u00e7\u00e3o da quadra poliesportiva do bairro Mauazinho, na avenida Arouca, zona Leste. O espa\u00e7o, que h\u00e1 anos aguardava melhorias, ganhar\u00e1 cobertura in\u00e9dita e estrutura completa para receber a comunidade com mais conforto e seguran\u00e7a.","robots":{"index":"index","follow":"follow","max-snippet":"max-snippet:-1","max-image-preview":"max-image-preview:large","max-video-preview":"max-video-preview:-1"},"canonical":"https:\/\/www.manaus.am.gov.br\/seminf\/prefeitura-seminf-quadradomauazinho\/","og_locale":"pt_BR","og_type":"article","og_title":"Prefeitura de Manaus inicia transforma\u00e7\u00e3o de quadra do Mauazinho em novo espa\u00e7o de esporte e lazer","og_description":"A Prefeitura de Manaus iniciou, nesta quarta-feira, 1\u00ba\/10, as obras de revitaliza\u00e7\u00e3o da quadra poliesportiva do bairro Mauazinho, na avenida Arouca, zona Leste. O espa\u00e7o, que h\u00e1 anos aguardava melhorias, ganhar\u00e1 cobertura in\u00e9dita e estrutura completa para receber a comunidade com mais conforto e seguran\u00e7a.","og_url":"https:\/\/www.manaus.am.gov.br\/seminf\/prefeitura-seminf-quadradomauazinho\/","og_site_name":"SEMINF","article_published_time":"2025-10-01T14:29:43+00:00","article_modified_time":"2025-10-01T14:29:45+00:00","og_image":[{"width":800,"height":600,"url":"https:\/\/www.manaus.am.gov.br\/seminf\/wp-content\/uploads\/sites\/6\/2025\/10\/54825256518_16849a7dd8_c.jpg","type":"image\/jpeg"}],"author":"Adriana Costa","twitter_card":"summary_large_image","twitter_misc":{"Written by":"Adriana Costa","Est. reading time":"3 minutos"},"schema":{"@context":"https:\/\/schema.org","@graph":[{"@type":"WebPage","@id":"https:\/\/www.manaus.am.gov.br\/seminf\/prefeitura-seminf-quadradomauazinho\/","url":"https:\/\/www.manaus.am.gov.br\/seminf\/prefeitura-seminf-quadradomauazinho\/","name":"Prefeitura de Manaus inicia transforma\u00e7\u00e3o de quadra do Mauazinho em novo espa\u00e7o de esporte e lazer","isPartOf":{"@id":"https:\/\/www.manaus.am.gov.br\/seminf\/#website"},"primaryImageOfPage":{"@id":"https:\/\/www.manaus.am.gov.br\/seminf\/prefeitura-seminf-quadradomauazinho\/#primaryimage"},"image":{"@id":"https:\/\/www.manaus.am.gov.br\/seminf\/prefeitura-seminf-quadradomauazinho\/#primaryimage"},"thumbnailUrl":"https:\/\/www.manaus.am.gov.br\/seminf\/wp-content\/uploads\/sites\/6\/2025\/10\/54825256518_16849a7dd8_c.jpg","datePublished":"2025-10-01T14:29:43+00:00","dateModified":"2025-10-01T14:29:45+00:00","author":{"@id":"https:\/\/www.manaus.am.gov.br\/seminf\/#\/schema\/person\/4e49f4e267757a06ca072ec61b2b9968"},"description":"A Prefeitura de Manaus iniciou, nesta quarta-feira, 1\u00ba\/10, as obras de revitaliza\u00e7\u00e3o da quadra poliesportiva do bairro Mauazinho, na avenida Arouca, zona Leste. O espa\u00e7o, que h\u00e1 anos aguardava melhorias, ganhar\u00e1 cobertura in\u00e9dita e estrutura completa para receber a comunidade com mais conforto e seguran\u00e7a.","inLanguage":"pt-BR","potentialAction":[{"@type":"ReadAction","target":["https:\/\/www.manaus.am.gov.br\/seminf\/prefeitura-seminf-quadradomauazinho\/"]}]},{"@type":"ImageObject","inLanguage":"pt-BR","@id":"https:\/\/www.manaus.am.gov.br\/seminf\/prefeitura-seminf-quadradomauazinho\/#primaryimage","url":"https:\/\/www.manaus.am.gov.br\/seminf\/wp-content\/uploads\/sites\/6\/2025\/10\/54825256518_16849a7dd8_c.jpg","contentUrl":"https:\/\/www.manaus.am.gov.br\/seminf\/wp-content\/uploads\/sites\/6\/2025\/10\/54825256518_16849a7dd8_c.jpg","width":800,"height":600,"caption":"#paratodosverem - Imagem de canteiro de obras em quadra do bairro Mauazinho"},{"@type":"WebSite","@id":"https:\/\/www.manaus.am.gov.br\/seminf\/#website","url":"https:\/\/www.manaus.am.gov.br\/seminf\/","name":"Secretaria de Infraestrutura","description":"Secretaria Municipal de Infraestrutura","potentialAction":[{"@type":"SearchAction","target":{"@type":"EntryPoint","urlTemplate":"https:\/\/www.manaus.am.gov.br\/seminf\/?s={search_term_string}"},"query-input":"required name=search_term_string"}],"inLanguage":"pt-BR"},{"@type":"Person","@id":"https:\/\/www.manaus.am.gov.br\/seminf\/#\/schema\/person\/4e49f4e267757a06ca072ec61b2b9968","name":"Adriana Costa","image":{"@type":"ImageObject","inLanguage":"pt-BR","@id":"https:\/\/www.manaus.am.gov.br\/seminf\/#\/schema\/person\/image\/","url":"https:\/\/secure.gravatar.com\/avatar\/576258617ef7194f718179e766d57bd4?s=96&d=mm&r=g","contentUrl":"https:\/\/secure.gravatar.com\/avatar\/576258617ef7194f718179e766d57bd4?s=96&d=mm&r=g","caption":"Adriana Costa"}}]}},"_links":{"self":[{"href":"https:\/\/www.manaus.am.gov.br\/seminf\/wp-json\/wp\/v2\/posts\/7076"}],"collection":[{"href":"https:\/\/www.manaus.am.gov.br\/seminf\/wp-json\/wp\/v2\/posts"}],"about":[{"href":"https:\/\/www.manaus.am.gov.br\/seminf\/wp-json\/wp\/v2\/types\/post"}],"author":[{"embeddable":true,"href":"https:\/\/www.manaus.am.gov.br\/seminf\/wp-json\/wp\/v2\/users\/23"}],"replies":[{"embeddable":true,"href":"https:\/\/www.manaus.am.gov.br\/seminf\/wp-json\/wp\/v2\/comments?post=7076"}],"version-history":[{"count":0,"href":"https:\/\/www.manaus.am.gov.br\/seminf\/wp-json\/wp\/v2\/posts\/7076\/revisions"}],"wp:featuredmedia":[{"embeddable":true,"href":"https:\/\/www.manaus.am.gov.br\/seminf\/wp-json\/wp\/v2\/media\/7077"}],"wp:attachment":[{"href":"https:\/\/www.manaus.am.gov.br\/seminf\/wp-json\/wp\/v2\/media?parent=7076"}],"wp:term":[{"taxonomy":"category","embeddable":true,"href":"https:\/\/www.manaus.am.gov.br\/seminf\/wp-json\/wp\/v2\/categories?post=7076"},{"taxonomy":"post_tag","embeddable":true,"href":"https:\/\/www.manaus.am.gov.br\/seminf\/wp-json\/wp\/v2\/tags?post=7076"}],"curies":[{"name":"wp","href":"https:\/\/api.w.org\/{rel}","templated":true}]}}