{"id":7055,"date":"2025-09-29T16:12:13","date_gmt":"2025-09-29T20:12:13","guid":{"rendered":"https:\/\/www.manaus.am.gov.br\/seminf\/recuperacao-asfaltica-12\/"},"modified":"2025-09-29T16:12:14","modified_gmt":"2025-09-29T20:12:14","slug":"recuperacao-asfaltica-12","status":"publish","type":"post","link":"https:\/\/www.manaus.am.gov.br\/seminf\/recuperacao-asfaltica-12\/","title":{"rendered":"Recupera\u00e7\u00e3o asf\u00e1ltica da Prefeitura de Manaus contempla comunidade Val Para\u00edso"},"content":{"rendered":"\n<p>Nesta segunda-feira, 29\/9, a Prefeitura de Manaus, por meio da Secretaria Municipal de Infraestrutura (Seminf), atuou na rua Amb\u00e9, localizada na comunidade Val Para\u00edso, no bairro Jorge Teixeira, zona Leste da capital, com a revitaliza\u00e7\u00e3o do pavimento e renova\u00e7\u00e3o da via. Os servi\u00e7os garantem maior seguran\u00e7a no deslocamento de pedestres e ve\u00edculos, bem como devolve a dignidade aos moradores da \u00e1rea.<\/p>\n\n\n\n<p>\u201cNa gest\u00e3o do prefeito David Almeida, transformamos diariamente as vias dos bairros, e com isso, cumprimos com o nosso compromisso de levar melhorias na infraestrutura para todos, transformando o dia a dia do nosso povo. Nossa miss\u00e3o \u00e9 assegurar, cuidar, e desenvolver a cidade de forma eficiente por meio das frentes de trabalho das equipes dos distritos de obras\u201d, afirmou o vice-prefeito e secret\u00e1rio de Obras, Renato Junior, destacando o compromisso da gest\u00e3o municipal em obras de infraestrutura.<\/p>\n\n\n\n<p>O servi\u00e7o foi realizado de forma c\u00e9lere e \u00e1gil pelos oper\u00e1rios, onde foram realizadas todas as etapas necess\u00e1rias para a execu\u00e7\u00e3o da obra, com a imprima\u00e7\u00e3o, aplica\u00e7\u00e3o de massa asf\u00e1ltica e a compacta\u00e7\u00e3o com o uso do rolo compactador.<\/p>\n\n\n\n<p>Os moradores da \u00e1rea aprovaram o servi\u00e7o e refor\u00e7aram a satisfa\u00e7\u00e3o em receber as equipes da Seminf, como afirmou o aposentado Aderbaldo Gon\u00e7alves, 63 anos. \u201cIsso nos valoriza muito, e estamos muito felizes por isso. Eu e toda rua gostamos muito e aprovamos esse trabalho\u201d, agradeceu Aderbaldo.<\/p>\n\n\n\n<p>O condutor escolar Cleves Ferreira, 50 anos, destacou a alegria ao observar as equipes da Seminf presentes na rua. \u201cA prefeitura est\u00e1 de parab\u00e9ns. O servi\u00e7o da Seminf est\u00e1 sendo realizado n\u00e3o somente aqui, mas em toda cidade. Quero agradecer, em nome da comunidade Val Para\u00edso, o trabalho em desenvolvimento pela Seminf, que est\u00e1 trazendo dignidade aos moradores\u201d, comemora o morador.<\/p>\n\n\n\n<p><br>\u2014 \u2014 \u2014<\/p>\n\n\n\n<p><strong>Texto &#8211;<\/strong>\u00a0 Maria Amed\/ Seminf<br><strong>Fotos &#8211;<\/strong> Alessandro Ara\u00fajo \/ Seminf<\/p>\n","protected":false},"excerpt":{"rendered":"","protected":false},"author":68,"featured_media":7056,"comment_status":"closed","ping_status":"closed","sticky":false,"template":"","format":"standard","meta":{"footnotes":""},"categories":[6],"tags":[43,2562,26,231],"acf":[],"yoast_head":"<!-- This site is optimized with the Yoast SEO plugin v23.0 - https:\/\/yoast.com\/wordpress\/plugins\/seo\/ -->\n<title>Recupera\u00e7\u00e3o asf\u00e1ltica da prefeitura contempla Val Para\u00edso<\/title>\n<meta name=\"description\" content=\"A Prefeitura de Manaus atuou na rua Amb\u00e9, localizada na comunidade Val Para\u00edso, no bairro Jorge Teixeira, zona Leste da capital.\" \/>\n<meta name=\"robots\" content=\"index, follow, max-snippet:-1, max-image-preview:large, max-video-preview:-1\" \/>\n<link rel=\"canonical\" href=\"https:\/\/www.manaus.am.gov.br\/seminf\/recuperacao-asfaltica-12\/\" \/>\n<meta property=\"og:locale\" content=\"pt_BR\" \/>\n<meta property=\"og:type\" content=\"article\" \/>\n<meta property=\"og:title\" content=\"Recupera\u00e7\u00e3o asf\u00e1ltica da prefeitura contempla Val Para\u00edso\" \/>\n<meta property=\"og:description\" content=\"A Prefeitura de Manaus atuou na rua Amb\u00e9, localizada na comunidade Val Para\u00edso, no bairro Jorge Teixeira, zona Leste da capital.\" \/>\n<meta property=\"og:url\" content=\"https:\/\/www.manaus.am.gov.br\/seminf\/recuperacao-asfaltica-12\/\" \/>\n<meta property=\"og:site_name\" content=\"SEMINF\" \/>\n<meta property=\"article:published_time\" content=\"2025-09-29T20:12:13+00:00\" \/>\n<meta property=\"article:modified_time\" content=\"2025-09-29T20:12:14+00:00\" \/>\n<meta property=\"og:image\" content=\"https:\/\/www.manaus.am.gov.br\/seminf\/wp-content\/uploads\/sites\/6\/2025\/09\/Recuperacao-asfaltica-da-Prefeitura-de-Manaus-contempla-comunidade-Val-Paraiso-2.jpg\" \/>\n\t<meta property=\"og:image:width\" content=\"1600\" \/>\n\t<meta property=\"og:image:height\" content=\"1200\" \/>\n\t<meta property=\"og:image:type\" content=\"image\/jpeg\" \/>\n<meta name=\"author\" content=\"bvalente\" \/>\n<meta name=\"twitter:card\" content=\"summary_large_image\" \/>\n<meta name=\"twitter:label1\" content=\"Written by\" \/>\n\t<meta name=\"twitter:data1\" content=\"bvalente\" \/>\n\t<meta name=\"twitter:label2\" content=\"Est. reading time\" \/>\n\t<meta name=\"twitter:data2\" content=\"2 minutos\" \/>\n<script type=\"application\/ld+json\" class=\"yoast-schema-graph\">{\"@context\":\"https:\/\/schema.org\",\"@graph\":[{\"@type\":\"WebPage\",\"@id\":\"https:\/\/www.manaus.am.gov.br\/seminf\/recuperacao-asfaltica-12\/\",\"url\":\"https:\/\/www.manaus.am.gov.br\/seminf\/recuperacao-asfaltica-12\/\",\"name\":\"Recupera\u00e7\u00e3o asf\u00e1ltica da prefeitura contempla Val Para\u00edso\",\"isPartOf\":{\"@id\":\"https:\/\/www.manaus.am.gov.br\/seminf\/#website\"},\"primaryImageOfPage\":{\"@id\":\"https:\/\/www.manaus.am.gov.br\/seminf\/recuperacao-asfaltica-12\/#primaryimage\"},\"image\":{\"@id\":\"https:\/\/www.manaus.am.gov.br\/seminf\/recuperacao-asfaltica-12\/#primaryimage\"},\"thumbnailUrl\":\"https:\/\/www.manaus.am.gov.br\/seminf\/wp-content\/uploads\/sites\/6\/2025\/09\/Recuperacao-asfaltica-da-Prefeitura-de-Manaus-contempla-comunidade-Val-Paraiso-2.jpg\",\"datePublished\":\"2025-09-29T20:12:13+00:00\",\"dateModified\":\"2025-09-29T20:12:14+00:00\",\"author\":{\"@id\":\"https:\/\/www.manaus.am.gov.br\/seminf\/#\/schema\/person\/466a0e03ae4b6062809046bd560ac955\"},\"description\":\"A Prefeitura de Manaus atuou na rua Amb\u00e9, localizada na comunidade Val Para\u00edso, no bairro Jorge Teixeira, zona Leste da capital.\",\"inLanguage\":\"pt-BR\",\"potentialAction\":[{\"@type\":\"ReadAction\",\"target\":[\"https:\/\/www.manaus.am.gov.br\/seminf\/recuperacao-asfaltica-12\/\"]}]},{\"@type\":\"ImageObject\",\"inLanguage\":\"pt-BR\",\"@id\":\"https:\/\/www.manaus.am.gov.br\/seminf\/recuperacao-asfaltica-12\/#primaryimage\",\"url\":\"https:\/\/www.manaus.am.gov.br\/seminf\/wp-content\/uploads\/sites\/6\/2025\/09\/Recuperacao-asfaltica-da-Prefeitura-de-Manaus-contempla-comunidade-Val-Paraiso-2.jpg\",\"contentUrl\":\"https:\/\/www.manaus.am.gov.br\/seminf\/wp-content\/uploads\/sites\/6\/2025\/09\/Recuperacao-asfaltica-da-Prefeitura-de-Manaus-contempla-comunidade-Val-Paraiso-2.jpg\",\"width\":1600,\"height\":1200,\"caption\":\"#paratodosverem \u2013 Equipes da Seminf realizando a recupera\u00e7\u00e3o asf\u00e1ltica na rua Amb\u00e9\"},{\"@type\":\"WebSite\",\"@id\":\"https:\/\/www.manaus.am.gov.br\/seminf\/#website\",\"url\":\"https:\/\/www.manaus.am.gov.br\/seminf\/\",\"name\":\"Secretaria de Infraestrutura\",\"description\":\"Secretaria Municipal de Infraestrutura\",\"potentialAction\":[{\"@type\":\"SearchAction\",\"target\":{\"@type\":\"EntryPoint\",\"urlTemplate\":\"https:\/\/www.manaus.am.gov.br\/seminf\/?s={search_term_string}\"},\"query-input\":\"required name=search_term_string\"}],\"inLanguage\":\"pt-BR\"},{\"@type\":\"Person\",\"@id\":\"https:\/\/www.manaus.am.gov.br\/seminf\/#\/schema\/person\/466a0e03ae4b6062809046bd560ac955\",\"name\":\"bvalente\",\"image\":{\"@type\":\"ImageObject\",\"inLanguage\":\"pt-BR\",\"@id\":\"https:\/\/www.manaus.am.gov.br\/seminf\/#\/schema\/person\/image\/\",\"url\":\"https:\/\/secure.gravatar.com\/avatar\/3e69bc2b014bdad41adfec3a39de07d2?s=96&d=mm&r=g\",\"contentUrl\":\"https:\/\/secure.gravatar.com\/avatar\/3e69bc2b014bdad41adfec3a39de07d2?s=96&d=mm&r=g\",\"caption\":\"bvalente\"}}]}<\/script>\n<!-- \/ Yoast SEO plugin. -->","yoast_head_json":{"title":"Recupera\u00e7\u00e3o asf\u00e1ltica da prefeitura contempla Val Para\u00edso","description":"A Prefeitura de Manaus atuou na rua Amb\u00e9, localizada na comunidade Val Para\u00edso, no bairro Jorge Teixeira, zona Leste da capital.","robots":{"index":"index","follow":"follow","max-snippet":"max-snippet:-1","max-image-preview":"max-image-preview:large","max-video-preview":"max-video-preview:-1"},"canonical":"https:\/\/www.manaus.am.gov.br\/seminf\/recuperacao-asfaltica-12\/","og_locale":"pt_BR","og_type":"article","og_title":"Recupera\u00e7\u00e3o asf\u00e1ltica da prefeitura contempla Val Para\u00edso","og_description":"A Prefeitura de Manaus atuou na rua Amb\u00e9, localizada na comunidade Val Para\u00edso, no bairro Jorge Teixeira, zona Leste da capital.","og_url":"https:\/\/www.manaus.am.gov.br\/seminf\/recuperacao-asfaltica-12\/","og_site_name":"SEMINF","article_published_time":"2025-09-29T20:12:13+00:00","article_modified_time":"2025-09-29T20:12:14+00:00","og_image":[{"width":1600,"height":1200,"url":"https:\/\/www.manaus.am.gov.br\/seminf\/wp-content\/uploads\/sites\/6\/2025\/09\/Recuperacao-asfaltica-da-Prefeitura-de-Manaus-contempla-comunidade-Val-Paraiso-2.jpg","type":"image\/jpeg"}],"author":"bvalente","twitter_card":"summary_large_image","twitter_misc":{"Written by":"bvalente","Est. reading time":"2 minutos"},"schema":{"@context":"https:\/\/schema.org","@graph":[{"@type":"WebPage","@id":"https:\/\/www.manaus.am.gov.br\/seminf\/recuperacao-asfaltica-12\/","url":"https:\/\/www.manaus.am.gov.br\/seminf\/recuperacao-asfaltica-12\/","name":"Recupera\u00e7\u00e3o asf\u00e1ltica da prefeitura contempla Val Para\u00edso","isPartOf":{"@id":"https:\/\/www.manaus.am.gov.br\/seminf\/#website"},"primaryImageOfPage":{"@id":"https:\/\/www.manaus.am.gov.br\/seminf\/recuperacao-asfaltica-12\/#primaryimage"},"image":{"@id":"https:\/\/www.manaus.am.gov.br\/seminf\/recuperacao-asfaltica-12\/#primaryimage"},"thumbnailUrl":"https:\/\/www.manaus.am.gov.br\/seminf\/wp-content\/uploads\/sites\/6\/2025\/09\/Recuperacao-asfaltica-da-Prefeitura-de-Manaus-contempla-comunidade-Val-Paraiso-2.jpg","datePublished":"2025-09-29T20:12:13+00:00","dateModified":"2025-09-29T20:12:14+00:00","author":{"@id":"https:\/\/www.manaus.am.gov.br\/seminf\/#\/schema\/person\/466a0e03ae4b6062809046bd560ac955"},"description":"A Prefeitura de Manaus atuou na rua Amb\u00e9, localizada na comunidade Val Para\u00edso, no bairro Jorge Teixeira, zona Leste da capital.","inLanguage":"pt-BR","potentialAction":[{"@type":"ReadAction","target":["https:\/\/www.manaus.am.gov.br\/seminf\/recuperacao-asfaltica-12\/"]}]},{"@type":"ImageObject","inLanguage":"pt-BR","@id":"https:\/\/www.manaus.am.gov.br\/seminf\/recuperacao-asfaltica-12\/#primaryimage","url":"https:\/\/www.manaus.am.gov.br\/seminf\/wp-content\/uploads\/sites\/6\/2025\/09\/Recuperacao-asfaltica-da-Prefeitura-de-Manaus-contempla-comunidade-Val-Paraiso-2.jpg","contentUrl":"https:\/\/www.manaus.am.gov.br\/seminf\/wp-content\/uploads\/sites\/6\/2025\/09\/Recuperacao-asfaltica-da-Prefeitura-de-Manaus-contempla-comunidade-Val-Paraiso-2.jpg","width":1600,"height":1200,"caption":"#paratodosverem \u2013 Equipes da Seminf realizando a recupera\u00e7\u00e3o asf\u00e1ltica na rua Amb\u00e9"},{"@type":"WebSite","@id":"https:\/\/www.manaus.am.gov.br\/seminf\/#website","url":"https:\/\/www.manaus.am.gov.br\/seminf\/","name":"Secretaria de Infraestrutura","description":"Secretaria Municipal de Infraestrutura","potentialAction":[{"@type":"SearchAction","target":{"@type":"EntryPoint","urlTemplate":"https:\/\/www.manaus.am.gov.br\/seminf\/?s={search_term_string}"},"query-input":"required name=search_term_string"}],"inLanguage":"pt-BR"},{"@type":"Person","@id":"https:\/\/www.manaus.am.gov.br\/seminf\/#\/schema\/person\/466a0e03ae4b6062809046bd560ac955","name":"bvalente","image":{"@type":"ImageObject","inLanguage":"pt-BR","@id":"https:\/\/www.manaus.am.gov.br\/seminf\/#\/schema\/person\/image\/","url":"https:\/\/secure.gravatar.com\/avatar\/3e69bc2b014bdad41adfec3a39de07d2?s=96&d=mm&r=g","contentUrl":"https:\/\/secure.gravatar.com\/avatar\/3e69bc2b014bdad41adfec3a39de07d2?s=96&d=mm&r=g","caption":"bvalente"}}]}},"_links":{"self":[{"href":"https:\/\/www.manaus.am.gov.br\/seminf\/wp-json\/wp\/v2\/posts\/7055"}],"collection":[{"href":"https:\/\/www.manaus.am.gov.br\/seminf\/wp-json\/wp\/v2\/posts"}],"about":[{"href":"https:\/\/www.manaus.am.gov.br\/seminf\/wp-json\/wp\/v2\/types\/post"}],"author":[{"embeddable":true,"href":"https:\/\/www.manaus.am.gov.br\/seminf\/wp-json\/wp\/v2\/users\/68"}],"replies":[{"embeddable":true,"href":"https:\/\/www.manaus.am.gov.br\/seminf\/wp-json\/wp\/v2\/comments?post=7055"}],"version-history":[{"count":0,"href":"https:\/\/www.manaus.am.gov.br\/seminf\/wp-json\/wp\/v2\/posts\/7055\/revisions"}],"wp:featuredmedia":[{"embeddable":true,"href":"https:\/\/www.manaus.am.gov.br\/seminf\/wp-json\/wp\/v2\/media\/7056"}],"wp:attachment":[{"href":"https:\/\/www.manaus.am.gov.br\/seminf\/wp-json\/wp\/v2\/media?parent=7055"}],"wp:term":[{"taxonomy":"category","embeddable":true,"href":"https:\/\/www.manaus.am.gov.br\/seminf\/wp-json\/wp\/v2\/categories?post=7055"},{"taxonomy":"post_tag","embeddable":true,"href":"https:\/\/www.manaus.am.gov.br\/seminf\/wp-json\/wp\/v2\/tags?post=7055"}],"curies":[{"name":"wp","href":"https:\/\/api.w.org\/{rel}","templated":true}]}}