{"id":7036,"date":"2025-09-26T15:24:40","date_gmt":"2025-09-26T19:24:40","guid":{"rendered":"https:\/\/www.manaus.am.gov.br\/seminf\/prefeitura-seminf-drenagem-petropolis-2\/"},"modified":"2025-09-26T15:40:39","modified_gmt":"2025-09-26T19:40:39","slug":"prefeitura-seminf-drenagem-petropolis-2","status":"publish","type":"post","link":"https:\/\/www.manaus.am.gov.br\/seminf\/prefeitura-seminf-drenagem-petropolis-2\/","title":{"rendered":"Prefeitura de Manaus desobstrui drenagem e reduz risco de alagamentos no bairro Petr\u00f3polis"},"content":{"rendered":"\n<p>A Prefeitura de Manaus, por meio da Secretaria Municipal de Infraestrutura (Seminf), realizou, nesta sexta-feira, 26\/9, servi\u00e7os de manuten\u00e7\u00e3o na rede de drenagem profunda da rua Gualter Batista, no bairro Petr\u00f3polis, zona Sul da capital. A interven\u00e7\u00e3o previne alagamentos e garante mais seguran\u00e7a para os moradores da regi\u00e3o.<\/p>\n\n\n\n<p>Os trabalhos come\u00e7aram com a desobstru\u00e7\u00e3o de uma caixa coletora, que estava completamente entupida devido ao descarte irregular de res\u00edduos na via. Entre os materiais removidos estavam potes pl\u00e1sticos, sacolas, peda\u00e7os de madeira e at\u00e9 uma chupeta infantil.<\/p>\n\n\n\n<p>Ap\u00f3s a limpeza, as equipes executaram o anelamento da tubula\u00e7\u00e3o e deram continuidade \u00e0 recupera\u00e7\u00e3o estrutural da caixa coletora, que apresentava avan\u00e7ado estado de deteriora\u00e7\u00e3o.<\/p>\n\n\n\n<p>Para os moradores, a a\u00e7\u00e3o representa tranquilidade. A aposentada Maria de Souza, 73, lembra das dificuldades que enfrentava. \u201cQuando chovia era desesperador, a \u00e1gua descia com for\u00e7a e alagava tudo. Agora, com a limpeza, tenho certeza que vai melhorar. Estamos mais seguros e aliviados\u201d, contou a aposentada.<\/p>\n\n\n\n<p>O vice-prefeito e secret\u00e1rio de Obras, Renato Junior, destacou a import\u00e2ncia das a\u00e7\u00f5es preventivas. \u201cA manuten\u00e7\u00e3o das galerias subterr\u00e2neas \u00e9 prioridade da gest\u00e3o do prefeito David Almeida. \u00c9 esse cuidado que evita transtornos e protege a popula\u00e7\u00e3o, especialmente no per\u00edodo de chuvas. Nosso compromisso \u00e9 manter a cidade preparada e segura\u201d, afirmou Renato Junior.<\/p>\n\n\n\n<p>A Seminf tem intensificado as obras de manuten\u00e7\u00e3o das drenagens profundas em diversas \u00e1reas da cidade, como parte da prepara\u00e7\u00e3o para o inverno amaz\u00f4nico, reduzindo riscos de alagamento e garantindo mais qualidade de vida \u00e0 popula\u00e7\u00e3o.<\/p>\n\n\n\n<p>&#8212; &#8212; &#8212;<\/p>\n\n\n\n<p><strong>Texto\u00a0<\/strong>&#8211; Eduarda Lira \/ Seminf<\/p>\n\n\n\n<p><strong>Fotos\u00a0<\/strong>&#8211; Alessandro Ara\u00fajo \/ Seminf<\/p>\n","protected":false},"excerpt":{"rendered":"","protected":false},"author":23,"featured_media":7037,"comment_status":"closed","ping_status":"closed","sticky":false,"template":"","format":"standard","meta":{"footnotes":""},"categories":[6],"tags":[750,43,73,26],"acf":[],"yoast_head":"<!-- This site is optimized with the Yoast SEO plugin v23.0 - https:\/\/yoast.com\/wordpress\/plugins\/seo\/ -->\n<title>Prefeitura de Manaus desobstrui drenagem e reduz risco de alagamentos no bairro Petr\u00f3polis<\/title>\n<meta name=\"description\" content=\"A Prefeitura de Manaus, por meio da Secretaria Municipal de Infraestrutura (Seminf), realizou, nesta sexta-feira, 26\/9, servi\u00e7os de manuten\u00e7\u00e3o na rede de drenagem profunda da rua Gualter Batista, no bairro Petr\u00f3polis, zona Sul da capital.\" \/>\n<meta name=\"robots\" content=\"index, follow, max-snippet:-1, max-image-preview:large, max-video-preview:-1\" \/>\n<link rel=\"canonical\" href=\"https:\/\/www.manaus.am.gov.br\/seminf\/prefeitura-seminf-drenagem-petropolis-2\/\" \/>\n<meta property=\"og:locale\" content=\"pt_BR\" \/>\n<meta property=\"og:type\" content=\"article\" \/>\n<meta property=\"og:title\" content=\"Prefeitura de Manaus desobstrui drenagem e reduz risco de alagamentos no bairro Petr\u00f3polis\" \/>\n<meta property=\"og:description\" content=\"A Prefeitura de Manaus, por meio da Secretaria Municipal de Infraestrutura (Seminf), realizou, nesta sexta-feira, 26\/9, servi\u00e7os de manuten\u00e7\u00e3o na rede de drenagem profunda da rua Gualter Batista, no bairro Petr\u00f3polis, zona Sul da capital.\" \/>\n<meta property=\"og:url\" content=\"https:\/\/www.manaus.am.gov.br\/seminf\/prefeitura-seminf-drenagem-petropolis-2\/\" \/>\n<meta property=\"og:site_name\" content=\"SEMINF\" \/>\n<meta property=\"article:published_time\" content=\"2025-09-26T19:24:40+00:00\" \/>\n<meta property=\"article:modified_time\" content=\"2025-09-26T19:40:39+00:00\" \/>\n<meta property=\"og:image\" content=\"https:\/\/www.manaus.am.gov.br\/seminf\/wp-content\/uploads\/sites\/6\/2025\/09\/WhatsApp-Image-2025-09-26-at-15.22.26-1.jpeg\" \/>\n\t<meta property=\"og:image:width\" content=\"1280\" \/>\n\t<meta property=\"og:image:height\" content=\"960\" \/>\n\t<meta property=\"og:image:type\" content=\"image\/jpeg\" \/>\n<meta name=\"author\" content=\"Adriana Costa\" \/>\n<meta name=\"twitter:card\" content=\"summary_large_image\" \/>\n<meta name=\"twitter:label1\" content=\"Written by\" \/>\n\t<meta name=\"twitter:data1\" content=\"Adriana Costa\" \/>\n\t<meta name=\"twitter:label2\" content=\"Est. reading time\" \/>\n\t<meta name=\"twitter:data2\" content=\"2 minutos\" \/>\n<script type=\"application\/ld+json\" class=\"yoast-schema-graph\">{\"@context\":\"https:\/\/schema.org\",\"@graph\":[{\"@type\":\"WebPage\",\"@id\":\"https:\/\/www.manaus.am.gov.br\/seminf\/prefeitura-seminf-drenagem-petropolis-2\/\",\"url\":\"https:\/\/www.manaus.am.gov.br\/seminf\/prefeitura-seminf-drenagem-petropolis-2\/\",\"name\":\"Prefeitura de Manaus desobstrui drenagem e reduz risco de alagamentos no bairro Petr\u00f3polis\",\"isPartOf\":{\"@id\":\"https:\/\/www.manaus.am.gov.br\/seminf\/#website\"},\"primaryImageOfPage\":{\"@id\":\"https:\/\/www.manaus.am.gov.br\/seminf\/prefeitura-seminf-drenagem-petropolis-2\/#primaryimage\"},\"image\":{\"@id\":\"https:\/\/www.manaus.am.gov.br\/seminf\/prefeitura-seminf-drenagem-petropolis-2\/#primaryimage\"},\"thumbnailUrl\":\"https:\/\/www.manaus.am.gov.br\/seminf\/wp-content\/uploads\/sites\/6\/2025\/09\/WhatsApp-Image-2025-09-26-at-15.22.26-1.jpeg\",\"datePublished\":\"2025-09-26T19:24:40+00:00\",\"dateModified\":\"2025-09-26T19:40:39+00:00\",\"author\":{\"@id\":\"https:\/\/www.manaus.am.gov.br\/seminf\/#\/schema\/person\/4e49f4e267757a06ca072ec61b2b9968\"},\"description\":\"A Prefeitura de Manaus, por meio da Secretaria Municipal de Infraestrutura (Seminf), realizou, nesta sexta-feira, 26\/9, servi\u00e7os de manuten\u00e7\u00e3o na rede de drenagem profunda da rua Gualter Batista, no bairro Petr\u00f3polis, zona Sul da capital.\",\"inLanguage\":\"pt-BR\",\"potentialAction\":[{\"@type\":\"ReadAction\",\"target\":[\"https:\/\/www.manaus.am.gov.br\/seminf\/prefeitura-seminf-drenagem-petropolis-2\/\"]}]},{\"@type\":\"ImageObject\",\"inLanguage\":\"pt-BR\",\"@id\":\"https:\/\/www.manaus.am.gov.br\/seminf\/prefeitura-seminf-drenagem-petropolis-2\/#primaryimage\",\"url\":\"https:\/\/www.manaus.am.gov.br\/seminf\/wp-content\/uploads\/sites\/6\/2025\/09\/WhatsApp-Image-2025-09-26-at-15.22.26-1.jpeg\",\"contentUrl\":\"https:\/\/www.manaus.am.gov.br\/seminf\/wp-content\/uploads\/sites\/6\/2025\/09\/WhatsApp-Image-2025-09-26-at-15.22.26-1.jpeg\",\"width\":1280,\"height\":960,\"caption\":\"#paratodosverem - Trabalhadores da Seminf trabalham em manuten\u00e7\u00e3o de caixa coletora no bairro Petr\u00f3polis\"},{\"@type\":\"WebSite\",\"@id\":\"https:\/\/www.manaus.am.gov.br\/seminf\/#website\",\"url\":\"https:\/\/www.manaus.am.gov.br\/seminf\/\",\"name\":\"Secretaria de Infraestrutura\",\"description\":\"Secretaria Municipal de Infraestrutura\",\"potentialAction\":[{\"@type\":\"SearchAction\",\"target\":{\"@type\":\"EntryPoint\",\"urlTemplate\":\"https:\/\/www.manaus.am.gov.br\/seminf\/?s={search_term_string}\"},\"query-input\":\"required name=search_term_string\"}],\"inLanguage\":\"pt-BR\"},{\"@type\":\"Person\",\"@id\":\"https:\/\/www.manaus.am.gov.br\/seminf\/#\/schema\/person\/4e49f4e267757a06ca072ec61b2b9968\",\"name\":\"Adriana Costa\",\"image\":{\"@type\":\"ImageObject\",\"inLanguage\":\"pt-BR\",\"@id\":\"https:\/\/www.manaus.am.gov.br\/seminf\/#\/schema\/person\/image\/\",\"url\":\"https:\/\/secure.gravatar.com\/avatar\/576258617ef7194f718179e766d57bd4?s=96&d=mm&r=g\",\"contentUrl\":\"https:\/\/secure.gravatar.com\/avatar\/576258617ef7194f718179e766d57bd4?s=96&d=mm&r=g\",\"caption\":\"Adriana Costa\"}}]}<\/script>\n<!-- \/ Yoast SEO plugin. -->","yoast_head_json":{"title":"Prefeitura de Manaus desobstrui drenagem e reduz risco de alagamentos no bairro Petr\u00f3polis","description":"A Prefeitura de Manaus, por meio da Secretaria Municipal de Infraestrutura (Seminf), realizou, nesta sexta-feira, 26\/9, servi\u00e7os de manuten\u00e7\u00e3o na rede de drenagem profunda da rua Gualter Batista, no bairro Petr\u00f3polis, zona Sul da capital.","robots":{"index":"index","follow":"follow","max-snippet":"max-snippet:-1","max-image-preview":"max-image-preview:large","max-video-preview":"max-video-preview:-1"},"canonical":"https:\/\/www.manaus.am.gov.br\/seminf\/prefeitura-seminf-drenagem-petropolis-2\/","og_locale":"pt_BR","og_type":"article","og_title":"Prefeitura de Manaus desobstrui drenagem e reduz risco de alagamentos no bairro Petr\u00f3polis","og_description":"A Prefeitura de Manaus, por meio da Secretaria Municipal de Infraestrutura (Seminf), realizou, nesta sexta-feira, 26\/9, servi\u00e7os de manuten\u00e7\u00e3o na rede de drenagem profunda da rua Gualter Batista, no bairro Petr\u00f3polis, zona Sul da capital.","og_url":"https:\/\/www.manaus.am.gov.br\/seminf\/prefeitura-seminf-drenagem-petropolis-2\/","og_site_name":"SEMINF","article_published_time":"2025-09-26T19:24:40+00:00","article_modified_time":"2025-09-26T19:40:39+00:00","og_image":[{"width":1280,"height":960,"url":"https:\/\/www.manaus.am.gov.br\/seminf\/wp-content\/uploads\/sites\/6\/2025\/09\/WhatsApp-Image-2025-09-26-at-15.22.26-1.jpeg","type":"image\/jpeg"}],"author":"Adriana Costa","twitter_card":"summary_large_image","twitter_misc":{"Written by":"Adriana Costa","Est. reading time":"2 minutos"},"schema":{"@context":"https:\/\/schema.org","@graph":[{"@type":"WebPage","@id":"https:\/\/www.manaus.am.gov.br\/seminf\/prefeitura-seminf-drenagem-petropolis-2\/","url":"https:\/\/www.manaus.am.gov.br\/seminf\/prefeitura-seminf-drenagem-petropolis-2\/","name":"Prefeitura de Manaus desobstrui drenagem e reduz risco de alagamentos no bairro Petr\u00f3polis","isPartOf":{"@id":"https:\/\/www.manaus.am.gov.br\/seminf\/#website"},"primaryImageOfPage":{"@id":"https:\/\/www.manaus.am.gov.br\/seminf\/prefeitura-seminf-drenagem-petropolis-2\/#primaryimage"},"image":{"@id":"https:\/\/www.manaus.am.gov.br\/seminf\/prefeitura-seminf-drenagem-petropolis-2\/#primaryimage"},"thumbnailUrl":"https:\/\/www.manaus.am.gov.br\/seminf\/wp-content\/uploads\/sites\/6\/2025\/09\/WhatsApp-Image-2025-09-26-at-15.22.26-1.jpeg","datePublished":"2025-09-26T19:24:40+00:00","dateModified":"2025-09-26T19:40:39+00:00","author":{"@id":"https:\/\/www.manaus.am.gov.br\/seminf\/#\/schema\/person\/4e49f4e267757a06ca072ec61b2b9968"},"description":"A Prefeitura de Manaus, por meio da Secretaria Municipal de Infraestrutura (Seminf), realizou, nesta sexta-feira, 26\/9, servi\u00e7os de manuten\u00e7\u00e3o na rede de drenagem profunda da rua Gualter Batista, no bairro Petr\u00f3polis, zona Sul da capital.","inLanguage":"pt-BR","potentialAction":[{"@type":"ReadAction","target":["https:\/\/www.manaus.am.gov.br\/seminf\/prefeitura-seminf-drenagem-petropolis-2\/"]}]},{"@type":"ImageObject","inLanguage":"pt-BR","@id":"https:\/\/www.manaus.am.gov.br\/seminf\/prefeitura-seminf-drenagem-petropolis-2\/#primaryimage","url":"https:\/\/www.manaus.am.gov.br\/seminf\/wp-content\/uploads\/sites\/6\/2025\/09\/WhatsApp-Image-2025-09-26-at-15.22.26-1.jpeg","contentUrl":"https:\/\/www.manaus.am.gov.br\/seminf\/wp-content\/uploads\/sites\/6\/2025\/09\/WhatsApp-Image-2025-09-26-at-15.22.26-1.jpeg","width":1280,"height":960,"caption":"#paratodosverem - Trabalhadores da Seminf trabalham em manuten\u00e7\u00e3o de caixa coletora no bairro Petr\u00f3polis"},{"@type":"WebSite","@id":"https:\/\/www.manaus.am.gov.br\/seminf\/#website","url":"https:\/\/www.manaus.am.gov.br\/seminf\/","name":"Secretaria de Infraestrutura","description":"Secretaria Municipal de Infraestrutura","potentialAction":[{"@type":"SearchAction","target":{"@type":"EntryPoint","urlTemplate":"https:\/\/www.manaus.am.gov.br\/seminf\/?s={search_term_string}"},"query-input":"required name=search_term_string"}],"inLanguage":"pt-BR"},{"@type":"Person","@id":"https:\/\/www.manaus.am.gov.br\/seminf\/#\/schema\/person\/4e49f4e267757a06ca072ec61b2b9968","name":"Adriana Costa","image":{"@type":"ImageObject","inLanguage":"pt-BR","@id":"https:\/\/www.manaus.am.gov.br\/seminf\/#\/schema\/person\/image\/","url":"https:\/\/secure.gravatar.com\/avatar\/576258617ef7194f718179e766d57bd4?s=96&d=mm&r=g","contentUrl":"https:\/\/secure.gravatar.com\/avatar\/576258617ef7194f718179e766d57bd4?s=96&d=mm&r=g","caption":"Adriana Costa"}}]}},"_links":{"self":[{"href":"https:\/\/www.manaus.am.gov.br\/seminf\/wp-json\/wp\/v2\/posts\/7036"}],"collection":[{"href":"https:\/\/www.manaus.am.gov.br\/seminf\/wp-json\/wp\/v2\/posts"}],"about":[{"href":"https:\/\/www.manaus.am.gov.br\/seminf\/wp-json\/wp\/v2\/types\/post"}],"author":[{"embeddable":true,"href":"https:\/\/www.manaus.am.gov.br\/seminf\/wp-json\/wp\/v2\/users\/23"}],"replies":[{"embeddable":true,"href":"https:\/\/www.manaus.am.gov.br\/seminf\/wp-json\/wp\/v2\/comments?post=7036"}],"version-history":[{"count":1,"href":"https:\/\/www.manaus.am.gov.br\/seminf\/wp-json\/wp\/v2\/posts\/7036\/revisions"}],"predecessor-version":[{"id":7038,"href":"https:\/\/www.manaus.am.gov.br\/seminf\/wp-json\/wp\/v2\/posts\/7036\/revisions\/7038"}],"wp:featuredmedia":[{"embeddable":true,"href":"https:\/\/www.manaus.am.gov.br\/seminf\/wp-json\/wp\/v2\/media\/7037"}],"wp:attachment":[{"href":"https:\/\/www.manaus.am.gov.br\/seminf\/wp-json\/wp\/v2\/media?parent=7036"}],"wp:term":[{"taxonomy":"category","embeddable":true,"href":"https:\/\/www.manaus.am.gov.br\/seminf\/wp-json\/wp\/v2\/categories?post=7036"},{"taxonomy":"post_tag","embeddable":true,"href":"https:\/\/www.manaus.am.gov.br\/seminf\/wp-json\/wp\/v2\/tags?post=7036"}],"curies":[{"name":"wp","href":"https:\/\/api.w.org\/{rel}","templated":true}]}}