{"id":7006,"date":"2025-09-25T13:15:17","date_gmt":"2025-09-25T17:15:17","guid":{"rendered":"https:\/\/www.manaus.am.gov.br\/seminf\/rede-de-drenagem-no-sao-jose-2\/"},"modified":"2025-09-25T13:15:19","modified_gmt":"2025-09-25T17:15:19","slug":"rede-de-drenagem-no-sao-jose-2","status":"publish","type":"post","link":"https:\/\/www.manaus.am.gov.br\/seminf\/rede-de-drenagem-no-sao-jose-2\/","title":{"rendered":"Prefeitura de Manaus desobstrui rede de drenagem no S\u00e3o Jos\u00e9 Oper\u00e1rio e reduz riscos de alagamentos"},"content":{"rendered":"\n<p>A <a href=\"https:\/\/www.instagram.com\/prefeiturademanaus\/\">Prefeitura de Manaus<\/a>, por meio da <a href=\"https:\/\/www.manaus.am.gov.br\/seminf\/\">Secretaria Municipal de Infraestrutura (Seminf)<\/a>, realizou nesta quinta-feira, 25\/9, uma interven\u00e7\u00e3o emergencial na rua Rio Napuiau, no bairro S\u00e3o Jos\u00e9 Oper\u00e1rio, zona Leste. As equipes do distrito de obras executaram a desobstru\u00e7\u00e3o completa de uma rede de drenagem profunda que estava comprometida pelo ac\u00famulo de lixo descartado de forma irregular.<\/p>\n\n\n\n<p>Durante a a\u00e7\u00e3o, foram encontrados materiais como len\u00e7\u00f3is, fios de telefone e grandes volumes de entulho que bloqueavam o sistema. A limpeza devolveu a funcionalidade da galeria e eliminou os pontos de alagamento que causavam transtornos a pedestres, motoristas e comerciantes da regi\u00e3o.<\/p>\n\n\n\n<p>O vice-prefeito e secret\u00e1rio de Obras, Renato Junior, ressaltou a import\u00e2ncia da manuten\u00e7\u00e3o e a responsabilidade da popula\u00e7\u00e3o no cuidado com a cidade.<\/p>\n\n\n\n<p>\u201cO descarte irregular de lixo \u00e9 um dos maiores inimigos da drenagem. Quando a popula\u00e7\u00e3o joga res\u00edduos nas ruas, esse material vai parar nas galerias e prejudica todo o sistema. Aqui, conseguimos desobstruir e recuperar a rede, mas precisamos tamb\u00e9m da conscientiza\u00e7\u00e3o de todos. Na gest\u00e3o do prefeito David Almeida trabalhamos diariamente para transformar Manaus, do grande ao pequeno detalhe, com responsabilidade e compromisso\u201d, destacou Renato Junior.<\/p>\n\n\n\n<p>Morador do entorno, o pintor Arlisson da Silva, 28 , aprovou a agilidade da a\u00e7\u00e3o. \u201cEst\u00e1 muito legal, a prefeitura est\u00e1 de parab\u00e9ns. Antes, sempre que chovia, essa rua alagava e atrapalhava todo mundo. Agora a situa\u00e7\u00e3o vai melhorar bastante. Obrigado por terem vindo resolver esse problema\u201d, comemorou o morador.<\/p>\n\n\n\n<p>&#8212; &#8212; &#8212;<\/p>\n\n\n\n<p><strong>Texto e Fotos<\/strong> &#8211; Maria Amed\/ Seminf<\/p>\n","protected":false},"excerpt":{"rendered":"","protected":false},"author":57,"featured_media":7007,"comment_status":"closed","ping_status":"closed","sticky":false,"template":"","format":"standard","meta":{"footnotes":""},"categories":[4],"tags":[208,43,73,993,26],"acf":[],"yoast_head":"<!-- This site is optimized with the Yoast SEO plugin v23.0 - https:\/\/yoast.com\/wordpress\/plugins\/seo\/ -->\n<title>Prefeitura desobstrui rede de drenagem no S\u00e3o Jos\u00e9 Oper\u00e1rio<\/title>\n<meta name=\"description\" content=\"As equipes executaram a desobstru\u00e7\u00e3o de uma rede de drenagem profunda no S\u00e3o Jos\u00e9 Oper\u00e1rio que estava comprometida.\" \/>\n<meta name=\"robots\" content=\"index, follow, max-snippet:-1, max-image-preview:large, max-video-preview:-1\" \/>\n<link rel=\"canonical\" href=\"https:\/\/www.manaus.am.gov.br\/seminf\/rede-de-drenagem-no-sao-jose-2\/\" \/>\n<meta property=\"og:locale\" content=\"pt_BR\" \/>\n<meta property=\"og:type\" content=\"article\" \/>\n<meta property=\"og:title\" content=\"Prefeitura desobstrui rede de drenagem no S\u00e3o Jos\u00e9 Oper\u00e1rio\" \/>\n<meta property=\"og:description\" content=\"As equipes executaram a desobstru\u00e7\u00e3o de uma rede de drenagem profunda no S\u00e3o Jos\u00e9 Oper\u00e1rio que estava comprometida.\" \/>\n<meta property=\"og:url\" content=\"https:\/\/www.manaus.am.gov.br\/seminf\/rede-de-drenagem-no-sao-jose-2\/\" \/>\n<meta property=\"og:site_name\" content=\"SEMINF\" \/>\n<meta property=\"article:published_time\" content=\"2025-09-25T17:15:17+00:00\" \/>\n<meta property=\"article:modified_time\" content=\"2025-09-25T17:15:19+00:00\" \/>\n<meta property=\"og:image\" content=\"https:\/\/www.manaus.am.gov.br\/seminf\/wp-content\/uploads\/sites\/6\/2025\/09\/rede-de-drenagem-no-Sao-Jose-2.jpg\" \/>\n\t<meta property=\"og:image:width\" content=\"1200\" \/>\n\t<meta property=\"og:image:height\" content=\"900\" \/>\n\t<meta property=\"og:image:type\" content=\"image\/jpeg\" \/>\n<meta name=\"author\" content=\"Thiago Fernando\" \/>\n<meta name=\"twitter:card\" content=\"summary_large_image\" \/>\n<meta name=\"twitter:label1\" content=\"Written by\" \/>\n\t<meta name=\"twitter:data1\" content=\"Thiago Fernando\" \/>\n\t<meta name=\"twitter:label2\" content=\"Est. reading time\" \/>\n\t<meta name=\"twitter:data2\" content=\"2 minutos\" \/>\n<script type=\"application\/ld+json\" class=\"yoast-schema-graph\">{\"@context\":\"https:\/\/schema.org\",\"@graph\":[{\"@type\":\"WebPage\",\"@id\":\"https:\/\/www.manaus.am.gov.br\/seminf\/rede-de-drenagem-no-sao-jose-2\/\",\"url\":\"https:\/\/www.manaus.am.gov.br\/seminf\/rede-de-drenagem-no-sao-jose-2\/\",\"name\":\"Prefeitura desobstrui rede de drenagem no S\u00e3o Jos\u00e9 Oper\u00e1rio\",\"isPartOf\":{\"@id\":\"https:\/\/www.manaus.am.gov.br\/seminf\/#website\"},\"primaryImageOfPage\":{\"@id\":\"https:\/\/www.manaus.am.gov.br\/seminf\/rede-de-drenagem-no-sao-jose-2\/#primaryimage\"},\"image\":{\"@id\":\"https:\/\/www.manaus.am.gov.br\/seminf\/rede-de-drenagem-no-sao-jose-2\/#primaryimage\"},\"thumbnailUrl\":\"https:\/\/www.manaus.am.gov.br\/seminf\/wp-content\/uploads\/sites\/6\/2025\/09\/rede-de-drenagem-no-Sao-Jose-2.jpg\",\"datePublished\":\"2025-09-25T17:15:17+00:00\",\"dateModified\":\"2025-09-25T17:15:19+00:00\",\"author\":{\"@id\":\"https:\/\/www.manaus.am.gov.br\/seminf\/#\/schema\/person\/a5ee5376db6e21af026374b369f30882\"},\"description\":\"As equipes executaram a desobstru\u00e7\u00e3o de uma rede de drenagem profunda no S\u00e3o Jos\u00e9 Oper\u00e1rio que estava comprometida.\",\"inLanguage\":\"pt-BR\",\"potentialAction\":[{\"@type\":\"ReadAction\",\"target\":[\"https:\/\/www.manaus.am.gov.br\/seminf\/rede-de-drenagem-no-sao-jose-2\/\"]}]},{\"@type\":\"ImageObject\",\"inLanguage\":\"pt-BR\",\"@id\":\"https:\/\/www.manaus.am.gov.br\/seminf\/rede-de-drenagem-no-sao-jose-2\/#primaryimage\",\"url\":\"https:\/\/www.manaus.am.gov.br\/seminf\/wp-content\/uploads\/sites\/6\/2025\/09\/rede-de-drenagem-no-Sao-Jose-2.jpg\",\"contentUrl\":\"https:\/\/www.manaus.am.gov.br\/seminf\/wp-content\/uploads\/sites\/6\/2025\/09\/rede-de-drenagem-no-Sao-Jose-2.jpg\",\"width\":1200,\"height\":900,\"caption\":\"#paratodosverem - Equipe da Seminf realizando a recupera\u00e7\u00e3o da rede de drenagem\"},{\"@type\":\"WebSite\",\"@id\":\"https:\/\/www.manaus.am.gov.br\/seminf\/#website\",\"url\":\"https:\/\/www.manaus.am.gov.br\/seminf\/\",\"name\":\"Secretaria de Infraestrutura\",\"description\":\"Secretaria Municipal de Infraestrutura\",\"potentialAction\":[{\"@type\":\"SearchAction\",\"target\":{\"@type\":\"EntryPoint\",\"urlTemplate\":\"https:\/\/www.manaus.am.gov.br\/seminf\/?s={search_term_string}\"},\"query-input\":\"required name=search_term_string\"}],\"inLanguage\":\"pt-BR\"},{\"@type\":\"Person\",\"@id\":\"https:\/\/www.manaus.am.gov.br\/seminf\/#\/schema\/person\/a5ee5376db6e21af026374b369f30882\",\"name\":\"Thiago Fernando\",\"image\":{\"@type\":\"ImageObject\",\"inLanguage\":\"pt-BR\",\"@id\":\"https:\/\/www.manaus.am.gov.br\/seminf\/#\/schema\/person\/image\/\",\"url\":\"https:\/\/secure.gravatar.com\/avatar\/f5aab8722444041451501c077052ac07?s=96&d=mm&r=g\",\"contentUrl\":\"https:\/\/secure.gravatar.com\/avatar\/f5aab8722444041451501c077052ac07?s=96&d=mm&r=g\",\"caption\":\"Thiago Fernando\"}}]}<\/script>\n<!-- \/ Yoast SEO plugin. -->","yoast_head_json":{"title":"Prefeitura desobstrui rede de drenagem no S\u00e3o Jos\u00e9 Oper\u00e1rio","description":"As equipes executaram a desobstru\u00e7\u00e3o de uma rede de drenagem profunda no S\u00e3o Jos\u00e9 Oper\u00e1rio que estava comprometida.","robots":{"index":"index","follow":"follow","max-snippet":"max-snippet:-1","max-image-preview":"max-image-preview:large","max-video-preview":"max-video-preview:-1"},"canonical":"https:\/\/www.manaus.am.gov.br\/seminf\/rede-de-drenagem-no-sao-jose-2\/","og_locale":"pt_BR","og_type":"article","og_title":"Prefeitura desobstrui rede de drenagem no S\u00e3o Jos\u00e9 Oper\u00e1rio","og_description":"As equipes executaram a desobstru\u00e7\u00e3o de uma rede de drenagem profunda no S\u00e3o Jos\u00e9 Oper\u00e1rio que estava comprometida.","og_url":"https:\/\/www.manaus.am.gov.br\/seminf\/rede-de-drenagem-no-sao-jose-2\/","og_site_name":"SEMINF","article_published_time":"2025-09-25T17:15:17+00:00","article_modified_time":"2025-09-25T17:15:19+00:00","og_image":[{"width":1200,"height":900,"url":"https:\/\/www.manaus.am.gov.br\/seminf\/wp-content\/uploads\/sites\/6\/2025\/09\/rede-de-drenagem-no-Sao-Jose-2.jpg","type":"image\/jpeg"}],"author":"Thiago Fernando","twitter_card":"summary_large_image","twitter_misc":{"Written by":"Thiago Fernando","Est. reading time":"2 minutos"},"schema":{"@context":"https:\/\/schema.org","@graph":[{"@type":"WebPage","@id":"https:\/\/www.manaus.am.gov.br\/seminf\/rede-de-drenagem-no-sao-jose-2\/","url":"https:\/\/www.manaus.am.gov.br\/seminf\/rede-de-drenagem-no-sao-jose-2\/","name":"Prefeitura desobstrui rede de drenagem no S\u00e3o Jos\u00e9 Oper\u00e1rio","isPartOf":{"@id":"https:\/\/www.manaus.am.gov.br\/seminf\/#website"},"primaryImageOfPage":{"@id":"https:\/\/www.manaus.am.gov.br\/seminf\/rede-de-drenagem-no-sao-jose-2\/#primaryimage"},"image":{"@id":"https:\/\/www.manaus.am.gov.br\/seminf\/rede-de-drenagem-no-sao-jose-2\/#primaryimage"},"thumbnailUrl":"https:\/\/www.manaus.am.gov.br\/seminf\/wp-content\/uploads\/sites\/6\/2025\/09\/rede-de-drenagem-no-Sao-Jose-2.jpg","datePublished":"2025-09-25T17:15:17+00:00","dateModified":"2025-09-25T17:15:19+00:00","author":{"@id":"https:\/\/www.manaus.am.gov.br\/seminf\/#\/schema\/person\/a5ee5376db6e21af026374b369f30882"},"description":"As equipes executaram a desobstru\u00e7\u00e3o de uma rede de drenagem profunda no S\u00e3o Jos\u00e9 Oper\u00e1rio que estava comprometida.","inLanguage":"pt-BR","potentialAction":[{"@type":"ReadAction","target":["https:\/\/www.manaus.am.gov.br\/seminf\/rede-de-drenagem-no-sao-jose-2\/"]}]},{"@type":"ImageObject","inLanguage":"pt-BR","@id":"https:\/\/www.manaus.am.gov.br\/seminf\/rede-de-drenagem-no-sao-jose-2\/#primaryimage","url":"https:\/\/www.manaus.am.gov.br\/seminf\/wp-content\/uploads\/sites\/6\/2025\/09\/rede-de-drenagem-no-Sao-Jose-2.jpg","contentUrl":"https:\/\/www.manaus.am.gov.br\/seminf\/wp-content\/uploads\/sites\/6\/2025\/09\/rede-de-drenagem-no-Sao-Jose-2.jpg","width":1200,"height":900,"caption":"#paratodosverem - Equipe da Seminf realizando a recupera\u00e7\u00e3o da rede de drenagem"},{"@type":"WebSite","@id":"https:\/\/www.manaus.am.gov.br\/seminf\/#website","url":"https:\/\/www.manaus.am.gov.br\/seminf\/","name":"Secretaria de Infraestrutura","description":"Secretaria Municipal de Infraestrutura","potentialAction":[{"@type":"SearchAction","target":{"@type":"EntryPoint","urlTemplate":"https:\/\/www.manaus.am.gov.br\/seminf\/?s={search_term_string}"},"query-input":"required name=search_term_string"}],"inLanguage":"pt-BR"},{"@type":"Person","@id":"https:\/\/www.manaus.am.gov.br\/seminf\/#\/schema\/person\/a5ee5376db6e21af026374b369f30882","name":"Thiago Fernando","image":{"@type":"ImageObject","inLanguage":"pt-BR","@id":"https:\/\/www.manaus.am.gov.br\/seminf\/#\/schema\/person\/image\/","url":"https:\/\/secure.gravatar.com\/avatar\/f5aab8722444041451501c077052ac07?s=96&d=mm&r=g","contentUrl":"https:\/\/secure.gravatar.com\/avatar\/f5aab8722444041451501c077052ac07?s=96&d=mm&r=g","caption":"Thiago Fernando"}}]}},"_links":{"self":[{"href":"https:\/\/www.manaus.am.gov.br\/seminf\/wp-json\/wp\/v2\/posts\/7006"}],"collection":[{"href":"https:\/\/www.manaus.am.gov.br\/seminf\/wp-json\/wp\/v2\/posts"}],"about":[{"href":"https:\/\/www.manaus.am.gov.br\/seminf\/wp-json\/wp\/v2\/types\/post"}],"author":[{"embeddable":true,"href":"https:\/\/www.manaus.am.gov.br\/seminf\/wp-json\/wp\/v2\/users\/57"}],"replies":[{"embeddable":true,"href":"https:\/\/www.manaus.am.gov.br\/seminf\/wp-json\/wp\/v2\/comments?post=7006"}],"version-history":[{"count":0,"href":"https:\/\/www.manaus.am.gov.br\/seminf\/wp-json\/wp\/v2\/posts\/7006\/revisions"}],"wp:featuredmedia":[{"embeddable":true,"href":"https:\/\/www.manaus.am.gov.br\/seminf\/wp-json\/wp\/v2\/media\/7007"}],"wp:attachment":[{"href":"https:\/\/www.manaus.am.gov.br\/seminf\/wp-json\/wp\/v2\/media?parent=7006"}],"wp:term":[{"taxonomy":"category","embeddable":true,"href":"https:\/\/www.manaus.am.gov.br\/seminf\/wp-json\/wp\/v2\/categories?post=7006"},{"taxonomy":"post_tag","embeddable":true,"href":"https:\/\/www.manaus.am.gov.br\/seminf\/wp-json\/wp\/v2\/tags?post=7006"}],"curies":[{"name":"wp","href":"https:\/\/api.w.org\/{rel}","templated":true}]}}