{"id":6974,"date":"2025-09-23T11:15:25","date_gmt":"2025-09-23T15:15:25","guid":{"rendered":"https:\/\/www.manaus.am.gov.br\/seminf\/avanco-em-obra-da-avenida-do-turismo\/"},"modified":"2025-09-23T11:19:34","modified_gmt":"2025-09-23T15:19:34","slug":"avanco-em-obra-da-avenida-do-turismo","status":"publish","type":"post","link":"https:\/\/www.manaus.am.gov.br\/seminf\/avanco-em-obra-da-avenida-do-turismo\/","title":{"rendered":"Prefeitura de Manaus chega a 85% de avan\u00e7o em obras da avenida do Turismo com servi\u00e7os noturnos"},"content":{"rendered":"\n<p>A Prefeitura de Manaus, por meio da Secretaria Municipal de Infraestrutura (Seminf), segue intensificando os servi\u00e7os de recapeamento asf\u00e1ltico na avenida do Turismo, zona Oeste da cidade. As obras, realizadas na noite de segunda-feira, 22\/9, at\u00e9 a madrugada desta ter\u00e7a-feira, 23, j\u00e1 alcan\u00e7am 85% de execu\u00e7\u00e3o do projeto. O objetivo \u00e9 entregar mais seguran\u00e7a, mobilidade e conforto a quem circula pela regi\u00e3o.<br><br>O vice-prefeito e secret\u00e1rio municipal de Obras, Renato Junior, destacou que a estrat\u00e9gia de atuar no per\u00edodo noturno \u00e9 essencial para reduzir transtornos no tr\u00e2nsito de uma das principais avenidas da capital.<br><br>\u201cEstamos trabalhando durante a noite justamente para n\u00e3o atrapalhar o fluxo de ve\u00edculos durante o dia. Essa \u00e9 uma determina\u00e7\u00e3o do prefeito David Almeida, transformar Manaus sem causar preju\u00edzos \u00e0 rotina da popula\u00e7\u00e3o. A avenida do Turismo \u00e9 uma das principais liga\u00e7\u00f5es da zona Oeste e em breve os moradores ter\u00e3o uma via mais moderna, segura e estruturada para circular\u201d, afirmou Renato Junior.<br><br>O projeto tamb\u00e9m prev\u00ea o alargamento de 6 quil\u00f4metros e 600 metros da avenida do Turismo, no trecho que vai do sentido do aeroporto internacional Eduardo Gomes at\u00e9 a Ponta Negra e tamb\u00e9m no sentido contr\u00e1rio. A via ganhou um metro a mais de largura, passando a contar com 10 metros de largura para tr\u00eas faixas de ve\u00edculos, o que garante mais fluidez e seguran\u00e7a no tr\u00e2nsito. Al\u00e9m disso, foram executados at\u00e9 o momento, 6.040 metros de meio-fio e sarjeta, melhorando o escoamento da \u00e1gua das chuvas e preservando a durabilidade do asfalto. Com o alargamento, os motoristas ter\u00e3o uma mobilidade mais r\u00e1pida, confort\u00e1vel e segura ao trafegar por uma das principais avenidas de liga\u00e7\u00e3o da cidade.<br><br>Quem passa diariamente pela avenida j\u00e1 sente a diferen\u00e7a. O motorista de aplicativo Ariel Reis, 29, aprovou a iniciativa.<br><br>\u201c\u00c9 \u00f3timo ver a prefeitura trabalhando \u00e0 noite, sem causar engarrafamento. O asfalto est\u00e1 nota 10 e ainda est\u00e3o ampliando a avenida, deixando mais larga. Isso faz toda a diferen\u00e7a para quem roda de moto ou carro. A gente s\u00f3 tem a agradecer\u201d, comemorou o motorista.<br><br>O cirurgi\u00e3o-dentista Bruno Pessoa, 24, tamb\u00e9m elogiou a atua\u00e7\u00e3o das equipes em hor\u00e1rio alternativo.<\/p>\n\n\n\n<p>\u201cVolto do trabalho por aqui e ver esse avan\u00e7o \u00e0 noite mostra o compromisso da prefeitura. \u00c9 muito positivo saber que est\u00e3o aproveitando cada hora do dia para melhorar a nossa cidade\u201d, disse o cirurgi\u00e3o-dentista.<\/p>\n\n\n\n<p>Com a obra\u00a0 avan\u00e7ando para a fase final, a Prefeitura de Manaus refor\u00e7a o compromisso de seguir transformando as principais vias da capital, levando infraestrutura de qualidade e melhorias que impactam diretamente a vida da popula\u00e7\u00e3o.<\/p>\n\n\n\n<p>\u2014 \u2014 \u2014<br><strong>Texto <\/strong>&#8211; Rayana Coutinho\/ Seminf<br><strong>Fotos &#8211; <\/strong>Alessandro Ara\u00fajo \/ Seminf<\/p>\n","protected":false},"excerpt":{"rendered":"","protected":false},"author":68,"featured_media":6975,"comment_status":"closed","ping_status":"closed","sticky":false,"template":"","format":"standard","meta":{"footnotes":""},"categories":[4],"tags":[2525,43,26],"acf":[],"yoast_head":"<!-- This site is optimized with the Yoast SEO plugin v23.0 - https:\/\/yoast.com\/wordpress\/plugins\/seo\/ -->\n<title>Prefeitura chega a 85% de avan\u00e7o em obra da avenida do Turismo<\/title>\n<meta name=\"description\" content=\"A Prefeitura de Manaus segue intensificando os servi\u00e7os de recapeamento asf\u00e1ltico na avenida do Turismo, zona Oeste da cidade.\" \/>\n<meta name=\"robots\" content=\"index, follow, max-snippet:-1, max-image-preview:large, max-video-preview:-1\" \/>\n<link rel=\"canonical\" href=\"https:\/\/www.manaus.am.gov.br\/seminf\/avanco-em-obra-da-avenida-do-turismo\/\" \/>\n<meta property=\"og:locale\" content=\"pt_BR\" \/>\n<meta property=\"og:type\" content=\"article\" \/>\n<meta property=\"og:title\" content=\"Prefeitura chega a 85% de avan\u00e7o em obra da avenida do Turismo\" \/>\n<meta property=\"og:description\" content=\"A Prefeitura de Manaus segue intensificando os servi\u00e7os de recapeamento asf\u00e1ltico na avenida do Turismo, zona Oeste da cidade.\" \/>\n<meta property=\"og:url\" content=\"https:\/\/www.manaus.am.gov.br\/seminf\/avanco-em-obra-da-avenida-do-turismo\/\" \/>\n<meta property=\"og:site_name\" content=\"SEMINF\" \/>\n<meta property=\"article:published_time\" content=\"2025-09-23T15:15:25+00:00\" \/>\n<meta property=\"article:modified_time\" content=\"2025-09-23T15:19:34+00:00\" \/>\n<meta property=\"og:image\" content=\"https:\/\/www.manaus.am.gov.br\/seminf\/wp-content\/uploads\/sites\/6\/2025\/09\/Prefeitura-de-Manaus-chega-a-85-de-avanco-em-obras-da-avenida-do-Turismo-com-servicos-noturnos-4.jpg\" \/>\n\t<meta property=\"og:image:width\" content=\"1600\" \/>\n\t<meta property=\"og:image:height\" content=\"1200\" \/>\n\t<meta property=\"og:image:type\" content=\"image\/jpeg\" \/>\n<meta name=\"author\" content=\"bvalente\" \/>\n<meta name=\"twitter:card\" content=\"summary_large_image\" \/>\n<meta name=\"twitter:label1\" content=\"Written by\" \/>\n\t<meta name=\"twitter:data1\" content=\"bvalente\" \/>\n\t<meta name=\"twitter:label2\" content=\"Est. reading time\" \/>\n\t<meta name=\"twitter:data2\" content=\"3 minutos\" \/>\n<script type=\"application\/ld+json\" class=\"yoast-schema-graph\">{\"@context\":\"https:\/\/schema.org\",\"@graph\":[{\"@type\":\"WebPage\",\"@id\":\"https:\/\/www.manaus.am.gov.br\/seminf\/avanco-em-obra-da-avenida-do-turismo\/\",\"url\":\"https:\/\/www.manaus.am.gov.br\/seminf\/avanco-em-obra-da-avenida-do-turismo\/\",\"name\":\"Prefeitura chega a 85% de avan\u00e7o em obra da avenida do Turismo\",\"isPartOf\":{\"@id\":\"https:\/\/www.manaus.am.gov.br\/seminf\/#website\"},\"primaryImageOfPage\":{\"@id\":\"https:\/\/www.manaus.am.gov.br\/seminf\/avanco-em-obra-da-avenida-do-turismo\/#primaryimage\"},\"image\":{\"@id\":\"https:\/\/www.manaus.am.gov.br\/seminf\/avanco-em-obra-da-avenida-do-turismo\/#primaryimage\"},\"thumbnailUrl\":\"https:\/\/www.manaus.am.gov.br\/seminf\/wp-content\/uploads\/sites\/6\/2025\/09\/Prefeitura-de-Manaus-chega-a-85-de-avanco-em-obras-da-avenida-do-Turismo-com-servicos-noturnos-4.jpg\",\"datePublished\":\"2025-09-23T15:15:25+00:00\",\"dateModified\":\"2025-09-23T15:19:34+00:00\",\"author\":{\"@id\":\"https:\/\/www.manaus.am.gov.br\/seminf\/#\/schema\/person\/466a0e03ae4b6062809046bd560ac955\"},\"description\":\"A Prefeitura de Manaus segue intensificando os servi\u00e7os de recapeamento asf\u00e1ltico na avenida do Turismo, zona Oeste da cidade.\",\"inLanguage\":\"pt-BR\",\"potentialAction\":[{\"@type\":\"ReadAction\",\"target\":[\"https:\/\/www.manaus.am.gov.br\/seminf\/avanco-em-obra-da-avenida-do-turismo\/\"]}]},{\"@type\":\"ImageObject\",\"inLanguage\":\"pt-BR\",\"@id\":\"https:\/\/www.manaus.am.gov.br\/seminf\/avanco-em-obra-da-avenida-do-turismo\/#primaryimage\",\"url\":\"https:\/\/www.manaus.am.gov.br\/seminf\/wp-content\/uploads\/sites\/6\/2025\/09\/Prefeitura-de-Manaus-chega-a-85-de-avanco-em-obras-da-avenida-do-Turismo-com-servicos-noturnos-4.jpg\",\"contentUrl\":\"https:\/\/www.manaus.am.gov.br\/seminf\/wp-content\/uploads\/sites\/6\/2025\/09\/Prefeitura-de-Manaus-chega-a-85-de-avanco-em-obras-da-avenida-do-Turismo-com-servicos-noturnos-4.jpg\",\"width\":1600,\"height\":1200,\"caption\":\"#paratodosverem \u2013 Equipes da Seminf realizando o os servi\u00e7os de recapeamento asf\u00e1ltico na avenida do Turismo, durante a\u00e7\u00e3o noturna\"},{\"@type\":\"WebSite\",\"@id\":\"https:\/\/www.manaus.am.gov.br\/seminf\/#website\",\"url\":\"https:\/\/www.manaus.am.gov.br\/seminf\/\",\"name\":\"Secretaria de Infraestrutura\",\"description\":\"Secretaria Municipal de Infraestrutura\",\"potentialAction\":[{\"@type\":\"SearchAction\",\"target\":{\"@type\":\"EntryPoint\",\"urlTemplate\":\"https:\/\/www.manaus.am.gov.br\/seminf\/?s={search_term_string}\"},\"query-input\":\"required name=search_term_string\"}],\"inLanguage\":\"pt-BR\"},{\"@type\":\"Person\",\"@id\":\"https:\/\/www.manaus.am.gov.br\/seminf\/#\/schema\/person\/466a0e03ae4b6062809046bd560ac955\",\"name\":\"bvalente\",\"image\":{\"@type\":\"ImageObject\",\"inLanguage\":\"pt-BR\",\"@id\":\"https:\/\/www.manaus.am.gov.br\/seminf\/#\/schema\/person\/image\/\",\"url\":\"https:\/\/secure.gravatar.com\/avatar\/3e69bc2b014bdad41adfec3a39de07d2?s=96&d=mm&r=g\",\"contentUrl\":\"https:\/\/secure.gravatar.com\/avatar\/3e69bc2b014bdad41adfec3a39de07d2?s=96&d=mm&r=g\",\"caption\":\"bvalente\"}}]}<\/script>\n<!-- \/ Yoast SEO plugin. -->","yoast_head_json":{"title":"Prefeitura chega a 85% de avan\u00e7o em obra da avenida do Turismo","description":"A Prefeitura de Manaus segue intensificando os servi\u00e7os de recapeamento asf\u00e1ltico na avenida do Turismo, zona Oeste da cidade.","robots":{"index":"index","follow":"follow","max-snippet":"max-snippet:-1","max-image-preview":"max-image-preview:large","max-video-preview":"max-video-preview:-1"},"canonical":"https:\/\/www.manaus.am.gov.br\/seminf\/avanco-em-obra-da-avenida-do-turismo\/","og_locale":"pt_BR","og_type":"article","og_title":"Prefeitura chega a 85% de avan\u00e7o em obra da avenida do Turismo","og_description":"A Prefeitura de Manaus segue intensificando os servi\u00e7os de recapeamento asf\u00e1ltico na avenida do Turismo, zona Oeste da cidade.","og_url":"https:\/\/www.manaus.am.gov.br\/seminf\/avanco-em-obra-da-avenida-do-turismo\/","og_site_name":"SEMINF","article_published_time":"2025-09-23T15:15:25+00:00","article_modified_time":"2025-09-23T15:19:34+00:00","og_image":[{"width":1600,"height":1200,"url":"https:\/\/www.manaus.am.gov.br\/seminf\/wp-content\/uploads\/sites\/6\/2025\/09\/Prefeitura-de-Manaus-chega-a-85-de-avanco-em-obras-da-avenida-do-Turismo-com-servicos-noturnos-4.jpg","type":"image\/jpeg"}],"author":"bvalente","twitter_card":"summary_large_image","twitter_misc":{"Written by":"bvalente","Est. reading time":"3 minutos"},"schema":{"@context":"https:\/\/schema.org","@graph":[{"@type":"WebPage","@id":"https:\/\/www.manaus.am.gov.br\/seminf\/avanco-em-obra-da-avenida-do-turismo\/","url":"https:\/\/www.manaus.am.gov.br\/seminf\/avanco-em-obra-da-avenida-do-turismo\/","name":"Prefeitura chega a 85% de avan\u00e7o em obra da avenida do Turismo","isPartOf":{"@id":"https:\/\/www.manaus.am.gov.br\/seminf\/#website"},"primaryImageOfPage":{"@id":"https:\/\/www.manaus.am.gov.br\/seminf\/avanco-em-obra-da-avenida-do-turismo\/#primaryimage"},"image":{"@id":"https:\/\/www.manaus.am.gov.br\/seminf\/avanco-em-obra-da-avenida-do-turismo\/#primaryimage"},"thumbnailUrl":"https:\/\/www.manaus.am.gov.br\/seminf\/wp-content\/uploads\/sites\/6\/2025\/09\/Prefeitura-de-Manaus-chega-a-85-de-avanco-em-obras-da-avenida-do-Turismo-com-servicos-noturnos-4.jpg","datePublished":"2025-09-23T15:15:25+00:00","dateModified":"2025-09-23T15:19:34+00:00","author":{"@id":"https:\/\/www.manaus.am.gov.br\/seminf\/#\/schema\/person\/466a0e03ae4b6062809046bd560ac955"},"description":"A Prefeitura de Manaus segue intensificando os servi\u00e7os de recapeamento asf\u00e1ltico na avenida do Turismo, zona Oeste da cidade.","inLanguage":"pt-BR","potentialAction":[{"@type":"ReadAction","target":["https:\/\/www.manaus.am.gov.br\/seminf\/avanco-em-obra-da-avenida-do-turismo\/"]}]},{"@type":"ImageObject","inLanguage":"pt-BR","@id":"https:\/\/www.manaus.am.gov.br\/seminf\/avanco-em-obra-da-avenida-do-turismo\/#primaryimage","url":"https:\/\/www.manaus.am.gov.br\/seminf\/wp-content\/uploads\/sites\/6\/2025\/09\/Prefeitura-de-Manaus-chega-a-85-de-avanco-em-obras-da-avenida-do-Turismo-com-servicos-noturnos-4.jpg","contentUrl":"https:\/\/www.manaus.am.gov.br\/seminf\/wp-content\/uploads\/sites\/6\/2025\/09\/Prefeitura-de-Manaus-chega-a-85-de-avanco-em-obras-da-avenida-do-Turismo-com-servicos-noturnos-4.jpg","width":1600,"height":1200,"caption":"#paratodosverem \u2013 Equipes da Seminf realizando o os servi\u00e7os de recapeamento asf\u00e1ltico na avenida do Turismo, durante a\u00e7\u00e3o noturna"},{"@type":"WebSite","@id":"https:\/\/www.manaus.am.gov.br\/seminf\/#website","url":"https:\/\/www.manaus.am.gov.br\/seminf\/","name":"Secretaria de Infraestrutura","description":"Secretaria Municipal de Infraestrutura","potentialAction":[{"@type":"SearchAction","target":{"@type":"EntryPoint","urlTemplate":"https:\/\/www.manaus.am.gov.br\/seminf\/?s={search_term_string}"},"query-input":"required name=search_term_string"}],"inLanguage":"pt-BR"},{"@type":"Person","@id":"https:\/\/www.manaus.am.gov.br\/seminf\/#\/schema\/person\/466a0e03ae4b6062809046bd560ac955","name":"bvalente","image":{"@type":"ImageObject","inLanguage":"pt-BR","@id":"https:\/\/www.manaus.am.gov.br\/seminf\/#\/schema\/person\/image\/","url":"https:\/\/secure.gravatar.com\/avatar\/3e69bc2b014bdad41adfec3a39de07d2?s=96&d=mm&r=g","contentUrl":"https:\/\/secure.gravatar.com\/avatar\/3e69bc2b014bdad41adfec3a39de07d2?s=96&d=mm&r=g","caption":"bvalente"}}]}},"_links":{"self":[{"href":"https:\/\/www.manaus.am.gov.br\/seminf\/wp-json\/wp\/v2\/posts\/6974"}],"collection":[{"href":"https:\/\/www.manaus.am.gov.br\/seminf\/wp-json\/wp\/v2\/posts"}],"about":[{"href":"https:\/\/www.manaus.am.gov.br\/seminf\/wp-json\/wp\/v2\/types\/post"}],"author":[{"embeddable":true,"href":"https:\/\/www.manaus.am.gov.br\/seminf\/wp-json\/wp\/v2\/users\/68"}],"replies":[{"embeddable":true,"href":"https:\/\/www.manaus.am.gov.br\/seminf\/wp-json\/wp\/v2\/comments?post=6974"}],"version-history":[{"count":1,"href":"https:\/\/www.manaus.am.gov.br\/seminf\/wp-json\/wp\/v2\/posts\/6974\/revisions"}],"predecessor-version":[{"id":6976,"href":"https:\/\/www.manaus.am.gov.br\/seminf\/wp-json\/wp\/v2\/posts\/6974\/revisions\/6976"}],"wp:featuredmedia":[{"embeddable":true,"href":"https:\/\/www.manaus.am.gov.br\/seminf\/wp-json\/wp\/v2\/media\/6975"}],"wp:attachment":[{"href":"https:\/\/www.manaus.am.gov.br\/seminf\/wp-json\/wp\/v2\/media?parent=6974"}],"wp:term":[{"taxonomy":"category","embeddable":true,"href":"https:\/\/www.manaus.am.gov.br\/seminf\/wp-json\/wp\/v2\/categories?post=6974"},{"taxonomy":"post_tag","embeddable":true,"href":"https:\/\/www.manaus.am.gov.br\/seminf\/wp-json\/wp\/v2\/tags?post=6974"}],"curies":[{"name":"wp","href":"https:\/\/api.w.org\/{rel}","templated":true}]}}