{"id":6964,"date":"2025-09-22T17:01:02","date_gmt":"2025-09-22T21:01:02","guid":{"rendered":"https:\/\/www.manaus.am.gov.br\/seminf\/rua-pimenta-bueno-asfalto\/"},"modified":"2025-09-22T17:01:04","modified_gmt":"2025-09-22T21:01:04","slug":"rua-pimenta-bueno-asfalto","status":"publish","type":"post","link":"https:\/\/www.manaus.am.gov.br\/seminf\/rua-pimenta-bueno-asfalto\/","title":{"rendered":"Prefeitura de Manaus recupera rua Pimenta Bueno e transforma mobilidade no bairro S\u00e3o Francisco"},"content":{"rendered":"\n<p>A <a href=\"https:\/\/www.instagram.com\/prefeiturademanaus\/\">Prefeitura de Manaus<\/a>, por meio da <a href=\"https:\/\/www.manaus.am.gov.br\/seminf\/\">Secretaria Municipal de Infraestrutura (Seminf)<\/a>, realizou nesta segunda-feira, 22\/9, a recupera\u00e7\u00e3o asf\u00e1ltica da rua Pimenta Bueno, no bairro S\u00e3o Francisco, zona Sul da capital.<\/p>\n\n\n\n<p>O vice-prefeito e secret\u00e1rio de Obras, Renato Junior, destacou que cada interven\u00e7\u00e3o da Prefeitura vai al\u00e9m da pavimenta\u00e7\u00e3o, \u00e9 um investimento direto na vida das pessoas.<\/p>\n\n\n\n<p>\u201cUma rua recuperada significa mais seguran\u00e7a, mobilidade e qualidade de vida. N\u00e3o trabalhamos apenas com m\u00e1quinas e massa asf\u00e1ltica, mas com a miss\u00e3o de transformar a cidade e cuidar das pessoas. Na gest\u00e3o do prefeito David Almeida, seguimos firmes para entregar uma Manaus mais estruturada e humana\u201d, afirmou Renato Junior.<\/p>\n\n\n\n<p>Com a nova pavimenta\u00e7\u00e3o da rua Pimenta Bueno, o cen\u00e1rio foi transformado, garantindo tr\u00e1fego seguro e infraestrutura refor\u00e7ada.<\/p>\n\n\n\n<p>A aposentada Wirlandirce Melo, 71 anos, lembrou os transtornos que enfrentava e comemorou a melhoria. \u201cGra\u00e7as a Deus a Prefeitura chegou. Antes, aqui era um desastre, cheio de buracos. Agora o servi\u00e7o est\u00e1 conclu\u00eddo e ficou \u00f3timo\u201d, celebrou Wirlandirce.<\/p>\n\n\n\n<p>Com obras cont\u00ednuas em todas as zonas, a Prefeitura de Manaus segue refor\u00e7ando o compromisso de levar infraestrutura de qualidade a cada bairro, construindo uma cidade mais organizada, segura e preparada para o futuro.<\/p>\n\n\n\n<p>&#8212; &#8212; &#8212;<\/p>\n\n\n\n<p><strong>Texto e Fotos &#8211;<\/strong> Maria Amed \/ Seminf<\/p>\n","protected":false},"excerpt":{"rendered":"","protected":false},"author":57,"featured_media":6965,"comment_status":"closed","ping_status":"closed","sticky":false,"template":"","format":"standard","meta":{"footnotes":""},"categories":[4],"tags":[141,43,2520,26],"acf":[],"yoast_head":"<!-- This site is optimized with the Yoast SEO plugin v23.0 - https:\/\/yoast.com\/wordpress\/plugins\/seo\/ -->\n<title>Prefeitura de Manaus recupera rua Pimenta Bueno<\/title>\n<meta name=\"description\" content=\"A Prefeitura de Manaus realizou nesta segunda-feira, 22\/9, a recupera\u00e7\u00e3o asf\u00e1ltica da rua Pimenta Bueno, no bairro S\u00e3o Francisco.\" \/>\n<meta name=\"robots\" content=\"index, follow, max-snippet:-1, max-image-preview:large, max-video-preview:-1\" \/>\n<link rel=\"canonical\" href=\"https:\/\/www.manaus.am.gov.br\/seminf\/rua-pimenta-bueno-asfalto\/\" \/>\n<meta property=\"og:locale\" content=\"pt_BR\" \/>\n<meta property=\"og:type\" content=\"article\" \/>\n<meta property=\"og:title\" content=\"Prefeitura de Manaus recupera rua Pimenta Bueno\" \/>\n<meta property=\"og:description\" content=\"A Prefeitura de Manaus realizou nesta segunda-feira, 22\/9, a recupera\u00e7\u00e3o asf\u00e1ltica da rua Pimenta Bueno, no bairro S\u00e3o Francisco.\" \/>\n<meta property=\"og:url\" content=\"https:\/\/www.manaus.am.gov.br\/seminf\/rua-pimenta-bueno-asfalto\/\" \/>\n<meta property=\"og:site_name\" content=\"SEMINF\" \/>\n<meta property=\"article:published_time\" content=\"2025-09-22T21:01:02+00:00\" \/>\n<meta property=\"article:modified_time\" content=\"2025-09-22T21:01:04+00:00\" \/>\n<meta property=\"og:image\" content=\"https:\/\/www.manaus.am.gov.br\/seminf\/wp-content\/uploads\/sites\/6\/2025\/09\/rua-Pimenta-Bueno-2.jpg\" \/>\n\t<meta property=\"og:image:width\" content=\"1200\" \/>\n\t<meta property=\"og:image:height\" content=\"900\" \/>\n\t<meta property=\"og:image:type\" content=\"image\/jpeg\" \/>\n<meta name=\"author\" content=\"Thiago Fernando\" \/>\n<meta name=\"twitter:card\" content=\"summary_large_image\" \/>\n<meta name=\"twitter:label1\" content=\"Written by\" \/>\n\t<meta name=\"twitter:data1\" content=\"Thiago Fernando\" \/>\n\t<meta name=\"twitter:label2\" content=\"Est. reading time\" \/>\n\t<meta name=\"twitter:data2\" content=\"2 minutos\" \/>\n<script type=\"application\/ld+json\" class=\"yoast-schema-graph\">{\"@context\":\"https:\/\/schema.org\",\"@graph\":[{\"@type\":\"WebPage\",\"@id\":\"https:\/\/www.manaus.am.gov.br\/seminf\/rua-pimenta-bueno-asfalto\/\",\"url\":\"https:\/\/www.manaus.am.gov.br\/seminf\/rua-pimenta-bueno-asfalto\/\",\"name\":\"Prefeitura de Manaus recupera rua Pimenta Bueno\",\"isPartOf\":{\"@id\":\"https:\/\/www.manaus.am.gov.br\/seminf\/#website\"},\"primaryImageOfPage\":{\"@id\":\"https:\/\/www.manaus.am.gov.br\/seminf\/rua-pimenta-bueno-asfalto\/#primaryimage\"},\"image\":{\"@id\":\"https:\/\/www.manaus.am.gov.br\/seminf\/rua-pimenta-bueno-asfalto\/#primaryimage\"},\"thumbnailUrl\":\"https:\/\/www.manaus.am.gov.br\/seminf\/wp-content\/uploads\/sites\/6\/2025\/09\/rua-Pimenta-Bueno-2.jpg\",\"datePublished\":\"2025-09-22T21:01:02+00:00\",\"dateModified\":\"2025-09-22T21:01:04+00:00\",\"author\":{\"@id\":\"https:\/\/www.manaus.am.gov.br\/seminf\/#\/schema\/person\/a5ee5376db6e21af026374b369f30882\"},\"description\":\"A Prefeitura de Manaus realizou nesta segunda-feira, 22\/9, a recupera\u00e7\u00e3o asf\u00e1ltica da rua Pimenta Bueno, no bairro S\u00e3o Francisco.\",\"inLanguage\":\"pt-BR\",\"potentialAction\":[{\"@type\":\"ReadAction\",\"target\":[\"https:\/\/www.manaus.am.gov.br\/seminf\/rua-pimenta-bueno-asfalto\/\"]}]},{\"@type\":\"ImageObject\",\"inLanguage\":\"pt-BR\",\"@id\":\"https:\/\/www.manaus.am.gov.br\/seminf\/rua-pimenta-bueno-asfalto\/#primaryimage\",\"url\":\"https:\/\/www.manaus.am.gov.br\/seminf\/wp-content\/uploads\/sites\/6\/2025\/09\/rua-Pimenta-Bueno-2.jpg\",\"contentUrl\":\"https:\/\/www.manaus.am.gov.br\/seminf\/wp-content\/uploads\/sites\/6\/2025\/09\/rua-Pimenta-Bueno-2.jpg\",\"width\":1200,\"height\":900,\"caption\":\"#paratodosverem - Servidores da Seminf realizando a recupera\u00e7\u00e3o asf\u00e1ltica da rua Pimenta Bueno\"},{\"@type\":\"WebSite\",\"@id\":\"https:\/\/www.manaus.am.gov.br\/seminf\/#website\",\"url\":\"https:\/\/www.manaus.am.gov.br\/seminf\/\",\"name\":\"Secretaria de Infraestrutura\",\"description\":\"Secretaria Municipal de Infraestrutura\",\"potentialAction\":[{\"@type\":\"SearchAction\",\"target\":{\"@type\":\"EntryPoint\",\"urlTemplate\":\"https:\/\/www.manaus.am.gov.br\/seminf\/?s={search_term_string}\"},\"query-input\":\"required name=search_term_string\"}],\"inLanguage\":\"pt-BR\"},{\"@type\":\"Person\",\"@id\":\"https:\/\/www.manaus.am.gov.br\/seminf\/#\/schema\/person\/a5ee5376db6e21af026374b369f30882\",\"name\":\"Thiago Fernando\",\"image\":{\"@type\":\"ImageObject\",\"inLanguage\":\"pt-BR\",\"@id\":\"https:\/\/www.manaus.am.gov.br\/seminf\/#\/schema\/person\/image\/\",\"url\":\"https:\/\/secure.gravatar.com\/avatar\/f5aab8722444041451501c077052ac07?s=96&d=mm&r=g\",\"contentUrl\":\"https:\/\/secure.gravatar.com\/avatar\/f5aab8722444041451501c077052ac07?s=96&d=mm&r=g\",\"caption\":\"Thiago Fernando\"}}]}<\/script>\n<!-- \/ Yoast SEO plugin. -->","yoast_head_json":{"title":"Prefeitura de Manaus recupera rua Pimenta Bueno","description":"A Prefeitura de Manaus realizou nesta segunda-feira, 22\/9, a recupera\u00e7\u00e3o asf\u00e1ltica da rua Pimenta Bueno, no bairro S\u00e3o Francisco.","robots":{"index":"index","follow":"follow","max-snippet":"max-snippet:-1","max-image-preview":"max-image-preview:large","max-video-preview":"max-video-preview:-1"},"canonical":"https:\/\/www.manaus.am.gov.br\/seminf\/rua-pimenta-bueno-asfalto\/","og_locale":"pt_BR","og_type":"article","og_title":"Prefeitura de Manaus recupera rua Pimenta Bueno","og_description":"A Prefeitura de Manaus realizou nesta segunda-feira, 22\/9, a recupera\u00e7\u00e3o asf\u00e1ltica da rua Pimenta Bueno, no bairro S\u00e3o Francisco.","og_url":"https:\/\/www.manaus.am.gov.br\/seminf\/rua-pimenta-bueno-asfalto\/","og_site_name":"SEMINF","article_published_time":"2025-09-22T21:01:02+00:00","article_modified_time":"2025-09-22T21:01:04+00:00","og_image":[{"width":1200,"height":900,"url":"https:\/\/www.manaus.am.gov.br\/seminf\/wp-content\/uploads\/sites\/6\/2025\/09\/rua-Pimenta-Bueno-2.jpg","type":"image\/jpeg"}],"author":"Thiago Fernando","twitter_card":"summary_large_image","twitter_misc":{"Written by":"Thiago Fernando","Est. reading time":"2 minutos"},"schema":{"@context":"https:\/\/schema.org","@graph":[{"@type":"WebPage","@id":"https:\/\/www.manaus.am.gov.br\/seminf\/rua-pimenta-bueno-asfalto\/","url":"https:\/\/www.manaus.am.gov.br\/seminf\/rua-pimenta-bueno-asfalto\/","name":"Prefeitura de Manaus recupera rua Pimenta Bueno","isPartOf":{"@id":"https:\/\/www.manaus.am.gov.br\/seminf\/#website"},"primaryImageOfPage":{"@id":"https:\/\/www.manaus.am.gov.br\/seminf\/rua-pimenta-bueno-asfalto\/#primaryimage"},"image":{"@id":"https:\/\/www.manaus.am.gov.br\/seminf\/rua-pimenta-bueno-asfalto\/#primaryimage"},"thumbnailUrl":"https:\/\/www.manaus.am.gov.br\/seminf\/wp-content\/uploads\/sites\/6\/2025\/09\/rua-Pimenta-Bueno-2.jpg","datePublished":"2025-09-22T21:01:02+00:00","dateModified":"2025-09-22T21:01:04+00:00","author":{"@id":"https:\/\/www.manaus.am.gov.br\/seminf\/#\/schema\/person\/a5ee5376db6e21af026374b369f30882"},"description":"A Prefeitura de Manaus realizou nesta segunda-feira, 22\/9, a recupera\u00e7\u00e3o asf\u00e1ltica da rua Pimenta Bueno, no bairro S\u00e3o Francisco.","inLanguage":"pt-BR","potentialAction":[{"@type":"ReadAction","target":["https:\/\/www.manaus.am.gov.br\/seminf\/rua-pimenta-bueno-asfalto\/"]}]},{"@type":"ImageObject","inLanguage":"pt-BR","@id":"https:\/\/www.manaus.am.gov.br\/seminf\/rua-pimenta-bueno-asfalto\/#primaryimage","url":"https:\/\/www.manaus.am.gov.br\/seminf\/wp-content\/uploads\/sites\/6\/2025\/09\/rua-Pimenta-Bueno-2.jpg","contentUrl":"https:\/\/www.manaus.am.gov.br\/seminf\/wp-content\/uploads\/sites\/6\/2025\/09\/rua-Pimenta-Bueno-2.jpg","width":1200,"height":900,"caption":"#paratodosverem - Servidores da Seminf realizando a recupera\u00e7\u00e3o asf\u00e1ltica da rua Pimenta Bueno"},{"@type":"WebSite","@id":"https:\/\/www.manaus.am.gov.br\/seminf\/#website","url":"https:\/\/www.manaus.am.gov.br\/seminf\/","name":"Secretaria de Infraestrutura","description":"Secretaria Municipal de Infraestrutura","potentialAction":[{"@type":"SearchAction","target":{"@type":"EntryPoint","urlTemplate":"https:\/\/www.manaus.am.gov.br\/seminf\/?s={search_term_string}"},"query-input":"required name=search_term_string"}],"inLanguage":"pt-BR"},{"@type":"Person","@id":"https:\/\/www.manaus.am.gov.br\/seminf\/#\/schema\/person\/a5ee5376db6e21af026374b369f30882","name":"Thiago Fernando","image":{"@type":"ImageObject","inLanguage":"pt-BR","@id":"https:\/\/www.manaus.am.gov.br\/seminf\/#\/schema\/person\/image\/","url":"https:\/\/secure.gravatar.com\/avatar\/f5aab8722444041451501c077052ac07?s=96&d=mm&r=g","contentUrl":"https:\/\/secure.gravatar.com\/avatar\/f5aab8722444041451501c077052ac07?s=96&d=mm&r=g","caption":"Thiago Fernando"}}]}},"_links":{"self":[{"href":"https:\/\/www.manaus.am.gov.br\/seminf\/wp-json\/wp\/v2\/posts\/6964"}],"collection":[{"href":"https:\/\/www.manaus.am.gov.br\/seminf\/wp-json\/wp\/v2\/posts"}],"about":[{"href":"https:\/\/www.manaus.am.gov.br\/seminf\/wp-json\/wp\/v2\/types\/post"}],"author":[{"embeddable":true,"href":"https:\/\/www.manaus.am.gov.br\/seminf\/wp-json\/wp\/v2\/users\/57"}],"replies":[{"embeddable":true,"href":"https:\/\/www.manaus.am.gov.br\/seminf\/wp-json\/wp\/v2\/comments?post=6964"}],"version-history":[{"count":0,"href":"https:\/\/www.manaus.am.gov.br\/seminf\/wp-json\/wp\/v2\/posts\/6964\/revisions"}],"wp:featuredmedia":[{"embeddable":true,"href":"https:\/\/www.manaus.am.gov.br\/seminf\/wp-json\/wp\/v2\/media\/6965"}],"wp:attachment":[{"href":"https:\/\/www.manaus.am.gov.br\/seminf\/wp-json\/wp\/v2\/media?parent=6964"}],"wp:term":[{"taxonomy":"category","embeddable":true,"href":"https:\/\/www.manaus.am.gov.br\/seminf\/wp-json\/wp\/v2\/categories?post=6964"},{"taxonomy":"post_tag","embeddable":true,"href":"https:\/\/www.manaus.am.gov.br\/seminf\/wp-json\/wp\/v2\/tags?post=6964"}],"curies":[{"name":"wp","href":"https:\/\/api.w.org\/{rel}","templated":true}]}}