{"id":6962,"date":"2025-09-22T15:32:29","date_gmt":"2025-09-22T19:32:29","guid":{"rendered":"https:\/\/www.manaus.am.gov.br\/seminf\/mobilidade-no-bairro-sao-francisco\/"},"modified":"2025-09-22T15:32:29","modified_gmt":"2025-09-22T19:32:29","slug":"mobilidade-no-bairro-sao-francisco","status":"publish","type":"post","link":"https:\/\/www.manaus.am.gov.br\/seminf\/mobilidade-no-bairro-sao-francisco\/","title":{"rendered":"Prefeitura de Manaus refor\u00e7a mobilidade no bairro S\u00e3o Francisco com recupera\u00e7\u00e3o asf\u00e1ltica na rua S\u00e1tiro Dias"},"content":{"rendered":"\n<p>A <a href=\"https:\/\/www.instagram.com\/prefeiturademanaus\/\">Prefeitura de Manaus<\/a>, por meio da <a href=\"https:\/\/www.manaus.am.gov.br\/seminf\/\">Secretaria Municipal de Infraestrutura (Seminf)<\/a>, iniciou, nesta segunda-feira, 22\/9, os servi\u00e7os de recupera\u00e7\u00e3o asf\u00e1ltica na rua S\u00e1tiro Dias, uma das principais vias de acesso do bairro S\u00e3o Francisco, zona Sul da cidade. A a\u00e7\u00e3o garante mais seguran\u00e7a e fluidez no tr\u00e1fego de ve\u00edculos e pedestres.<\/p>\n\n\n\n<p>O vice-prefeito e secret\u00e1rio de Obras, Renato Junior, destacou que a gest\u00e3o est\u00e1 intensificando os trabalhos para levar infraestrutura de qualidade a todas as regi\u00f5es da capital.<\/p>\n\n\n\n<p>\u201cEstamos atuando de forma simult\u00e2nea: cuidamos das grandes avenidas que cortam a cidade, mas tamb\u00e9m das ruas dentro dos bairros, que impactam diretamente o dia a dia da popula\u00e7\u00e3o. Nosso compromisso \u00e9 garantir \u00e0s pessoas vias em condi\u00e7\u00f5es dignas e seguras para circular\u201d, afirmou Renato Junior.<\/p>\n\n\n\n<p>A rua S\u00e1tiro Dias \u00e9 de intenso fluxo de ve\u00edculos, o que acelera o desgaste do pavimento. Para resolver os trechos mais comprometidos, equipes aplicam nova massa asf\u00e1ltica, garantindo mais durabilidade aos trechos comprometidos da via.<\/p>\n\n\n\n<p>Moradores comemoram a a\u00e7\u00e3o. A aut\u00f4noma Tatiele Araribe, de 36 anos, reconhece a import\u00e2ncia do trabalho. \u201c\u00c9 bom ver que a Prefeitura est\u00e1 olhando pelo nosso bairro. O asfalto \u00e9 fundamental, facilita a vida de quem anda a p\u00e9 e melhora muito para os motoristas\u201d, agradece a moradora.<\/p>\n\n\n\n<p>Com a\u00e7\u00f5es como essa, a Prefeitura de Manaus reafirma o compromisso de oferecer infraestrutura vi\u00e1ria de qualidade e mais seguran\u00e7a em todas as zonas da cidade.<\/p>\n\n\n\n<p>&#8212; &#8212; &#8212;<\/p>\n\n\n\n<p><strong>Texto &#8211;<\/strong> Eduarda Lira \/ Seminf<\/p>\n\n\n\n<p><strong>Fotos &#8211;<\/strong> M\u00e1rcio Melo \/ Seminf<\/p>\n","protected":false},"excerpt":{"rendered":"","protected":false},"author":57,"featured_media":6963,"comment_status":"closed","ping_status":"closed","sticky":false,"template":"","format":"standard","meta":{"footnotes":""},"categories":[4],"tags":[141,562,43,2519,26],"acf":[],"yoast_head":"<!-- This site is optimized with the Yoast SEO plugin v23.0 - https:\/\/yoast.com\/wordpress\/plugins\/seo\/ -->\n<title>Prefeitura de Manaus refor\u00e7a mobilidade no bairro S\u00e3o Francisco<\/title>\n<meta name=\"description\" content=\"A Prefeitura de Manaus iniciou, nesta segunda-feira, 22\/9, os servi\u00e7os de recupera\u00e7\u00e3o asf\u00e1ltica na rua S\u00e1tiro Dias, no S\u00e3o Francisco.\" \/>\n<meta name=\"robots\" content=\"index, follow, max-snippet:-1, max-image-preview:large, max-video-preview:-1\" \/>\n<link rel=\"canonical\" href=\"https:\/\/www.manaus.am.gov.br\/seminf\/mobilidade-no-bairro-sao-francisco\/\" \/>\n<meta property=\"og:locale\" content=\"pt_BR\" \/>\n<meta property=\"og:type\" content=\"article\" \/>\n<meta property=\"og:title\" content=\"Prefeitura de Manaus refor\u00e7a mobilidade no bairro S\u00e3o Francisco\" \/>\n<meta property=\"og:description\" content=\"A Prefeitura de Manaus iniciou, nesta segunda-feira, 22\/9, os servi\u00e7os de recupera\u00e7\u00e3o asf\u00e1ltica na rua S\u00e1tiro Dias, no S\u00e3o Francisco.\" \/>\n<meta property=\"og:url\" content=\"https:\/\/www.manaus.am.gov.br\/seminf\/mobilidade-no-bairro-sao-francisco\/\" \/>\n<meta property=\"og:site_name\" content=\"SEMINF\" \/>\n<meta property=\"article:published_time\" content=\"2025-09-22T19:32:29+00:00\" \/>\n<meta property=\"og:image\" content=\"https:\/\/www.manaus.am.gov.br\/seminf\/wp-content\/uploads\/sites\/6\/2025\/09\/Sao-Francisco-1.jpg\" \/>\n\t<meta property=\"og:image:width\" content=\"1200\" \/>\n\t<meta property=\"og:image:height\" content=\"800\" \/>\n\t<meta property=\"og:image:type\" content=\"image\/jpeg\" \/>\n<meta name=\"author\" content=\"Thiago Fernando\" \/>\n<meta name=\"twitter:card\" content=\"summary_large_image\" \/>\n<meta name=\"twitter:label1\" content=\"Written by\" \/>\n\t<meta name=\"twitter:data1\" content=\"Thiago Fernando\" \/>\n\t<meta name=\"twitter:label2\" content=\"Est. reading time\" \/>\n\t<meta name=\"twitter:data2\" content=\"2 minutos\" \/>\n<script type=\"application\/ld+json\" class=\"yoast-schema-graph\">{\"@context\":\"https:\/\/schema.org\",\"@graph\":[{\"@type\":\"WebPage\",\"@id\":\"https:\/\/www.manaus.am.gov.br\/seminf\/mobilidade-no-bairro-sao-francisco\/\",\"url\":\"https:\/\/www.manaus.am.gov.br\/seminf\/mobilidade-no-bairro-sao-francisco\/\",\"name\":\"Prefeitura de Manaus refor\u00e7a mobilidade no bairro S\u00e3o Francisco\",\"isPartOf\":{\"@id\":\"https:\/\/www.manaus.am.gov.br\/seminf\/#website\"},\"primaryImageOfPage\":{\"@id\":\"https:\/\/www.manaus.am.gov.br\/seminf\/mobilidade-no-bairro-sao-francisco\/#primaryimage\"},\"image\":{\"@id\":\"https:\/\/www.manaus.am.gov.br\/seminf\/mobilidade-no-bairro-sao-francisco\/#primaryimage\"},\"thumbnailUrl\":\"https:\/\/www.manaus.am.gov.br\/seminf\/wp-content\/uploads\/sites\/6\/2025\/09\/Sao-Francisco-1.jpg\",\"datePublished\":\"2025-09-22T19:32:29+00:00\",\"dateModified\":\"2025-09-22T19:32:29+00:00\",\"author\":{\"@id\":\"https:\/\/www.manaus.am.gov.br\/seminf\/#\/schema\/person\/a5ee5376db6e21af026374b369f30882\"},\"description\":\"A Prefeitura de Manaus iniciou, nesta segunda-feira, 22\/9, os servi\u00e7os de recupera\u00e7\u00e3o asf\u00e1ltica na rua S\u00e1tiro Dias, no S\u00e3o Francisco.\",\"inLanguage\":\"pt-BR\",\"potentialAction\":[{\"@type\":\"ReadAction\",\"target\":[\"https:\/\/www.manaus.am.gov.br\/seminf\/mobilidade-no-bairro-sao-francisco\/\"]}]},{\"@type\":\"ImageObject\",\"inLanguage\":\"pt-BR\",\"@id\":\"https:\/\/www.manaus.am.gov.br\/seminf\/mobilidade-no-bairro-sao-francisco\/#primaryimage\",\"url\":\"https:\/\/www.manaus.am.gov.br\/seminf\/wp-content\/uploads\/sites\/6\/2025\/09\/Sao-Francisco-1.jpg\",\"contentUrl\":\"https:\/\/www.manaus.am.gov.br\/seminf\/wp-content\/uploads\/sites\/6\/2025\/09\/Sao-Francisco-1.jpg\",\"width\":1200,\"height\":800,\"caption\":\"#paratodosverem - Servidores da Seminf trabalhando no S\u00e3o Francisco\"},{\"@type\":\"WebSite\",\"@id\":\"https:\/\/www.manaus.am.gov.br\/seminf\/#website\",\"url\":\"https:\/\/www.manaus.am.gov.br\/seminf\/\",\"name\":\"Secretaria de Infraestrutura\",\"description\":\"Secretaria Municipal de Infraestrutura\",\"potentialAction\":[{\"@type\":\"SearchAction\",\"target\":{\"@type\":\"EntryPoint\",\"urlTemplate\":\"https:\/\/www.manaus.am.gov.br\/seminf\/?s={search_term_string}\"},\"query-input\":\"required name=search_term_string\"}],\"inLanguage\":\"pt-BR\"},{\"@type\":\"Person\",\"@id\":\"https:\/\/www.manaus.am.gov.br\/seminf\/#\/schema\/person\/a5ee5376db6e21af026374b369f30882\",\"name\":\"Thiago Fernando\",\"image\":{\"@type\":\"ImageObject\",\"inLanguage\":\"pt-BR\",\"@id\":\"https:\/\/www.manaus.am.gov.br\/seminf\/#\/schema\/person\/image\/\",\"url\":\"https:\/\/secure.gravatar.com\/avatar\/f5aab8722444041451501c077052ac07?s=96&d=mm&r=g\",\"contentUrl\":\"https:\/\/secure.gravatar.com\/avatar\/f5aab8722444041451501c077052ac07?s=96&d=mm&r=g\",\"caption\":\"Thiago Fernando\"}}]}<\/script>\n<!-- \/ Yoast SEO plugin. -->","yoast_head_json":{"title":"Prefeitura de Manaus refor\u00e7a mobilidade no bairro S\u00e3o Francisco","description":"A Prefeitura de Manaus iniciou, nesta segunda-feira, 22\/9, os servi\u00e7os de recupera\u00e7\u00e3o asf\u00e1ltica na rua S\u00e1tiro Dias, no S\u00e3o Francisco.","robots":{"index":"index","follow":"follow","max-snippet":"max-snippet:-1","max-image-preview":"max-image-preview:large","max-video-preview":"max-video-preview:-1"},"canonical":"https:\/\/www.manaus.am.gov.br\/seminf\/mobilidade-no-bairro-sao-francisco\/","og_locale":"pt_BR","og_type":"article","og_title":"Prefeitura de Manaus refor\u00e7a mobilidade no bairro S\u00e3o Francisco","og_description":"A Prefeitura de Manaus iniciou, nesta segunda-feira, 22\/9, os servi\u00e7os de recupera\u00e7\u00e3o asf\u00e1ltica na rua S\u00e1tiro Dias, no S\u00e3o Francisco.","og_url":"https:\/\/www.manaus.am.gov.br\/seminf\/mobilidade-no-bairro-sao-francisco\/","og_site_name":"SEMINF","article_published_time":"2025-09-22T19:32:29+00:00","og_image":[{"width":1200,"height":800,"url":"https:\/\/www.manaus.am.gov.br\/seminf\/wp-content\/uploads\/sites\/6\/2025\/09\/Sao-Francisco-1.jpg","type":"image\/jpeg"}],"author":"Thiago Fernando","twitter_card":"summary_large_image","twitter_misc":{"Written by":"Thiago Fernando","Est. reading time":"2 minutos"},"schema":{"@context":"https:\/\/schema.org","@graph":[{"@type":"WebPage","@id":"https:\/\/www.manaus.am.gov.br\/seminf\/mobilidade-no-bairro-sao-francisco\/","url":"https:\/\/www.manaus.am.gov.br\/seminf\/mobilidade-no-bairro-sao-francisco\/","name":"Prefeitura de Manaus refor\u00e7a mobilidade no bairro S\u00e3o Francisco","isPartOf":{"@id":"https:\/\/www.manaus.am.gov.br\/seminf\/#website"},"primaryImageOfPage":{"@id":"https:\/\/www.manaus.am.gov.br\/seminf\/mobilidade-no-bairro-sao-francisco\/#primaryimage"},"image":{"@id":"https:\/\/www.manaus.am.gov.br\/seminf\/mobilidade-no-bairro-sao-francisco\/#primaryimage"},"thumbnailUrl":"https:\/\/www.manaus.am.gov.br\/seminf\/wp-content\/uploads\/sites\/6\/2025\/09\/Sao-Francisco-1.jpg","datePublished":"2025-09-22T19:32:29+00:00","dateModified":"2025-09-22T19:32:29+00:00","author":{"@id":"https:\/\/www.manaus.am.gov.br\/seminf\/#\/schema\/person\/a5ee5376db6e21af026374b369f30882"},"description":"A Prefeitura de Manaus iniciou, nesta segunda-feira, 22\/9, os servi\u00e7os de recupera\u00e7\u00e3o asf\u00e1ltica na rua S\u00e1tiro Dias, no S\u00e3o Francisco.","inLanguage":"pt-BR","potentialAction":[{"@type":"ReadAction","target":["https:\/\/www.manaus.am.gov.br\/seminf\/mobilidade-no-bairro-sao-francisco\/"]}]},{"@type":"ImageObject","inLanguage":"pt-BR","@id":"https:\/\/www.manaus.am.gov.br\/seminf\/mobilidade-no-bairro-sao-francisco\/#primaryimage","url":"https:\/\/www.manaus.am.gov.br\/seminf\/wp-content\/uploads\/sites\/6\/2025\/09\/Sao-Francisco-1.jpg","contentUrl":"https:\/\/www.manaus.am.gov.br\/seminf\/wp-content\/uploads\/sites\/6\/2025\/09\/Sao-Francisco-1.jpg","width":1200,"height":800,"caption":"#paratodosverem - Servidores da Seminf trabalhando no S\u00e3o Francisco"},{"@type":"WebSite","@id":"https:\/\/www.manaus.am.gov.br\/seminf\/#website","url":"https:\/\/www.manaus.am.gov.br\/seminf\/","name":"Secretaria de Infraestrutura","description":"Secretaria Municipal de Infraestrutura","potentialAction":[{"@type":"SearchAction","target":{"@type":"EntryPoint","urlTemplate":"https:\/\/www.manaus.am.gov.br\/seminf\/?s={search_term_string}"},"query-input":"required name=search_term_string"}],"inLanguage":"pt-BR"},{"@type":"Person","@id":"https:\/\/www.manaus.am.gov.br\/seminf\/#\/schema\/person\/a5ee5376db6e21af026374b369f30882","name":"Thiago Fernando","image":{"@type":"ImageObject","inLanguage":"pt-BR","@id":"https:\/\/www.manaus.am.gov.br\/seminf\/#\/schema\/person\/image\/","url":"https:\/\/secure.gravatar.com\/avatar\/f5aab8722444041451501c077052ac07?s=96&d=mm&r=g","contentUrl":"https:\/\/secure.gravatar.com\/avatar\/f5aab8722444041451501c077052ac07?s=96&d=mm&r=g","caption":"Thiago Fernando"}}]}},"_links":{"self":[{"href":"https:\/\/www.manaus.am.gov.br\/seminf\/wp-json\/wp\/v2\/posts\/6962"}],"collection":[{"href":"https:\/\/www.manaus.am.gov.br\/seminf\/wp-json\/wp\/v2\/posts"}],"about":[{"href":"https:\/\/www.manaus.am.gov.br\/seminf\/wp-json\/wp\/v2\/types\/post"}],"author":[{"embeddable":true,"href":"https:\/\/www.manaus.am.gov.br\/seminf\/wp-json\/wp\/v2\/users\/57"}],"replies":[{"embeddable":true,"href":"https:\/\/www.manaus.am.gov.br\/seminf\/wp-json\/wp\/v2\/comments?post=6962"}],"version-history":[{"count":0,"href":"https:\/\/www.manaus.am.gov.br\/seminf\/wp-json\/wp\/v2\/posts\/6962\/revisions"}],"wp:featuredmedia":[{"embeddable":true,"href":"https:\/\/www.manaus.am.gov.br\/seminf\/wp-json\/wp\/v2\/media\/6963"}],"wp:attachment":[{"href":"https:\/\/www.manaus.am.gov.br\/seminf\/wp-json\/wp\/v2\/media?parent=6962"}],"wp:term":[{"taxonomy":"category","embeddable":true,"href":"https:\/\/www.manaus.am.gov.br\/seminf\/wp-json\/wp\/v2\/categories?post=6962"},{"taxonomy":"post_tag","embeddable":true,"href":"https:\/\/www.manaus.am.gov.br\/seminf\/wp-json\/wp\/v2\/tags?post=6962"}],"curies":[{"name":"wp","href":"https:\/\/api.w.org\/{rel}","templated":true}]}}