{"id":6920,"date":"2025-09-19T11:06:00","date_gmt":"2025-09-19T15:06:00","guid":{"rendered":"https:\/\/www.manaus.am.gov.br\/seminf\/rede-de-drenagem-parque-10\/"},"modified":"2025-09-19T11:06:01","modified_gmt":"2025-09-19T15:06:01","slug":"rede-de-drenagem-parque-10","status":"publish","type":"post","link":"https:\/\/www.manaus.am.gov.br\/seminf\/rede-de-drenagem-parque-10\/","title":{"rendered":"Prefeitura de Manaus recupera rede de drenagem no Parque 10"},"content":{"rendered":"\n<p>A <a href=\"https:\/\/www.instagram.com\/prefeiturademanaus\/\">Prefeitura de Manaus<\/a>, por meio da <a href=\"https:\/\/www.manaus.am.gov.br\/seminf\/\">Secretaria Municipal de Infraestrutura (Seminf)<\/a>, iniciou, nesta sexta-feira, 19\/9, a recupera\u00e7\u00e3o de um trecho da rede de drenagem profunda da rua Ant\u00f4nio Garganta, no conjunto Eldorado, bairro Parque 10, zona Centro-Sul.<\/p>\n\n\n\n<p>O servi\u00e7o inclui a reconstru\u00e7\u00e3o de uma caixa coletora que estava deteriorada e a substitui\u00e7\u00e3o da tubula\u00e7\u00e3o antiga, danificada pelo excesso de lixo, associado ao fluxo intenso das \u00e1guas das \u00faltimas chuvas. Com o suporte de retroescavadeiras e m\u00e3o de obra especializada, as equipes est\u00e3o implantando novas tubula\u00e7\u00f5es em concreto armado, que v\u00e3o garantir o escoamento adequado das \u00e1guas pluviais e reduzir os riscos de alagamentos.<\/p>\n\n\n\n<p>Vice-prefeito e secret\u00e1rio de Obras, Renato Junior, destacou que a interven\u00e7\u00e3o reflete o cuidado da gest\u00e3o municipal com a popula\u00e7\u00e3o. \u201cNosso trabalho \u00e9 proteger as fam\u00edlias manauaras. Cada rede recuperada significa menos risco de alagamentos, mais tranquilidade para quem vive nas comunidades e uma cidade mais preparada para enfrentar o per\u00edodo de chuvas. A determina\u00e7\u00e3o do prefeito David Almeida \u00e9 estar presente onde o povo mais precisa\u201d, afirmou Renato Junior.<\/p>\n\n\n\n<p>Os moradores comemoraram a interven\u00e7\u00e3o da prefeitura. A vendedora Adria Maia, 29, contou que a situa\u00e7\u00e3o preocupava a vizinhan\u00e7a. \u201cAntes t\u00ednhamos medo de acontecer algo grave por causa do buraco. Hoje, as equipes j\u00e1 vieram resolver a situa\u00e7\u00e3o e oferecer mais seguran\u00e7a para todos n\u00f3s\u201d, relatou Adria.<\/p>\n\n\n\n<p>A manuten\u00e7\u00e3o das galerias subterr\u00e2neas \u00e9 uma das prioridades da Prefeitura de Manaus, que vem intensificando obras em todas as zonas da cidade para garantir mais qualidade de vida e preparar a cidade para todas as esta\u00e7\u00f5es do ano.<\/p>\n\n\n\n<p>&#8212; &#8212; &#8212;<\/p>\n\n\n\n<p><strong>Texto <\/strong>&#8211; Eduarda Lira \/ Seminf<strong>Fotos &#8211;<\/strong> Alessandro Ara\u00fajo \/ Seminf<\/p>\n","protected":false},"excerpt":{"rendered":"","protected":false},"author":57,"featured_media":6921,"comment_status":"closed","ping_status":"closed","sticky":false,"template":"","format":"standard","meta":{"footnotes":""},"categories":[6],"tags":[682,43,73,26],"acf":[],"yoast_head":"<!-- This site is optimized with the Yoast SEO plugin v23.0 - https:\/\/yoast.com\/wordpress\/plugins\/seo\/ -->\n<title>Prefeitura de Manaus recupera rede de drenagem no Parque 10<\/title>\n<meta name=\"description\" content=\"A Prefeitura de Manaus, iniciou a recupera\u00e7\u00e3o de um trecho da rede de drenagem no conjunto Eldorado, bairro Parque 10, zona Centro-Sul.\" \/>\n<meta name=\"robots\" content=\"index, follow, max-snippet:-1, max-image-preview:large, max-video-preview:-1\" \/>\n<link rel=\"canonical\" href=\"https:\/\/www.manaus.am.gov.br\/seminf\/rede-de-drenagem-parque-10\/\" \/>\n<meta property=\"og:locale\" content=\"pt_BR\" \/>\n<meta property=\"og:type\" content=\"article\" \/>\n<meta property=\"og:title\" content=\"Prefeitura de Manaus recupera rede de drenagem no Parque 10\" \/>\n<meta property=\"og:description\" content=\"A Prefeitura de Manaus, iniciou a recupera\u00e7\u00e3o de um trecho da rede de drenagem no conjunto Eldorado, bairro Parque 10, zona Centro-Sul.\" \/>\n<meta property=\"og:url\" content=\"https:\/\/www.manaus.am.gov.br\/seminf\/rede-de-drenagem-parque-10\/\" \/>\n<meta property=\"og:site_name\" content=\"SEMINF\" \/>\n<meta property=\"article:published_time\" content=\"2025-09-19T15:06:00+00:00\" \/>\n<meta property=\"article:modified_time\" content=\"2025-09-19T15:06:01+00:00\" \/>\n<meta property=\"og:image\" content=\"https:\/\/www.manaus.am.gov.br\/seminf\/wp-content\/uploads\/sites\/6\/2025\/09\/rede-de-drenagem_Seminf-4.jpg\" \/>\n\t<meta property=\"og:image:width\" content=\"1200\" \/>\n\t<meta property=\"og:image:height\" content=\"675\" \/>\n\t<meta property=\"og:image:type\" content=\"image\/jpeg\" \/>\n<meta name=\"author\" content=\"Thiago Fernando\" \/>\n<meta name=\"twitter:card\" content=\"summary_large_image\" \/>\n<meta name=\"twitter:label1\" content=\"Written by\" \/>\n\t<meta name=\"twitter:data1\" content=\"Thiago Fernando\" \/>\n\t<meta name=\"twitter:label2\" content=\"Est. reading time\" \/>\n\t<meta name=\"twitter:data2\" content=\"2 minutos\" \/>\n<script type=\"application\/ld+json\" class=\"yoast-schema-graph\">{\"@context\":\"https:\/\/schema.org\",\"@graph\":[{\"@type\":\"WebPage\",\"@id\":\"https:\/\/www.manaus.am.gov.br\/seminf\/rede-de-drenagem-parque-10\/\",\"url\":\"https:\/\/www.manaus.am.gov.br\/seminf\/rede-de-drenagem-parque-10\/\",\"name\":\"Prefeitura de Manaus recupera rede de drenagem no Parque 10\",\"isPartOf\":{\"@id\":\"https:\/\/www.manaus.am.gov.br\/seminf\/#website\"},\"primaryImageOfPage\":{\"@id\":\"https:\/\/www.manaus.am.gov.br\/seminf\/rede-de-drenagem-parque-10\/#primaryimage\"},\"image\":{\"@id\":\"https:\/\/www.manaus.am.gov.br\/seminf\/rede-de-drenagem-parque-10\/#primaryimage\"},\"thumbnailUrl\":\"https:\/\/www.manaus.am.gov.br\/seminf\/wp-content\/uploads\/sites\/6\/2025\/09\/rede-de-drenagem_Seminf-4.jpg\",\"datePublished\":\"2025-09-19T15:06:00+00:00\",\"dateModified\":\"2025-09-19T15:06:01+00:00\",\"author\":{\"@id\":\"https:\/\/www.manaus.am.gov.br\/seminf\/#\/schema\/person\/a5ee5376db6e21af026374b369f30882\"},\"description\":\"A Prefeitura de Manaus, iniciou a recupera\u00e7\u00e3o de um trecho da rede de drenagem no conjunto Eldorado, bairro Parque 10, zona Centro-Sul.\",\"inLanguage\":\"pt-BR\",\"potentialAction\":[{\"@type\":\"ReadAction\",\"target\":[\"https:\/\/www.manaus.am.gov.br\/seminf\/rede-de-drenagem-parque-10\/\"]}]},{\"@type\":\"ImageObject\",\"inLanguage\":\"pt-BR\",\"@id\":\"https:\/\/www.manaus.am.gov.br\/seminf\/rede-de-drenagem-parque-10\/#primaryimage\",\"url\":\"https:\/\/www.manaus.am.gov.br\/seminf\/wp-content\/uploads\/sites\/6\/2025\/09\/rede-de-drenagem_Seminf-4.jpg\",\"contentUrl\":\"https:\/\/www.manaus.am.gov.br\/seminf\/wp-content\/uploads\/sites\/6\/2025\/09\/rede-de-drenagem_Seminf-4.jpg\",\"width\":1200,\"height\":675,\"caption\":\"#paratodosverem - Servidores da Seminf recuperando rede de drenagem no Parque 10\"},{\"@type\":\"WebSite\",\"@id\":\"https:\/\/www.manaus.am.gov.br\/seminf\/#website\",\"url\":\"https:\/\/www.manaus.am.gov.br\/seminf\/\",\"name\":\"Secretaria de Infraestrutura\",\"description\":\"Secretaria Municipal de Infraestrutura\",\"potentialAction\":[{\"@type\":\"SearchAction\",\"target\":{\"@type\":\"EntryPoint\",\"urlTemplate\":\"https:\/\/www.manaus.am.gov.br\/seminf\/?s={search_term_string}\"},\"query-input\":\"required name=search_term_string\"}],\"inLanguage\":\"pt-BR\"},{\"@type\":\"Person\",\"@id\":\"https:\/\/www.manaus.am.gov.br\/seminf\/#\/schema\/person\/a5ee5376db6e21af026374b369f30882\",\"name\":\"Thiago Fernando\",\"image\":{\"@type\":\"ImageObject\",\"inLanguage\":\"pt-BR\",\"@id\":\"https:\/\/www.manaus.am.gov.br\/seminf\/#\/schema\/person\/image\/\",\"url\":\"https:\/\/secure.gravatar.com\/avatar\/f5aab8722444041451501c077052ac07?s=96&d=mm&r=g\",\"contentUrl\":\"https:\/\/secure.gravatar.com\/avatar\/f5aab8722444041451501c077052ac07?s=96&d=mm&r=g\",\"caption\":\"Thiago Fernando\"}}]}<\/script>\n<!-- \/ Yoast SEO plugin. -->","yoast_head_json":{"title":"Prefeitura de Manaus recupera rede de drenagem no Parque 10","description":"A Prefeitura de Manaus, iniciou a recupera\u00e7\u00e3o de um trecho da rede de drenagem no conjunto Eldorado, bairro Parque 10, zona Centro-Sul.","robots":{"index":"index","follow":"follow","max-snippet":"max-snippet:-1","max-image-preview":"max-image-preview:large","max-video-preview":"max-video-preview:-1"},"canonical":"https:\/\/www.manaus.am.gov.br\/seminf\/rede-de-drenagem-parque-10\/","og_locale":"pt_BR","og_type":"article","og_title":"Prefeitura de Manaus recupera rede de drenagem no Parque 10","og_description":"A Prefeitura de Manaus, iniciou a recupera\u00e7\u00e3o de um trecho da rede de drenagem no conjunto Eldorado, bairro Parque 10, zona Centro-Sul.","og_url":"https:\/\/www.manaus.am.gov.br\/seminf\/rede-de-drenagem-parque-10\/","og_site_name":"SEMINF","article_published_time":"2025-09-19T15:06:00+00:00","article_modified_time":"2025-09-19T15:06:01+00:00","og_image":[{"width":1200,"height":675,"url":"https:\/\/www.manaus.am.gov.br\/seminf\/wp-content\/uploads\/sites\/6\/2025\/09\/rede-de-drenagem_Seminf-4.jpg","type":"image\/jpeg"}],"author":"Thiago Fernando","twitter_card":"summary_large_image","twitter_misc":{"Written by":"Thiago Fernando","Est. reading time":"2 minutos"},"schema":{"@context":"https:\/\/schema.org","@graph":[{"@type":"WebPage","@id":"https:\/\/www.manaus.am.gov.br\/seminf\/rede-de-drenagem-parque-10\/","url":"https:\/\/www.manaus.am.gov.br\/seminf\/rede-de-drenagem-parque-10\/","name":"Prefeitura de Manaus recupera rede de drenagem no Parque 10","isPartOf":{"@id":"https:\/\/www.manaus.am.gov.br\/seminf\/#website"},"primaryImageOfPage":{"@id":"https:\/\/www.manaus.am.gov.br\/seminf\/rede-de-drenagem-parque-10\/#primaryimage"},"image":{"@id":"https:\/\/www.manaus.am.gov.br\/seminf\/rede-de-drenagem-parque-10\/#primaryimage"},"thumbnailUrl":"https:\/\/www.manaus.am.gov.br\/seminf\/wp-content\/uploads\/sites\/6\/2025\/09\/rede-de-drenagem_Seminf-4.jpg","datePublished":"2025-09-19T15:06:00+00:00","dateModified":"2025-09-19T15:06:01+00:00","author":{"@id":"https:\/\/www.manaus.am.gov.br\/seminf\/#\/schema\/person\/a5ee5376db6e21af026374b369f30882"},"description":"A Prefeitura de Manaus, iniciou a recupera\u00e7\u00e3o de um trecho da rede de drenagem no conjunto Eldorado, bairro Parque 10, zona Centro-Sul.","inLanguage":"pt-BR","potentialAction":[{"@type":"ReadAction","target":["https:\/\/www.manaus.am.gov.br\/seminf\/rede-de-drenagem-parque-10\/"]}]},{"@type":"ImageObject","inLanguage":"pt-BR","@id":"https:\/\/www.manaus.am.gov.br\/seminf\/rede-de-drenagem-parque-10\/#primaryimage","url":"https:\/\/www.manaus.am.gov.br\/seminf\/wp-content\/uploads\/sites\/6\/2025\/09\/rede-de-drenagem_Seminf-4.jpg","contentUrl":"https:\/\/www.manaus.am.gov.br\/seminf\/wp-content\/uploads\/sites\/6\/2025\/09\/rede-de-drenagem_Seminf-4.jpg","width":1200,"height":675,"caption":"#paratodosverem - Servidores da Seminf recuperando rede de drenagem no Parque 10"},{"@type":"WebSite","@id":"https:\/\/www.manaus.am.gov.br\/seminf\/#website","url":"https:\/\/www.manaus.am.gov.br\/seminf\/","name":"Secretaria de Infraestrutura","description":"Secretaria Municipal de Infraestrutura","potentialAction":[{"@type":"SearchAction","target":{"@type":"EntryPoint","urlTemplate":"https:\/\/www.manaus.am.gov.br\/seminf\/?s={search_term_string}"},"query-input":"required name=search_term_string"}],"inLanguage":"pt-BR"},{"@type":"Person","@id":"https:\/\/www.manaus.am.gov.br\/seminf\/#\/schema\/person\/a5ee5376db6e21af026374b369f30882","name":"Thiago Fernando","image":{"@type":"ImageObject","inLanguage":"pt-BR","@id":"https:\/\/www.manaus.am.gov.br\/seminf\/#\/schema\/person\/image\/","url":"https:\/\/secure.gravatar.com\/avatar\/f5aab8722444041451501c077052ac07?s=96&d=mm&r=g","contentUrl":"https:\/\/secure.gravatar.com\/avatar\/f5aab8722444041451501c077052ac07?s=96&d=mm&r=g","caption":"Thiago Fernando"}}]}},"_links":{"self":[{"href":"https:\/\/www.manaus.am.gov.br\/seminf\/wp-json\/wp\/v2\/posts\/6920"}],"collection":[{"href":"https:\/\/www.manaus.am.gov.br\/seminf\/wp-json\/wp\/v2\/posts"}],"about":[{"href":"https:\/\/www.manaus.am.gov.br\/seminf\/wp-json\/wp\/v2\/types\/post"}],"author":[{"embeddable":true,"href":"https:\/\/www.manaus.am.gov.br\/seminf\/wp-json\/wp\/v2\/users\/57"}],"replies":[{"embeddable":true,"href":"https:\/\/www.manaus.am.gov.br\/seminf\/wp-json\/wp\/v2\/comments?post=6920"}],"version-history":[{"count":0,"href":"https:\/\/www.manaus.am.gov.br\/seminf\/wp-json\/wp\/v2\/posts\/6920\/revisions"}],"wp:featuredmedia":[{"embeddable":true,"href":"https:\/\/www.manaus.am.gov.br\/seminf\/wp-json\/wp\/v2\/media\/6921"}],"wp:attachment":[{"href":"https:\/\/www.manaus.am.gov.br\/seminf\/wp-json\/wp\/v2\/media?parent=6920"}],"wp:term":[{"taxonomy":"category","embeddable":true,"href":"https:\/\/www.manaus.am.gov.br\/seminf\/wp-json\/wp\/v2\/categories?post=6920"},{"taxonomy":"post_tag","embeddable":true,"href":"https:\/\/www.manaus.am.gov.br\/seminf\/wp-json\/wp\/v2\/tags?post=6920"}],"curies":[{"name":"wp","href":"https:\/\/api.w.org\/{rel}","templated":true}]}}