{"id":6843,"date":"2025-09-15T19:27:57","date_gmt":"2025-09-15T23:27:57","guid":{"rendered":"https:\/\/www.manaus.am.gov.br\/seminf\/acao-emergencial-rede-de-drenagem\/"},"modified":"2025-09-15T19:27:59","modified_gmt":"2025-09-15T23:27:59","slug":"acao-emergencial-rede-de-drenagem","status":"publish","type":"post","link":"https:\/\/www.manaus.am.gov.br\/seminf\/acao-emergencial-rede-de-drenagem\/","title":{"rendered":"A\u00e7\u00e3o emergencial da prefeitura substitui tubula\u00e7\u00f5es danificadas e orienta moradores sobre uso correto da rede de drenagem"},"content":{"rendered":"\n<p>Com agilidade e t\u00e9cnica, a Prefeitura de Manaus, por meio da Secretaria Municipal de Infraestrutura (Seminf), executou, nesta segunda-feira, 15\/9, a recupera\u00e7\u00e3o emergencial de uma rede de drenagem profunda na rua Raul Antony, no bairro Petr\u00f3polis, zona Sul da cidade.<\/p>\n\n\n\n<p>A interven\u00e7\u00e3o foi necess\u00e1ria ap\u00f3s t\u00e9cnicos da Seminf identificarem que a rede estava comprometida pela implanta\u00e7\u00e3o de liga\u00e7\u00f5es irregulares de tubula\u00e7\u00f5es dom\u00e9sticas na tubula\u00e7\u00e3o da prefeitura, comprometendo o funcionamento do sistema e aumentando o risco de alagamentos, al\u00e9m de causar danos ao asfalto.<\/p>\n\n\n\n<p>\u201cNosso objetivo \u00e9 proteger a popula\u00e7\u00e3o e garantir que a rede de drenagem funcione corretamente. Infelizmente, liga\u00e7\u00f5es clandestinas prejudicam toda a comunidade, mas, na gest\u00e3o do prefeito David Almeida, estamos agindo rapidamente para evitar transtornos e refor\u00e7ar a infraestrutura da cidade\u201d, destacou o vice-prefeito e secret\u00e1rio de Obras, Renato Junior.<\/p>\n\n\n\n<p>A equipe realizou a manuten\u00e7\u00e3o na galeria subterr\u00e2nea e executou a substitui\u00e7\u00e3o dos trechos danificados da tubula\u00e7\u00e3o e readequou as conex\u00f5es comprometidas. A Seminf refor\u00e7a que esse tipo de a\u00e7\u00e3o prejudica o pleno funcionamento do equipamento e compromete a infraestrutura urbana e a qualidade de vida dos moradores.<\/p>\n\n\n\n<p>A Prefeitura de Manaus orienta a popula\u00e7\u00e3o a n\u00e3o realizar liga\u00e7\u00f5es de esgoto em redes de drenagem pluvial, pr\u00e1tica que \u00e9 irregular e prejudica o escoamento da \u00e1gua. As equipes seguem em campo diariamente, prevenindo alagamentos e fortalecendo o sistema de drenagem e a infraestrutura da cidade.<\/p>\n\n\n\n<p>\u2014 \u2014 \u2014<br><strong>Texto e fotos &#8211;<\/strong><strong> <\/strong>Maria Amed\/Seminf<\/p>\n","protected":false},"excerpt":{"rendered":"","protected":false},"author":68,"featured_media":6844,"comment_status":"closed","ping_status":"closed","sticky":false,"template":"","format":"standard","meta":{"footnotes":""},"categories":[12],"tags":[2484,43,26],"acf":[],"yoast_head":"<!-- This site is optimized with the Yoast SEO plugin v23.0 - https:\/\/yoast.com\/wordpress\/plugins\/seo\/ -->\n<title>A\u00e7\u00e3o emergencial da prefeitura substitui tubula\u00e7\u00f5es danificadas e orienta moradores sobre uso correto da rede de drenagem<\/title>\n<meta name=\"description\" content=\"Com agilidade e t\u00e9cnica, a Prefeitura de Manaus, por meio da Secretaria Municipal de Infraestrutura (Seminf), executou, nesta segunda-feira, 15\/9, a recupera\u00e7\u00e3o emergencial de uma rede de drenagem profunda na rua Raul Antony, no bairro Petr\u00f3polis, zona Sul da cidade.\" \/>\n<meta name=\"robots\" content=\"index, follow, max-snippet:-1, max-image-preview:large, max-video-preview:-1\" \/>\n<link rel=\"canonical\" href=\"https:\/\/www.manaus.am.gov.br\/seminf\/acao-emergencial-rede-de-drenagem\/\" \/>\n<meta property=\"og:locale\" content=\"pt_BR\" \/>\n<meta property=\"og:type\" content=\"article\" \/>\n<meta property=\"og:title\" content=\"A\u00e7\u00e3o emergencial da prefeitura substitui tubula\u00e7\u00f5es danificadas e orienta moradores sobre uso correto da rede de drenagem\" \/>\n<meta property=\"og:description\" content=\"Com agilidade e t\u00e9cnica, a Prefeitura de Manaus, por meio da Secretaria Municipal de Infraestrutura (Seminf), executou, nesta segunda-feira, 15\/9, a recupera\u00e7\u00e3o emergencial de uma rede de drenagem profunda na rua Raul Antony, no bairro Petr\u00f3polis, zona Sul da cidade.\" \/>\n<meta property=\"og:url\" content=\"https:\/\/www.manaus.am.gov.br\/seminf\/acao-emergencial-rede-de-drenagem\/\" \/>\n<meta property=\"og:site_name\" content=\"SEMINF\" \/>\n<meta property=\"article:published_time\" content=\"2025-09-15T23:27:57+00:00\" \/>\n<meta property=\"article:modified_time\" content=\"2025-09-15T23:27:59+00:00\" \/>\n<meta property=\"og:image\" content=\"https:\/\/www.manaus.am.gov.br\/seminf\/wp-content\/uploads\/sites\/6\/2025\/09\/Acao-emergencial-da-prefeitura-substitui-tubulacoes-danificadas-e-orienta-moradores-sobre-uso-correto-da-rede-de-drenagem.jpg\" \/>\n\t<meta property=\"og:image:width\" content=\"1600\" \/>\n\t<meta property=\"og:image:height\" content=\"1200\" \/>\n\t<meta property=\"og:image:type\" content=\"image\/jpeg\" \/>\n<meta name=\"author\" content=\"bvalente\" \/>\n<meta name=\"twitter:card\" content=\"summary_large_image\" \/>\n<meta name=\"twitter:label1\" content=\"Written by\" \/>\n\t<meta name=\"twitter:data1\" content=\"bvalente\" \/>\n\t<meta name=\"twitter:label2\" content=\"Est. reading time\" \/>\n\t<meta name=\"twitter:data2\" content=\"2 minutos\" \/>\n<script type=\"application\/ld+json\" class=\"yoast-schema-graph\">{\"@context\":\"https:\/\/schema.org\",\"@graph\":[{\"@type\":\"WebPage\",\"@id\":\"https:\/\/www.manaus.am.gov.br\/seminf\/acao-emergencial-rede-de-drenagem\/\",\"url\":\"https:\/\/www.manaus.am.gov.br\/seminf\/acao-emergencial-rede-de-drenagem\/\",\"name\":\"A\u00e7\u00e3o emergencial da prefeitura substitui tubula\u00e7\u00f5es danificadas e orienta moradores sobre uso correto da rede de drenagem\",\"isPartOf\":{\"@id\":\"https:\/\/www.manaus.am.gov.br\/seminf\/#website\"},\"primaryImageOfPage\":{\"@id\":\"https:\/\/www.manaus.am.gov.br\/seminf\/acao-emergencial-rede-de-drenagem\/#primaryimage\"},\"image\":{\"@id\":\"https:\/\/www.manaus.am.gov.br\/seminf\/acao-emergencial-rede-de-drenagem\/#primaryimage\"},\"thumbnailUrl\":\"https:\/\/www.manaus.am.gov.br\/seminf\/wp-content\/uploads\/sites\/6\/2025\/09\/Acao-emergencial-da-prefeitura-substitui-tubulacoes-danificadas-e-orienta-moradores-sobre-uso-correto-da-rede-de-drenagem.jpg\",\"datePublished\":\"2025-09-15T23:27:57+00:00\",\"dateModified\":\"2025-09-15T23:27:59+00:00\",\"author\":{\"@id\":\"https:\/\/www.manaus.am.gov.br\/seminf\/#\/schema\/person\/466a0e03ae4b6062809046bd560ac955\"},\"description\":\"Com agilidade e t\u00e9cnica, a Prefeitura de Manaus, por meio da Secretaria Municipal de Infraestrutura (Seminf), executou, nesta segunda-feira, 15\/9, a recupera\u00e7\u00e3o emergencial de uma rede de drenagem profunda na rua Raul Antony, no bairro Petr\u00f3polis, zona Sul da cidade.\",\"inLanguage\":\"pt-BR\",\"potentialAction\":[{\"@type\":\"ReadAction\",\"target\":[\"https:\/\/www.manaus.am.gov.br\/seminf\/acao-emergencial-rede-de-drenagem\/\"]}]},{\"@type\":\"ImageObject\",\"inLanguage\":\"pt-BR\",\"@id\":\"https:\/\/www.manaus.am.gov.br\/seminf\/acao-emergencial-rede-de-drenagem\/#primaryimage\",\"url\":\"https:\/\/www.manaus.am.gov.br\/seminf\/wp-content\/uploads\/sites\/6\/2025\/09\/Acao-emergencial-da-prefeitura-substitui-tubulacoes-danificadas-e-orienta-moradores-sobre-uso-correto-da-rede-de-drenagem.jpg\",\"contentUrl\":\"https:\/\/www.manaus.am.gov.br\/seminf\/wp-content\/uploads\/sites\/6\/2025\/09\/Acao-emergencial-da-prefeitura-substitui-tubulacoes-danificadas-e-orienta-moradores-sobre-uso-correto-da-rede-de-drenagem.jpg\",\"width\":1600,\"height\":1200},{\"@type\":\"WebSite\",\"@id\":\"https:\/\/www.manaus.am.gov.br\/seminf\/#website\",\"url\":\"https:\/\/www.manaus.am.gov.br\/seminf\/\",\"name\":\"Secretaria de Infraestrutura\",\"description\":\"Secretaria Municipal de Infraestrutura\",\"potentialAction\":[{\"@type\":\"SearchAction\",\"target\":{\"@type\":\"EntryPoint\",\"urlTemplate\":\"https:\/\/www.manaus.am.gov.br\/seminf\/?s={search_term_string}\"},\"query-input\":\"required name=search_term_string\"}],\"inLanguage\":\"pt-BR\"},{\"@type\":\"Person\",\"@id\":\"https:\/\/www.manaus.am.gov.br\/seminf\/#\/schema\/person\/466a0e03ae4b6062809046bd560ac955\",\"name\":\"bvalente\",\"image\":{\"@type\":\"ImageObject\",\"inLanguage\":\"pt-BR\",\"@id\":\"https:\/\/www.manaus.am.gov.br\/seminf\/#\/schema\/person\/image\/\",\"url\":\"https:\/\/secure.gravatar.com\/avatar\/3e69bc2b014bdad41adfec3a39de07d2?s=96&d=mm&r=g\",\"contentUrl\":\"https:\/\/secure.gravatar.com\/avatar\/3e69bc2b014bdad41adfec3a39de07d2?s=96&d=mm&r=g\",\"caption\":\"bvalente\"}}]}<\/script>\n<!-- \/ Yoast SEO plugin. -->","yoast_head_json":{"title":"A\u00e7\u00e3o emergencial da prefeitura substitui tubula\u00e7\u00f5es danificadas e orienta moradores sobre uso correto da rede de drenagem","description":"Com agilidade e t\u00e9cnica, a Prefeitura de Manaus, por meio da Secretaria Municipal de Infraestrutura (Seminf), executou, nesta segunda-feira, 15\/9, a recupera\u00e7\u00e3o emergencial de uma rede de drenagem profunda na rua Raul Antony, no bairro Petr\u00f3polis, zona Sul da cidade.","robots":{"index":"index","follow":"follow","max-snippet":"max-snippet:-1","max-image-preview":"max-image-preview:large","max-video-preview":"max-video-preview:-1"},"canonical":"https:\/\/www.manaus.am.gov.br\/seminf\/acao-emergencial-rede-de-drenagem\/","og_locale":"pt_BR","og_type":"article","og_title":"A\u00e7\u00e3o emergencial da prefeitura substitui tubula\u00e7\u00f5es danificadas e orienta moradores sobre uso correto da rede de drenagem","og_description":"Com agilidade e t\u00e9cnica, a Prefeitura de Manaus, por meio da Secretaria Municipal de Infraestrutura (Seminf), executou, nesta segunda-feira, 15\/9, a recupera\u00e7\u00e3o emergencial de uma rede de drenagem profunda na rua Raul Antony, no bairro Petr\u00f3polis, zona Sul da cidade.","og_url":"https:\/\/www.manaus.am.gov.br\/seminf\/acao-emergencial-rede-de-drenagem\/","og_site_name":"SEMINF","article_published_time":"2025-09-15T23:27:57+00:00","article_modified_time":"2025-09-15T23:27:59+00:00","og_image":[{"width":1600,"height":1200,"url":"https:\/\/www.manaus.am.gov.br\/seminf\/wp-content\/uploads\/sites\/6\/2025\/09\/Acao-emergencial-da-prefeitura-substitui-tubulacoes-danificadas-e-orienta-moradores-sobre-uso-correto-da-rede-de-drenagem.jpg","type":"image\/jpeg"}],"author":"bvalente","twitter_card":"summary_large_image","twitter_misc":{"Written by":"bvalente","Est. reading time":"2 minutos"},"schema":{"@context":"https:\/\/schema.org","@graph":[{"@type":"WebPage","@id":"https:\/\/www.manaus.am.gov.br\/seminf\/acao-emergencial-rede-de-drenagem\/","url":"https:\/\/www.manaus.am.gov.br\/seminf\/acao-emergencial-rede-de-drenagem\/","name":"A\u00e7\u00e3o emergencial da prefeitura substitui tubula\u00e7\u00f5es danificadas e orienta moradores sobre uso correto da rede de drenagem","isPartOf":{"@id":"https:\/\/www.manaus.am.gov.br\/seminf\/#website"},"primaryImageOfPage":{"@id":"https:\/\/www.manaus.am.gov.br\/seminf\/acao-emergencial-rede-de-drenagem\/#primaryimage"},"image":{"@id":"https:\/\/www.manaus.am.gov.br\/seminf\/acao-emergencial-rede-de-drenagem\/#primaryimage"},"thumbnailUrl":"https:\/\/www.manaus.am.gov.br\/seminf\/wp-content\/uploads\/sites\/6\/2025\/09\/Acao-emergencial-da-prefeitura-substitui-tubulacoes-danificadas-e-orienta-moradores-sobre-uso-correto-da-rede-de-drenagem.jpg","datePublished":"2025-09-15T23:27:57+00:00","dateModified":"2025-09-15T23:27:59+00:00","author":{"@id":"https:\/\/www.manaus.am.gov.br\/seminf\/#\/schema\/person\/466a0e03ae4b6062809046bd560ac955"},"description":"Com agilidade e t\u00e9cnica, a Prefeitura de Manaus, por meio da Secretaria Municipal de Infraestrutura (Seminf), executou, nesta segunda-feira, 15\/9, a recupera\u00e7\u00e3o emergencial de uma rede de drenagem profunda na rua Raul Antony, no bairro Petr\u00f3polis, zona Sul da cidade.","inLanguage":"pt-BR","potentialAction":[{"@type":"ReadAction","target":["https:\/\/www.manaus.am.gov.br\/seminf\/acao-emergencial-rede-de-drenagem\/"]}]},{"@type":"ImageObject","inLanguage":"pt-BR","@id":"https:\/\/www.manaus.am.gov.br\/seminf\/acao-emergencial-rede-de-drenagem\/#primaryimage","url":"https:\/\/www.manaus.am.gov.br\/seminf\/wp-content\/uploads\/sites\/6\/2025\/09\/Acao-emergencial-da-prefeitura-substitui-tubulacoes-danificadas-e-orienta-moradores-sobre-uso-correto-da-rede-de-drenagem.jpg","contentUrl":"https:\/\/www.manaus.am.gov.br\/seminf\/wp-content\/uploads\/sites\/6\/2025\/09\/Acao-emergencial-da-prefeitura-substitui-tubulacoes-danificadas-e-orienta-moradores-sobre-uso-correto-da-rede-de-drenagem.jpg","width":1600,"height":1200},{"@type":"WebSite","@id":"https:\/\/www.manaus.am.gov.br\/seminf\/#website","url":"https:\/\/www.manaus.am.gov.br\/seminf\/","name":"Secretaria de Infraestrutura","description":"Secretaria Municipal de Infraestrutura","potentialAction":[{"@type":"SearchAction","target":{"@type":"EntryPoint","urlTemplate":"https:\/\/www.manaus.am.gov.br\/seminf\/?s={search_term_string}"},"query-input":"required name=search_term_string"}],"inLanguage":"pt-BR"},{"@type":"Person","@id":"https:\/\/www.manaus.am.gov.br\/seminf\/#\/schema\/person\/466a0e03ae4b6062809046bd560ac955","name":"bvalente","image":{"@type":"ImageObject","inLanguage":"pt-BR","@id":"https:\/\/www.manaus.am.gov.br\/seminf\/#\/schema\/person\/image\/","url":"https:\/\/secure.gravatar.com\/avatar\/3e69bc2b014bdad41adfec3a39de07d2?s=96&d=mm&r=g","contentUrl":"https:\/\/secure.gravatar.com\/avatar\/3e69bc2b014bdad41adfec3a39de07d2?s=96&d=mm&r=g","caption":"bvalente"}}]}},"_links":{"self":[{"href":"https:\/\/www.manaus.am.gov.br\/seminf\/wp-json\/wp\/v2\/posts\/6843"}],"collection":[{"href":"https:\/\/www.manaus.am.gov.br\/seminf\/wp-json\/wp\/v2\/posts"}],"about":[{"href":"https:\/\/www.manaus.am.gov.br\/seminf\/wp-json\/wp\/v2\/types\/post"}],"author":[{"embeddable":true,"href":"https:\/\/www.manaus.am.gov.br\/seminf\/wp-json\/wp\/v2\/users\/68"}],"replies":[{"embeddable":true,"href":"https:\/\/www.manaus.am.gov.br\/seminf\/wp-json\/wp\/v2\/comments?post=6843"}],"version-history":[{"count":0,"href":"https:\/\/www.manaus.am.gov.br\/seminf\/wp-json\/wp\/v2\/posts\/6843\/revisions"}],"wp:featuredmedia":[{"embeddable":true,"href":"https:\/\/www.manaus.am.gov.br\/seminf\/wp-json\/wp\/v2\/media\/6844"}],"wp:attachment":[{"href":"https:\/\/www.manaus.am.gov.br\/seminf\/wp-json\/wp\/v2\/media?parent=6843"}],"wp:term":[{"taxonomy":"category","embeddable":true,"href":"https:\/\/www.manaus.am.gov.br\/seminf\/wp-json\/wp\/v2\/categories?post=6843"},{"taxonomy":"post_tag","embeddable":true,"href":"https:\/\/www.manaus.am.gov.br\/seminf\/wp-json\/wp\/v2\/tags?post=6843"}],"curies":[{"name":"wp","href":"https:\/\/api.w.org\/{rel}","templated":true}]}}