{"id":6841,"date":"2025-09-15T19:19:09","date_gmt":"2025-09-15T23:19:09","guid":{"rendered":"https:\/\/www.manaus.am.gov.br\/seminf\/obras-manutencao-asfaltica-2\/"},"modified":"2025-09-15T19:19:11","modified_gmt":"2025-09-15T23:19:11","slug":"obras-manutencao-asfaltica-2","status":"publish","type":"post","link":"https:\/\/www.manaus.am.gov.br\/seminf\/obras-manutencao-asfaltica-2\/","title":{"rendered":"Prefeitura de Manaus refor\u00e7a mobilidade na avenida Desembargador Paulo Jacob com manuten\u00e7\u00e3o asf\u00e1ltica"},"content":{"rendered":"\n<p>A Prefeitura de Manaus, por meio da Secretaria Municipal de Infraestrutura (Seminf), realizou, nesta segunda-feira, 15\/9, a recupera\u00e7\u00e3o asf\u00e1ltica de trechos desgastados da avenida Desembargador Paulo Jacob, uma das principais vias da zona Oeste da capital.<\/p>\n\n\n\n<p>\u201cNosso trabalho vai muito al\u00e9m de apenas aplicar asfalto. Cada metro recuperado impacta diretamente na mobilidade, oferecendo mais seguran\u00e7a, conforto e rapidez para quem trafega pela cidade. Esse \u00e9 o cuidado da gest\u00e3o do prefeito David Almeida com a popula\u00e7\u00e3o de Manaus\u201d, destacou o vice-prefeito e secret\u00e1rio de Obras, Renato Junior.<\/p>\n\n\n\n<p>A equipe atua na restaura\u00e7\u00e3o do pavimento desgastado, especialmente em pontos que dificultavam a passagem de ve\u00edculos. A avenida \u00e9 um importante elo entre os bairros Alvorada e da Paz, tornando essencial a manuten\u00e7\u00e3o peri\u00f3dica para garantir fluidez e seguran\u00e7a no tr\u00e2nsito.<\/p>\n\n\n\n<p>\u201c\u00c9 muito importante aproveitar o sol para esse tipo de servi\u00e7o, porque \u00e9 quase imposs\u00edvel trabalhar na chuva. Nossas ruas estavam precisando, e \u00e9 \u00f3timo ver a prefeitura atuando. Obrigado\u201d, comentou o motorista Igor Campos, 45 anos.<\/p>\n\n\n\n<p>Com essa a\u00e7\u00e3o, a prefeitura refor\u00e7a seu compromisso em manter as grandes avenidas de Manaus seguras, trafeg\u00e1veis e adequadas ao fluxo crescente de ve\u00edculos, proporcionando mais qualidade de vida para motoristas e pedestres.<\/p>\n\n\n\n<p>\u2014 \u2014 \u2014<br><strong>Texto &#8211;<\/strong>Eduarda Lira\/Seminf<br><strong>Fotos &#8211;<\/strong> M\u00e1rcio Melo\/Seminf<\/p>\n","protected":false},"excerpt":{"rendered":"","protected":false},"author":68,"featured_media":6842,"comment_status":"closed","ping_status":"closed","sticky":false,"template":"","format":"standard","meta":{"footnotes":""},"categories":[560],"tags":[43,2483,26],"acf":[],"yoast_head":"<!-- This site is optimized with the Yoast SEO plugin v23.0 - https:\/\/yoast.com\/wordpress\/plugins\/seo\/ -->\n<title>Prefeitura de Manaus refor\u00e7a mobilidade na avenida Desembargador Paulo Jacob com manuten\u00e7\u00e3o asf\u00e1ltica<\/title>\n<meta name=\"description\" content=\"A Prefeitura de Manaus, por meio da Secretaria Municipal de Infraestrutura (Seminf), realizou, nesta segunda-feira, 15\/9, a recupera\u00e7\u00e3o asf\u00e1ltica de trechos desgastados da avenida Desembargador Paulo Jacob, uma das principais vias da zona Oeste da capital.\" \/>\n<meta name=\"robots\" content=\"index, follow, max-snippet:-1, max-image-preview:large, max-video-preview:-1\" \/>\n<link rel=\"canonical\" href=\"https:\/\/www.manaus.am.gov.br\/seminf\/obras-manutencao-asfaltica-2\/\" \/>\n<meta property=\"og:locale\" content=\"pt_BR\" \/>\n<meta property=\"og:type\" content=\"article\" \/>\n<meta property=\"og:title\" content=\"Prefeitura de Manaus refor\u00e7a mobilidade na avenida Desembargador Paulo Jacob com manuten\u00e7\u00e3o asf\u00e1ltica\" \/>\n<meta property=\"og:description\" content=\"A Prefeitura de Manaus, por meio da Secretaria Municipal de Infraestrutura (Seminf), realizou, nesta segunda-feira, 15\/9, a recupera\u00e7\u00e3o asf\u00e1ltica de trechos desgastados da avenida Desembargador Paulo Jacob, uma das principais vias da zona Oeste da capital.\" \/>\n<meta property=\"og:url\" content=\"https:\/\/www.manaus.am.gov.br\/seminf\/obras-manutencao-asfaltica-2\/\" \/>\n<meta property=\"og:site_name\" content=\"SEMINF\" \/>\n<meta property=\"article:published_time\" content=\"2025-09-15T23:19:09+00:00\" \/>\n<meta property=\"article:modified_time\" content=\"2025-09-15T23:19:11+00:00\" \/>\n<meta property=\"og:image\" content=\"https:\/\/www.manaus.am.gov.br\/seminf\/wp-content\/uploads\/sites\/6\/2025\/09\/Prefeitura-de-Manaus-reforca-mobilidade-na-avenida-Desembargador-Paulo-Jacob-com-manutencao-asfaltica-3.jpg\" \/>\n\t<meta property=\"og:image:width\" content=\"1600\" \/>\n\t<meta property=\"og:image:height\" content=\"1067\" \/>\n\t<meta property=\"og:image:type\" content=\"image\/jpeg\" \/>\n<meta name=\"author\" content=\"bvalente\" \/>\n<meta name=\"twitter:card\" content=\"summary_large_image\" \/>\n<meta name=\"twitter:label1\" content=\"Written by\" \/>\n\t<meta name=\"twitter:data1\" content=\"bvalente\" \/>\n\t<meta name=\"twitter:label2\" content=\"Est. reading time\" \/>\n\t<meta name=\"twitter:data2\" content=\"2 minutos\" \/>\n<script type=\"application\/ld+json\" class=\"yoast-schema-graph\">{\"@context\":\"https:\/\/schema.org\",\"@graph\":[{\"@type\":\"WebPage\",\"@id\":\"https:\/\/www.manaus.am.gov.br\/seminf\/obras-manutencao-asfaltica-2\/\",\"url\":\"https:\/\/www.manaus.am.gov.br\/seminf\/obras-manutencao-asfaltica-2\/\",\"name\":\"Prefeitura de Manaus refor\u00e7a mobilidade na avenida Desembargador Paulo Jacob com manuten\u00e7\u00e3o asf\u00e1ltica\",\"isPartOf\":{\"@id\":\"https:\/\/www.manaus.am.gov.br\/seminf\/#website\"},\"primaryImageOfPage\":{\"@id\":\"https:\/\/www.manaus.am.gov.br\/seminf\/obras-manutencao-asfaltica-2\/#primaryimage\"},\"image\":{\"@id\":\"https:\/\/www.manaus.am.gov.br\/seminf\/obras-manutencao-asfaltica-2\/#primaryimage\"},\"thumbnailUrl\":\"https:\/\/www.manaus.am.gov.br\/seminf\/wp-content\/uploads\/sites\/6\/2025\/09\/Prefeitura-de-Manaus-reforca-mobilidade-na-avenida-Desembargador-Paulo-Jacob-com-manutencao-asfaltica-3.jpg\",\"datePublished\":\"2025-09-15T23:19:09+00:00\",\"dateModified\":\"2025-09-15T23:19:11+00:00\",\"author\":{\"@id\":\"https:\/\/www.manaus.am.gov.br\/seminf\/#\/schema\/person\/466a0e03ae4b6062809046bd560ac955\"},\"description\":\"A Prefeitura de Manaus, por meio da Secretaria Municipal de Infraestrutura (Seminf), realizou, nesta segunda-feira, 15\/9, a recupera\u00e7\u00e3o asf\u00e1ltica de trechos desgastados da avenida Desembargador Paulo Jacob, uma das principais vias da zona Oeste da capital.\",\"inLanguage\":\"pt-BR\",\"potentialAction\":[{\"@type\":\"ReadAction\",\"target\":[\"https:\/\/www.manaus.am.gov.br\/seminf\/obras-manutencao-asfaltica-2\/\"]}]},{\"@type\":\"ImageObject\",\"inLanguage\":\"pt-BR\",\"@id\":\"https:\/\/www.manaus.am.gov.br\/seminf\/obras-manutencao-asfaltica-2\/#primaryimage\",\"url\":\"https:\/\/www.manaus.am.gov.br\/seminf\/wp-content\/uploads\/sites\/6\/2025\/09\/Prefeitura-de-Manaus-reforca-mobilidade-na-avenida-Desembargador-Paulo-Jacob-com-manutencao-asfaltica-3.jpg\",\"contentUrl\":\"https:\/\/www.manaus.am.gov.br\/seminf\/wp-content\/uploads\/sites\/6\/2025\/09\/Prefeitura-de-Manaus-reforca-mobilidade-na-avenida-Desembargador-Paulo-Jacob-com-manutencao-asfaltica-3.jpg\",\"width\":1600,\"height\":1067},{\"@type\":\"WebSite\",\"@id\":\"https:\/\/www.manaus.am.gov.br\/seminf\/#website\",\"url\":\"https:\/\/www.manaus.am.gov.br\/seminf\/\",\"name\":\"Secretaria de Infraestrutura\",\"description\":\"Secretaria Municipal de Infraestrutura\",\"potentialAction\":[{\"@type\":\"SearchAction\",\"target\":{\"@type\":\"EntryPoint\",\"urlTemplate\":\"https:\/\/www.manaus.am.gov.br\/seminf\/?s={search_term_string}\"},\"query-input\":\"required name=search_term_string\"}],\"inLanguage\":\"pt-BR\"},{\"@type\":\"Person\",\"@id\":\"https:\/\/www.manaus.am.gov.br\/seminf\/#\/schema\/person\/466a0e03ae4b6062809046bd560ac955\",\"name\":\"bvalente\",\"image\":{\"@type\":\"ImageObject\",\"inLanguage\":\"pt-BR\",\"@id\":\"https:\/\/www.manaus.am.gov.br\/seminf\/#\/schema\/person\/image\/\",\"url\":\"https:\/\/secure.gravatar.com\/avatar\/3e69bc2b014bdad41adfec3a39de07d2?s=96&d=mm&r=g\",\"contentUrl\":\"https:\/\/secure.gravatar.com\/avatar\/3e69bc2b014bdad41adfec3a39de07d2?s=96&d=mm&r=g\",\"caption\":\"bvalente\"}}]}<\/script>\n<!-- \/ Yoast SEO plugin. -->","yoast_head_json":{"title":"Prefeitura de Manaus refor\u00e7a mobilidade na avenida Desembargador Paulo Jacob com manuten\u00e7\u00e3o asf\u00e1ltica","description":"A Prefeitura de Manaus, por meio da Secretaria Municipal de Infraestrutura (Seminf), realizou, nesta segunda-feira, 15\/9, a recupera\u00e7\u00e3o asf\u00e1ltica de trechos desgastados da avenida Desembargador Paulo Jacob, uma das principais vias da zona Oeste da capital.","robots":{"index":"index","follow":"follow","max-snippet":"max-snippet:-1","max-image-preview":"max-image-preview:large","max-video-preview":"max-video-preview:-1"},"canonical":"https:\/\/www.manaus.am.gov.br\/seminf\/obras-manutencao-asfaltica-2\/","og_locale":"pt_BR","og_type":"article","og_title":"Prefeitura de Manaus refor\u00e7a mobilidade na avenida Desembargador Paulo Jacob com manuten\u00e7\u00e3o asf\u00e1ltica","og_description":"A Prefeitura de Manaus, por meio da Secretaria Municipal de Infraestrutura (Seminf), realizou, nesta segunda-feira, 15\/9, a recupera\u00e7\u00e3o asf\u00e1ltica de trechos desgastados da avenida Desembargador Paulo Jacob, uma das principais vias da zona Oeste da capital.","og_url":"https:\/\/www.manaus.am.gov.br\/seminf\/obras-manutencao-asfaltica-2\/","og_site_name":"SEMINF","article_published_time":"2025-09-15T23:19:09+00:00","article_modified_time":"2025-09-15T23:19:11+00:00","og_image":[{"width":1600,"height":1067,"url":"https:\/\/www.manaus.am.gov.br\/seminf\/wp-content\/uploads\/sites\/6\/2025\/09\/Prefeitura-de-Manaus-reforca-mobilidade-na-avenida-Desembargador-Paulo-Jacob-com-manutencao-asfaltica-3.jpg","type":"image\/jpeg"}],"author":"bvalente","twitter_card":"summary_large_image","twitter_misc":{"Written by":"bvalente","Est. reading time":"2 minutos"},"schema":{"@context":"https:\/\/schema.org","@graph":[{"@type":"WebPage","@id":"https:\/\/www.manaus.am.gov.br\/seminf\/obras-manutencao-asfaltica-2\/","url":"https:\/\/www.manaus.am.gov.br\/seminf\/obras-manutencao-asfaltica-2\/","name":"Prefeitura de Manaus refor\u00e7a mobilidade na avenida Desembargador Paulo Jacob com manuten\u00e7\u00e3o asf\u00e1ltica","isPartOf":{"@id":"https:\/\/www.manaus.am.gov.br\/seminf\/#website"},"primaryImageOfPage":{"@id":"https:\/\/www.manaus.am.gov.br\/seminf\/obras-manutencao-asfaltica-2\/#primaryimage"},"image":{"@id":"https:\/\/www.manaus.am.gov.br\/seminf\/obras-manutencao-asfaltica-2\/#primaryimage"},"thumbnailUrl":"https:\/\/www.manaus.am.gov.br\/seminf\/wp-content\/uploads\/sites\/6\/2025\/09\/Prefeitura-de-Manaus-reforca-mobilidade-na-avenida-Desembargador-Paulo-Jacob-com-manutencao-asfaltica-3.jpg","datePublished":"2025-09-15T23:19:09+00:00","dateModified":"2025-09-15T23:19:11+00:00","author":{"@id":"https:\/\/www.manaus.am.gov.br\/seminf\/#\/schema\/person\/466a0e03ae4b6062809046bd560ac955"},"description":"A Prefeitura de Manaus, por meio da Secretaria Municipal de Infraestrutura (Seminf), realizou, nesta segunda-feira, 15\/9, a recupera\u00e7\u00e3o asf\u00e1ltica de trechos desgastados da avenida Desembargador Paulo Jacob, uma das principais vias da zona Oeste da capital.","inLanguage":"pt-BR","potentialAction":[{"@type":"ReadAction","target":["https:\/\/www.manaus.am.gov.br\/seminf\/obras-manutencao-asfaltica-2\/"]}]},{"@type":"ImageObject","inLanguage":"pt-BR","@id":"https:\/\/www.manaus.am.gov.br\/seminf\/obras-manutencao-asfaltica-2\/#primaryimage","url":"https:\/\/www.manaus.am.gov.br\/seminf\/wp-content\/uploads\/sites\/6\/2025\/09\/Prefeitura-de-Manaus-reforca-mobilidade-na-avenida-Desembargador-Paulo-Jacob-com-manutencao-asfaltica-3.jpg","contentUrl":"https:\/\/www.manaus.am.gov.br\/seminf\/wp-content\/uploads\/sites\/6\/2025\/09\/Prefeitura-de-Manaus-reforca-mobilidade-na-avenida-Desembargador-Paulo-Jacob-com-manutencao-asfaltica-3.jpg","width":1600,"height":1067},{"@type":"WebSite","@id":"https:\/\/www.manaus.am.gov.br\/seminf\/#website","url":"https:\/\/www.manaus.am.gov.br\/seminf\/","name":"Secretaria de Infraestrutura","description":"Secretaria Municipal de Infraestrutura","potentialAction":[{"@type":"SearchAction","target":{"@type":"EntryPoint","urlTemplate":"https:\/\/www.manaus.am.gov.br\/seminf\/?s={search_term_string}"},"query-input":"required name=search_term_string"}],"inLanguage":"pt-BR"},{"@type":"Person","@id":"https:\/\/www.manaus.am.gov.br\/seminf\/#\/schema\/person\/466a0e03ae4b6062809046bd560ac955","name":"bvalente","image":{"@type":"ImageObject","inLanguage":"pt-BR","@id":"https:\/\/www.manaus.am.gov.br\/seminf\/#\/schema\/person\/image\/","url":"https:\/\/secure.gravatar.com\/avatar\/3e69bc2b014bdad41adfec3a39de07d2?s=96&d=mm&r=g","contentUrl":"https:\/\/secure.gravatar.com\/avatar\/3e69bc2b014bdad41adfec3a39de07d2?s=96&d=mm&r=g","caption":"bvalente"}}]}},"_links":{"self":[{"href":"https:\/\/www.manaus.am.gov.br\/seminf\/wp-json\/wp\/v2\/posts\/6841"}],"collection":[{"href":"https:\/\/www.manaus.am.gov.br\/seminf\/wp-json\/wp\/v2\/posts"}],"about":[{"href":"https:\/\/www.manaus.am.gov.br\/seminf\/wp-json\/wp\/v2\/types\/post"}],"author":[{"embeddable":true,"href":"https:\/\/www.manaus.am.gov.br\/seminf\/wp-json\/wp\/v2\/users\/68"}],"replies":[{"embeddable":true,"href":"https:\/\/www.manaus.am.gov.br\/seminf\/wp-json\/wp\/v2\/comments?post=6841"}],"version-history":[{"count":0,"href":"https:\/\/www.manaus.am.gov.br\/seminf\/wp-json\/wp\/v2\/posts\/6841\/revisions"}],"wp:featuredmedia":[{"embeddable":true,"href":"https:\/\/www.manaus.am.gov.br\/seminf\/wp-json\/wp\/v2\/media\/6842"}],"wp:attachment":[{"href":"https:\/\/www.manaus.am.gov.br\/seminf\/wp-json\/wp\/v2\/media?parent=6841"}],"wp:term":[{"taxonomy":"category","embeddable":true,"href":"https:\/\/www.manaus.am.gov.br\/seminf\/wp-json\/wp\/v2\/categories?post=6841"},{"taxonomy":"post_tag","embeddable":true,"href":"https:\/\/www.manaus.am.gov.br\/seminf\/wp-json\/wp\/v2\/tags?post=6841"}],"curies":[{"name":"wp","href":"https:\/\/api.w.org\/{rel}","templated":true}]}}