{"id":6815,"date":"2025-09-12T18:00:09","date_gmt":"2025-09-12T22:00:09","guid":{"rendered":"https:\/\/www.manaus.am.gov.br\/seminf\/manutencao-hidraulica-na-feira-coberta-do-alvorada-1\/"},"modified":"2025-09-12T18:00:10","modified_gmt":"2025-09-12T22:00:10","slug":"manutencao-hidraulica-na-feira-coberta-do-alvorada-1","status":"publish","type":"post","link":"https:\/\/www.manaus.am.gov.br\/seminf\/manutencao-hidraulica-na-feira-coberta-do-alvorada-1\/","title":{"rendered":"Prefeitura de Manaus realiza manuten\u00e7\u00e3o hidr\u00e1ulica na feira coberta do Alvorada 1 e garante mais seguran\u00e7a aos feirantes e clientes"},"content":{"rendered":"\n<p>A Prefeitura de Manaus, por meio da Secretaria Municipal de Infraestrutura (Seminf), executou, nesta sexta-feira, 12\/9, servi\u00e7os de manuten\u00e7\u00e3o hidr\u00e1ulica na feira coberta do bairro Alvorada 1, zona Oeste da capital. A a\u00e7\u00e3o refor\u00e7a o compromisso da gest\u00e3o em manter feiras e mercados em pleno funcionamento, com higiene e seguran\u00e7a para permission\u00e1rios e consumidores.<\/p>\n\n\n\n<p>Com o aux\u00edlio de um caminh\u00e3o hidrojato, a equipe realizou a limpeza e desobstru\u00e7\u00e3o da tubula\u00e7\u00e3o e da caixa d\u2019\u00e1gua, servi\u00e7o essencial para eliminar res\u00edduos acumulados e assegurar a qualidade do abastecimento no local.<\/p>\n\n\n\n<p>\u201cO prefeito David Almeida nos orienta a manter um olhar atento para os espa\u00e7os que fazem parte da rotina da popula\u00e7\u00e3o. Nossas equipes est\u00e3o presentes nas feiras e mercados, garantindo manuten\u00e7\u00e3o preventiva, como a limpeza das caixas d\u2019\u00e1gua, para que permission\u00e1rios e clientes tenham mais seguran\u00e7a e tranquilidade\u201d, afirmou o vice-prefeito e secret\u00e1rio de Obras, Renato Junior.<\/p>\n\n\n\n<p>A a\u00e7\u00e3o foi recebida com entusiasmo pelos feirantes. Sheila da Silva, de 58 anos, permission\u00e1ria h\u00e1 mais de 40 anos, destacou a import\u00e2ncia da presen\u00e7a constante do poder p\u00fablico. \u201c\u00c9 muito importante esse cuidado da prefeitura, porque mant\u00e9m tudo limpo e organizado. Estamos muito gratos\u201d, disse a feirante.<\/p>\n\n\n\n<p>De forma peri\u00f3dica, a Seminf promove interven\u00e7\u00f5es em feiras e mercados, fortalecendo a infraestrutura desses espa\u00e7os e garantindo o bem-estar da popula\u00e7\u00e3o que depende diariamente desses servi\u00e7os.<\/p>\n\n\n\n<p>\u2014 \u2014 \u2014<br><strong>Texto &#8211; <\/strong>Eduarda Lira\/Seminf\u00a0<br><strong>Fotos &#8211; <\/strong>Alessandro Ara\u00fajo\/Seminf<\/p>\n","protected":false},"excerpt":{"rendered":"","protected":false},"author":68,"featured_media":6816,"comment_status":"closed","ping_status":"closed","sticky":false,"template":"","format":"standard","meta":{"footnotes":""},"categories":[60],"tags":[43,2471,26],"acf":[],"yoast_head":"<!-- This site is optimized with the Yoast SEO plugin v23.0 - https:\/\/yoast.com\/wordpress\/plugins\/seo\/ -->\n<title>Prefeitura de Manaus realiza manuten\u00e7\u00e3o hidr\u00e1ulica na feira coberta do Alvorada 1 e garante mais seguran\u00e7a aos feirantes e clientes<\/title>\n<meta name=\"description\" content=\"A Prefeitura de Manaus, por meio da Secretaria Municipal de Infraestrutura (Seminf), executou, nesta sexta-feira, 12\/9, servi\u00e7os de manuten\u00e7\u00e3o hidr\u00e1ulica na feira coberta do bairro Alvorada 1, zona Oeste da capital. A a\u00e7\u00e3o refor\u00e7a o compromisso da gest\u00e3o em manter feiras e mercados em pleno funcionamento, com higiene e seguran\u00e7a para permission\u00e1rios e consumidores.\" \/>\n<meta name=\"robots\" content=\"index, follow, max-snippet:-1, max-image-preview:large, max-video-preview:-1\" \/>\n<link rel=\"canonical\" href=\"https:\/\/www.manaus.am.gov.br\/seminf\/manutencao-hidraulica-na-feira-coberta-do-alvorada-1\/\" \/>\n<meta property=\"og:locale\" content=\"pt_BR\" \/>\n<meta property=\"og:type\" content=\"article\" \/>\n<meta property=\"og:title\" content=\"Prefeitura de Manaus realiza manuten\u00e7\u00e3o hidr\u00e1ulica na feira coberta do Alvorada 1 e garante mais seguran\u00e7a aos feirantes e clientes\" \/>\n<meta property=\"og:description\" content=\"A Prefeitura de Manaus, por meio da Secretaria Municipal de Infraestrutura (Seminf), executou, nesta sexta-feira, 12\/9, servi\u00e7os de manuten\u00e7\u00e3o hidr\u00e1ulica na feira coberta do bairro Alvorada 1, zona Oeste da capital. A a\u00e7\u00e3o refor\u00e7a o compromisso da gest\u00e3o em manter feiras e mercados em pleno funcionamento, com higiene e seguran\u00e7a para permission\u00e1rios e consumidores.\" \/>\n<meta property=\"og:url\" content=\"https:\/\/www.manaus.am.gov.br\/seminf\/manutencao-hidraulica-na-feira-coberta-do-alvorada-1\/\" \/>\n<meta property=\"og:site_name\" content=\"SEMINF\" \/>\n<meta property=\"article:published_time\" content=\"2025-09-12T22:00:09+00:00\" \/>\n<meta property=\"article:modified_time\" content=\"2025-09-12T22:00:10+00:00\" \/>\n<meta property=\"og:image\" content=\"https:\/\/www.manaus.am.gov.br\/seminf\/wp-content\/uploads\/sites\/6\/2025\/09\/Prefeitura-de-Manaus-realiza-manutencao-hidraulica-na-feira-coberta-do-Alvorada-1-e-garante-mais-seguranca-aos-feirantes-e-clientes-3.jpg\" \/>\n\t<meta property=\"og:image:width\" content=\"1600\" \/>\n\t<meta property=\"og:image:height\" content=\"900\" \/>\n\t<meta property=\"og:image:type\" content=\"image\/jpeg\" \/>\n<meta name=\"author\" content=\"bvalente\" \/>\n<meta name=\"twitter:card\" content=\"summary_large_image\" \/>\n<meta name=\"twitter:label1\" content=\"Written by\" \/>\n\t<meta name=\"twitter:data1\" content=\"bvalente\" \/>\n\t<meta name=\"twitter:label2\" content=\"Est. reading time\" \/>\n\t<meta name=\"twitter:data2\" content=\"2 minutos\" \/>\n<script type=\"application\/ld+json\" class=\"yoast-schema-graph\">{\"@context\":\"https:\/\/schema.org\",\"@graph\":[{\"@type\":\"WebPage\",\"@id\":\"https:\/\/www.manaus.am.gov.br\/seminf\/manutencao-hidraulica-na-feira-coberta-do-alvorada-1\/\",\"url\":\"https:\/\/www.manaus.am.gov.br\/seminf\/manutencao-hidraulica-na-feira-coberta-do-alvorada-1\/\",\"name\":\"Prefeitura de Manaus realiza manuten\u00e7\u00e3o hidr\u00e1ulica na feira coberta do Alvorada 1 e garante mais seguran\u00e7a aos feirantes e clientes\",\"isPartOf\":{\"@id\":\"https:\/\/www.manaus.am.gov.br\/seminf\/#website\"},\"primaryImageOfPage\":{\"@id\":\"https:\/\/www.manaus.am.gov.br\/seminf\/manutencao-hidraulica-na-feira-coberta-do-alvorada-1\/#primaryimage\"},\"image\":{\"@id\":\"https:\/\/www.manaus.am.gov.br\/seminf\/manutencao-hidraulica-na-feira-coberta-do-alvorada-1\/#primaryimage\"},\"thumbnailUrl\":\"https:\/\/www.manaus.am.gov.br\/seminf\/wp-content\/uploads\/sites\/6\/2025\/09\/Prefeitura-de-Manaus-realiza-manutencao-hidraulica-na-feira-coberta-do-Alvorada-1-e-garante-mais-seguranca-aos-feirantes-e-clientes-3.jpg\",\"datePublished\":\"2025-09-12T22:00:09+00:00\",\"dateModified\":\"2025-09-12T22:00:10+00:00\",\"author\":{\"@id\":\"https:\/\/www.manaus.am.gov.br\/seminf\/#\/schema\/person\/466a0e03ae4b6062809046bd560ac955\"},\"description\":\"A Prefeitura de Manaus, por meio da Secretaria Municipal de Infraestrutura (Seminf), executou, nesta sexta-feira, 12\/9, servi\u00e7os de manuten\u00e7\u00e3o hidr\u00e1ulica na feira coberta do bairro Alvorada 1, zona Oeste da capital. A a\u00e7\u00e3o refor\u00e7a o compromisso da gest\u00e3o em manter feiras e mercados em pleno funcionamento, com higiene e seguran\u00e7a para permission\u00e1rios e consumidores.\",\"inLanguage\":\"pt-BR\",\"potentialAction\":[{\"@type\":\"ReadAction\",\"target\":[\"https:\/\/www.manaus.am.gov.br\/seminf\/manutencao-hidraulica-na-feira-coberta-do-alvorada-1\/\"]}]},{\"@type\":\"ImageObject\",\"inLanguage\":\"pt-BR\",\"@id\":\"https:\/\/www.manaus.am.gov.br\/seminf\/manutencao-hidraulica-na-feira-coberta-do-alvorada-1\/#primaryimage\",\"url\":\"https:\/\/www.manaus.am.gov.br\/seminf\/wp-content\/uploads\/sites\/6\/2025\/09\/Prefeitura-de-Manaus-realiza-manutencao-hidraulica-na-feira-coberta-do-Alvorada-1-e-garante-mais-seguranca-aos-feirantes-e-clientes-3.jpg\",\"contentUrl\":\"https:\/\/www.manaus.am.gov.br\/seminf\/wp-content\/uploads\/sites\/6\/2025\/09\/Prefeitura-de-Manaus-realiza-manutencao-hidraulica-na-feira-coberta-do-Alvorada-1-e-garante-mais-seguranca-aos-feirantes-e-clientes-3.jpg\",\"width\":1600,\"height\":900},{\"@type\":\"WebSite\",\"@id\":\"https:\/\/www.manaus.am.gov.br\/seminf\/#website\",\"url\":\"https:\/\/www.manaus.am.gov.br\/seminf\/\",\"name\":\"Secretaria de Infraestrutura\",\"description\":\"Secretaria Municipal de Infraestrutura\",\"potentialAction\":[{\"@type\":\"SearchAction\",\"target\":{\"@type\":\"EntryPoint\",\"urlTemplate\":\"https:\/\/www.manaus.am.gov.br\/seminf\/?s={search_term_string}\"},\"query-input\":\"required name=search_term_string\"}],\"inLanguage\":\"pt-BR\"},{\"@type\":\"Person\",\"@id\":\"https:\/\/www.manaus.am.gov.br\/seminf\/#\/schema\/person\/466a0e03ae4b6062809046bd560ac955\",\"name\":\"bvalente\",\"image\":{\"@type\":\"ImageObject\",\"inLanguage\":\"pt-BR\",\"@id\":\"https:\/\/www.manaus.am.gov.br\/seminf\/#\/schema\/person\/image\/\",\"url\":\"https:\/\/secure.gravatar.com\/avatar\/3e69bc2b014bdad41adfec3a39de07d2?s=96&d=mm&r=g\",\"contentUrl\":\"https:\/\/secure.gravatar.com\/avatar\/3e69bc2b014bdad41adfec3a39de07d2?s=96&d=mm&r=g\",\"caption\":\"bvalente\"}}]}<\/script>\n<!-- \/ Yoast SEO plugin. -->","yoast_head_json":{"title":"Prefeitura de Manaus realiza manuten\u00e7\u00e3o hidr\u00e1ulica na feira coberta do Alvorada 1 e garante mais seguran\u00e7a aos feirantes e clientes","description":"A Prefeitura de Manaus, por meio da Secretaria Municipal de Infraestrutura (Seminf), executou, nesta sexta-feira, 12\/9, servi\u00e7os de manuten\u00e7\u00e3o hidr\u00e1ulica na feira coberta do bairro Alvorada 1, zona Oeste da capital. A a\u00e7\u00e3o refor\u00e7a o compromisso da gest\u00e3o em manter feiras e mercados em pleno funcionamento, com higiene e seguran\u00e7a para permission\u00e1rios e consumidores.","robots":{"index":"index","follow":"follow","max-snippet":"max-snippet:-1","max-image-preview":"max-image-preview:large","max-video-preview":"max-video-preview:-1"},"canonical":"https:\/\/www.manaus.am.gov.br\/seminf\/manutencao-hidraulica-na-feira-coberta-do-alvorada-1\/","og_locale":"pt_BR","og_type":"article","og_title":"Prefeitura de Manaus realiza manuten\u00e7\u00e3o hidr\u00e1ulica na feira coberta do Alvorada 1 e garante mais seguran\u00e7a aos feirantes e clientes","og_description":"A Prefeitura de Manaus, por meio da Secretaria Municipal de Infraestrutura (Seminf), executou, nesta sexta-feira, 12\/9, servi\u00e7os de manuten\u00e7\u00e3o hidr\u00e1ulica na feira coberta do bairro Alvorada 1, zona Oeste da capital. A a\u00e7\u00e3o refor\u00e7a o compromisso da gest\u00e3o em manter feiras e mercados em pleno funcionamento, com higiene e seguran\u00e7a para permission\u00e1rios e consumidores.","og_url":"https:\/\/www.manaus.am.gov.br\/seminf\/manutencao-hidraulica-na-feira-coberta-do-alvorada-1\/","og_site_name":"SEMINF","article_published_time":"2025-09-12T22:00:09+00:00","article_modified_time":"2025-09-12T22:00:10+00:00","og_image":[{"width":1600,"height":900,"url":"https:\/\/www.manaus.am.gov.br\/seminf\/wp-content\/uploads\/sites\/6\/2025\/09\/Prefeitura-de-Manaus-realiza-manutencao-hidraulica-na-feira-coberta-do-Alvorada-1-e-garante-mais-seguranca-aos-feirantes-e-clientes-3.jpg","type":"image\/jpeg"}],"author":"bvalente","twitter_card":"summary_large_image","twitter_misc":{"Written by":"bvalente","Est. reading time":"2 minutos"},"schema":{"@context":"https:\/\/schema.org","@graph":[{"@type":"WebPage","@id":"https:\/\/www.manaus.am.gov.br\/seminf\/manutencao-hidraulica-na-feira-coberta-do-alvorada-1\/","url":"https:\/\/www.manaus.am.gov.br\/seminf\/manutencao-hidraulica-na-feira-coberta-do-alvorada-1\/","name":"Prefeitura de Manaus realiza manuten\u00e7\u00e3o hidr\u00e1ulica na feira coberta do Alvorada 1 e garante mais seguran\u00e7a aos feirantes e clientes","isPartOf":{"@id":"https:\/\/www.manaus.am.gov.br\/seminf\/#website"},"primaryImageOfPage":{"@id":"https:\/\/www.manaus.am.gov.br\/seminf\/manutencao-hidraulica-na-feira-coberta-do-alvorada-1\/#primaryimage"},"image":{"@id":"https:\/\/www.manaus.am.gov.br\/seminf\/manutencao-hidraulica-na-feira-coberta-do-alvorada-1\/#primaryimage"},"thumbnailUrl":"https:\/\/www.manaus.am.gov.br\/seminf\/wp-content\/uploads\/sites\/6\/2025\/09\/Prefeitura-de-Manaus-realiza-manutencao-hidraulica-na-feira-coberta-do-Alvorada-1-e-garante-mais-seguranca-aos-feirantes-e-clientes-3.jpg","datePublished":"2025-09-12T22:00:09+00:00","dateModified":"2025-09-12T22:00:10+00:00","author":{"@id":"https:\/\/www.manaus.am.gov.br\/seminf\/#\/schema\/person\/466a0e03ae4b6062809046bd560ac955"},"description":"A Prefeitura de Manaus, por meio da Secretaria Municipal de Infraestrutura (Seminf), executou, nesta sexta-feira, 12\/9, servi\u00e7os de manuten\u00e7\u00e3o hidr\u00e1ulica na feira coberta do bairro Alvorada 1, zona Oeste da capital. A a\u00e7\u00e3o refor\u00e7a o compromisso da gest\u00e3o em manter feiras e mercados em pleno funcionamento, com higiene e seguran\u00e7a para permission\u00e1rios e consumidores.","inLanguage":"pt-BR","potentialAction":[{"@type":"ReadAction","target":["https:\/\/www.manaus.am.gov.br\/seminf\/manutencao-hidraulica-na-feira-coberta-do-alvorada-1\/"]}]},{"@type":"ImageObject","inLanguage":"pt-BR","@id":"https:\/\/www.manaus.am.gov.br\/seminf\/manutencao-hidraulica-na-feira-coberta-do-alvorada-1\/#primaryimage","url":"https:\/\/www.manaus.am.gov.br\/seminf\/wp-content\/uploads\/sites\/6\/2025\/09\/Prefeitura-de-Manaus-realiza-manutencao-hidraulica-na-feira-coberta-do-Alvorada-1-e-garante-mais-seguranca-aos-feirantes-e-clientes-3.jpg","contentUrl":"https:\/\/www.manaus.am.gov.br\/seminf\/wp-content\/uploads\/sites\/6\/2025\/09\/Prefeitura-de-Manaus-realiza-manutencao-hidraulica-na-feira-coberta-do-Alvorada-1-e-garante-mais-seguranca-aos-feirantes-e-clientes-3.jpg","width":1600,"height":900},{"@type":"WebSite","@id":"https:\/\/www.manaus.am.gov.br\/seminf\/#website","url":"https:\/\/www.manaus.am.gov.br\/seminf\/","name":"Secretaria de Infraestrutura","description":"Secretaria Municipal de Infraestrutura","potentialAction":[{"@type":"SearchAction","target":{"@type":"EntryPoint","urlTemplate":"https:\/\/www.manaus.am.gov.br\/seminf\/?s={search_term_string}"},"query-input":"required name=search_term_string"}],"inLanguage":"pt-BR"},{"@type":"Person","@id":"https:\/\/www.manaus.am.gov.br\/seminf\/#\/schema\/person\/466a0e03ae4b6062809046bd560ac955","name":"bvalente","image":{"@type":"ImageObject","inLanguage":"pt-BR","@id":"https:\/\/www.manaus.am.gov.br\/seminf\/#\/schema\/person\/image\/","url":"https:\/\/secure.gravatar.com\/avatar\/3e69bc2b014bdad41adfec3a39de07d2?s=96&d=mm&r=g","contentUrl":"https:\/\/secure.gravatar.com\/avatar\/3e69bc2b014bdad41adfec3a39de07d2?s=96&d=mm&r=g","caption":"bvalente"}}]}},"_links":{"self":[{"href":"https:\/\/www.manaus.am.gov.br\/seminf\/wp-json\/wp\/v2\/posts\/6815"}],"collection":[{"href":"https:\/\/www.manaus.am.gov.br\/seminf\/wp-json\/wp\/v2\/posts"}],"about":[{"href":"https:\/\/www.manaus.am.gov.br\/seminf\/wp-json\/wp\/v2\/types\/post"}],"author":[{"embeddable":true,"href":"https:\/\/www.manaus.am.gov.br\/seminf\/wp-json\/wp\/v2\/users\/68"}],"replies":[{"embeddable":true,"href":"https:\/\/www.manaus.am.gov.br\/seminf\/wp-json\/wp\/v2\/comments?post=6815"}],"version-history":[{"count":0,"href":"https:\/\/www.manaus.am.gov.br\/seminf\/wp-json\/wp\/v2\/posts\/6815\/revisions"}],"wp:featuredmedia":[{"embeddable":true,"href":"https:\/\/www.manaus.am.gov.br\/seminf\/wp-json\/wp\/v2\/media\/6816"}],"wp:attachment":[{"href":"https:\/\/www.manaus.am.gov.br\/seminf\/wp-json\/wp\/v2\/media?parent=6815"}],"wp:term":[{"taxonomy":"category","embeddable":true,"href":"https:\/\/www.manaus.am.gov.br\/seminf\/wp-json\/wp\/v2\/categories?post=6815"},{"taxonomy":"post_tag","embeddable":true,"href":"https:\/\/www.manaus.am.gov.br\/seminf\/wp-json\/wp\/v2\/tags?post=6815"}],"curies":[{"name":"wp","href":"https:\/\/api.w.org\/{rel}","templated":true}]}}