{"id":6704,"date":"2025-09-08T19:01:36","date_gmt":"2025-09-08T23:01:36","guid":{"rendered":"https:\/\/www.manaus.am.gov.br\/seminf\/obras-recuperacao-bairro-colonia-santo-antonio\/"},"modified":"2025-09-08T19:01:36","modified_gmt":"2025-09-08T23:01:36","slug":"obras-recuperacao-bairro-colonia-santo-antonio","status":"publish","type":"post","link":"https:\/\/www.manaus.am.gov.br\/seminf\/obras-recuperacao-bairro-colonia-santo-antonio\/","title":{"rendered":"Prefeitura de Manaus recupera vias e refor\u00e7a sistema de drenagem no bairro Col\u00f4nia Santo Ant\u00f4nio"},"content":{"rendered":"\n<p>A Prefeitura de Manaus segue avan\u00e7ando com o plano de manuten\u00e7\u00e3o vi\u00e1ria e recupera\u00e7\u00e3o de infraestrutura urbana. Nesta segunda-feira, 8\/9, equipes da Secretaria Municipal de Infraestrutura (Seminf) concentraram esfor\u00e7os na interse\u00e7\u00e3o das avenidas Yanomami e Francisco de Queiroz, no bairro Col\u00f4nia Santo Ant\u00f4nio, zona Norte da capital.<\/p>\n\n\n\n<p>O trabalho envolveu a limpeza e desobstru\u00e7\u00e3o de canaletas, essenciais para o correto escoamento das \u00e1guas da chuva, al\u00e9m da recupera\u00e7\u00e3o do pavimento asf\u00e1ltico nos pontos mais cr\u00edticos das vias. As a\u00e7\u00f5es t\u00eam impacto direto na mobilidade urbana e na seguran\u00e7a de motoristas e pedestres.<\/p>\n\n\n\n<p>De acordo com o vice-prefeito e secret\u00e1rio de Obras, Renato Junior, o servi\u00e7o \u00e9 estrat\u00e9gico para garantir durabilidade ao asfalto e reduzir riscos de alagamentos.<br><br>&#8220;Estamos atuando de forma planejada e cont\u00ednua para melhorar a vida da popula\u00e7\u00e3o. A recupera\u00e7\u00e3o das canaletas preserva o asfalto e d\u00e1 mais seguran\u00e7a para quem circula pela cidade. Esse trabalho, determinado pelo prefeito David Almeida, mostra que a prefeitura est\u00e1 presente e comprometida em atender as necessidades de cada bairro\u201d, afirmou Renato Junior.<\/p>\n\n\n\n<p>A for\u00e7a-tarefa atende a uma demanda antiga da comunidade local e integra o cronograma de obras que est\u00e1 sendo intensificado em diferentes \u00e1reas da cidade. Com isso, a Prefeitura de Manaus reafirma o compromisso de levar infraestrutura de qualidade e mais dignidade para os moradores.<\/p>\n\n\n\n<p>\u2014 \u2014 \u2014\u00a0<br><strong>Texto &#8211; <\/strong>Maria Amed\/ Seminf<br><strong>Fotos &#8211; <\/strong>Divulga\u00e7\u00e3o \/ Seminf<\/p>\n","protected":false},"excerpt":{"rendered":"","protected":false},"author":68,"featured_media":6705,"comment_status":"closed","ping_status":"closed","sticky":false,"template":"","format":"standard","meta":{"footnotes":""},"categories":[3],"tags":[43,2437,26],"acf":[],"yoast_head":"<!-- This site is optimized with the Yoast SEO plugin v23.0 - https:\/\/yoast.com\/wordpress\/plugins\/seo\/ -->\n<title>Prefeitura de Manaus recupera vias e refor\u00e7a sistema de drenagem no bairro Col\u00f4nia Santo Ant\u00f4nio<\/title>\n<meta name=\"description\" content=\"A Prefeitura de Manaus segue avan\u00e7ando com o plano de manuten\u00e7\u00e3o vi\u00e1ria e recupera\u00e7\u00e3o de infraestrutura urbana. Nesta segunda-feira, 8\/9, equipes da Secretaria Municipal de Infraestrutura (Seminf) concentraram esfor\u00e7os na interse\u00e7\u00e3o das avenidas Yanomami e Francisco de Queiroz, no bairro Col\u00f4nia Santo Ant\u00f4nio, zona Norte da capital.\" \/>\n<meta name=\"robots\" content=\"index, follow, max-snippet:-1, max-image-preview:large, max-video-preview:-1\" \/>\n<link rel=\"canonical\" href=\"https:\/\/www.manaus.am.gov.br\/seminf\/obras-recuperacao-bairro-colonia-santo-antonio\/\" \/>\n<meta property=\"og:locale\" content=\"pt_BR\" \/>\n<meta property=\"og:type\" content=\"article\" \/>\n<meta property=\"og:title\" content=\"Prefeitura de Manaus recupera vias e refor\u00e7a sistema de drenagem no bairro Col\u00f4nia Santo Ant\u00f4nio\" \/>\n<meta property=\"og:description\" content=\"A Prefeitura de Manaus segue avan\u00e7ando com o plano de manuten\u00e7\u00e3o vi\u00e1ria e recupera\u00e7\u00e3o de infraestrutura urbana. Nesta segunda-feira, 8\/9, equipes da Secretaria Municipal de Infraestrutura (Seminf) concentraram esfor\u00e7os na interse\u00e7\u00e3o das avenidas Yanomami e Francisco de Queiroz, no bairro Col\u00f4nia Santo Ant\u00f4nio, zona Norte da capital.\" \/>\n<meta property=\"og:url\" content=\"https:\/\/www.manaus.am.gov.br\/seminf\/obras-recuperacao-bairro-colonia-santo-antonio\/\" \/>\n<meta property=\"og:site_name\" content=\"SEMINF\" \/>\n<meta property=\"article:published_time\" content=\"2025-09-08T23:01:36+00:00\" \/>\n<meta property=\"og:image\" content=\"https:\/\/www.manaus.am.gov.br\/seminf\/wp-content\/uploads\/sites\/6\/2025\/09\/IMG_2286.jpg\" \/>\n\t<meta property=\"og:image:width\" content=\"939\" \/>\n\t<meta property=\"og:image:height\" content=\"705\" \/>\n\t<meta property=\"og:image:type\" content=\"image\/jpeg\" \/>\n<meta name=\"author\" content=\"bvalente\" \/>\n<meta name=\"twitter:card\" content=\"summary_large_image\" \/>\n<meta name=\"twitter:label1\" content=\"Written by\" \/>\n\t<meta name=\"twitter:data1\" content=\"bvalente\" \/>\n\t<meta name=\"twitter:label2\" content=\"Est. reading time\" \/>\n\t<meta name=\"twitter:data2\" content=\"2 minutos\" \/>\n<script type=\"application\/ld+json\" class=\"yoast-schema-graph\">{\"@context\":\"https:\/\/schema.org\",\"@graph\":[{\"@type\":\"WebPage\",\"@id\":\"https:\/\/www.manaus.am.gov.br\/seminf\/obras-recuperacao-bairro-colonia-santo-antonio\/\",\"url\":\"https:\/\/www.manaus.am.gov.br\/seminf\/obras-recuperacao-bairro-colonia-santo-antonio\/\",\"name\":\"Prefeitura de Manaus recupera vias e refor\u00e7a sistema de drenagem no bairro Col\u00f4nia Santo Ant\u00f4nio\",\"isPartOf\":{\"@id\":\"https:\/\/www.manaus.am.gov.br\/seminf\/#website\"},\"primaryImageOfPage\":{\"@id\":\"https:\/\/www.manaus.am.gov.br\/seminf\/obras-recuperacao-bairro-colonia-santo-antonio\/#primaryimage\"},\"image\":{\"@id\":\"https:\/\/www.manaus.am.gov.br\/seminf\/obras-recuperacao-bairro-colonia-santo-antonio\/#primaryimage\"},\"thumbnailUrl\":\"https:\/\/www.manaus.am.gov.br\/seminf\/wp-content\/uploads\/sites\/6\/2025\/09\/IMG_2286.jpg\",\"datePublished\":\"2025-09-08T23:01:36+00:00\",\"dateModified\":\"2025-09-08T23:01:36+00:00\",\"author\":{\"@id\":\"https:\/\/www.manaus.am.gov.br\/seminf\/#\/schema\/person\/466a0e03ae4b6062809046bd560ac955\"},\"description\":\"A Prefeitura de Manaus segue avan\u00e7ando com o plano de manuten\u00e7\u00e3o vi\u00e1ria e recupera\u00e7\u00e3o de infraestrutura urbana. Nesta segunda-feira, 8\/9, equipes da Secretaria Municipal de Infraestrutura (Seminf) concentraram esfor\u00e7os na interse\u00e7\u00e3o das avenidas Yanomami e Francisco de Queiroz, no bairro Col\u00f4nia Santo Ant\u00f4nio, zona Norte da capital.\",\"inLanguage\":\"pt-BR\",\"potentialAction\":[{\"@type\":\"ReadAction\",\"target\":[\"https:\/\/www.manaus.am.gov.br\/seminf\/obras-recuperacao-bairro-colonia-santo-antonio\/\"]}]},{\"@type\":\"ImageObject\",\"inLanguage\":\"pt-BR\",\"@id\":\"https:\/\/www.manaus.am.gov.br\/seminf\/obras-recuperacao-bairro-colonia-santo-antonio\/#primaryimage\",\"url\":\"https:\/\/www.manaus.am.gov.br\/seminf\/wp-content\/uploads\/sites\/6\/2025\/09\/IMG_2286.jpg\",\"contentUrl\":\"https:\/\/www.manaus.am.gov.br\/seminf\/wp-content\/uploads\/sites\/6\/2025\/09\/IMG_2286.jpg\",\"width\":939,\"height\":705},{\"@type\":\"WebSite\",\"@id\":\"https:\/\/www.manaus.am.gov.br\/seminf\/#website\",\"url\":\"https:\/\/www.manaus.am.gov.br\/seminf\/\",\"name\":\"Secretaria de Infraestrutura\",\"description\":\"Secretaria Municipal de Infraestrutura\",\"potentialAction\":[{\"@type\":\"SearchAction\",\"target\":{\"@type\":\"EntryPoint\",\"urlTemplate\":\"https:\/\/www.manaus.am.gov.br\/seminf\/?s={search_term_string}\"},\"query-input\":\"required name=search_term_string\"}],\"inLanguage\":\"pt-BR\"},{\"@type\":\"Person\",\"@id\":\"https:\/\/www.manaus.am.gov.br\/seminf\/#\/schema\/person\/466a0e03ae4b6062809046bd560ac955\",\"name\":\"bvalente\",\"image\":{\"@type\":\"ImageObject\",\"inLanguage\":\"pt-BR\",\"@id\":\"https:\/\/www.manaus.am.gov.br\/seminf\/#\/schema\/person\/image\/\",\"url\":\"https:\/\/secure.gravatar.com\/avatar\/3e69bc2b014bdad41adfec3a39de07d2?s=96&d=mm&r=g\",\"contentUrl\":\"https:\/\/secure.gravatar.com\/avatar\/3e69bc2b014bdad41adfec3a39de07d2?s=96&d=mm&r=g\",\"caption\":\"bvalente\"}}]}<\/script>\n<!-- \/ Yoast SEO plugin. -->","yoast_head_json":{"title":"Prefeitura de Manaus recupera vias e refor\u00e7a sistema de drenagem no bairro Col\u00f4nia Santo Ant\u00f4nio","description":"A Prefeitura de Manaus segue avan\u00e7ando com o plano de manuten\u00e7\u00e3o vi\u00e1ria e recupera\u00e7\u00e3o de infraestrutura urbana. Nesta segunda-feira, 8\/9, equipes da Secretaria Municipal de Infraestrutura (Seminf) concentraram esfor\u00e7os na interse\u00e7\u00e3o das avenidas Yanomami e Francisco de Queiroz, no bairro Col\u00f4nia Santo Ant\u00f4nio, zona Norte da capital.","robots":{"index":"index","follow":"follow","max-snippet":"max-snippet:-1","max-image-preview":"max-image-preview:large","max-video-preview":"max-video-preview:-1"},"canonical":"https:\/\/www.manaus.am.gov.br\/seminf\/obras-recuperacao-bairro-colonia-santo-antonio\/","og_locale":"pt_BR","og_type":"article","og_title":"Prefeitura de Manaus recupera vias e refor\u00e7a sistema de drenagem no bairro Col\u00f4nia Santo Ant\u00f4nio","og_description":"A Prefeitura de Manaus segue avan\u00e7ando com o plano de manuten\u00e7\u00e3o vi\u00e1ria e recupera\u00e7\u00e3o de infraestrutura urbana. Nesta segunda-feira, 8\/9, equipes da Secretaria Municipal de Infraestrutura (Seminf) concentraram esfor\u00e7os na interse\u00e7\u00e3o das avenidas Yanomami e Francisco de Queiroz, no bairro Col\u00f4nia Santo Ant\u00f4nio, zona Norte da capital.","og_url":"https:\/\/www.manaus.am.gov.br\/seminf\/obras-recuperacao-bairro-colonia-santo-antonio\/","og_site_name":"SEMINF","article_published_time":"2025-09-08T23:01:36+00:00","og_image":[{"width":939,"height":705,"url":"https:\/\/www.manaus.am.gov.br\/seminf\/wp-content\/uploads\/sites\/6\/2025\/09\/IMG_2286.jpg","type":"image\/jpeg"}],"author":"bvalente","twitter_card":"summary_large_image","twitter_misc":{"Written by":"bvalente","Est. reading time":"2 minutos"},"schema":{"@context":"https:\/\/schema.org","@graph":[{"@type":"WebPage","@id":"https:\/\/www.manaus.am.gov.br\/seminf\/obras-recuperacao-bairro-colonia-santo-antonio\/","url":"https:\/\/www.manaus.am.gov.br\/seminf\/obras-recuperacao-bairro-colonia-santo-antonio\/","name":"Prefeitura de Manaus recupera vias e refor\u00e7a sistema de drenagem no bairro Col\u00f4nia Santo Ant\u00f4nio","isPartOf":{"@id":"https:\/\/www.manaus.am.gov.br\/seminf\/#website"},"primaryImageOfPage":{"@id":"https:\/\/www.manaus.am.gov.br\/seminf\/obras-recuperacao-bairro-colonia-santo-antonio\/#primaryimage"},"image":{"@id":"https:\/\/www.manaus.am.gov.br\/seminf\/obras-recuperacao-bairro-colonia-santo-antonio\/#primaryimage"},"thumbnailUrl":"https:\/\/www.manaus.am.gov.br\/seminf\/wp-content\/uploads\/sites\/6\/2025\/09\/IMG_2286.jpg","datePublished":"2025-09-08T23:01:36+00:00","dateModified":"2025-09-08T23:01:36+00:00","author":{"@id":"https:\/\/www.manaus.am.gov.br\/seminf\/#\/schema\/person\/466a0e03ae4b6062809046bd560ac955"},"description":"A Prefeitura de Manaus segue avan\u00e7ando com o plano de manuten\u00e7\u00e3o vi\u00e1ria e recupera\u00e7\u00e3o de infraestrutura urbana. Nesta segunda-feira, 8\/9, equipes da Secretaria Municipal de Infraestrutura (Seminf) concentraram esfor\u00e7os na interse\u00e7\u00e3o das avenidas Yanomami e Francisco de Queiroz, no bairro Col\u00f4nia Santo Ant\u00f4nio, zona Norte da capital.","inLanguage":"pt-BR","potentialAction":[{"@type":"ReadAction","target":["https:\/\/www.manaus.am.gov.br\/seminf\/obras-recuperacao-bairro-colonia-santo-antonio\/"]}]},{"@type":"ImageObject","inLanguage":"pt-BR","@id":"https:\/\/www.manaus.am.gov.br\/seminf\/obras-recuperacao-bairro-colonia-santo-antonio\/#primaryimage","url":"https:\/\/www.manaus.am.gov.br\/seminf\/wp-content\/uploads\/sites\/6\/2025\/09\/IMG_2286.jpg","contentUrl":"https:\/\/www.manaus.am.gov.br\/seminf\/wp-content\/uploads\/sites\/6\/2025\/09\/IMG_2286.jpg","width":939,"height":705},{"@type":"WebSite","@id":"https:\/\/www.manaus.am.gov.br\/seminf\/#website","url":"https:\/\/www.manaus.am.gov.br\/seminf\/","name":"Secretaria de Infraestrutura","description":"Secretaria Municipal de Infraestrutura","potentialAction":[{"@type":"SearchAction","target":{"@type":"EntryPoint","urlTemplate":"https:\/\/www.manaus.am.gov.br\/seminf\/?s={search_term_string}"},"query-input":"required name=search_term_string"}],"inLanguage":"pt-BR"},{"@type":"Person","@id":"https:\/\/www.manaus.am.gov.br\/seminf\/#\/schema\/person\/466a0e03ae4b6062809046bd560ac955","name":"bvalente","image":{"@type":"ImageObject","inLanguage":"pt-BR","@id":"https:\/\/www.manaus.am.gov.br\/seminf\/#\/schema\/person\/image\/","url":"https:\/\/secure.gravatar.com\/avatar\/3e69bc2b014bdad41adfec3a39de07d2?s=96&d=mm&r=g","contentUrl":"https:\/\/secure.gravatar.com\/avatar\/3e69bc2b014bdad41adfec3a39de07d2?s=96&d=mm&r=g","caption":"bvalente"}}]}},"_links":{"self":[{"href":"https:\/\/www.manaus.am.gov.br\/seminf\/wp-json\/wp\/v2\/posts\/6704"}],"collection":[{"href":"https:\/\/www.manaus.am.gov.br\/seminf\/wp-json\/wp\/v2\/posts"}],"about":[{"href":"https:\/\/www.manaus.am.gov.br\/seminf\/wp-json\/wp\/v2\/types\/post"}],"author":[{"embeddable":true,"href":"https:\/\/www.manaus.am.gov.br\/seminf\/wp-json\/wp\/v2\/users\/68"}],"replies":[{"embeddable":true,"href":"https:\/\/www.manaus.am.gov.br\/seminf\/wp-json\/wp\/v2\/comments?post=6704"}],"version-history":[{"count":0,"href":"https:\/\/www.manaus.am.gov.br\/seminf\/wp-json\/wp\/v2\/posts\/6704\/revisions"}],"wp:featuredmedia":[{"embeddable":true,"href":"https:\/\/www.manaus.am.gov.br\/seminf\/wp-json\/wp\/v2\/media\/6705"}],"wp:attachment":[{"href":"https:\/\/www.manaus.am.gov.br\/seminf\/wp-json\/wp\/v2\/media?parent=6704"}],"wp:term":[{"taxonomy":"category","embeddable":true,"href":"https:\/\/www.manaus.am.gov.br\/seminf\/wp-json\/wp\/v2\/categories?post=6704"},{"taxonomy":"post_tag","embeddable":true,"href":"https:\/\/www.manaus.am.gov.br\/seminf\/wp-json\/wp\/v2\/tags?post=6704"}],"curies":[{"name":"wp","href":"https:\/\/api.w.org\/{rel}","templated":true}]}}