{"id":6676,"date":"2025-09-02T19:35:53","date_gmt":"2025-09-02T23:35:53","guid":{"rendered":"https:\/\/www.manaus.am.gov.br\/seminf\/obra-de-revitalizacao\/"},"modified":"2025-09-02T19:35:53","modified_gmt":"2025-09-02T23:35:53","slug":"obra-de-revitalizacao","status":"publish","type":"post","link":"https:\/\/www.manaus.am.gov.br\/seminf\/obra-de-revitalizacao\/","title":{"rendered":"Prefeitura de Manaus realiza obra de revitaliza\u00e7\u00e3o em rede de drenagem no bairro S\u00e3o Jorge\u00a0"},"content":{"rendered":"\n<p>A Prefeitura de Manaus, por meio da Secretaria Municipal de Infraestrutura (Seminf), realizou, nesta ter\u00e7a-feira, 2\/9, uma obra de revitaliza\u00e7\u00e3o do sistema de drenagem profunda na rua Edson Estanislau Afonso, no bairro S\u00e3o Jorge, zona Oeste. O servi\u00e7o substituiu estruturas antigas por novas manilhas de concreto, garantindo mais efici\u00eancia no escoamento das \u00e1guas pluviais e refor\u00e7ando a seguran\u00e7a da comunidade.<\/p>\n\n\n\n<p>Segundo o vice-prefeito e secret\u00e1rio de Obras, Renato Junior, a interven\u00e7\u00e3o representa um compromisso permanente da gest\u00e3o com a infraestrutura da cidade. \u201cCada obra como essa devolve tranquilidade e qualidade de vida para os moradores. O prefeito David Almeida nos orienta a cuidar de Manaus de forma presente e respons\u00e1vel, atuando onde a popula\u00e7\u00e3o mais precisa. Estamos modernizando sistemas antigos e entregando uma cidade mais segura e preparada para enfrentar as chuvas\u201d, destacou Renato Junior.<\/p>\n\n\n\n<p>A Seminf executou os trabalhos com agilidade e acompanhamento t\u00e9cnico especializado para minimizar os impactos na mobilidade da \u00e1rea durante a execu\u00e7\u00e3o. Com a nova estrutura, o escoamento das \u00e1guas das chuvas volta a ocorrer de forma adequada, reduzindo riscos de alagamentos e eros\u00f5es.<\/p>\n\n\n\n<p>Com frentes de obras em todas as zonas da capital, a Prefeitura de Manaus segue transformando a infraestrutura da cidade, atendendo \u00e0s necessidades da popula\u00e7\u00e3o e garantindo servi\u00e7os que fazem diferen\u00e7a no dia a dia dos manauaras.<\/p>\n\n\n\n<p>\u2014 \u2014 \u2014<br><strong>Texto &#8211;<\/strong> Maria Amed\/ Seminf<br><strong>Fotos &#8211;<\/strong> Divulga\u00e7\u00e3o \/ Seminf<\/p>\n","protected":false},"excerpt":{"rendered":"","protected":false},"author":68,"featured_media":6677,"comment_status":"closed","ping_status":"closed","sticky":false,"template":"","format":"standard","meta":{"footnotes":""},"categories":[3],"tags":[43,2427,26],"acf":[],"yoast_head":"<!-- This site is optimized with the Yoast SEO plugin v23.0 - https:\/\/yoast.com\/wordpress\/plugins\/seo\/ -->\n<title>Prefeitura de Manaus realiza obra de revitaliza\u00e7\u00e3o em rede de drenagem no bairro S\u00e3o Jorge\u00a0<\/title>\n<meta name=\"description\" content=\"A Prefeitura de Manaus, por meio da Secretaria Municipal de Infraestrutura (Seminf), realizou, nesta ter\u00e7a-feira, 2\/9, uma obra de revitaliza\u00e7\u00e3o do sistema de drenagem profunda na rua Edson Estanislau Afonso, no bairro S\u00e3o Jorge, zona Oeste. O servi\u00e7o substituiu estruturas antigas por novas manilhas de concreto, garantindo mais efici\u00eancia no escoamento das \u00e1guas pluviais e refor\u00e7ando a seguran\u00e7a da comunidade.\" \/>\n<meta name=\"robots\" content=\"index, follow, max-snippet:-1, max-image-preview:large, max-video-preview:-1\" \/>\n<link rel=\"canonical\" href=\"https:\/\/www.manaus.am.gov.br\/seminf\/obra-de-revitalizacao\/\" \/>\n<meta property=\"og:locale\" content=\"pt_BR\" \/>\n<meta property=\"og:type\" content=\"article\" \/>\n<meta property=\"og:title\" content=\"Prefeitura de Manaus realiza obra de revitaliza\u00e7\u00e3o em rede de drenagem no bairro S\u00e3o Jorge\u00a0\" \/>\n<meta property=\"og:description\" content=\"A Prefeitura de Manaus, por meio da Secretaria Municipal de Infraestrutura (Seminf), realizou, nesta ter\u00e7a-feira, 2\/9, uma obra de revitaliza\u00e7\u00e3o do sistema de drenagem profunda na rua Edson Estanislau Afonso, no bairro S\u00e3o Jorge, zona Oeste. O servi\u00e7o substituiu estruturas antigas por novas manilhas de concreto, garantindo mais efici\u00eancia no escoamento das \u00e1guas pluviais e refor\u00e7ando a seguran\u00e7a da comunidade.\" \/>\n<meta property=\"og:url\" content=\"https:\/\/www.manaus.am.gov.br\/seminf\/obra-de-revitalizacao\/\" \/>\n<meta property=\"og:site_name\" content=\"SEMINF\" \/>\n<meta property=\"article:published_time\" content=\"2025-09-02T23:35:53+00:00\" \/>\n<meta property=\"og:image\" content=\"https:\/\/www.manaus.am.gov.br\/seminf\/wp-content\/uploads\/sites\/6\/2025\/09\/Prefeitura-de-Manaus-realiza-obra-de-revitalizacao-em-rede-de-drenagem-no-bairro-Sao-Jorge-.jpg\" \/>\n\t<meta property=\"og:image:width\" content=\"800\" \/>\n\t<meta property=\"og:image:height\" content=\"600\" \/>\n\t<meta property=\"og:image:type\" content=\"image\/jpeg\" \/>\n<meta name=\"author\" content=\"bvalente\" \/>\n<meta name=\"twitter:card\" content=\"summary_large_image\" \/>\n<meta name=\"twitter:label1\" content=\"Written by\" \/>\n\t<meta name=\"twitter:data1\" content=\"bvalente\" \/>\n\t<meta name=\"twitter:label2\" content=\"Est. reading time\" \/>\n\t<meta name=\"twitter:data2\" content=\"2 minutos\" \/>\n<script type=\"application\/ld+json\" class=\"yoast-schema-graph\">{\"@context\":\"https:\/\/schema.org\",\"@graph\":[{\"@type\":\"WebPage\",\"@id\":\"https:\/\/www.manaus.am.gov.br\/seminf\/obra-de-revitalizacao\/\",\"url\":\"https:\/\/www.manaus.am.gov.br\/seminf\/obra-de-revitalizacao\/\",\"name\":\"Prefeitura de Manaus realiza obra de revitaliza\u00e7\u00e3o em rede de drenagem no bairro S\u00e3o Jorge\u00a0\",\"isPartOf\":{\"@id\":\"https:\/\/www.manaus.am.gov.br\/seminf\/#website\"},\"primaryImageOfPage\":{\"@id\":\"https:\/\/www.manaus.am.gov.br\/seminf\/obra-de-revitalizacao\/#primaryimage\"},\"image\":{\"@id\":\"https:\/\/www.manaus.am.gov.br\/seminf\/obra-de-revitalizacao\/#primaryimage\"},\"thumbnailUrl\":\"https:\/\/www.manaus.am.gov.br\/seminf\/wp-content\/uploads\/sites\/6\/2025\/09\/Prefeitura-de-Manaus-realiza-obra-de-revitalizacao-em-rede-de-drenagem-no-bairro-Sao-Jorge-.jpg\",\"datePublished\":\"2025-09-02T23:35:53+00:00\",\"dateModified\":\"2025-09-02T23:35:53+00:00\",\"author\":{\"@id\":\"https:\/\/www.manaus.am.gov.br\/seminf\/#\/schema\/person\/466a0e03ae4b6062809046bd560ac955\"},\"description\":\"A Prefeitura de Manaus, por meio da Secretaria Municipal de Infraestrutura (Seminf), realizou, nesta ter\u00e7a-feira, 2\/9, uma obra de revitaliza\u00e7\u00e3o do sistema de drenagem profunda na rua Edson Estanislau Afonso, no bairro S\u00e3o Jorge, zona Oeste. O servi\u00e7o substituiu estruturas antigas por novas manilhas de concreto, garantindo mais efici\u00eancia no escoamento das \u00e1guas pluviais e refor\u00e7ando a seguran\u00e7a da comunidade.\",\"inLanguage\":\"pt-BR\",\"potentialAction\":[{\"@type\":\"ReadAction\",\"target\":[\"https:\/\/www.manaus.am.gov.br\/seminf\/obra-de-revitalizacao\/\"]}]},{\"@type\":\"ImageObject\",\"inLanguage\":\"pt-BR\",\"@id\":\"https:\/\/www.manaus.am.gov.br\/seminf\/obra-de-revitalizacao\/#primaryimage\",\"url\":\"https:\/\/www.manaus.am.gov.br\/seminf\/wp-content\/uploads\/sites\/6\/2025\/09\/Prefeitura-de-Manaus-realiza-obra-de-revitalizacao-em-rede-de-drenagem-no-bairro-Sao-Jorge-.jpg\",\"contentUrl\":\"https:\/\/www.manaus.am.gov.br\/seminf\/wp-content\/uploads\/sites\/6\/2025\/09\/Prefeitura-de-Manaus-realiza-obra-de-revitalizacao-em-rede-de-drenagem-no-bairro-Sao-Jorge-.jpg\",\"width\":800,\"height\":600},{\"@type\":\"WebSite\",\"@id\":\"https:\/\/www.manaus.am.gov.br\/seminf\/#website\",\"url\":\"https:\/\/www.manaus.am.gov.br\/seminf\/\",\"name\":\"Secretaria de Infraestrutura\",\"description\":\"Secretaria Municipal de Infraestrutura\",\"potentialAction\":[{\"@type\":\"SearchAction\",\"target\":{\"@type\":\"EntryPoint\",\"urlTemplate\":\"https:\/\/www.manaus.am.gov.br\/seminf\/?s={search_term_string}\"},\"query-input\":\"required name=search_term_string\"}],\"inLanguage\":\"pt-BR\"},{\"@type\":\"Person\",\"@id\":\"https:\/\/www.manaus.am.gov.br\/seminf\/#\/schema\/person\/466a0e03ae4b6062809046bd560ac955\",\"name\":\"bvalente\",\"image\":{\"@type\":\"ImageObject\",\"inLanguage\":\"pt-BR\",\"@id\":\"https:\/\/www.manaus.am.gov.br\/seminf\/#\/schema\/person\/image\/\",\"url\":\"https:\/\/secure.gravatar.com\/avatar\/3e69bc2b014bdad41adfec3a39de07d2?s=96&d=mm&r=g\",\"contentUrl\":\"https:\/\/secure.gravatar.com\/avatar\/3e69bc2b014bdad41adfec3a39de07d2?s=96&d=mm&r=g\",\"caption\":\"bvalente\"}}]}<\/script>\n<!-- \/ Yoast SEO plugin. -->","yoast_head_json":{"title":"Prefeitura de Manaus realiza obra de revitaliza\u00e7\u00e3o em rede de drenagem no bairro S\u00e3o Jorge\u00a0","description":"A Prefeitura de Manaus, por meio da Secretaria Municipal de Infraestrutura (Seminf), realizou, nesta ter\u00e7a-feira, 2\/9, uma obra de revitaliza\u00e7\u00e3o do sistema de drenagem profunda na rua Edson Estanislau Afonso, no bairro S\u00e3o Jorge, zona Oeste. O servi\u00e7o substituiu estruturas antigas por novas manilhas de concreto, garantindo mais efici\u00eancia no escoamento das \u00e1guas pluviais e refor\u00e7ando a seguran\u00e7a da comunidade.","robots":{"index":"index","follow":"follow","max-snippet":"max-snippet:-1","max-image-preview":"max-image-preview:large","max-video-preview":"max-video-preview:-1"},"canonical":"https:\/\/www.manaus.am.gov.br\/seminf\/obra-de-revitalizacao\/","og_locale":"pt_BR","og_type":"article","og_title":"Prefeitura de Manaus realiza obra de revitaliza\u00e7\u00e3o em rede de drenagem no bairro S\u00e3o Jorge\u00a0","og_description":"A Prefeitura de Manaus, por meio da Secretaria Municipal de Infraestrutura (Seminf), realizou, nesta ter\u00e7a-feira, 2\/9, uma obra de revitaliza\u00e7\u00e3o do sistema de drenagem profunda na rua Edson Estanislau Afonso, no bairro S\u00e3o Jorge, zona Oeste. O servi\u00e7o substituiu estruturas antigas por novas manilhas de concreto, garantindo mais efici\u00eancia no escoamento das \u00e1guas pluviais e refor\u00e7ando a seguran\u00e7a da comunidade.","og_url":"https:\/\/www.manaus.am.gov.br\/seminf\/obra-de-revitalizacao\/","og_site_name":"SEMINF","article_published_time":"2025-09-02T23:35:53+00:00","og_image":[{"width":800,"height":600,"url":"https:\/\/www.manaus.am.gov.br\/seminf\/wp-content\/uploads\/sites\/6\/2025\/09\/Prefeitura-de-Manaus-realiza-obra-de-revitalizacao-em-rede-de-drenagem-no-bairro-Sao-Jorge-.jpg","type":"image\/jpeg"}],"author":"bvalente","twitter_card":"summary_large_image","twitter_misc":{"Written by":"bvalente","Est. reading time":"2 minutos"},"schema":{"@context":"https:\/\/schema.org","@graph":[{"@type":"WebPage","@id":"https:\/\/www.manaus.am.gov.br\/seminf\/obra-de-revitalizacao\/","url":"https:\/\/www.manaus.am.gov.br\/seminf\/obra-de-revitalizacao\/","name":"Prefeitura de Manaus realiza obra de revitaliza\u00e7\u00e3o em rede de drenagem no bairro S\u00e3o Jorge\u00a0","isPartOf":{"@id":"https:\/\/www.manaus.am.gov.br\/seminf\/#website"},"primaryImageOfPage":{"@id":"https:\/\/www.manaus.am.gov.br\/seminf\/obra-de-revitalizacao\/#primaryimage"},"image":{"@id":"https:\/\/www.manaus.am.gov.br\/seminf\/obra-de-revitalizacao\/#primaryimage"},"thumbnailUrl":"https:\/\/www.manaus.am.gov.br\/seminf\/wp-content\/uploads\/sites\/6\/2025\/09\/Prefeitura-de-Manaus-realiza-obra-de-revitalizacao-em-rede-de-drenagem-no-bairro-Sao-Jorge-.jpg","datePublished":"2025-09-02T23:35:53+00:00","dateModified":"2025-09-02T23:35:53+00:00","author":{"@id":"https:\/\/www.manaus.am.gov.br\/seminf\/#\/schema\/person\/466a0e03ae4b6062809046bd560ac955"},"description":"A Prefeitura de Manaus, por meio da Secretaria Municipal de Infraestrutura (Seminf), realizou, nesta ter\u00e7a-feira, 2\/9, uma obra de revitaliza\u00e7\u00e3o do sistema de drenagem profunda na rua Edson Estanislau Afonso, no bairro S\u00e3o Jorge, zona Oeste. O servi\u00e7o substituiu estruturas antigas por novas manilhas de concreto, garantindo mais efici\u00eancia no escoamento das \u00e1guas pluviais e refor\u00e7ando a seguran\u00e7a da comunidade.","inLanguage":"pt-BR","potentialAction":[{"@type":"ReadAction","target":["https:\/\/www.manaus.am.gov.br\/seminf\/obra-de-revitalizacao\/"]}]},{"@type":"ImageObject","inLanguage":"pt-BR","@id":"https:\/\/www.manaus.am.gov.br\/seminf\/obra-de-revitalizacao\/#primaryimage","url":"https:\/\/www.manaus.am.gov.br\/seminf\/wp-content\/uploads\/sites\/6\/2025\/09\/Prefeitura-de-Manaus-realiza-obra-de-revitalizacao-em-rede-de-drenagem-no-bairro-Sao-Jorge-.jpg","contentUrl":"https:\/\/www.manaus.am.gov.br\/seminf\/wp-content\/uploads\/sites\/6\/2025\/09\/Prefeitura-de-Manaus-realiza-obra-de-revitalizacao-em-rede-de-drenagem-no-bairro-Sao-Jorge-.jpg","width":800,"height":600},{"@type":"WebSite","@id":"https:\/\/www.manaus.am.gov.br\/seminf\/#website","url":"https:\/\/www.manaus.am.gov.br\/seminf\/","name":"Secretaria de Infraestrutura","description":"Secretaria Municipal de Infraestrutura","potentialAction":[{"@type":"SearchAction","target":{"@type":"EntryPoint","urlTemplate":"https:\/\/www.manaus.am.gov.br\/seminf\/?s={search_term_string}"},"query-input":"required name=search_term_string"}],"inLanguage":"pt-BR"},{"@type":"Person","@id":"https:\/\/www.manaus.am.gov.br\/seminf\/#\/schema\/person\/466a0e03ae4b6062809046bd560ac955","name":"bvalente","image":{"@type":"ImageObject","inLanguage":"pt-BR","@id":"https:\/\/www.manaus.am.gov.br\/seminf\/#\/schema\/person\/image\/","url":"https:\/\/secure.gravatar.com\/avatar\/3e69bc2b014bdad41adfec3a39de07d2?s=96&d=mm&r=g","contentUrl":"https:\/\/secure.gravatar.com\/avatar\/3e69bc2b014bdad41adfec3a39de07d2?s=96&d=mm&r=g","caption":"bvalente"}}]}},"_links":{"self":[{"href":"https:\/\/www.manaus.am.gov.br\/seminf\/wp-json\/wp\/v2\/posts\/6676"}],"collection":[{"href":"https:\/\/www.manaus.am.gov.br\/seminf\/wp-json\/wp\/v2\/posts"}],"about":[{"href":"https:\/\/www.manaus.am.gov.br\/seminf\/wp-json\/wp\/v2\/types\/post"}],"author":[{"embeddable":true,"href":"https:\/\/www.manaus.am.gov.br\/seminf\/wp-json\/wp\/v2\/users\/68"}],"replies":[{"embeddable":true,"href":"https:\/\/www.manaus.am.gov.br\/seminf\/wp-json\/wp\/v2\/comments?post=6676"}],"version-history":[{"count":0,"href":"https:\/\/www.manaus.am.gov.br\/seminf\/wp-json\/wp\/v2\/posts\/6676\/revisions"}],"wp:featuredmedia":[{"embeddable":true,"href":"https:\/\/www.manaus.am.gov.br\/seminf\/wp-json\/wp\/v2\/media\/6677"}],"wp:attachment":[{"href":"https:\/\/www.manaus.am.gov.br\/seminf\/wp-json\/wp\/v2\/media?parent=6676"}],"wp:term":[{"taxonomy":"category","embeddable":true,"href":"https:\/\/www.manaus.am.gov.br\/seminf\/wp-json\/wp\/v2\/categories?post=6676"},{"taxonomy":"post_tag","embeddable":true,"href":"https:\/\/www.manaus.am.gov.br\/seminf\/wp-json\/wp\/v2\/tags?post=6676"}],"curies":[{"name":"wp","href":"https:\/\/api.w.org\/{rel}","templated":true}]}}