{"id":6637,"date":"2025-09-01T19:27:13","date_gmt":"2025-09-01T23:27:13","guid":{"rendered":"https:\/\/www.manaus.am.gov.br\/seminf\/revitalizacao-da-praca-dos-remedios-2\/"},"modified":"2025-09-01T19:27:13","modified_gmt":"2025-09-01T23:27:13","slug":"revitalizacao-da-praca-dos-remedios-2","status":"publish","type":"post","link":"https:\/\/www.manaus.am.gov.br\/seminf\/revitalizacao-da-praca-dos-remedios-2\/","title":{"rendered":"Prefeitura de Manaus avan\u00e7a com revitaliza\u00e7\u00e3o da pra\u00e7a dos Rem\u00e9dios e resgate da identidade hist\u00f3rica do Centro"},"content":{"rendered":"\n<p>A Prefeitura de Manaus, por meio da Secretaria Municipal de Infraestrutura (Seminf), segue nesta segunda-feira, 1\u00ba\/9, com as obras de revitaliza\u00e7\u00e3o da pra\u00e7a dos Rem\u00e9dios, no centro hist\u00f3rico. O espa\u00e7o, que guarda parte da mem\u00f3ria e do patrim\u00f4nio cultural da cidade, recebe melhorias dentro do programa \u201cMutir\u00e3o no Bairro\u201d, que vem transformando a regi\u00e3o central.<\/p>\n\n\n\n<p>O vice-prefeito e secret\u00e1rio de Obras, Renato Junior, destacou que a iniciativa representa mais do que uma obra de infraestrutura. \u201cO prefeito David Almeida nos orienta a cuidar do Centro com aten\u00e7\u00e3o especial, porque aqui est\u00e1 a hist\u00f3ria e a tradi\u00e7\u00e3o da nossa cidade. Cada pra\u00e7a revitalizada, cada cal\u00e7ada recuperada, \u00e9 um convite para que as pessoas voltem a ocupar esses espa\u00e7os com orgulho, seguran\u00e7a e qualidade de vida\u201d, afirmou Renato Junior.<\/p>\n\n\n\n<p>Na obra, os oper\u00e1rios realizam a implanta\u00e7\u00e3o de novas pedras portuguesas em mosaico, com basalto e calc\u00e1rio de formatos irregulares, preservando a est\u00e9tica tradicional e ao mesmo tempo oferecendo mais seguran\u00e7a aos pedestres que circulam diariamente pelo espa\u00e7o.<\/p>\n\n\n\n<figure class=\"wp-block-image size-full\"><img loading=\"lazy\" decoding=\"async\" width=\"800\" height=\"533\" src=\"https:\/\/www.manaus.am.gov.br\/seminf\/wp-content\/uploads\/sites\/6\/2025\/09\/Prefeitura-de-Manaus-avanca-com-revitalizacao-da-praca-dos-Remedios-e-resgate-da-identidade-historica-do-Centro-3.jpg\" alt=\"\" class=\"wp-image-6638\" srcset=\"https:\/\/www.manaus.am.gov.br\/seminf\/wp-content\/uploads\/sites\/6\/2025\/09\/Prefeitura-de-Manaus-avanca-com-revitalizacao-da-praca-dos-Remedios-e-resgate-da-identidade-historica-do-Centro-3.jpg 800w, https:\/\/www.manaus.am.gov.br\/seminf\/wp-content\/uploads\/sites\/6\/2025\/09\/Prefeitura-de-Manaus-avanca-com-revitalizacao-da-praca-dos-Remedios-e-resgate-da-identidade-historica-do-Centro-3-300x200.jpg 300w, https:\/\/www.manaus.am.gov.br\/seminf\/wp-content\/uploads\/sites\/6\/2025\/09\/Prefeitura-de-Manaus-avanca-com-revitalizacao-da-praca-dos-Remedios-e-resgate-da-identidade-historica-do-Centro-3-768x512.jpg 768w\" sizes=\"(max-width: 800px) 100vw, 800px\" \/><\/figure>\n\n\n\n<p>Para moradores e frequentadores, a revitaliza\u00e7\u00e3o j\u00e1 \u00e9 motivo de alegria. O aposentado Francisco da Silva, 68 anos, elogiou a iniciativa.&nbsp;<\/p>\n\n\n\n<p>\u201cAntes, a pra\u00e7a estava esquecida e pass\u00e1vamos sem vontade de parar. Agora, com a reforma, vai ficar um lugar bonito, agrad\u00e1vel. Agradecemos \u00e0 prefeitura por olhar para esse espa\u00e7o que faz parte da nossa hist\u00f3ria\u201d, disse Francisco da Silva.<\/p>\n\n\n\n<p>A Prefeitura de Manaus refor\u00e7a o compromisso de revitalizar os principais pontos do Centro, preservando a mem\u00f3ria cultural e transformando a \u00e1rea em um espa\u00e7o mais organizado, seguro e acolhedor para moradores, turistas e comerciantes.<\/p>\n\n\n\n<p>\u2014 \u2014 \u2014<br><strong>Texto &#8211; <\/strong>Eduarda Lira\/Seminf<br><strong>Fotos &#8211;<\/strong> M\u00e1rcio Melo\/Seminf<\/p>\n","protected":false},"excerpt":{"rendered":"","protected":false},"author":68,"featured_media":6639,"comment_status":"closed","ping_status":"closed","sticky":false,"template":"","format":"standard","meta":{"footnotes":""},"categories":[3],"tags":[43,2419,26],"acf":[],"yoast_head":"<!-- This site is optimized with the Yoast SEO plugin v23.0 - https:\/\/yoast.com\/wordpress\/plugins\/seo\/ -->\n<title>Prefeitura de Manaus avan\u00e7a com revitaliza\u00e7\u00e3o da pra\u00e7a dos Rem\u00e9dios e resgate da identidade hist\u00f3rica do Centro<\/title>\n<meta name=\"description\" content=\"A Prefeitura de Manaus, por meio da Secretaria Municipal de Infraestrutura (Seminf), segue nesta segunda-feira, 1\u00ba\/9, com as obras de revitaliza\u00e7\u00e3o da pra\u00e7a dos Rem\u00e9dios, no centro hist\u00f3rico. O espa\u00e7o, que guarda parte da mem\u00f3ria e do patrim\u00f4nio cultural da cidade, recebe melhorias dentro do programa \u201cMutir\u00e3o no Bairro\u201d, que vem transformando a regi\u00e3o central.\" \/>\n<meta name=\"robots\" content=\"index, follow, max-snippet:-1, max-image-preview:large, max-video-preview:-1\" \/>\n<link rel=\"canonical\" href=\"https:\/\/www.manaus.am.gov.br\/seminf\/revitalizacao-da-praca-dos-remedios-2\/\" \/>\n<meta property=\"og:locale\" content=\"pt_BR\" \/>\n<meta property=\"og:type\" content=\"article\" \/>\n<meta property=\"og:title\" content=\"Prefeitura de Manaus avan\u00e7a com revitaliza\u00e7\u00e3o da pra\u00e7a dos Rem\u00e9dios e resgate da identidade hist\u00f3rica do Centro\" \/>\n<meta property=\"og:description\" content=\"A Prefeitura de Manaus, por meio da Secretaria Municipal de Infraestrutura (Seminf), segue nesta segunda-feira, 1\u00ba\/9, com as obras de revitaliza\u00e7\u00e3o da pra\u00e7a dos Rem\u00e9dios, no centro hist\u00f3rico. O espa\u00e7o, que guarda parte da mem\u00f3ria e do patrim\u00f4nio cultural da cidade, recebe melhorias dentro do programa \u201cMutir\u00e3o no Bairro\u201d, que vem transformando a regi\u00e3o central.\" \/>\n<meta property=\"og:url\" content=\"https:\/\/www.manaus.am.gov.br\/seminf\/revitalizacao-da-praca-dos-remedios-2\/\" \/>\n<meta property=\"og:site_name\" content=\"SEMINF\" \/>\n<meta property=\"article:published_time\" content=\"2025-09-01T23:27:13+00:00\" \/>\n<meta property=\"og:image\" content=\"https:\/\/www.manaus.am.gov.br\/seminf\/wp-content\/uploads\/sites\/6\/2025\/09\/Prefeitura-de-Manaus-avanca-com-revitalizacao-da-praca-dos-Remedios-e-resgate-da-identidade-historica-do-Centro-4.jpg\" \/>\n\t<meta property=\"og:image:width\" content=\"800\" \/>\n\t<meta property=\"og:image:height\" content=\"533\" \/>\n\t<meta property=\"og:image:type\" content=\"image\/jpeg\" \/>\n<meta name=\"author\" content=\"bvalente\" \/>\n<meta name=\"twitter:card\" content=\"summary_large_image\" \/>\n<meta name=\"twitter:label1\" content=\"Written by\" \/>\n\t<meta name=\"twitter:data1\" content=\"bvalente\" \/>\n\t<meta name=\"twitter:label2\" content=\"Est. reading time\" \/>\n\t<meta name=\"twitter:data2\" content=\"2 minutos\" \/>\n<script type=\"application\/ld+json\" class=\"yoast-schema-graph\">{\"@context\":\"https:\/\/schema.org\",\"@graph\":[{\"@type\":\"WebPage\",\"@id\":\"https:\/\/www.manaus.am.gov.br\/seminf\/revitalizacao-da-praca-dos-remedios-2\/\",\"url\":\"https:\/\/www.manaus.am.gov.br\/seminf\/revitalizacao-da-praca-dos-remedios-2\/\",\"name\":\"Prefeitura de Manaus avan\u00e7a com revitaliza\u00e7\u00e3o da pra\u00e7a dos Rem\u00e9dios e resgate da identidade hist\u00f3rica do Centro\",\"isPartOf\":{\"@id\":\"https:\/\/www.manaus.am.gov.br\/seminf\/#website\"},\"primaryImageOfPage\":{\"@id\":\"https:\/\/www.manaus.am.gov.br\/seminf\/revitalizacao-da-praca-dos-remedios-2\/#primaryimage\"},\"image\":{\"@id\":\"https:\/\/www.manaus.am.gov.br\/seminf\/revitalizacao-da-praca-dos-remedios-2\/#primaryimage\"},\"thumbnailUrl\":\"https:\/\/www.manaus.am.gov.br\/seminf\/wp-content\/uploads\/sites\/6\/2025\/09\/Prefeitura-de-Manaus-avanca-com-revitalizacao-da-praca-dos-Remedios-e-resgate-da-identidade-historica-do-Centro-4.jpg\",\"datePublished\":\"2025-09-01T23:27:13+00:00\",\"dateModified\":\"2025-09-01T23:27:13+00:00\",\"author\":{\"@id\":\"https:\/\/www.manaus.am.gov.br\/seminf\/#\/schema\/person\/466a0e03ae4b6062809046bd560ac955\"},\"description\":\"A Prefeitura de Manaus, por meio da Secretaria Municipal de Infraestrutura (Seminf), segue nesta segunda-feira, 1\u00ba\/9, com as obras de revitaliza\u00e7\u00e3o da pra\u00e7a dos Rem\u00e9dios, no centro hist\u00f3rico. O espa\u00e7o, que guarda parte da mem\u00f3ria e do patrim\u00f4nio cultural da cidade, recebe melhorias dentro do programa \u201cMutir\u00e3o no Bairro\u201d, que vem transformando a regi\u00e3o central.\",\"inLanguage\":\"pt-BR\",\"potentialAction\":[{\"@type\":\"ReadAction\",\"target\":[\"https:\/\/www.manaus.am.gov.br\/seminf\/revitalizacao-da-praca-dos-remedios-2\/\"]}]},{\"@type\":\"ImageObject\",\"inLanguage\":\"pt-BR\",\"@id\":\"https:\/\/www.manaus.am.gov.br\/seminf\/revitalizacao-da-praca-dos-remedios-2\/#primaryimage\",\"url\":\"https:\/\/www.manaus.am.gov.br\/seminf\/wp-content\/uploads\/sites\/6\/2025\/09\/Prefeitura-de-Manaus-avanca-com-revitalizacao-da-praca-dos-Remedios-e-resgate-da-identidade-historica-do-Centro-4.jpg\",\"contentUrl\":\"https:\/\/www.manaus.am.gov.br\/seminf\/wp-content\/uploads\/sites\/6\/2025\/09\/Prefeitura-de-Manaus-avanca-com-revitalizacao-da-praca-dos-Remedios-e-resgate-da-identidade-historica-do-Centro-4.jpg\",\"width\":800,\"height\":533},{\"@type\":\"WebSite\",\"@id\":\"https:\/\/www.manaus.am.gov.br\/seminf\/#website\",\"url\":\"https:\/\/www.manaus.am.gov.br\/seminf\/\",\"name\":\"Secretaria de Infraestrutura\",\"description\":\"Secretaria Municipal de Infraestrutura\",\"potentialAction\":[{\"@type\":\"SearchAction\",\"target\":{\"@type\":\"EntryPoint\",\"urlTemplate\":\"https:\/\/www.manaus.am.gov.br\/seminf\/?s={search_term_string}\"},\"query-input\":\"required name=search_term_string\"}],\"inLanguage\":\"pt-BR\"},{\"@type\":\"Person\",\"@id\":\"https:\/\/www.manaus.am.gov.br\/seminf\/#\/schema\/person\/466a0e03ae4b6062809046bd560ac955\",\"name\":\"bvalente\",\"image\":{\"@type\":\"ImageObject\",\"inLanguage\":\"pt-BR\",\"@id\":\"https:\/\/www.manaus.am.gov.br\/seminf\/#\/schema\/person\/image\/\",\"url\":\"https:\/\/secure.gravatar.com\/avatar\/3e69bc2b014bdad41adfec3a39de07d2?s=96&d=mm&r=g\",\"contentUrl\":\"https:\/\/secure.gravatar.com\/avatar\/3e69bc2b014bdad41adfec3a39de07d2?s=96&d=mm&r=g\",\"caption\":\"bvalente\"}}]}<\/script>\n<!-- \/ Yoast SEO plugin. -->","yoast_head_json":{"title":"Prefeitura de Manaus avan\u00e7a com revitaliza\u00e7\u00e3o da pra\u00e7a dos Rem\u00e9dios e resgate da identidade hist\u00f3rica do Centro","description":"A Prefeitura de Manaus, por meio da Secretaria Municipal de Infraestrutura (Seminf), segue nesta segunda-feira, 1\u00ba\/9, com as obras de revitaliza\u00e7\u00e3o da pra\u00e7a dos Rem\u00e9dios, no centro hist\u00f3rico. O espa\u00e7o, que guarda parte da mem\u00f3ria e do patrim\u00f4nio cultural da cidade, recebe melhorias dentro do programa \u201cMutir\u00e3o no Bairro\u201d, que vem transformando a regi\u00e3o central.","robots":{"index":"index","follow":"follow","max-snippet":"max-snippet:-1","max-image-preview":"max-image-preview:large","max-video-preview":"max-video-preview:-1"},"canonical":"https:\/\/www.manaus.am.gov.br\/seminf\/revitalizacao-da-praca-dos-remedios-2\/","og_locale":"pt_BR","og_type":"article","og_title":"Prefeitura de Manaus avan\u00e7a com revitaliza\u00e7\u00e3o da pra\u00e7a dos Rem\u00e9dios e resgate da identidade hist\u00f3rica do Centro","og_description":"A Prefeitura de Manaus, por meio da Secretaria Municipal de Infraestrutura (Seminf), segue nesta segunda-feira, 1\u00ba\/9, com as obras de revitaliza\u00e7\u00e3o da pra\u00e7a dos Rem\u00e9dios, no centro hist\u00f3rico. O espa\u00e7o, que guarda parte da mem\u00f3ria e do patrim\u00f4nio cultural da cidade, recebe melhorias dentro do programa \u201cMutir\u00e3o no Bairro\u201d, que vem transformando a regi\u00e3o central.","og_url":"https:\/\/www.manaus.am.gov.br\/seminf\/revitalizacao-da-praca-dos-remedios-2\/","og_site_name":"SEMINF","article_published_time":"2025-09-01T23:27:13+00:00","og_image":[{"width":800,"height":533,"url":"https:\/\/www.manaus.am.gov.br\/seminf\/wp-content\/uploads\/sites\/6\/2025\/09\/Prefeitura-de-Manaus-avanca-com-revitalizacao-da-praca-dos-Remedios-e-resgate-da-identidade-historica-do-Centro-4.jpg","type":"image\/jpeg"}],"author":"bvalente","twitter_card":"summary_large_image","twitter_misc":{"Written by":"bvalente","Est. reading time":"2 minutos"},"schema":{"@context":"https:\/\/schema.org","@graph":[{"@type":"WebPage","@id":"https:\/\/www.manaus.am.gov.br\/seminf\/revitalizacao-da-praca-dos-remedios-2\/","url":"https:\/\/www.manaus.am.gov.br\/seminf\/revitalizacao-da-praca-dos-remedios-2\/","name":"Prefeitura de Manaus avan\u00e7a com revitaliza\u00e7\u00e3o da pra\u00e7a dos Rem\u00e9dios e resgate da identidade hist\u00f3rica do Centro","isPartOf":{"@id":"https:\/\/www.manaus.am.gov.br\/seminf\/#website"},"primaryImageOfPage":{"@id":"https:\/\/www.manaus.am.gov.br\/seminf\/revitalizacao-da-praca-dos-remedios-2\/#primaryimage"},"image":{"@id":"https:\/\/www.manaus.am.gov.br\/seminf\/revitalizacao-da-praca-dos-remedios-2\/#primaryimage"},"thumbnailUrl":"https:\/\/www.manaus.am.gov.br\/seminf\/wp-content\/uploads\/sites\/6\/2025\/09\/Prefeitura-de-Manaus-avanca-com-revitalizacao-da-praca-dos-Remedios-e-resgate-da-identidade-historica-do-Centro-4.jpg","datePublished":"2025-09-01T23:27:13+00:00","dateModified":"2025-09-01T23:27:13+00:00","author":{"@id":"https:\/\/www.manaus.am.gov.br\/seminf\/#\/schema\/person\/466a0e03ae4b6062809046bd560ac955"},"description":"A Prefeitura de Manaus, por meio da Secretaria Municipal de Infraestrutura (Seminf), segue nesta segunda-feira, 1\u00ba\/9, com as obras de revitaliza\u00e7\u00e3o da pra\u00e7a dos Rem\u00e9dios, no centro hist\u00f3rico. O espa\u00e7o, que guarda parte da mem\u00f3ria e do patrim\u00f4nio cultural da cidade, recebe melhorias dentro do programa \u201cMutir\u00e3o no Bairro\u201d, que vem transformando a regi\u00e3o central.","inLanguage":"pt-BR","potentialAction":[{"@type":"ReadAction","target":["https:\/\/www.manaus.am.gov.br\/seminf\/revitalizacao-da-praca-dos-remedios-2\/"]}]},{"@type":"ImageObject","inLanguage":"pt-BR","@id":"https:\/\/www.manaus.am.gov.br\/seminf\/revitalizacao-da-praca-dos-remedios-2\/#primaryimage","url":"https:\/\/www.manaus.am.gov.br\/seminf\/wp-content\/uploads\/sites\/6\/2025\/09\/Prefeitura-de-Manaus-avanca-com-revitalizacao-da-praca-dos-Remedios-e-resgate-da-identidade-historica-do-Centro-4.jpg","contentUrl":"https:\/\/www.manaus.am.gov.br\/seminf\/wp-content\/uploads\/sites\/6\/2025\/09\/Prefeitura-de-Manaus-avanca-com-revitalizacao-da-praca-dos-Remedios-e-resgate-da-identidade-historica-do-Centro-4.jpg","width":800,"height":533},{"@type":"WebSite","@id":"https:\/\/www.manaus.am.gov.br\/seminf\/#website","url":"https:\/\/www.manaus.am.gov.br\/seminf\/","name":"Secretaria de Infraestrutura","description":"Secretaria Municipal de Infraestrutura","potentialAction":[{"@type":"SearchAction","target":{"@type":"EntryPoint","urlTemplate":"https:\/\/www.manaus.am.gov.br\/seminf\/?s={search_term_string}"},"query-input":"required name=search_term_string"}],"inLanguage":"pt-BR"},{"@type":"Person","@id":"https:\/\/www.manaus.am.gov.br\/seminf\/#\/schema\/person\/466a0e03ae4b6062809046bd560ac955","name":"bvalente","image":{"@type":"ImageObject","inLanguage":"pt-BR","@id":"https:\/\/www.manaus.am.gov.br\/seminf\/#\/schema\/person\/image\/","url":"https:\/\/secure.gravatar.com\/avatar\/3e69bc2b014bdad41adfec3a39de07d2?s=96&d=mm&r=g","contentUrl":"https:\/\/secure.gravatar.com\/avatar\/3e69bc2b014bdad41adfec3a39de07d2?s=96&d=mm&r=g","caption":"bvalente"}}]}},"_links":{"self":[{"href":"https:\/\/www.manaus.am.gov.br\/seminf\/wp-json\/wp\/v2\/posts\/6637"}],"collection":[{"href":"https:\/\/www.manaus.am.gov.br\/seminf\/wp-json\/wp\/v2\/posts"}],"about":[{"href":"https:\/\/www.manaus.am.gov.br\/seminf\/wp-json\/wp\/v2\/types\/post"}],"author":[{"embeddable":true,"href":"https:\/\/www.manaus.am.gov.br\/seminf\/wp-json\/wp\/v2\/users\/68"}],"replies":[{"embeddable":true,"href":"https:\/\/www.manaus.am.gov.br\/seminf\/wp-json\/wp\/v2\/comments?post=6637"}],"version-history":[{"count":1,"href":"https:\/\/www.manaus.am.gov.br\/seminf\/wp-json\/wp\/v2\/posts\/6637\/revisions"}],"predecessor-version":[{"id":6640,"href":"https:\/\/www.manaus.am.gov.br\/seminf\/wp-json\/wp\/v2\/posts\/6637\/revisions\/6640"}],"wp:featuredmedia":[{"embeddable":true,"href":"https:\/\/www.manaus.am.gov.br\/seminf\/wp-json\/wp\/v2\/media\/6639"}],"wp:attachment":[{"href":"https:\/\/www.manaus.am.gov.br\/seminf\/wp-json\/wp\/v2\/media?parent=6637"}],"wp:term":[{"taxonomy":"category","embeddable":true,"href":"https:\/\/www.manaus.am.gov.br\/seminf\/wp-json\/wp\/v2\/categories?post=6637"},{"taxonomy":"post_tag","embeddable":true,"href":"https:\/\/www.manaus.am.gov.br\/seminf\/wp-json\/wp\/v2\/tags?post=6637"}],"curies":[{"name":"wp","href":"https:\/\/api.w.org\/{rel}","templated":true}]}}