{"id":6622,"date":"2025-08-29T18:16:20","date_gmt":"2025-08-29T22:16:20","guid":{"rendered":"https:\/\/www.manaus.am.gov.br\/seminf\/plano-asfalto-oeste\/"},"modified":"2025-08-29T18:16:21","modified_gmt":"2025-08-29T22:16:21","slug":"plano-asfalto-oeste","status":"publish","type":"post","link":"https:\/\/www.manaus.am.gov.br\/seminf\/plano-asfalto-oeste\/","title":{"rendered":"Plano de Ver\u00e3o leva asfalto novo e qualidade de vida \u00e0 zona Oeste de Manaus"},"content":{"rendered":"\n<p>O projeto \u201cPlano de Ver\u00e3o\u201d, realizado pela Prefeitura de Manaus, continua transformando ruas das zonas Norte, Leste e Oeste, trazendo melhorias reais para os moradores. Nesta sexta-feira, 29\/8, a rua Em\u00edlio Moura, na comunidade Parque S\u00e3o Pedro, bairro Tarum\u00e3, recebeu equipes da Seminf para a aplica\u00e7\u00e3o da massa asf\u00e1ltica, recuperando trechos deteriorados e devolvendo mais conforto e seguran\u00e7a para quem circula pela via.<\/p>\n\n\n\n<p>\u201cCada rua revitalizada \u00e9 uma vit\u00f3ria para Manaus. Hoje estamos aqui na Em\u00edlio Moura, levando asfalto e melhorando a vida das pessoas. \u00c9 gratificante acompanhar a alegria dos moradores ao verem suas ruas transformadas. Na gest\u00e3o do prefeito David Almeida, o trabalho n\u00e3o para, estamos avan\u00e7ando com qualidade e dedica\u00e7\u00e3o para que todos tenham ruas melhores e mais seguras\u201d, afirmou o vice-prefeito e secret\u00e1rio de Obras Renato Junior.<\/p>\n\n\n\n<p>As obras foram executadas de forma \u00e1gil e eficiente. Realizando todas as etapas necess\u00e1rias: prepara\u00e7\u00e3o do solo com aplica\u00e7\u00e3o de emuls\u00e3o, coloca\u00e7\u00e3o da massa asf\u00e1ltica, compacta\u00e7\u00e3o e finaliza\u00e7\u00e3o com rolo compactador, garantindo a durabilidade e seguran\u00e7a da via.<\/p>\n\n\n\n<p>Com projetos como o Plano de Ver\u00e3o, a Prefeitura de Manaus reafirma seu compromisso de investir em infraestrutura, transformando os bairros e melhorando a mobilidade e a qualidade de vida da popula\u00e7\u00e3o.<\/p>\n\n\n\n<p>&#8212; &#8212; &#8212;<\/p>\n\n\n\n<p><strong>Texto<\/strong> &#8211; Maria Amed \/ Seminf<\/p>\n\n\n\n<p><strong>Fotos<\/strong> \u2013 Divulga\u00e7\u00e3o \/ Seminf<\/p>\n","protected":false},"excerpt":{"rendered":"","protected":false},"author":61,"featured_media":6623,"comment_status":"closed","ping_status":"closed","sticky":false,"template":"","format":"standard","meta":{"footnotes":""},"categories":[3],"tags":[141,28,43,26],"acf":[],"yoast_head":"<!-- This site is optimized with the Yoast SEO plugin v23.0 - https:\/\/yoast.com\/wordpress\/plugins\/seo\/ -->\n<title>Plano de Ver\u00e3o leva asfalto novo e qualidade de vida \u00e0 zona Oeste de Manaus<\/title>\n<meta name=\"description\" content=\"O projeto \u201cPlano de Ver\u00e3o\u201d, realizado pela Prefeitura de Manaus, continua transformando ruas das zonas Norte, Leste e Oeste.\" \/>\n<meta name=\"robots\" content=\"index, follow, max-snippet:-1, max-image-preview:large, max-video-preview:-1\" \/>\n<link rel=\"canonical\" href=\"https:\/\/www.manaus.am.gov.br\/seminf\/plano-asfalto-oeste\/\" \/>\n<meta property=\"og:locale\" content=\"pt_BR\" \/>\n<meta property=\"og:type\" content=\"article\" \/>\n<meta property=\"og:title\" content=\"Plano de Ver\u00e3o leva asfalto novo e qualidade de vida \u00e0 zona Oeste de Manaus\" \/>\n<meta property=\"og:description\" content=\"O projeto \u201cPlano de Ver\u00e3o\u201d, realizado pela Prefeitura de Manaus, continua transformando ruas das zonas Norte, Leste e Oeste.\" \/>\n<meta property=\"og:url\" content=\"https:\/\/www.manaus.am.gov.br\/seminf\/plano-asfalto-oeste\/\" \/>\n<meta property=\"og:site_name\" content=\"SEMINF\" \/>\n<meta property=\"article:published_time\" content=\"2025-08-29T22:16:20+00:00\" \/>\n<meta property=\"article:modified_time\" content=\"2025-08-29T22:16:21+00:00\" \/>\n<meta property=\"og:image\" content=\"https:\/\/www.manaus.am.gov.br\/seminf\/wp-content\/uploads\/sites\/6\/2025\/08\/Seminf-Asfalto-2.jpg\" \/>\n\t<meta property=\"og:image:width\" content=\"1600\" \/>\n\t<meta property=\"og:image:height\" content=\"1200\" \/>\n\t<meta property=\"og:image:type\" content=\"image\/jpeg\" \/>\n<meta name=\"author\" content=\"smonteiro\" \/>\n<meta name=\"twitter:card\" content=\"summary_large_image\" \/>\n<meta name=\"twitter:label1\" content=\"Written by\" \/>\n\t<meta name=\"twitter:data1\" content=\"smonteiro\" \/>\n\t<meta name=\"twitter:label2\" content=\"Est. reading time\" \/>\n\t<meta name=\"twitter:data2\" content=\"2 minutos\" \/>\n<script type=\"application\/ld+json\" class=\"yoast-schema-graph\">{\"@context\":\"https:\/\/schema.org\",\"@graph\":[{\"@type\":\"WebPage\",\"@id\":\"https:\/\/www.manaus.am.gov.br\/seminf\/plano-asfalto-oeste\/\",\"url\":\"https:\/\/www.manaus.am.gov.br\/seminf\/plano-asfalto-oeste\/\",\"name\":\"Plano de Ver\u00e3o leva asfalto novo e qualidade de vida \u00e0 zona Oeste de Manaus\",\"isPartOf\":{\"@id\":\"https:\/\/www.manaus.am.gov.br\/seminf\/#website\"},\"primaryImageOfPage\":{\"@id\":\"https:\/\/www.manaus.am.gov.br\/seminf\/plano-asfalto-oeste\/#primaryimage\"},\"image\":{\"@id\":\"https:\/\/www.manaus.am.gov.br\/seminf\/plano-asfalto-oeste\/#primaryimage\"},\"thumbnailUrl\":\"https:\/\/www.manaus.am.gov.br\/seminf\/wp-content\/uploads\/sites\/6\/2025\/08\/Seminf-Asfalto-2.jpg\",\"datePublished\":\"2025-08-29T22:16:20+00:00\",\"dateModified\":\"2025-08-29T22:16:21+00:00\",\"author\":{\"@id\":\"https:\/\/www.manaus.am.gov.br\/seminf\/#\/schema\/person\/ab4dcf766a54dff74e8d267f5c591961\"},\"description\":\"O projeto \u201cPlano de Ver\u00e3o\u201d, realizado pela Prefeitura de Manaus, continua transformando ruas das zonas Norte, Leste e Oeste.\",\"inLanguage\":\"pt-BR\",\"potentialAction\":[{\"@type\":\"ReadAction\",\"target\":[\"https:\/\/www.manaus.am.gov.br\/seminf\/plano-asfalto-oeste\/\"]}]},{\"@type\":\"ImageObject\",\"inLanguage\":\"pt-BR\",\"@id\":\"https:\/\/www.manaus.am.gov.br\/seminf\/plano-asfalto-oeste\/#primaryimage\",\"url\":\"https:\/\/www.manaus.am.gov.br\/seminf\/wp-content\/uploads\/sites\/6\/2025\/08\/Seminf-Asfalto-2.jpg\",\"contentUrl\":\"https:\/\/www.manaus.am.gov.br\/seminf\/wp-content\/uploads\/sites\/6\/2025\/08\/Seminf-Asfalto-2.jpg\",\"width\":1600,\"height\":1200,\"caption\":\"#paratodosverem - aplica\u00e7\u00e3o de asfalto na rua Em\u00edlio Moura\"},{\"@type\":\"WebSite\",\"@id\":\"https:\/\/www.manaus.am.gov.br\/seminf\/#website\",\"url\":\"https:\/\/www.manaus.am.gov.br\/seminf\/\",\"name\":\"Secretaria de Infraestrutura\",\"description\":\"Secretaria Municipal de Infraestrutura\",\"potentialAction\":[{\"@type\":\"SearchAction\",\"target\":{\"@type\":\"EntryPoint\",\"urlTemplate\":\"https:\/\/www.manaus.am.gov.br\/seminf\/?s={search_term_string}\"},\"query-input\":\"required name=search_term_string\"}],\"inLanguage\":\"pt-BR\"},{\"@type\":\"Person\",\"@id\":\"https:\/\/www.manaus.am.gov.br\/seminf\/#\/schema\/person\/ab4dcf766a54dff74e8d267f5c591961\",\"name\":\"smonteiro\",\"image\":{\"@type\":\"ImageObject\",\"inLanguage\":\"pt-BR\",\"@id\":\"https:\/\/www.manaus.am.gov.br\/seminf\/#\/schema\/person\/image\/\",\"url\":\"https:\/\/secure.gravatar.com\/avatar\/21c8776ef61d9272c73322052e042d77?s=96&d=mm&r=g\",\"contentUrl\":\"https:\/\/secure.gravatar.com\/avatar\/21c8776ef61d9272c73322052e042d77?s=96&d=mm&r=g\",\"caption\":\"smonteiro\"}}]}<\/script>\n<!-- \/ Yoast SEO plugin. -->","yoast_head_json":{"title":"Plano de Ver\u00e3o leva asfalto novo e qualidade de vida \u00e0 zona Oeste de Manaus","description":"O projeto \u201cPlano de Ver\u00e3o\u201d, realizado pela Prefeitura de Manaus, continua transformando ruas das zonas Norte, Leste e Oeste.","robots":{"index":"index","follow":"follow","max-snippet":"max-snippet:-1","max-image-preview":"max-image-preview:large","max-video-preview":"max-video-preview:-1"},"canonical":"https:\/\/www.manaus.am.gov.br\/seminf\/plano-asfalto-oeste\/","og_locale":"pt_BR","og_type":"article","og_title":"Plano de Ver\u00e3o leva asfalto novo e qualidade de vida \u00e0 zona Oeste de Manaus","og_description":"O projeto \u201cPlano de Ver\u00e3o\u201d, realizado pela Prefeitura de Manaus, continua transformando ruas das zonas Norte, Leste e Oeste.","og_url":"https:\/\/www.manaus.am.gov.br\/seminf\/plano-asfalto-oeste\/","og_site_name":"SEMINF","article_published_time":"2025-08-29T22:16:20+00:00","article_modified_time":"2025-08-29T22:16:21+00:00","og_image":[{"width":1600,"height":1200,"url":"https:\/\/www.manaus.am.gov.br\/seminf\/wp-content\/uploads\/sites\/6\/2025\/08\/Seminf-Asfalto-2.jpg","type":"image\/jpeg"}],"author":"smonteiro","twitter_card":"summary_large_image","twitter_misc":{"Written by":"smonteiro","Est. reading time":"2 minutos"},"schema":{"@context":"https:\/\/schema.org","@graph":[{"@type":"WebPage","@id":"https:\/\/www.manaus.am.gov.br\/seminf\/plano-asfalto-oeste\/","url":"https:\/\/www.manaus.am.gov.br\/seminf\/plano-asfalto-oeste\/","name":"Plano de Ver\u00e3o leva asfalto novo e qualidade de vida \u00e0 zona Oeste de Manaus","isPartOf":{"@id":"https:\/\/www.manaus.am.gov.br\/seminf\/#website"},"primaryImageOfPage":{"@id":"https:\/\/www.manaus.am.gov.br\/seminf\/plano-asfalto-oeste\/#primaryimage"},"image":{"@id":"https:\/\/www.manaus.am.gov.br\/seminf\/plano-asfalto-oeste\/#primaryimage"},"thumbnailUrl":"https:\/\/www.manaus.am.gov.br\/seminf\/wp-content\/uploads\/sites\/6\/2025\/08\/Seminf-Asfalto-2.jpg","datePublished":"2025-08-29T22:16:20+00:00","dateModified":"2025-08-29T22:16:21+00:00","author":{"@id":"https:\/\/www.manaus.am.gov.br\/seminf\/#\/schema\/person\/ab4dcf766a54dff74e8d267f5c591961"},"description":"O projeto \u201cPlano de Ver\u00e3o\u201d, realizado pela Prefeitura de Manaus, continua transformando ruas das zonas Norte, Leste e Oeste.","inLanguage":"pt-BR","potentialAction":[{"@type":"ReadAction","target":["https:\/\/www.manaus.am.gov.br\/seminf\/plano-asfalto-oeste\/"]}]},{"@type":"ImageObject","inLanguage":"pt-BR","@id":"https:\/\/www.manaus.am.gov.br\/seminf\/plano-asfalto-oeste\/#primaryimage","url":"https:\/\/www.manaus.am.gov.br\/seminf\/wp-content\/uploads\/sites\/6\/2025\/08\/Seminf-Asfalto-2.jpg","contentUrl":"https:\/\/www.manaus.am.gov.br\/seminf\/wp-content\/uploads\/sites\/6\/2025\/08\/Seminf-Asfalto-2.jpg","width":1600,"height":1200,"caption":"#paratodosverem - aplica\u00e7\u00e3o de asfalto na rua Em\u00edlio Moura"},{"@type":"WebSite","@id":"https:\/\/www.manaus.am.gov.br\/seminf\/#website","url":"https:\/\/www.manaus.am.gov.br\/seminf\/","name":"Secretaria de Infraestrutura","description":"Secretaria Municipal de Infraestrutura","potentialAction":[{"@type":"SearchAction","target":{"@type":"EntryPoint","urlTemplate":"https:\/\/www.manaus.am.gov.br\/seminf\/?s={search_term_string}"},"query-input":"required name=search_term_string"}],"inLanguage":"pt-BR"},{"@type":"Person","@id":"https:\/\/www.manaus.am.gov.br\/seminf\/#\/schema\/person\/ab4dcf766a54dff74e8d267f5c591961","name":"smonteiro","image":{"@type":"ImageObject","inLanguage":"pt-BR","@id":"https:\/\/www.manaus.am.gov.br\/seminf\/#\/schema\/person\/image\/","url":"https:\/\/secure.gravatar.com\/avatar\/21c8776ef61d9272c73322052e042d77?s=96&d=mm&r=g","contentUrl":"https:\/\/secure.gravatar.com\/avatar\/21c8776ef61d9272c73322052e042d77?s=96&d=mm&r=g","caption":"smonteiro"}}]}},"_links":{"self":[{"href":"https:\/\/www.manaus.am.gov.br\/seminf\/wp-json\/wp\/v2\/posts\/6622"}],"collection":[{"href":"https:\/\/www.manaus.am.gov.br\/seminf\/wp-json\/wp\/v2\/posts"}],"about":[{"href":"https:\/\/www.manaus.am.gov.br\/seminf\/wp-json\/wp\/v2\/types\/post"}],"author":[{"embeddable":true,"href":"https:\/\/www.manaus.am.gov.br\/seminf\/wp-json\/wp\/v2\/users\/61"}],"replies":[{"embeddable":true,"href":"https:\/\/www.manaus.am.gov.br\/seminf\/wp-json\/wp\/v2\/comments?post=6622"}],"version-history":[{"count":0,"href":"https:\/\/www.manaus.am.gov.br\/seminf\/wp-json\/wp\/v2\/posts\/6622\/revisions"}],"wp:featuredmedia":[{"embeddable":true,"href":"https:\/\/www.manaus.am.gov.br\/seminf\/wp-json\/wp\/v2\/media\/6623"}],"wp:attachment":[{"href":"https:\/\/www.manaus.am.gov.br\/seminf\/wp-json\/wp\/v2\/media?parent=6622"}],"wp:term":[{"taxonomy":"category","embeddable":true,"href":"https:\/\/www.manaus.am.gov.br\/seminf\/wp-json\/wp\/v2\/categories?post=6622"},{"taxonomy":"post_tag","embeddable":true,"href":"https:\/\/www.manaus.am.gov.br\/seminf\/wp-json\/wp\/v2\/tags?post=6622"}],"curies":[{"name":"wp","href":"https:\/\/api.w.org\/{rel}","templated":true}]}}