{"id":6613,"date":"2025-08-28T20:56:34","date_gmt":"2025-08-29T00:56:34","guid":{"rendered":"https:\/\/www.manaus.am.gov.br\/seminf\/revitaliza-calcadas-centro\/"},"modified":"2025-08-28T20:56:35","modified_gmt":"2025-08-29T00:56:35","slug":"revitaliza-calcadas-centro","status":"publish","type":"post","link":"https:\/\/www.manaus.am.gov.br\/seminf\/revitaliza-calcadas-centro\/","title":{"rendered":"Prefeitura de Manaus revitaliza cal\u00e7adas da avenida Get\u00falio Vargas e refor\u00e7a transforma\u00e7\u00e3o do Centro Hist\u00f3rico"},"content":{"rendered":"\n<p>As cal\u00e7adas da avenida Get\u00falio Vargas, um dos principais corredores do Centro Hist\u00f3rico de Manaus, est\u00e3o passando por manuten\u00e7\u00e3o e revitaliza\u00e7\u00e3o dentro do programa Mutir\u00e3o no Centro, executado pela Prefeitura de Manaus, por meio da Secretaria Municipal de Infraestrutura (Seminf). A a\u00e7\u00e3o integra o conjunto de obras que vem mudando a cara da regi\u00e3o central da cidade, nos \u00faltimos dias.<\/p>\n\n\n\n<p>O vice-prefeito e secret\u00e1rio municipal de Obras, Renato Junior, ressaltou a import\u00e2ncia da transforma\u00e7\u00e3o.&nbsp; \u201cO Centro \u00e9 o cora\u00e7\u00e3o de Manaus. \u00c9 onde turistas e moradores querem estar, mas durante muito tempo as pessoas deixaram de frequentar por conta da falta de estrutura e da inseguran\u00e7a. Hoje, estamos devolvendo esse espa\u00e7o para a popula\u00e7\u00e3o, com cal\u00e7adas acess\u00edveis, ruas seguras e \u00e1reas mais organizadas. Esse \u00e9 o compromisso do prefeito David Almeida, cuidar do Centro para que ele volte a ser um orgulho para todos n\u00f3s\u201d, afirmou Renato Junior.<\/p>\n\n\n\n<p>Atualmente, uma frente de obra atua na constru\u00e7\u00e3o de novas cal\u00e7adas em concreto pr\u00f3ximo aos pontos de \u00f4nibus no sentido bairro-Centro. Interven\u00e7\u00f5es semelhantes j\u00e1 foram realizadas em outros trechos hist\u00f3ricos, como na avenida Louren\u00e7o da Silva Braga, na orla e na Feira da Manaus Moderna. No total, j\u00e1 s\u00e3o 2.500 metros quadrados de cal\u00e7adas recuperados e mais de 214 metros de meio-fio e sarjeta refeitos, fundamentais para o escoamento das \u00e1guas pluviais.<\/p>\n\n\n\n<p>O trabalho tem gerado reconhecimento de quem circula diariamente pelo local. O vendedor Josimar da Silva, 51 anos, destaca a diferen\u00e7a.<\/p>\n\n\n\n<p>\u201cPode parecer um servi\u00e7o simples, mas faz toda a diferen\u00e7a para n\u00f3s que trabalhamos e para quem passa por aqui. As cal\u00e7adas est\u00e3o ficando seguras e organizadas. A gente agradece a Prefeitura por esse cuidado\u201d, comemorou o vendedor Josimar da Silva.<\/p>\n\n\n\n<p>Com o Mutir\u00e3o no Centro, a Prefeitura de Manaus vem transformando a regi\u00e3o hist\u00f3rica da capital, garantindo mais mobilidade, seguran\u00e7a e qualidade de vida a todos que vivem, trabalham e visitam o cora\u00e7\u00e3o da cidade.<\/p>\n\n\n\n<p>&#8212; &#8212; &#8212;<\/p>\n\n\n\n<p><strong>Texto<\/strong> &#8211; Eduarda Lira \/ Seminf<\/p>\n\n\n\n<p><strong>Fotos<\/strong> &#8211; M\u00e1rcio Melo \/ Seminf<\/p>\n","protected":false},"excerpt":{"rendered":"","protected":false},"author":61,"featured_media":6615,"comment_status":"closed","ping_status":"closed","sticky":false,"template":"","format":"standard","meta":{"footnotes":""},"categories":[3],"tags":[28,43,26],"acf":[],"yoast_head":"<!-- This site is optimized with the Yoast SEO plugin v23.0 - https:\/\/yoast.com\/wordpress\/plugins\/seo\/ -->\n<title>Prefeitura de Manaus revitaliza cal\u00e7adas da avenida Get\u00falio Vargas e refor\u00e7a transforma\u00e7\u00e3o do Centro Hist\u00f3rico<\/title>\n<meta name=\"description\" content=\"As cal\u00e7adas da avenida Get\u00falio Vargas, um dos principais corredores do Centro Hist\u00f3rico de Manaus, est\u00e3o passando por manuten\u00e7\u00e3o e revitaliza\u00e7\u00e3o dentro do programa Mutir\u00e3o no Centro.\" \/>\n<meta name=\"robots\" content=\"index, follow, max-snippet:-1, max-image-preview:large, max-video-preview:-1\" \/>\n<link rel=\"canonical\" href=\"https:\/\/www.manaus.am.gov.br\/seminf\/revitaliza-calcadas-centro\/\" \/>\n<meta property=\"og:locale\" content=\"pt_BR\" \/>\n<meta property=\"og:type\" content=\"article\" \/>\n<meta property=\"og:title\" content=\"Prefeitura de Manaus revitaliza cal\u00e7adas da avenida Get\u00falio Vargas e refor\u00e7a transforma\u00e7\u00e3o do Centro Hist\u00f3rico\" \/>\n<meta property=\"og:description\" content=\"As cal\u00e7adas da avenida Get\u00falio Vargas, um dos principais corredores do Centro Hist\u00f3rico de Manaus, est\u00e3o passando por manuten\u00e7\u00e3o e revitaliza\u00e7\u00e3o dentro do programa Mutir\u00e3o no Centro.\" \/>\n<meta property=\"og:url\" content=\"https:\/\/www.manaus.am.gov.br\/seminf\/revitaliza-calcadas-centro\/\" \/>\n<meta property=\"og:site_name\" content=\"SEMINF\" \/>\n<meta property=\"article:published_time\" content=\"2025-08-29T00:56:34+00:00\" \/>\n<meta property=\"article:modified_time\" content=\"2025-08-29T00:56:35+00:00\" \/>\n<meta property=\"og:image\" content=\"https:\/\/www.manaus.am.gov.br\/seminf\/wp-content\/uploads\/sites\/6\/2025\/08\/Seminf-Centro-2-1.jpg\" \/>\n\t<meta property=\"og:image:width\" content=\"533\" \/>\n\t<meta property=\"og:image:height\" content=\"800\" \/>\n\t<meta property=\"og:image:type\" content=\"image\/jpeg\" \/>\n<meta name=\"author\" content=\"smonteiro\" \/>\n<meta name=\"twitter:card\" content=\"summary_large_image\" \/>\n<meta name=\"twitter:label1\" content=\"Written by\" \/>\n\t<meta name=\"twitter:data1\" content=\"smonteiro\" \/>\n\t<meta name=\"twitter:label2\" content=\"Est. reading time\" \/>\n\t<meta name=\"twitter:data2\" content=\"3 minutos\" \/>\n<script type=\"application\/ld+json\" class=\"yoast-schema-graph\">{\"@context\":\"https:\/\/schema.org\",\"@graph\":[{\"@type\":\"WebPage\",\"@id\":\"https:\/\/www.manaus.am.gov.br\/seminf\/revitaliza-calcadas-centro\/\",\"url\":\"https:\/\/www.manaus.am.gov.br\/seminf\/revitaliza-calcadas-centro\/\",\"name\":\"Prefeitura de Manaus revitaliza cal\u00e7adas da avenida Get\u00falio Vargas e refor\u00e7a transforma\u00e7\u00e3o do Centro Hist\u00f3rico\",\"isPartOf\":{\"@id\":\"https:\/\/www.manaus.am.gov.br\/seminf\/#website\"},\"primaryImageOfPage\":{\"@id\":\"https:\/\/www.manaus.am.gov.br\/seminf\/revitaliza-calcadas-centro\/#primaryimage\"},\"image\":{\"@id\":\"https:\/\/www.manaus.am.gov.br\/seminf\/revitaliza-calcadas-centro\/#primaryimage\"},\"thumbnailUrl\":\"https:\/\/www.manaus.am.gov.br\/seminf\/wp-content\/uploads\/sites\/6\/2025\/08\/Seminf-Centro-2-1.jpg\",\"datePublished\":\"2025-08-29T00:56:34+00:00\",\"dateModified\":\"2025-08-29T00:56:35+00:00\",\"author\":{\"@id\":\"https:\/\/www.manaus.am.gov.br\/seminf\/#\/schema\/person\/ab4dcf766a54dff74e8d267f5c591961\"},\"description\":\"As cal\u00e7adas da avenida Get\u00falio Vargas, um dos principais corredores do Centro Hist\u00f3rico de Manaus, est\u00e3o passando por manuten\u00e7\u00e3o e revitaliza\u00e7\u00e3o dentro do programa Mutir\u00e3o no Centro.\",\"inLanguage\":\"pt-BR\",\"potentialAction\":[{\"@type\":\"ReadAction\",\"target\":[\"https:\/\/www.manaus.am.gov.br\/seminf\/revitaliza-calcadas-centro\/\"]}]},{\"@type\":\"ImageObject\",\"inLanguage\":\"pt-BR\",\"@id\":\"https:\/\/www.manaus.am.gov.br\/seminf\/revitaliza-calcadas-centro\/#primaryimage\",\"url\":\"https:\/\/www.manaus.am.gov.br\/seminf\/wp-content\/uploads\/sites\/6\/2025\/08\/Seminf-Centro-2-1.jpg\",\"contentUrl\":\"https:\/\/www.manaus.am.gov.br\/seminf\/wp-content\/uploads\/sites\/6\/2025\/08\/Seminf-Centro-2-1.jpg\",\"width\":533,\"height\":800,\"caption\":\"#paratodosverem - prefeitura atua na recupera\u00e7\u00e3o de cal\u00e7adas e meios-fios no centro\"},{\"@type\":\"WebSite\",\"@id\":\"https:\/\/www.manaus.am.gov.br\/seminf\/#website\",\"url\":\"https:\/\/www.manaus.am.gov.br\/seminf\/\",\"name\":\"Secretaria de Infraestrutura\",\"description\":\"Secretaria Municipal de Infraestrutura\",\"potentialAction\":[{\"@type\":\"SearchAction\",\"target\":{\"@type\":\"EntryPoint\",\"urlTemplate\":\"https:\/\/www.manaus.am.gov.br\/seminf\/?s={search_term_string}\"},\"query-input\":\"required name=search_term_string\"}],\"inLanguage\":\"pt-BR\"},{\"@type\":\"Person\",\"@id\":\"https:\/\/www.manaus.am.gov.br\/seminf\/#\/schema\/person\/ab4dcf766a54dff74e8d267f5c591961\",\"name\":\"smonteiro\",\"image\":{\"@type\":\"ImageObject\",\"inLanguage\":\"pt-BR\",\"@id\":\"https:\/\/www.manaus.am.gov.br\/seminf\/#\/schema\/person\/image\/\",\"url\":\"https:\/\/secure.gravatar.com\/avatar\/21c8776ef61d9272c73322052e042d77?s=96&d=mm&r=g\",\"contentUrl\":\"https:\/\/secure.gravatar.com\/avatar\/21c8776ef61d9272c73322052e042d77?s=96&d=mm&r=g\",\"caption\":\"smonteiro\"}}]}<\/script>\n<!-- \/ Yoast SEO plugin. -->","yoast_head_json":{"title":"Prefeitura de Manaus revitaliza cal\u00e7adas da avenida Get\u00falio Vargas e refor\u00e7a transforma\u00e7\u00e3o do Centro Hist\u00f3rico","description":"As cal\u00e7adas da avenida Get\u00falio Vargas, um dos principais corredores do Centro Hist\u00f3rico de Manaus, est\u00e3o passando por manuten\u00e7\u00e3o e revitaliza\u00e7\u00e3o dentro do programa Mutir\u00e3o no Centro.","robots":{"index":"index","follow":"follow","max-snippet":"max-snippet:-1","max-image-preview":"max-image-preview:large","max-video-preview":"max-video-preview:-1"},"canonical":"https:\/\/www.manaus.am.gov.br\/seminf\/revitaliza-calcadas-centro\/","og_locale":"pt_BR","og_type":"article","og_title":"Prefeitura de Manaus revitaliza cal\u00e7adas da avenida Get\u00falio Vargas e refor\u00e7a transforma\u00e7\u00e3o do Centro Hist\u00f3rico","og_description":"As cal\u00e7adas da avenida Get\u00falio Vargas, um dos principais corredores do Centro Hist\u00f3rico de Manaus, est\u00e3o passando por manuten\u00e7\u00e3o e revitaliza\u00e7\u00e3o dentro do programa Mutir\u00e3o no Centro.","og_url":"https:\/\/www.manaus.am.gov.br\/seminf\/revitaliza-calcadas-centro\/","og_site_name":"SEMINF","article_published_time":"2025-08-29T00:56:34+00:00","article_modified_time":"2025-08-29T00:56:35+00:00","og_image":[{"width":533,"height":800,"url":"https:\/\/www.manaus.am.gov.br\/seminf\/wp-content\/uploads\/sites\/6\/2025\/08\/Seminf-Centro-2-1.jpg","type":"image\/jpeg"}],"author":"smonteiro","twitter_card":"summary_large_image","twitter_misc":{"Written by":"smonteiro","Est. reading time":"3 minutos"},"schema":{"@context":"https:\/\/schema.org","@graph":[{"@type":"WebPage","@id":"https:\/\/www.manaus.am.gov.br\/seminf\/revitaliza-calcadas-centro\/","url":"https:\/\/www.manaus.am.gov.br\/seminf\/revitaliza-calcadas-centro\/","name":"Prefeitura de Manaus revitaliza cal\u00e7adas da avenida Get\u00falio Vargas e refor\u00e7a transforma\u00e7\u00e3o do Centro Hist\u00f3rico","isPartOf":{"@id":"https:\/\/www.manaus.am.gov.br\/seminf\/#website"},"primaryImageOfPage":{"@id":"https:\/\/www.manaus.am.gov.br\/seminf\/revitaliza-calcadas-centro\/#primaryimage"},"image":{"@id":"https:\/\/www.manaus.am.gov.br\/seminf\/revitaliza-calcadas-centro\/#primaryimage"},"thumbnailUrl":"https:\/\/www.manaus.am.gov.br\/seminf\/wp-content\/uploads\/sites\/6\/2025\/08\/Seminf-Centro-2-1.jpg","datePublished":"2025-08-29T00:56:34+00:00","dateModified":"2025-08-29T00:56:35+00:00","author":{"@id":"https:\/\/www.manaus.am.gov.br\/seminf\/#\/schema\/person\/ab4dcf766a54dff74e8d267f5c591961"},"description":"As cal\u00e7adas da avenida Get\u00falio Vargas, um dos principais corredores do Centro Hist\u00f3rico de Manaus, est\u00e3o passando por manuten\u00e7\u00e3o e revitaliza\u00e7\u00e3o dentro do programa Mutir\u00e3o no Centro.","inLanguage":"pt-BR","potentialAction":[{"@type":"ReadAction","target":["https:\/\/www.manaus.am.gov.br\/seminf\/revitaliza-calcadas-centro\/"]}]},{"@type":"ImageObject","inLanguage":"pt-BR","@id":"https:\/\/www.manaus.am.gov.br\/seminf\/revitaliza-calcadas-centro\/#primaryimage","url":"https:\/\/www.manaus.am.gov.br\/seminf\/wp-content\/uploads\/sites\/6\/2025\/08\/Seminf-Centro-2-1.jpg","contentUrl":"https:\/\/www.manaus.am.gov.br\/seminf\/wp-content\/uploads\/sites\/6\/2025\/08\/Seminf-Centro-2-1.jpg","width":533,"height":800,"caption":"#paratodosverem - prefeitura atua na recupera\u00e7\u00e3o de cal\u00e7adas e meios-fios no centro"},{"@type":"WebSite","@id":"https:\/\/www.manaus.am.gov.br\/seminf\/#website","url":"https:\/\/www.manaus.am.gov.br\/seminf\/","name":"Secretaria de Infraestrutura","description":"Secretaria Municipal de Infraestrutura","potentialAction":[{"@type":"SearchAction","target":{"@type":"EntryPoint","urlTemplate":"https:\/\/www.manaus.am.gov.br\/seminf\/?s={search_term_string}"},"query-input":"required name=search_term_string"}],"inLanguage":"pt-BR"},{"@type":"Person","@id":"https:\/\/www.manaus.am.gov.br\/seminf\/#\/schema\/person\/ab4dcf766a54dff74e8d267f5c591961","name":"smonteiro","image":{"@type":"ImageObject","inLanguage":"pt-BR","@id":"https:\/\/www.manaus.am.gov.br\/seminf\/#\/schema\/person\/image\/","url":"https:\/\/secure.gravatar.com\/avatar\/21c8776ef61d9272c73322052e042d77?s=96&d=mm&r=g","contentUrl":"https:\/\/secure.gravatar.com\/avatar\/21c8776ef61d9272c73322052e042d77?s=96&d=mm&r=g","caption":"smonteiro"}}]}},"_links":{"self":[{"href":"https:\/\/www.manaus.am.gov.br\/seminf\/wp-json\/wp\/v2\/posts\/6613"}],"collection":[{"href":"https:\/\/www.manaus.am.gov.br\/seminf\/wp-json\/wp\/v2\/posts"}],"about":[{"href":"https:\/\/www.manaus.am.gov.br\/seminf\/wp-json\/wp\/v2\/types\/post"}],"author":[{"embeddable":true,"href":"https:\/\/www.manaus.am.gov.br\/seminf\/wp-json\/wp\/v2\/users\/61"}],"replies":[{"embeddable":true,"href":"https:\/\/www.manaus.am.gov.br\/seminf\/wp-json\/wp\/v2\/comments?post=6613"}],"version-history":[{"count":0,"href":"https:\/\/www.manaus.am.gov.br\/seminf\/wp-json\/wp\/v2\/posts\/6613\/revisions"}],"wp:featuredmedia":[{"embeddable":true,"href":"https:\/\/www.manaus.am.gov.br\/seminf\/wp-json\/wp\/v2\/media\/6615"}],"wp:attachment":[{"href":"https:\/\/www.manaus.am.gov.br\/seminf\/wp-json\/wp\/v2\/media?parent=6613"}],"wp:term":[{"taxonomy":"category","embeddable":true,"href":"https:\/\/www.manaus.am.gov.br\/seminf\/wp-json\/wp\/v2\/categories?post=6613"},{"taxonomy":"post_tag","embeddable":true,"href":"https:\/\/www.manaus.am.gov.br\/seminf\/wp-json\/wp\/v2\/tags?post=6613"}],"curies":[{"name":"wp","href":"https:\/\/api.w.org\/{rel}","templated":true}]}}