{"id":6398,"date":"2025-08-13T11:16:35","date_gmt":"2025-08-13T15:16:35","guid":{"rendered":"https:\/\/www.manaus.am.gov.br\/seminf\/notadepesar-anamariaduartepessoa\/"},"modified":"2025-08-13T11:16:38","modified_gmt":"2025-08-13T15:16:38","slug":"notadepesar-anamariaduartepessoa","status":"publish","type":"post","link":"https:\/\/www.manaus.am.gov.br\/seminf\/notadepesar-anamariaduartepessoa\/","title":{"rendered":"Ana Maria Duarte Pessoa"},"content":{"rendered":"\n<p>A Prefeitura de Manaus, por meio da Secretaria Municipal de Infraestrutura (Seminf), lamenta profundamente a morte de Ana Maria Duarte Pessoa, 66, ocorrida nesta ter\u00e7a-feira, 12\/8.<\/p>\n\n\n\n<p>Servidora exemplar, Ana Maria dedicou 50 anos de vida \u00e0 Seminf, deixando um legado de profissionalismo, amizade e amor pelo trabalho que desempenhava.<\/p>\n\n\n\n<p>&#8220;Hoje nos despedimos de uma mulher que fez hist\u00f3ria na Seminf. Ana Maria deixa li\u00e7\u00f5es de dedica\u00e7\u00e3o e humanidade que jamais ser\u00e3o esquecidas. Que Deus conforte o cora\u00e7\u00e3o de familiares e amigos&#8221;, disse o vice-prefeito e secret\u00e1rio de Obras, Renato Junior.<\/p>\n\n\n\n<p>Ana Maria deixa esposa, uma filha e uma neta. O vel\u00f3rio acontece na funer\u00e1ria S\u00e3o Francisco, sal\u00e3o Brom\u00e9lia, localizada na avenida Carvalho Leal, n\u00ba 1.000, bairro Cachoeirinha. O sepultamento ser\u00e1 no cemit\u00e9rio S\u00e3o Jo\u00e3o Batista, no boulevard \u00c1lvaro Maia, s\/n\u00ba, bairro Nossa Senhora das Gra\u00e7as, com sa\u00edda prevista \u00e0s 15h30.<\/p>\n\n\n\n<p>&#8212; &#8212; &#8212;<\/p>\n\n\n\n<p><strong>Texto\u00a0<\/strong>&#8211; Valesca Martins\/ Seminf<\/p>\n","protected":false},"excerpt":{"rendered":"","protected":false},"author":23,"featured_media":4068,"comment_status":"closed","ping_status":"closed","sticky":false,"template":"","format":"standard","meta":{"footnotes":""},"categories":[621],"tags":[2374,623,43,26],"acf":[],"yoast_head":"<!-- This site is optimized with the Yoast SEO plugin v23.0 - https:\/\/yoast.com\/wordpress\/plugins\/seo\/ -->\n<title>Ana Maria Duarte Pessoa<\/title>\n<meta name=\"description\" content=\"A Prefeitura de Manaus, por meio da Secretaria Municipal de Infraestrutura (Seminf), lamenta profundamente a morte de Ana Maria Duarte Pessoa, 66, ocorrido nesta ter\u00e7a-feira, 12\/8.\" \/>\n<meta name=\"robots\" content=\"index, follow, max-snippet:-1, max-image-preview:large, max-video-preview:-1\" \/>\n<link rel=\"canonical\" href=\"https:\/\/www.manaus.am.gov.br\/seminf\/notadepesar-anamariaduartepessoa\/\" \/>\n<meta property=\"og:locale\" content=\"pt_BR\" \/>\n<meta property=\"og:type\" content=\"article\" \/>\n<meta property=\"og:title\" content=\"Ana Maria Duarte Pessoa\" \/>\n<meta property=\"og:description\" content=\"A Prefeitura de Manaus, por meio da Secretaria Municipal de Infraestrutura (Seminf), lamenta profundamente a morte de Ana Maria Duarte Pessoa, 66, ocorrido nesta ter\u00e7a-feira, 12\/8.\" \/>\n<meta property=\"og:url\" content=\"https:\/\/www.manaus.am.gov.br\/seminf\/notadepesar-anamariaduartepessoa\/\" \/>\n<meta property=\"og:site_name\" content=\"SEMINF\" \/>\n<meta property=\"article:published_time\" content=\"2025-08-13T15:16:35+00:00\" \/>\n<meta property=\"article:modified_time\" content=\"2025-08-13T15:16:38+00:00\" \/>\n<meta property=\"og:image\" content=\"https:\/\/www.manaus.am.gov.br\/seminf\/wp-content\/uploads\/sites\/6\/2025\/01\/Nota-de-Pesar_Deslizamento-Redencao.png\" \/>\n\t<meta property=\"og:image:width\" content=\"900\" \/>\n\t<meta property=\"og:image:height\" content=\"509\" \/>\n\t<meta property=\"og:image:type\" content=\"image\/png\" \/>\n<meta name=\"author\" content=\"Adriana Costa\" \/>\n<meta name=\"twitter:card\" content=\"summary_large_image\" \/>\n<meta name=\"twitter:label1\" content=\"Written by\" \/>\n\t<meta name=\"twitter:data1\" content=\"Adriana Costa\" \/>\n\t<meta name=\"twitter:label2\" content=\"Est. reading time\" \/>\n\t<meta name=\"twitter:data2\" content=\"1 minuto\" \/>\n<script type=\"application\/ld+json\" class=\"yoast-schema-graph\">{\"@context\":\"https:\/\/schema.org\",\"@graph\":[{\"@type\":\"WebPage\",\"@id\":\"https:\/\/www.manaus.am.gov.br\/seminf\/notadepesar-anamariaduartepessoa\/\",\"url\":\"https:\/\/www.manaus.am.gov.br\/seminf\/notadepesar-anamariaduartepessoa\/\",\"name\":\"Ana Maria Duarte Pessoa\",\"isPartOf\":{\"@id\":\"https:\/\/www.manaus.am.gov.br\/seminf\/#website\"},\"primaryImageOfPage\":{\"@id\":\"https:\/\/www.manaus.am.gov.br\/seminf\/notadepesar-anamariaduartepessoa\/#primaryimage\"},\"image\":{\"@id\":\"https:\/\/www.manaus.am.gov.br\/seminf\/notadepesar-anamariaduartepessoa\/#primaryimage\"},\"thumbnailUrl\":\"https:\/\/www.manaus.am.gov.br\/seminf\/wp-content\/uploads\/sites\/6\/2025\/01\/Nota-de-Pesar_Deslizamento-Redencao.png\",\"datePublished\":\"2025-08-13T15:16:35+00:00\",\"dateModified\":\"2025-08-13T15:16:38+00:00\",\"author\":{\"@id\":\"https:\/\/www.manaus.am.gov.br\/seminf\/#\/schema\/person\/4e49f4e267757a06ca072ec61b2b9968\"},\"description\":\"A Prefeitura de Manaus, por meio da Secretaria Municipal de Infraestrutura (Seminf), lamenta profundamente a morte de Ana Maria Duarte Pessoa, 66, ocorrido nesta ter\u00e7a-feira, 12\/8.\",\"inLanguage\":\"pt-BR\",\"potentialAction\":[{\"@type\":\"ReadAction\",\"target\":[\"https:\/\/www.manaus.am.gov.br\/seminf\/notadepesar-anamariaduartepessoa\/\"]}]},{\"@type\":\"ImageObject\",\"inLanguage\":\"pt-BR\",\"@id\":\"https:\/\/www.manaus.am.gov.br\/seminf\/notadepesar-anamariaduartepessoa\/#primaryimage\",\"url\":\"https:\/\/www.manaus.am.gov.br\/seminf\/wp-content\/uploads\/sites\/6\/2025\/01\/Nota-de-Pesar_Deslizamento-Redencao.png\",\"contentUrl\":\"https:\/\/www.manaus.am.gov.br\/seminf\/wp-content\/uploads\/sites\/6\/2025\/01\/Nota-de-Pesar_Deslizamento-Redencao.png\",\"width\":900,\"height\":509,\"caption\":\"Deslizamento Reden\u00e7\u00e3o\"},{\"@type\":\"WebSite\",\"@id\":\"https:\/\/www.manaus.am.gov.br\/seminf\/#website\",\"url\":\"https:\/\/www.manaus.am.gov.br\/seminf\/\",\"name\":\"Secretaria de Infraestrutura\",\"description\":\"Secretaria Municipal de Infraestrutura\",\"potentialAction\":[{\"@type\":\"SearchAction\",\"target\":{\"@type\":\"EntryPoint\",\"urlTemplate\":\"https:\/\/www.manaus.am.gov.br\/seminf\/?s={search_term_string}\"},\"query-input\":\"required name=search_term_string\"}],\"inLanguage\":\"pt-BR\"},{\"@type\":\"Person\",\"@id\":\"https:\/\/www.manaus.am.gov.br\/seminf\/#\/schema\/person\/4e49f4e267757a06ca072ec61b2b9968\",\"name\":\"Adriana Costa\",\"image\":{\"@type\":\"ImageObject\",\"inLanguage\":\"pt-BR\",\"@id\":\"https:\/\/www.manaus.am.gov.br\/seminf\/#\/schema\/person\/image\/\",\"url\":\"https:\/\/secure.gravatar.com\/avatar\/576258617ef7194f718179e766d57bd4?s=96&d=mm&r=g\",\"contentUrl\":\"https:\/\/secure.gravatar.com\/avatar\/576258617ef7194f718179e766d57bd4?s=96&d=mm&r=g\",\"caption\":\"Adriana Costa\"}}]}<\/script>\n<!-- \/ Yoast SEO plugin. -->","yoast_head_json":{"title":"Ana Maria Duarte Pessoa","description":"A Prefeitura de Manaus, por meio da Secretaria Municipal de Infraestrutura (Seminf), lamenta profundamente a morte de Ana Maria Duarte Pessoa, 66, ocorrido nesta ter\u00e7a-feira, 12\/8.","robots":{"index":"index","follow":"follow","max-snippet":"max-snippet:-1","max-image-preview":"max-image-preview:large","max-video-preview":"max-video-preview:-1"},"canonical":"https:\/\/www.manaus.am.gov.br\/seminf\/notadepesar-anamariaduartepessoa\/","og_locale":"pt_BR","og_type":"article","og_title":"Ana Maria Duarte Pessoa","og_description":"A Prefeitura de Manaus, por meio da Secretaria Municipal de Infraestrutura (Seminf), lamenta profundamente a morte de Ana Maria Duarte Pessoa, 66, ocorrido nesta ter\u00e7a-feira, 12\/8.","og_url":"https:\/\/www.manaus.am.gov.br\/seminf\/notadepesar-anamariaduartepessoa\/","og_site_name":"SEMINF","article_published_time":"2025-08-13T15:16:35+00:00","article_modified_time":"2025-08-13T15:16:38+00:00","og_image":[{"width":900,"height":509,"url":"https:\/\/www.manaus.am.gov.br\/seminf\/wp-content\/uploads\/sites\/6\/2025\/01\/Nota-de-Pesar_Deslizamento-Redencao.png","type":"image\/png"}],"author":"Adriana Costa","twitter_card":"summary_large_image","twitter_misc":{"Written by":"Adriana Costa","Est. reading time":"1 minuto"},"schema":{"@context":"https:\/\/schema.org","@graph":[{"@type":"WebPage","@id":"https:\/\/www.manaus.am.gov.br\/seminf\/notadepesar-anamariaduartepessoa\/","url":"https:\/\/www.manaus.am.gov.br\/seminf\/notadepesar-anamariaduartepessoa\/","name":"Ana Maria Duarte Pessoa","isPartOf":{"@id":"https:\/\/www.manaus.am.gov.br\/seminf\/#website"},"primaryImageOfPage":{"@id":"https:\/\/www.manaus.am.gov.br\/seminf\/notadepesar-anamariaduartepessoa\/#primaryimage"},"image":{"@id":"https:\/\/www.manaus.am.gov.br\/seminf\/notadepesar-anamariaduartepessoa\/#primaryimage"},"thumbnailUrl":"https:\/\/www.manaus.am.gov.br\/seminf\/wp-content\/uploads\/sites\/6\/2025\/01\/Nota-de-Pesar_Deslizamento-Redencao.png","datePublished":"2025-08-13T15:16:35+00:00","dateModified":"2025-08-13T15:16:38+00:00","author":{"@id":"https:\/\/www.manaus.am.gov.br\/seminf\/#\/schema\/person\/4e49f4e267757a06ca072ec61b2b9968"},"description":"A Prefeitura de Manaus, por meio da Secretaria Municipal de Infraestrutura (Seminf), lamenta profundamente a morte de Ana Maria Duarte Pessoa, 66, ocorrido nesta ter\u00e7a-feira, 12\/8.","inLanguage":"pt-BR","potentialAction":[{"@type":"ReadAction","target":["https:\/\/www.manaus.am.gov.br\/seminf\/notadepesar-anamariaduartepessoa\/"]}]},{"@type":"ImageObject","inLanguage":"pt-BR","@id":"https:\/\/www.manaus.am.gov.br\/seminf\/notadepesar-anamariaduartepessoa\/#primaryimage","url":"https:\/\/www.manaus.am.gov.br\/seminf\/wp-content\/uploads\/sites\/6\/2025\/01\/Nota-de-Pesar_Deslizamento-Redencao.png","contentUrl":"https:\/\/www.manaus.am.gov.br\/seminf\/wp-content\/uploads\/sites\/6\/2025\/01\/Nota-de-Pesar_Deslizamento-Redencao.png","width":900,"height":509,"caption":"Deslizamento Reden\u00e7\u00e3o"},{"@type":"WebSite","@id":"https:\/\/www.manaus.am.gov.br\/seminf\/#website","url":"https:\/\/www.manaus.am.gov.br\/seminf\/","name":"Secretaria de Infraestrutura","description":"Secretaria Municipal de Infraestrutura","potentialAction":[{"@type":"SearchAction","target":{"@type":"EntryPoint","urlTemplate":"https:\/\/www.manaus.am.gov.br\/seminf\/?s={search_term_string}"},"query-input":"required name=search_term_string"}],"inLanguage":"pt-BR"},{"@type":"Person","@id":"https:\/\/www.manaus.am.gov.br\/seminf\/#\/schema\/person\/4e49f4e267757a06ca072ec61b2b9968","name":"Adriana Costa","image":{"@type":"ImageObject","inLanguage":"pt-BR","@id":"https:\/\/www.manaus.am.gov.br\/seminf\/#\/schema\/person\/image\/","url":"https:\/\/secure.gravatar.com\/avatar\/576258617ef7194f718179e766d57bd4?s=96&d=mm&r=g","contentUrl":"https:\/\/secure.gravatar.com\/avatar\/576258617ef7194f718179e766d57bd4?s=96&d=mm&r=g","caption":"Adriana Costa"}}]}},"_links":{"self":[{"href":"https:\/\/www.manaus.am.gov.br\/seminf\/wp-json\/wp\/v2\/posts\/6398"}],"collection":[{"href":"https:\/\/www.manaus.am.gov.br\/seminf\/wp-json\/wp\/v2\/posts"}],"about":[{"href":"https:\/\/www.manaus.am.gov.br\/seminf\/wp-json\/wp\/v2\/types\/post"}],"author":[{"embeddable":true,"href":"https:\/\/www.manaus.am.gov.br\/seminf\/wp-json\/wp\/v2\/users\/23"}],"replies":[{"embeddable":true,"href":"https:\/\/www.manaus.am.gov.br\/seminf\/wp-json\/wp\/v2\/comments?post=6398"}],"version-history":[{"count":0,"href":"https:\/\/www.manaus.am.gov.br\/seminf\/wp-json\/wp\/v2\/posts\/6398\/revisions"}],"wp:featuredmedia":[{"embeddable":true,"href":"https:\/\/www.manaus.am.gov.br\/seminf\/wp-json\/wp\/v2\/media\/4068"}],"wp:attachment":[{"href":"https:\/\/www.manaus.am.gov.br\/seminf\/wp-json\/wp\/v2\/media?parent=6398"}],"wp:term":[{"taxonomy":"category","embeddable":true,"href":"https:\/\/www.manaus.am.gov.br\/seminf\/wp-json\/wp\/v2\/categories?post=6398"},{"taxonomy":"post_tag","embeddable":true,"href":"https:\/\/www.manaus.am.gov.br\/seminf\/wp-json\/wp\/v2\/tags?post=6398"}],"curies":[{"name":"wp","href":"https:\/\/api.w.org\/{rel}","templated":true}]}}