{"id":6355,"date":"2025-08-08T15:49:10","date_gmt":"2025-08-08T19:49:10","guid":{"rendered":"https:\/\/www.manaus.am.gov.br\/seminf\/requalificacao-infraestrutura-mobilidade-centro\/"},"modified":"2025-08-08T15:51:29","modified_gmt":"2025-08-08T19:51:29","slug":"requalificacao-infraestrutura-mobilidade-centro","status":"publish","type":"post","link":"https:\/\/www.manaus.am.gov.br\/seminf\/requalificacao-infraestrutura-mobilidade-centro\/","title":{"rendered":"Prefeitura de Manaus requalifica infraestrutura e mobilidade no centro hist\u00f3rico em cinco dias de mutir\u00e3o"},"content":{"rendered":"\n<p>A Prefeitura de Manaus, por meio da Secretaria Municipal de Infraestrutura (Seminf), concluiu, nesta sexta-feira, 8\/8, os primeiros cinco dias de trabalho do quinto \u201cMutir\u00e3o no Bairro\u201d, realizado no centro hist\u00f3rico da cidade, com intuito de promover melhorias significativas na mobilidade, seguran\u00e7a e valoriza\u00e7\u00e3o da regi\u00e3o hist\u00f3rica da capital.<\/p>\n\n\n\n<p>A opera\u00e7\u00e3o reuniu 16 secretarias municipais em uma a\u00e7\u00e3o integrada de infraestrutura, limpeza urbana, mobilidade, ordenamento e assist\u00eancia social. Com dura\u00e7\u00e3o estimada de 90 dias, o mutir\u00e3o ser\u00e1 dividido em tr\u00eas grandes polos territoriais e, nesta primeira fase, contempla 49 ruas.<\/p>\n\n\n\n<p>\u201cO&nbsp;centro de Manaus&nbsp;est\u00e1 recebendo a aten\u00e7\u00e3o que merece. Em poucos dias, j\u00e1 vemos mudan\u00e7as vis\u00edveis e significativas, sentimos a satisfa\u00e7\u00e3o das pessoas que transitam por aqui. Esse \u00e9 um trabalho que vai muito al\u00e9m da infraestrutura, \u00e9 sobre devolver orgulho e seguran\u00e7a \u00e0 popula\u00e7\u00e3o\u201d, destacou o vice-prefeito e secret\u00e1rio de Obras, Renato Junior.<\/p>\n\n\n\n<p><strong>Servi\u00e7os<\/strong><\/p>\n\n\n\n<p>O trabalho no \u201cMutir\u00e3o no Bairro\u201d conta com cerca de cem profissionais da Seminf, apoiados por equipamentos especializados, ca\u00e7ambas e retroescavadeiras, atuando de forma coordenada e intensiva, dia e noite, na \u00e1rea do centro hist\u00f3rico.<\/p>\n\n\n\n<p>As equipes da Seminf executaram a implanta\u00e7\u00e3o de 320 metros de meio-fio e cal\u00e7adas recuperadas, garantindo mais acessibilidade aos pedestres e preservando a est\u00e9tica&nbsp;do Centro. Foram mais de 20 caixas coletoras desobstru\u00eddas, melhorando a drenagem e prevenindo alagamentos.<\/p>\n\n\n\n<p>Al\u00e9m disso, cinco quiosques na \u00e1rea externa da Manaus Moderna em situa\u00e7\u00e3o de risco foram demolidos para liberar espa\u00e7o p\u00fablico e eliminar perigos \u00e0 popula\u00e7\u00e3o. No sistema de drenagem, cinco interven\u00e7\u00f5es de desobstru\u00e7\u00f5es com aux\u00edlio de hidrojato devolveram fluidez \u00e0 rede, evitando transtornos em per\u00edodos de chuva.<\/p>\n\n\n\n<p>Outro avan\u00e7o importante \u00e9 a execu\u00e7\u00e3o de 250 metros de drenagem superficial na rua Marc\u00edlio Dias, com a implanta\u00e7\u00e3o de grelhas de fibra de vidro, um material sem valor comercial, que representa uma nova tecnologia adotada pela prefeitura para coibir furtos recorrentes e garantir mais durabilidade ao sistema.<\/p>\n\n\n\n<p>Tamb\u00e9m foi realizado o recapeamento de 300 metros de extens\u00e3o na rua Jos\u00e9 Clemente. A via agora conta com asfalto novo, garantindo tr\u00e1fego mais seguro e confort\u00e1vel para motoristas e pedestres.<\/p>\n\n\n\n<p>A Unidade Gestora de Projetos Municipais de Abastecimento de Energia El\u00e9trica (UGPM-Energia) realizou 570 interven\u00e7\u00f5es de manuten\u00e7\u00e3o em lumin\u00e1rias e refletores, especialmente em \u00e1reas escuras e de vulnerabilidade, proporcionando n\u00e3o apenas mais ilumina\u00e7\u00e3o, mas seguran\u00e7a \u00e0 popula\u00e7\u00e3o.<\/p>\n\n\n\n<p>J\u00e1 a Unidade Gestora de Abastecimento de \u00c1gua e Esgotamento Sanit\u00e1rio (UGPM\u2013\u00c1gua) identificou e solicitou \u00e0 concession\u00e1ria de \u00e1gua a solu\u00e7\u00e3o de quatro vazamentos, al\u00e9m da reposi\u00e7\u00e3o asf\u00e1ltica em tr\u00eas pontos de servi\u00e7os da concession\u00e1ria e fiscaliza\u00e7\u00e3o da execu\u00e7\u00e3o dos trabalhos. Em parceria com a concession\u00e1ria, a UGPM-\u00c1gua prestou diversos servi\u00e7os \u00e0 comunidade, como religa\u00e7\u00e3o de \u00e1gua, cadastro na tarifa social e troca de titularidade, garantindo atendimento \u00e1gil e direto ao cidad\u00e3o.<\/p>\n\n\n\n<p>O mutir\u00e3o\u00a0no Centro\u00a0segue avan\u00e7ando com o objetivo de resgatar a vitalidade do cora\u00e7\u00e3o hist\u00f3rico de Manaus, oferecendo um espa\u00e7o mais seguro, iluminado e funcional para moradores, trabalhadores e visitantes.<\/p>\n\n\n\n<figure class=\"wp-block-image size-large\"><img loading=\"lazy\" decoding=\"async\" width=\"1024\" height=\"683\" src=\"https:\/\/www.manaus.am.gov.br\/seminf\/wp-content\/uploads\/sites\/6\/2025\/08\/736A6502-1024x683.jpg\" alt=\"\" class=\"wp-image-6357\" srcset=\"https:\/\/www.manaus.am.gov.br\/seminf\/wp-content\/uploads\/sites\/6\/2025\/08\/736A6502-1024x683.jpg 1024w, https:\/\/www.manaus.am.gov.br\/seminf\/wp-content\/uploads\/sites\/6\/2025\/08\/736A6502-300x200.jpg 300w, https:\/\/www.manaus.am.gov.br\/seminf\/wp-content\/uploads\/sites\/6\/2025\/08\/736A6502-768x512.jpg 768w, https:\/\/www.manaus.am.gov.br\/seminf\/wp-content\/uploads\/sites\/6\/2025\/08\/736A6502-1536x1024.jpg 1536w, https:\/\/www.manaus.am.gov.br\/seminf\/wp-content\/uploads\/sites\/6\/2025\/08\/736A6502-2048x1365.jpg 2048w\" sizes=\"(max-width: 1024px) 100vw, 1024px\" \/><\/figure>\n\n\n\n<p>&#8212; &#8212; &#8212;<\/p>\n\n\n\n<p><strong>Texto<\/strong>\u00a0&#8211; Valesca Martins\/Seminf<\/p>\n\n\n\n<p><strong>Fotos &#8211;<\/strong> M\u00e1rcio Melo\/Seminf<\/p>\n","protected":false},"excerpt":{"rendered":"","protected":false},"author":39,"featured_media":6356,"comment_status":"closed","ping_status":"closed","sticky":false,"template":"","format":"standard","meta":{"footnotes":""},"categories":[397],"tags":[2198,2357,2358,43,2359,26],"acf":[],"yoast_head":"<!-- This site is optimized with the Yoast SEO plugin v23.0 - https:\/\/yoast.com\/wordpress\/plugins\/seo\/ -->\n<title>Prefeitura requalifica infraestrutura e mobilidade no Centro<\/title>\n<meta name=\"description\" content=\"Prefeitura de Manaus requalifica infraestrutura e mobilidade no centro hist\u00f3rico da cidade em cinco dias de mutir\u00e3o.\" \/>\n<meta name=\"robots\" content=\"index, follow, max-snippet:-1, max-image-preview:large, max-video-preview:-1\" \/>\n<link rel=\"canonical\" href=\"https:\/\/www.manaus.am.gov.br\/seminf\/requalificacao-infraestrutura-mobilidade-centro\/\" \/>\n<meta property=\"og:locale\" content=\"pt_BR\" \/>\n<meta property=\"og:type\" content=\"article\" \/>\n<meta property=\"og:title\" content=\"Prefeitura requalifica infraestrutura e mobilidade no Centro\" \/>\n<meta property=\"og:description\" content=\"Prefeitura de Manaus requalifica infraestrutura e mobilidade no centro hist\u00f3rico da cidade em cinco dias de mutir\u00e3o.\" \/>\n<meta property=\"og:url\" content=\"https:\/\/www.manaus.am.gov.br\/seminf\/requalificacao-infraestrutura-mobilidade-centro\/\" \/>\n<meta property=\"og:site_name\" content=\"SEMINF\" \/>\n<meta property=\"article:published_time\" content=\"2025-08-08T19:49:10+00:00\" \/>\n<meta property=\"article:modified_time\" content=\"2025-08-08T19:51:29+00:00\" \/>\n<meta property=\"og:image\" content=\"https:\/\/www.manaus.am.gov.br\/seminf\/wp-content\/uploads\/sites\/6\/2025\/08\/736A6806-rotated-e1754682408459.jpg\" \/>\n\t<meta property=\"og:image:width\" content=\"2976\" \/>\n\t<meta property=\"og:image:height\" content=\"2633\" \/>\n\t<meta property=\"og:image:type\" content=\"image\/jpeg\" \/>\n<meta name=\"author\" content=\"Bruna Greco\" \/>\n<meta name=\"twitter:card\" content=\"summary_large_image\" \/>\n<meta name=\"twitter:label1\" content=\"Written by\" \/>\n\t<meta name=\"twitter:data1\" content=\"Bruna Greco\" \/>\n\t<meta name=\"twitter:label2\" content=\"Est. reading time\" \/>\n\t<meta name=\"twitter:data2\" content=\"4 minutos\" \/>\n<script type=\"application\/ld+json\" class=\"yoast-schema-graph\">{\"@context\":\"https:\/\/schema.org\",\"@graph\":[{\"@type\":\"WebPage\",\"@id\":\"https:\/\/www.manaus.am.gov.br\/seminf\/requalificacao-infraestrutura-mobilidade-centro\/\",\"url\":\"https:\/\/www.manaus.am.gov.br\/seminf\/requalificacao-infraestrutura-mobilidade-centro\/\",\"name\":\"Prefeitura requalifica infraestrutura e mobilidade no Centro\",\"isPartOf\":{\"@id\":\"https:\/\/www.manaus.am.gov.br\/seminf\/#website\"},\"primaryImageOfPage\":{\"@id\":\"https:\/\/www.manaus.am.gov.br\/seminf\/requalificacao-infraestrutura-mobilidade-centro\/#primaryimage\"},\"image\":{\"@id\":\"https:\/\/www.manaus.am.gov.br\/seminf\/requalificacao-infraestrutura-mobilidade-centro\/#primaryimage\"},\"thumbnailUrl\":\"https:\/\/www.manaus.am.gov.br\/seminf\/wp-content\/uploads\/sites\/6\/2025\/08\/736A6806-rotated-e1754682408459.jpg\",\"datePublished\":\"2025-08-08T19:49:10+00:00\",\"dateModified\":\"2025-08-08T19:51:29+00:00\",\"author\":{\"@id\":\"https:\/\/www.manaus.am.gov.br\/seminf\/#\/schema\/person\/05d223aea2bf115f9883a6ff3683d81b\"},\"description\":\"Prefeitura de Manaus requalifica infraestrutura e mobilidade no centro hist\u00f3rico da cidade em cinco dias de mutir\u00e3o.\",\"inLanguage\":\"pt-BR\",\"potentialAction\":[{\"@type\":\"ReadAction\",\"target\":[\"https:\/\/www.manaus.am.gov.br\/seminf\/requalificacao-infraestrutura-mobilidade-centro\/\"]}]},{\"@type\":\"ImageObject\",\"inLanguage\":\"pt-BR\",\"@id\":\"https:\/\/www.manaus.am.gov.br\/seminf\/requalificacao-infraestrutura-mobilidade-centro\/#primaryimage\",\"url\":\"https:\/\/www.manaus.am.gov.br\/seminf\/wp-content\/uploads\/sites\/6\/2025\/08\/736A6806-rotated-e1754682408459.jpg\",\"contentUrl\":\"https:\/\/www.manaus.am.gov.br\/seminf\/wp-content\/uploads\/sites\/6\/2025\/08\/736A6806-rotated-e1754682408459.jpg\",\"width\":2976,\"height\":2633,\"caption\":\"#paratodosverem - Equipe da Seminf executando o servi\u00e7o de recapeamento em via do Centro durante o \\\"Mutir\u00e3o no Bairro\\\"\"},{\"@type\":\"WebSite\",\"@id\":\"https:\/\/www.manaus.am.gov.br\/seminf\/#website\",\"url\":\"https:\/\/www.manaus.am.gov.br\/seminf\/\",\"name\":\"Secretaria de Infraestrutura\",\"description\":\"Secretaria Municipal de Infraestrutura\",\"potentialAction\":[{\"@type\":\"SearchAction\",\"target\":{\"@type\":\"EntryPoint\",\"urlTemplate\":\"https:\/\/www.manaus.am.gov.br\/seminf\/?s={search_term_string}\"},\"query-input\":\"required name=search_term_string\"}],\"inLanguage\":\"pt-BR\"},{\"@type\":\"Person\",\"@id\":\"https:\/\/www.manaus.am.gov.br\/seminf\/#\/schema\/person\/05d223aea2bf115f9883a6ff3683d81b\",\"name\":\"Bruna Greco\",\"image\":{\"@type\":\"ImageObject\",\"inLanguage\":\"pt-BR\",\"@id\":\"https:\/\/www.manaus.am.gov.br\/seminf\/#\/schema\/person\/image\/\",\"url\":\"https:\/\/secure.gravatar.com\/avatar\/9c877d1a6adc2a055330e5c09a8653ce?s=96&d=mm&r=g\",\"contentUrl\":\"https:\/\/secure.gravatar.com\/avatar\/9c877d1a6adc2a055330e5c09a8653ce?s=96&d=mm&r=g\",\"caption\":\"Bruna Greco\"}}]}<\/script>\n<!-- \/ Yoast SEO plugin. -->","yoast_head_json":{"title":"Prefeitura requalifica infraestrutura e mobilidade no Centro","description":"Prefeitura de Manaus requalifica infraestrutura e mobilidade no centro hist\u00f3rico da cidade em cinco dias de mutir\u00e3o.","robots":{"index":"index","follow":"follow","max-snippet":"max-snippet:-1","max-image-preview":"max-image-preview:large","max-video-preview":"max-video-preview:-1"},"canonical":"https:\/\/www.manaus.am.gov.br\/seminf\/requalificacao-infraestrutura-mobilidade-centro\/","og_locale":"pt_BR","og_type":"article","og_title":"Prefeitura requalifica infraestrutura e mobilidade no Centro","og_description":"Prefeitura de Manaus requalifica infraestrutura e mobilidade no centro hist\u00f3rico da cidade em cinco dias de mutir\u00e3o.","og_url":"https:\/\/www.manaus.am.gov.br\/seminf\/requalificacao-infraestrutura-mobilidade-centro\/","og_site_name":"SEMINF","article_published_time":"2025-08-08T19:49:10+00:00","article_modified_time":"2025-08-08T19:51:29+00:00","og_image":[{"width":2976,"height":2633,"url":"https:\/\/www.manaus.am.gov.br\/seminf\/wp-content\/uploads\/sites\/6\/2025\/08\/736A6806-rotated-e1754682408459.jpg","type":"image\/jpeg"}],"author":"Bruna Greco","twitter_card":"summary_large_image","twitter_misc":{"Written by":"Bruna Greco","Est. reading time":"4 minutos"},"schema":{"@context":"https:\/\/schema.org","@graph":[{"@type":"WebPage","@id":"https:\/\/www.manaus.am.gov.br\/seminf\/requalificacao-infraestrutura-mobilidade-centro\/","url":"https:\/\/www.manaus.am.gov.br\/seminf\/requalificacao-infraestrutura-mobilidade-centro\/","name":"Prefeitura requalifica infraestrutura e mobilidade no Centro","isPartOf":{"@id":"https:\/\/www.manaus.am.gov.br\/seminf\/#website"},"primaryImageOfPage":{"@id":"https:\/\/www.manaus.am.gov.br\/seminf\/requalificacao-infraestrutura-mobilidade-centro\/#primaryimage"},"image":{"@id":"https:\/\/www.manaus.am.gov.br\/seminf\/requalificacao-infraestrutura-mobilidade-centro\/#primaryimage"},"thumbnailUrl":"https:\/\/www.manaus.am.gov.br\/seminf\/wp-content\/uploads\/sites\/6\/2025\/08\/736A6806-rotated-e1754682408459.jpg","datePublished":"2025-08-08T19:49:10+00:00","dateModified":"2025-08-08T19:51:29+00:00","author":{"@id":"https:\/\/www.manaus.am.gov.br\/seminf\/#\/schema\/person\/05d223aea2bf115f9883a6ff3683d81b"},"description":"Prefeitura de Manaus requalifica infraestrutura e mobilidade no centro hist\u00f3rico da cidade em cinco dias de mutir\u00e3o.","inLanguage":"pt-BR","potentialAction":[{"@type":"ReadAction","target":["https:\/\/www.manaus.am.gov.br\/seminf\/requalificacao-infraestrutura-mobilidade-centro\/"]}]},{"@type":"ImageObject","inLanguage":"pt-BR","@id":"https:\/\/www.manaus.am.gov.br\/seminf\/requalificacao-infraestrutura-mobilidade-centro\/#primaryimage","url":"https:\/\/www.manaus.am.gov.br\/seminf\/wp-content\/uploads\/sites\/6\/2025\/08\/736A6806-rotated-e1754682408459.jpg","contentUrl":"https:\/\/www.manaus.am.gov.br\/seminf\/wp-content\/uploads\/sites\/6\/2025\/08\/736A6806-rotated-e1754682408459.jpg","width":2976,"height":2633,"caption":"#paratodosverem - Equipe da Seminf executando o servi\u00e7o de recapeamento em via do Centro durante o \"Mutir\u00e3o no Bairro\""},{"@type":"WebSite","@id":"https:\/\/www.manaus.am.gov.br\/seminf\/#website","url":"https:\/\/www.manaus.am.gov.br\/seminf\/","name":"Secretaria de Infraestrutura","description":"Secretaria Municipal de Infraestrutura","potentialAction":[{"@type":"SearchAction","target":{"@type":"EntryPoint","urlTemplate":"https:\/\/www.manaus.am.gov.br\/seminf\/?s={search_term_string}"},"query-input":"required name=search_term_string"}],"inLanguage":"pt-BR"},{"@type":"Person","@id":"https:\/\/www.manaus.am.gov.br\/seminf\/#\/schema\/person\/05d223aea2bf115f9883a6ff3683d81b","name":"Bruna Greco","image":{"@type":"ImageObject","inLanguage":"pt-BR","@id":"https:\/\/www.manaus.am.gov.br\/seminf\/#\/schema\/person\/image\/","url":"https:\/\/secure.gravatar.com\/avatar\/9c877d1a6adc2a055330e5c09a8653ce?s=96&d=mm&r=g","contentUrl":"https:\/\/secure.gravatar.com\/avatar\/9c877d1a6adc2a055330e5c09a8653ce?s=96&d=mm&r=g","caption":"Bruna Greco"}}]}},"_links":{"self":[{"href":"https:\/\/www.manaus.am.gov.br\/seminf\/wp-json\/wp\/v2\/posts\/6355"}],"collection":[{"href":"https:\/\/www.manaus.am.gov.br\/seminf\/wp-json\/wp\/v2\/posts"}],"about":[{"href":"https:\/\/www.manaus.am.gov.br\/seminf\/wp-json\/wp\/v2\/types\/post"}],"author":[{"embeddable":true,"href":"https:\/\/www.manaus.am.gov.br\/seminf\/wp-json\/wp\/v2\/users\/39"}],"replies":[{"embeddable":true,"href":"https:\/\/www.manaus.am.gov.br\/seminf\/wp-json\/wp\/v2\/comments?post=6355"}],"version-history":[{"count":5,"href":"https:\/\/www.manaus.am.gov.br\/seminf\/wp-json\/wp\/v2\/posts\/6355\/revisions"}],"predecessor-version":[{"id":6362,"href":"https:\/\/www.manaus.am.gov.br\/seminf\/wp-json\/wp\/v2\/posts\/6355\/revisions\/6362"}],"wp:featuredmedia":[{"embeddable":true,"href":"https:\/\/www.manaus.am.gov.br\/seminf\/wp-json\/wp\/v2\/media\/6356"}],"wp:attachment":[{"href":"https:\/\/www.manaus.am.gov.br\/seminf\/wp-json\/wp\/v2\/media?parent=6355"}],"wp:term":[{"taxonomy":"category","embeddable":true,"href":"https:\/\/www.manaus.am.gov.br\/seminf\/wp-json\/wp\/v2\/categories?post=6355"},{"taxonomy":"post_tag","embeddable":true,"href":"https:\/\/www.manaus.am.gov.br\/seminf\/wp-json\/wp\/v2\/tags?post=6355"}],"curies":[{"name":"wp","href":"https:\/\/api.w.org\/{rel}","templated":true}]}}