{"id":6254,"date":"2025-07-29T17:04:12","date_gmt":"2025-07-29T21:04:12","guid":{"rendered":"https:\/\/www.manaus.am.gov.br\/seminf\/ruas-zona-oeste-recuperacao-asfaltica\/"},"modified":"2025-07-29T17:06:37","modified_gmt":"2025-07-29T21:06:37","slug":"ruas-zona-oeste-recuperacao-asfaltica","status":"publish","type":"post","link":"https:\/\/www.manaus.am.gov.br\/seminf\/ruas-zona-oeste-recuperacao-asfaltica\/","title":{"rendered":"Ruas da zona Oeste recebem a\u00e7\u00e3o intensiva de recupera\u00e7\u00e3o asf\u00e1ltica da Prefeitura de Manaus"},"content":{"rendered":"\n<p>A Prefeitura de Manaus, por meio da Secretaria Municipal de Infraestrutura (Seminf), intensificou, nesta ter\u00e7a-feira, 29\/7, os trabalhos de tapa-buracos do \u201cPlano de Ver\u00e3o\u201d, levando recupera\u00e7\u00e3o asf\u00e1ltica para ruas da comunidade Parque S\u00e3o Pedro, no bairro Tarum\u00e3, zona Oeste da cidade.<\/p>\n\n\n\n<p>Logo nas primeiras horas do dia, as equipes entraram em a\u00e7\u00e3o em m\u00faltiplos trechos, com destaque para a rua Jorge Amado, antiga rua Goi\u00e2nia, que recebeu as primeiras camadas de asfalto. A chegada das m\u00e1quinas surpreendeu os moradores, que h\u00e1 anos conviviam com buracos e dificuldades de acesso.<\/p>\n\n\n\n<p>\u201cCom essa a\u00e7\u00e3o, refor\u00e7amos o compromisso da gest\u00e3o do prefeito David Almeida ao atender a popula\u00e7\u00e3o com celeridade, levando servi\u00e7os de qualidade e com equipes capacitadas para cumprir as miss\u00f5es. Seguimos por todas as zonas atuando com garra e determina\u00e7\u00e3o para trazer melhorias na infraestrutura da nossa cidade. Manaus continua avan\u00e7ando, vamos com tudo\u201d, afirmou o vice-prefeito e secret\u00e1rio de Obras, Renato Junior.<\/p>\n\n\n\n<p>A popula\u00e7\u00e3o acompanha de perto a execu\u00e7\u00e3o do servi\u00e7o e aprova o trabalho, como o morador da \u00e1rea Francisco Alves. \u201cO servi\u00e7o est\u00e1 muito bom, e queremos cada vez melhor. Eles est\u00e3o indo por etapas, mas v\u00e3o fazer tudo completo. N\u00f3s j\u00e1 aprovamos\u201d, comemorou.<\/p>\n\n\n\n<p>A satisfa\u00e7\u00e3o tamb\u00e9m foi compartilhada pela pod\u00f3loga Val\u00e9ria da Silva, de 39 anos, que destacou a import\u00e2ncia da presen\u00e7a do poder p\u00fablico na regi\u00e3o. \u201cA rua estava intrafeg\u00e1vel, principalmente a principal, onde passam os \u00f4nibus. Agora est\u00e1 bem melhor. Quem n\u00e3o quer uma rua totalmente asfaltada? A prefeitura est\u00e1 presente, e isso \u00e9 o que a gente espera. Est\u00e1 perfeito\u201d, disse.<\/p>\n\n\n\n<p>Al\u00e9m da rua Jorge Amado, outras importantes vias da comunidade tamb\u00e9m foram contempladas com a opera\u00e7\u00e3o. As ruas Jos\u00e9 Lins do Rego e S\u00e3o Crist\u00f3v\u00e3o, que apresentavam condi\u00e7\u00f5es cr\u00edticas, com buracos e trechos intransit\u00e1veis, receberam nova pavimenta\u00e7\u00e3o.<\/p>\n\n\n\n<p>Para os moradores, o impacto \u00e9 imediato. \u201cEstamos felizes com o trabalho da prefeitura. Parab\u00e9ns! Esse servi\u00e7o muda a realidade do nosso bairro\u201d, afirmou o morador da regi\u00e3o Diony Douglas, de 32 anos.<\/p>\n\n\n\n<p>Em outro ponto da comunidade, a rua Santa Rita tamb\u00e9m passou por melhorias. As equipes da Seminf atuaram na recupera\u00e7\u00e3o dos trechos mais deteriorados, devolvendo a trafegabilidade e a seguran\u00e7a aos moradores.<\/p>\n\n\n\n<p>O pedreiro Wincley Assun\u00e7\u00e3o, de 36 anos, acompanhou os servi\u00e7os e elogiou o ritmo da opera\u00e7\u00e3o. \u201cJ\u00e1 deu uma boa melhorada. O pessoal agora apareceu para fazer o servi\u00e7o, gra\u00e7as a Deus. Que continue assim, se Deus quiser e com sol tamb\u00e9m\u201d, agradeceu.<\/p>\n\n\n\n<p>O \u201cPlano de Ver\u00e3o\u201d tem como foco intensificar a recupera\u00e7\u00e3o de ruas nesse per\u00edodo ensolarado, aproveitando as condi\u00e7\u00f5es clim\u00e1ticas favor\u00e1veis para acelerar os servi\u00e7os. A a\u00e7\u00e3o contempla v\u00e1rias \u00e1reas da cidade, alcan\u00e7ando n\u00e3o apenas as vias principais, mas tamb\u00e9m as ruas das comunidades que h\u00e1 anos esperavam por investimentos em infraestrutura.<\/p>\n\n\n\n<p>A gest\u00e3o do prefeito David Almeida refor\u00e7a o compromisso de levar asfalto de qualidade, dignidade e mais mobilidade para todas as regi\u00f5es de Manaus. Com equipes t\u00e9cnicas capacitadas e maquin\u00e1rio pesado, a Seminf mant\u00e9m frentes de obras ativas diariamente em v\u00e1rios bairros da capital, garantindo que o avan\u00e7o chegue a quem mais precisa.<\/p>\n\n\n\n<figure class=\"wp-block-image size-large\"><img loading=\"lazy\" decoding=\"async\" width=\"1024\" height=\"683\" src=\"https:\/\/www.manaus.am.gov.br\/seminf\/wp-content\/uploads\/sites\/6\/2025\/07\/54687533346_f216af6a65_k-1024x683.jpg\" alt=\"\" class=\"wp-image-6256\" srcset=\"https:\/\/www.manaus.am.gov.br\/seminf\/wp-content\/uploads\/sites\/6\/2025\/07\/54687533346_f216af6a65_k-1024x683.jpg 1024w, https:\/\/www.manaus.am.gov.br\/seminf\/wp-content\/uploads\/sites\/6\/2025\/07\/54687533346_f216af6a65_k-300x200.jpg 300w, https:\/\/www.manaus.am.gov.br\/seminf\/wp-content\/uploads\/sites\/6\/2025\/07\/54687533346_f216af6a65_k-768x512.jpg 768w, https:\/\/www.manaus.am.gov.br\/seminf\/wp-content\/uploads\/sites\/6\/2025\/07\/54687533346_f216af6a65_k-1536x1024.jpg 1536w, https:\/\/www.manaus.am.gov.br\/seminf\/wp-content\/uploads\/sites\/6\/2025\/07\/54687533346_f216af6a65_k.jpg 2047w\" sizes=\"(max-width: 1024px) 100vw, 1024px\" \/><\/figure>\n\n\n\n<p>&#8212; &#8212; &#8212;<\/p>\n\n\n\n<p><strong>Texto&nbsp;<\/strong>&#8211; Maria Amed\/Seminf<\/p>\n\n\n\n<p><strong>Fotos &#8211;<\/strong> M\u00e1rcio Melo\/Seminf<\/p>\n\n\n\n<p><strong>Dispon\u00edveis em &#8211; <\/strong><a href=\"https:\/\/flic.kr\/s\/aHBqjCoxhB\">https:\/\/flic.kr\/s\/aHBqjCoxhB<\/a><\/p>\n","protected":false},"excerpt":{"rendered":"","protected":false},"author":39,"featured_media":6255,"comment_status":"closed","ping_status":"closed","sticky":false,"template":"","format":"standard","meta":{"footnotes":""},"categories":[3],"tags":[2324,43,70,2325,26],"acf":[],"yoast_head":"<!-- This site is optimized with the Yoast SEO plugin v23.0 - https:\/\/yoast.com\/wordpress\/plugins\/seo\/ -->\n<title>Ruas da zona Oeste recebem a\u00e7\u00e3o de recupera\u00e7\u00e3o asf\u00e1ltica<\/title>\n<meta name=\"description\" content=\"Ruas da zona Oeste recebem a\u00e7\u00e3o intensiva de recupera\u00e7\u00e3o asf\u00e1ltica da Prefeitura de Manaus, por meio da Seminf.\" \/>\n<meta name=\"robots\" content=\"index, follow, max-snippet:-1, max-image-preview:large, max-video-preview:-1\" \/>\n<link rel=\"canonical\" href=\"https:\/\/www.manaus.am.gov.br\/seminf\/ruas-zona-oeste-recuperacao-asfaltica\/\" \/>\n<meta property=\"og:locale\" content=\"pt_BR\" \/>\n<meta property=\"og:type\" content=\"article\" \/>\n<meta property=\"og:title\" content=\"Ruas da zona Oeste recebem a\u00e7\u00e3o de recupera\u00e7\u00e3o asf\u00e1ltica\" \/>\n<meta property=\"og:description\" content=\"Ruas da zona Oeste recebem a\u00e7\u00e3o intensiva de recupera\u00e7\u00e3o asf\u00e1ltica da Prefeitura de Manaus, por meio da Seminf.\" \/>\n<meta property=\"og:url\" content=\"https:\/\/www.manaus.am.gov.br\/seminf\/ruas-zona-oeste-recuperacao-asfaltica\/\" \/>\n<meta property=\"og:site_name\" content=\"SEMINF\" \/>\n<meta property=\"article:published_time\" content=\"2025-07-29T21:04:12+00:00\" \/>\n<meta property=\"article:modified_time\" content=\"2025-07-29T21:06:37+00:00\" \/>\n<meta property=\"og:image\" content=\"https:\/\/www.manaus.am.gov.br\/seminf\/wp-content\/uploads\/sites\/6\/2025\/07\/54687533771_33c391a183_k.jpg\" \/>\n\t<meta property=\"og:image:width\" content=\"2047\" \/>\n\t<meta property=\"og:image:height\" content=\"1365\" \/>\n\t<meta property=\"og:image:type\" content=\"image\/jpeg\" \/>\n<meta name=\"author\" content=\"Bruna Greco\" \/>\n<meta name=\"twitter:card\" content=\"summary_large_image\" \/>\n<meta name=\"twitter:label1\" content=\"Written by\" \/>\n\t<meta name=\"twitter:data1\" content=\"Bruna Greco\" \/>\n\t<meta name=\"twitter:label2\" content=\"Est. reading time\" \/>\n\t<meta name=\"twitter:data2\" content=\"4 minutos\" \/>\n<script type=\"application\/ld+json\" class=\"yoast-schema-graph\">{\"@context\":\"https:\/\/schema.org\",\"@graph\":[{\"@type\":\"WebPage\",\"@id\":\"https:\/\/www.manaus.am.gov.br\/seminf\/ruas-zona-oeste-recuperacao-asfaltica\/\",\"url\":\"https:\/\/www.manaus.am.gov.br\/seminf\/ruas-zona-oeste-recuperacao-asfaltica\/\",\"name\":\"Ruas da zona Oeste recebem a\u00e7\u00e3o de recupera\u00e7\u00e3o asf\u00e1ltica\",\"isPartOf\":{\"@id\":\"https:\/\/www.manaus.am.gov.br\/seminf\/#website\"},\"primaryImageOfPage\":{\"@id\":\"https:\/\/www.manaus.am.gov.br\/seminf\/ruas-zona-oeste-recuperacao-asfaltica\/#primaryimage\"},\"image\":{\"@id\":\"https:\/\/www.manaus.am.gov.br\/seminf\/ruas-zona-oeste-recuperacao-asfaltica\/#primaryimage\"},\"thumbnailUrl\":\"https:\/\/www.manaus.am.gov.br\/seminf\/wp-content\/uploads\/sites\/6\/2025\/07\/54687533771_33c391a183_k.jpg\",\"datePublished\":\"2025-07-29T21:04:12+00:00\",\"dateModified\":\"2025-07-29T21:06:37+00:00\",\"author\":{\"@id\":\"https:\/\/www.manaus.am.gov.br\/seminf\/#\/schema\/person\/05d223aea2bf115f9883a6ff3683d81b\"},\"description\":\"Ruas da zona Oeste recebem a\u00e7\u00e3o intensiva de recupera\u00e7\u00e3o asf\u00e1ltica da Prefeitura de Manaus, por meio da Seminf.\",\"inLanguage\":\"pt-BR\",\"potentialAction\":[{\"@type\":\"ReadAction\",\"target\":[\"https:\/\/www.manaus.am.gov.br\/seminf\/ruas-zona-oeste-recuperacao-asfaltica\/\"]}]},{\"@type\":\"ImageObject\",\"inLanguage\":\"pt-BR\",\"@id\":\"https:\/\/www.manaus.am.gov.br\/seminf\/ruas-zona-oeste-recuperacao-asfaltica\/#primaryimage\",\"url\":\"https:\/\/www.manaus.am.gov.br\/seminf\/wp-content\/uploads\/sites\/6\/2025\/07\/54687533771_33c391a183_k.jpg\",\"contentUrl\":\"https:\/\/www.manaus.am.gov.br\/seminf\/wp-content\/uploads\/sites\/6\/2025\/07\/54687533771_33c391a183_k.jpg\",\"width\":2047,\"height\":1365,\"caption\":\"#paratodosverem - Equipe da Seminf realizando a\u00e7\u00e3o de recupera\u00e7\u00e3o asf\u00e1ltica em via da zona Oeste com \\\"Plano de Ver\u00e3o\\\"\"},{\"@type\":\"WebSite\",\"@id\":\"https:\/\/www.manaus.am.gov.br\/seminf\/#website\",\"url\":\"https:\/\/www.manaus.am.gov.br\/seminf\/\",\"name\":\"Secretaria de Infraestrutura\",\"description\":\"Secretaria Municipal de Infraestrutura\",\"potentialAction\":[{\"@type\":\"SearchAction\",\"target\":{\"@type\":\"EntryPoint\",\"urlTemplate\":\"https:\/\/www.manaus.am.gov.br\/seminf\/?s={search_term_string}\"},\"query-input\":\"required name=search_term_string\"}],\"inLanguage\":\"pt-BR\"},{\"@type\":\"Person\",\"@id\":\"https:\/\/www.manaus.am.gov.br\/seminf\/#\/schema\/person\/05d223aea2bf115f9883a6ff3683d81b\",\"name\":\"Bruna Greco\",\"image\":{\"@type\":\"ImageObject\",\"inLanguage\":\"pt-BR\",\"@id\":\"https:\/\/www.manaus.am.gov.br\/seminf\/#\/schema\/person\/image\/\",\"url\":\"https:\/\/secure.gravatar.com\/avatar\/9c877d1a6adc2a055330e5c09a8653ce?s=96&d=mm&r=g\",\"contentUrl\":\"https:\/\/secure.gravatar.com\/avatar\/9c877d1a6adc2a055330e5c09a8653ce?s=96&d=mm&r=g\",\"caption\":\"Bruna Greco\"}}]}<\/script>\n<!-- \/ Yoast SEO plugin. -->","yoast_head_json":{"title":"Ruas da zona Oeste recebem a\u00e7\u00e3o de recupera\u00e7\u00e3o asf\u00e1ltica","description":"Ruas da zona Oeste recebem a\u00e7\u00e3o intensiva de recupera\u00e7\u00e3o asf\u00e1ltica da Prefeitura de Manaus, por meio da Seminf.","robots":{"index":"index","follow":"follow","max-snippet":"max-snippet:-1","max-image-preview":"max-image-preview:large","max-video-preview":"max-video-preview:-1"},"canonical":"https:\/\/www.manaus.am.gov.br\/seminf\/ruas-zona-oeste-recuperacao-asfaltica\/","og_locale":"pt_BR","og_type":"article","og_title":"Ruas da zona Oeste recebem a\u00e7\u00e3o de recupera\u00e7\u00e3o asf\u00e1ltica","og_description":"Ruas da zona Oeste recebem a\u00e7\u00e3o intensiva de recupera\u00e7\u00e3o asf\u00e1ltica da Prefeitura de Manaus, por meio da Seminf.","og_url":"https:\/\/www.manaus.am.gov.br\/seminf\/ruas-zona-oeste-recuperacao-asfaltica\/","og_site_name":"SEMINF","article_published_time":"2025-07-29T21:04:12+00:00","article_modified_time":"2025-07-29T21:06:37+00:00","og_image":[{"width":2047,"height":1365,"url":"https:\/\/www.manaus.am.gov.br\/seminf\/wp-content\/uploads\/sites\/6\/2025\/07\/54687533771_33c391a183_k.jpg","type":"image\/jpeg"}],"author":"Bruna Greco","twitter_card":"summary_large_image","twitter_misc":{"Written by":"Bruna Greco","Est. reading time":"4 minutos"},"schema":{"@context":"https:\/\/schema.org","@graph":[{"@type":"WebPage","@id":"https:\/\/www.manaus.am.gov.br\/seminf\/ruas-zona-oeste-recuperacao-asfaltica\/","url":"https:\/\/www.manaus.am.gov.br\/seminf\/ruas-zona-oeste-recuperacao-asfaltica\/","name":"Ruas da zona Oeste recebem a\u00e7\u00e3o de recupera\u00e7\u00e3o asf\u00e1ltica","isPartOf":{"@id":"https:\/\/www.manaus.am.gov.br\/seminf\/#website"},"primaryImageOfPage":{"@id":"https:\/\/www.manaus.am.gov.br\/seminf\/ruas-zona-oeste-recuperacao-asfaltica\/#primaryimage"},"image":{"@id":"https:\/\/www.manaus.am.gov.br\/seminf\/ruas-zona-oeste-recuperacao-asfaltica\/#primaryimage"},"thumbnailUrl":"https:\/\/www.manaus.am.gov.br\/seminf\/wp-content\/uploads\/sites\/6\/2025\/07\/54687533771_33c391a183_k.jpg","datePublished":"2025-07-29T21:04:12+00:00","dateModified":"2025-07-29T21:06:37+00:00","author":{"@id":"https:\/\/www.manaus.am.gov.br\/seminf\/#\/schema\/person\/05d223aea2bf115f9883a6ff3683d81b"},"description":"Ruas da zona Oeste recebem a\u00e7\u00e3o intensiva de recupera\u00e7\u00e3o asf\u00e1ltica da Prefeitura de Manaus, por meio da Seminf.","inLanguage":"pt-BR","potentialAction":[{"@type":"ReadAction","target":["https:\/\/www.manaus.am.gov.br\/seminf\/ruas-zona-oeste-recuperacao-asfaltica\/"]}]},{"@type":"ImageObject","inLanguage":"pt-BR","@id":"https:\/\/www.manaus.am.gov.br\/seminf\/ruas-zona-oeste-recuperacao-asfaltica\/#primaryimage","url":"https:\/\/www.manaus.am.gov.br\/seminf\/wp-content\/uploads\/sites\/6\/2025\/07\/54687533771_33c391a183_k.jpg","contentUrl":"https:\/\/www.manaus.am.gov.br\/seminf\/wp-content\/uploads\/sites\/6\/2025\/07\/54687533771_33c391a183_k.jpg","width":2047,"height":1365,"caption":"#paratodosverem - Equipe da Seminf realizando a\u00e7\u00e3o de recupera\u00e7\u00e3o asf\u00e1ltica em via da zona Oeste com \"Plano de Ver\u00e3o\""},{"@type":"WebSite","@id":"https:\/\/www.manaus.am.gov.br\/seminf\/#website","url":"https:\/\/www.manaus.am.gov.br\/seminf\/","name":"Secretaria de Infraestrutura","description":"Secretaria Municipal de Infraestrutura","potentialAction":[{"@type":"SearchAction","target":{"@type":"EntryPoint","urlTemplate":"https:\/\/www.manaus.am.gov.br\/seminf\/?s={search_term_string}"},"query-input":"required name=search_term_string"}],"inLanguage":"pt-BR"},{"@type":"Person","@id":"https:\/\/www.manaus.am.gov.br\/seminf\/#\/schema\/person\/05d223aea2bf115f9883a6ff3683d81b","name":"Bruna Greco","image":{"@type":"ImageObject","inLanguage":"pt-BR","@id":"https:\/\/www.manaus.am.gov.br\/seminf\/#\/schema\/person\/image\/","url":"https:\/\/secure.gravatar.com\/avatar\/9c877d1a6adc2a055330e5c09a8653ce?s=96&d=mm&r=g","contentUrl":"https:\/\/secure.gravatar.com\/avatar\/9c877d1a6adc2a055330e5c09a8653ce?s=96&d=mm&r=g","caption":"Bruna Greco"}}]}},"_links":{"self":[{"href":"https:\/\/www.manaus.am.gov.br\/seminf\/wp-json\/wp\/v2\/posts\/6254"}],"collection":[{"href":"https:\/\/www.manaus.am.gov.br\/seminf\/wp-json\/wp\/v2\/posts"}],"about":[{"href":"https:\/\/www.manaus.am.gov.br\/seminf\/wp-json\/wp\/v2\/types\/post"}],"author":[{"embeddable":true,"href":"https:\/\/www.manaus.am.gov.br\/seminf\/wp-json\/wp\/v2\/users\/39"}],"replies":[{"embeddable":true,"href":"https:\/\/www.manaus.am.gov.br\/seminf\/wp-json\/wp\/v2\/comments?post=6254"}],"version-history":[{"count":3,"href":"https:\/\/www.manaus.am.gov.br\/seminf\/wp-json\/wp\/v2\/posts\/6254\/revisions"}],"predecessor-version":[{"id":6259,"href":"https:\/\/www.manaus.am.gov.br\/seminf\/wp-json\/wp\/v2\/posts\/6254\/revisions\/6259"}],"wp:featuredmedia":[{"embeddable":true,"href":"https:\/\/www.manaus.am.gov.br\/seminf\/wp-json\/wp\/v2\/media\/6255"}],"wp:attachment":[{"href":"https:\/\/www.manaus.am.gov.br\/seminf\/wp-json\/wp\/v2\/media?parent=6254"}],"wp:term":[{"taxonomy":"category","embeddable":true,"href":"https:\/\/www.manaus.am.gov.br\/seminf\/wp-json\/wp\/v2\/categories?post=6254"},{"taxonomy":"post_tag","embeddable":true,"href":"https:\/\/www.manaus.am.gov.br\/seminf\/wp-json\/wp\/v2\/tags?post=6254"}],"curies":[{"name":"wp","href":"https:\/\/api.w.org\/{rel}","templated":true}]}}