{"id":6235,"date":"2025-07-23T21:41:10","date_gmt":"2025-07-24T01:41:10","guid":{"rendered":"https:\/\/www.manaus.am.gov.br\/seminf\/recapeamento-na-zona-norte\/"},"modified":"2025-07-23T21:41:12","modified_gmt":"2025-07-24T01:41:12","slug":"recapeamento-na-zona-norte","status":"publish","type":"post","link":"https:\/\/www.manaus.am.gov.br\/seminf\/recapeamento-na-zona-norte\/","title":{"rendered":"Prefeitura de Manaus inicia recapeamento na zona Norte com aplica\u00e7\u00e3o de 250 toneladas de asfalto na rua H\u00e9lio Le\u00e3o"},"content":{"rendered":"\n<p>A Prefeitura de Manaus, por meio da Secretaria Municipal de Infraestrutura (Seminf), deu in\u00edcio, nesta quarta-feira, 23\/7, \u00e0 primeira frente de obras de recapeamento do pacote de renova\u00e7\u00e3o vi\u00e1ria da zona Norte da cidade. A primeira via a receber as interven\u00e7\u00f5es \u00e9 a rua H\u00e9lio Le\u00e3o, no bairro Nova Cidade, onde os servi\u00e7os come\u00e7aram com a fresagem do pavimento antigo, com a retirada do asfalto desgastado e avan\u00e7aram rapidamente para as etapas de imprima\u00e7\u00e3o e aplica\u00e7\u00e3o de massa asf\u00e1ltica.<\/p>\n\n\n\n<p>A iniciativa faz parte do novo pacote de obras de revitaliza\u00e7\u00e3o vi\u00e1ria da capital, viabilizado por meio de emenda parlamentar do senador Omar Aziz, e refor\u00e7a o compromisso da gest\u00e3o do prefeito David Almeida em transformar a malha vi\u00e1ria da cidade com obras eficientes e de qualidade.<\/p>\n\n\n\n<p>\u201cNa gest\u00e3o do prefeito David Almeida, intensificamos os servi\u00e7os de infraestrutura com planejamento e responsabilidade. Agora, com a emenda do senador Omar Aziz, conseguimos ampliar os investimentos e concentrar as a\u00e7\u00f5es na zona Norte, onde&nbsp; 67 ruas ser\u00e3o completamente recapeadas. O nosso compromisso \u00e9 entregar resultados com celeridade e garantir um futuro melhor para a cidade\u201d, destacou o vice-prefeito e secret\u00e1rio de Obras, Renato Junior.<\/p>\n\n\n\n<p>Durante o primeiro dia de execu\u00e7\u00e3o, mais de 250 toneladas de asfalto foram aplicadas em um trecho de aproximadamente 350 metros de extens\u00e3o na rua H\u00e9lio Le\u00e3o. As equipes utilizam maquin\u00e1rio especializado e seguem rigorosamente as etapas t\u00e9cnicas, desde a retirada do asfalto antigo (fresagem) at\u00e9 a compacta\u00e7\u00e3o da nova camada de pavimento, proporcionando mais seguran\u00e7a e durabilidade \u00e0s vias.<\/p>\n\n\n\n<p>Moradora do local, a aut\u00f4noma Concei\u00e7\u00e3o Vasconcelos, de 52 anos, comemorou a chegada das obras e elogiou a atua\u00e7\u00e3o da prefeitura.<\/p>\n\n\n\n<p>\u201cGostaria de agradecer \u00e0 Prefeitura de Manaus pelo trabalho maravilhoso que est\u00e3o fazendo aqui na nossa rua. Valeu mesmo. Galileia 1 e 2 est\u00e3o de parab\u00e9ns\u201d, afirmou a moradora.<\/p>\n\n\n\n<p>As obras seguem avan\u00e7ando na regi\u00e3o, com equipes operacionais da Seminf atuando diariamente para melhorar a infraestrutura urbana e atender as demandas da popula\u00e7\u00e3o. A Prefeitura de Manaus refor\u00e7a que a interven\u00e7\u00e3o na zona Norte representa um passo importante na reestrutura\u00e7\u00e3o da cidade, com servi\u00e7os entregues com dignidade e respeito aos moradores, comerciantes e motoristas que circulam pelas vias beneficiadas.<br><br><\/p>\n\n\n\n<p>\u2014 \u2014 \u2014<br><strong>Texto &#8211;<\/strong> Maria Amed\/ Seminf<br><strong>Fotos &#8211;<\/strong> Alessandro Ara\u00fajo\/ Seminf<\/p>\n","protected":false},"excerpt":{"rendered":"","protected":false},"author":68,"featured_media":6236,"comment_status":"closed","ping_status":"closed","sticky":false,"template":"","format":"standard","meta":{"footnotes":""},"categories":[74],"tags":[43,2315,26],"acf":[],"yoast_head":"<!-- This site is optimized with the Yoast SEO plugin v23.0 - https:\/\/yoast.com\/wordpress\/plugins\/seo\/ -->\n<title>Prefeitura de Manaus inicia recapeamento na zona Norte com aplica\u00e7\u00e3o de 250 toneladas de asfalto na rua H\u00e9lio Le\u00e3o<\/title>\n<meta name=\"description\" content=\"A Prefeitura de Manaus, por meio da Secretaria Municipal de Infraestrutura (Seminf), deu in\u00edcio, nesta quarta-feira, 23\/7, \u00e0 primeira frente de obras de recapeamento do pacote de renova\u00e7\u00e3o vi\u00e1ria da zona Norte da cidade.\" \/>\n<meta name=\"robots\" content=\"index, follow, max-snippet:-1, max-image-preview:large, max-video-preview:-1\" \/>\n<link rel=\"canonical\" href=\"https:\/\/www.manaus.am.gov.br\/seminf\/recapeamento-na-zona-norte\/\" \/>\n<meta property=\"og:locale\" content=\"pt_BR\" \/>\n<meta property=\"og:type\" content=\"article\" \/>\n<meta property=\"og:title\" content=\"Prefeitura de Manaus inicia recapeamento na zona Norte com aplica\u00e7\u00e3o de 250 toneladas de asfalto na rua H\u00e9lio Le\u00e3o\" \/>\n<meta property=\"og:description\" content=\"A Prefeitura de Manaus, por meio da Secretaria Municipal de Infraestrutura (Seminf), deu in\u00edcio, nesta quarta-feira, 23\/7, \u00e0 primeira frente de obras de recapeamento do pacote de renova\u00e7\u00e3o vi\u00e1ria da zona Norte da cidade.\" \/>\n<meta property=\"og:url\" content=\"https:\/\/www.manaus.am.gov.br\/seminf\/recapeamento-na-zona-norte\/\" \/>\n<meta property=\"og:site_name\" content=\"SEMINF\" \/>\n<meta property=\"article:published_time\" content=\"2025-07-24T01:41:10+00:00\" \/>\n<meta property=\"article:modified_time\" content=\"2025-07-24T01:41:12+00:00\" \/>\n<meta property=\"og:image\" content=\"https:\/\/www.manaus.am.gov.br\/seminf\/wp-content\/uploads\/sites\/6\/2025\/07\/IMG_7343.jpg\" \/>\n\t<meta property=\"og:image:width\" content=\"3520\" \/>\n\t<meta property=\"og:image:height\" content=\"1980\" \/>\n\t<meta property=\"og:image:type\" content=\"image\/jpeg\" \/>\n<meta name=\"author\" content=\"bvalente\" \/>\n<meta name=\"twitter:card\" content=\"summary_large_image\" \/>\n<meta name=\"twitter:label1\" content=\"Written by\" \/>\n\t<meta name=\"twitter:data1\" content=\"bvalente\" \/>\n\t<meta name=\"twitter:label2\" content=\"Est. reading time\" \/>\n\t<meta name=\"twitter:data2\" content=\"3 minutos\" \/>\n<script type=\"application\/ld+json\" class=\"yoast-schema-graph\">{\"@context\":\"https:\/\/schema.org\",\"@graph\":[{\"@type\":\"WebPage\",\"@id\":\"https:\/\/www.manaus.am.gov.br\/seminf\/recapeamento-na-zona-norte\/\",\"url\":\"https:\/\/www.manaus.am.gov.br\/seminf\/recapeamento-na-zona-norte\/\",\"name\":\"Prefeitura de Manaus inicia recapeamento na zona Norte com aplica\u00e7\u00e3o de 250 toneladas de asfalto na rua H\u00e9lio Le\u00e3o\",\"isPartOf\":{\"@id\":\"https:\/\/www.manaus.am.gov.br\/seminf\/#website\"},\"primaryImageOfPage\":{\"@id\":\"https:\/\/www.manaus.am.gov.br\/seminf\/recapeamento-na-zona-norte\/#primaryimage\"},\"image\":{\"@id\":\"https:\/\/www.manaus.am.gov.br\/seminf\/recapeamento-na-zona-norte\/#primaryimage\"},\"thumbnailUrl\":\"https:\/\/www.manaus.am.gov.br\/seminf\/wp-content\/uploads\/sites\/6\/2025\/07\/IMG_7343.jpg\",\"datePublished\":\"2025-07-24T01:41:10+00:00\",\"dateModified\":\"2025-07-24T01:41:12+00:00\",\"author\":{\"@id\":\"https:\/\/www.manaus.am.gov.br\/seminf\/#\/schema\/person\/466a0e03ae4b6062809046bd560ac955\"},\"description\":\"A Prefeitura de Manaus, por meio da Secretaria Municipal de Infraestrutura (Seminf), deu in\u00edcio, nesta quarta-feira, 23\/7, \u00e0 primeira frente de obras de recapeamento do pacote de renova\u00e7\u00e3o vi\u00e1ria da zona Norte da cidade.\",\"inLanguage\":\"pt-BR\",\"potentialAction\":[{\"@type\":\"ReadAction\",\"target\":[\"https:\/\/www.manaus.am.gov.br\/seminf\/recapeamento-na-zona-norte\/\"]}]},{\"@type\":\"ImageObject\",\"inLanguage\":\"pt-BR\",\"@id\":\"https:\/\/www.manaus.am.gov.br\/seminf\/recapeamento-na-zona-norte\/#primaryimage\",\"url\":\"https:\/\/www.manaus.am.gov.br\/seminf\/wp-content\/uploads\/sites\/6\/2025\/07\/IMG_7343.jpg\",\"contentUrl\":\"https:\/\/www.manaus.am.gov.br\/seminf\/wp-content\/uploads\/sites\/6\/2025\/07\/IMG_7343.jpg\",\"width\":3520,\"height\":1980},{\"@type\":\"WebSite\",\"@id\":\"https:\/\/www.manaus.am.gov.br\/seminf\/#website\",\"url\":\"https:\/\/www.manaus.am.gov.br\/seminf\/\",\"name\":\"Secretaria de Infraestrutura\",\"description\":\"Secretaria Municipal de Infraestrutura\",\"potentialAction\":[{\"@type\":\"SearchAction\",\"target\":{\"@type\":\"EntryPoint\",\"urlTemplate\":\"https:\/\/www.manaus.am.gov.br\/seminf\/?s={search_term_string}\"},\"query-input\":\"required name=search_term_string\"}],\"inLanguage\":\"pt-BR\"},{\"@type\":\"Person\",\"@id\":\"https:\/\/www.manaus.am.gov.br\/seminf\/#\/schema\/person\/466a0e03ae4b6062809046bd560ac955\",\"name\":\"bvalente\",\"image\":{\"@type\":\"ImageObject\",\"inLanguage\":\"pt-BR\",\"@id\":\"https:\/\/www.manaus.am.gov.br\/seminf\/#\/schema\/person\/image\/\",\"url\":\"https:\/\/secure.gravatar.com\/avatar\/3e69bc2b014bdad41adfec3a39de07d2?s=96&d=mm&r=g\",\"contentUrl\":\"https:\/\/secure.gravatar.com\/avatar\/3e69bc2b014bdad41adfec3a39de07d2?s=96&d=mm&r=g\",\"caption\":\"bvalente\"}}]}<\/script>\n<!-- \/ Yoast SEO plugin. -->","yoast_head_json":{"title":"Prefeitura de Manaus inicia recapeamento na zona Norte com aplica\u00e7\u00e3o de 250 toneladas de asfalto na rua H\u00e9lio Le\u00e3o","description":"A Prefeitura de Manaus, por meio da Secretaria Municipal de Infraestrutura (Seminf), deu in\u00edcio, nesta quarta-feira, 23\/7, \u00e0 primeira frente de obras de recapeamento do pacote de renova\u00e7\u00e3o vi\u00e1ria da zona Norte da cidade.","robots":{"index":"index","follow":"follow","max-snippet":"max-snippet:-1","max-image-preview":"max-image-preview:large","max-video-preview":"max-video-preview:-1"},"canonical":"https:\/\/www.manaus.am.gov.br\/seminf\/recapeamento-na-zona-norte\/","og_locale":"pt_BR","og_type":"article","og_title":"Prefeitura de Manaus inicia recapeamento na zona Norte com aplica\u00e7\u00e3o de 250 toneladas de asfalto na rua H\u00e9lio Le\u00e3o","og_description":"A Prefeitura de Manaus, por meio da Secretaria Municipal de Infraestrutura (Seminf), deu in\u00edcio, nesta quarta-feira, 23\/7, \u00e0 primeira frente de obras de recapeamento do pacote de renova\u00e7\u00e3o vi\u00e1ria da zona Norte da cidade.","og_url":"https:\/\/www.manaus.am.gov.br\/seminf\/recapeamento-na-zona-norte\/","og_site_name":"SEMINF","article_published_time":"2025-07-24T01:41:10+00:00","article_modified_time":"2025-07-24T01:41:12+00:00","og_image":[{"width":3520,"height":1980,"url":"https:\/\/www.manaus.am.gov.br\/seminf\/wp-content\/uploads\/sites\/6\/2025\/07\/IMG_7343.jpg","type":"image\/jpeg"}],"author":"bvalente","twitter_card":"summary_large_image","twitter_misc":{"Written by":"bvalente","Est. reading time":"3 minutos"},"schema":{"@context":"https:\/\/schema.org","@graph":[{"@type":"WebPage","@id":"https:\/\/www.manaus.am.gov.br\/seminf\/recapeamento-na-zona-norte\/","url":"https:\/\/www.manaus.am.gov.br\/seminf\/recapeamento-na-zona-norte\/","name":"Prefeitura de Manaus inicia recapeamento na zona Norte com aplica\u00e7\u00e3o de 250 toneladas de asfalto na rua H\u00e9lio Le\u00e3o","isPartOf":{"@id":"https:\/\/www.manaus.am.gov.br\/seminf\/#website"},"primaryImageOfPage":{"@id":"https:\/\/www.manaus.am.gov.br\/seminf\/recapeamento-na-zona-norte\/#primaryimage"},"image":{"@id":"https:\/\/www.manaus.am.gov.br\/seminf\/recapeamento-na-zona-norte\/#primaryimage"},"thumbnailUrl":"https:\/\/www.manaus.am.gov.br\/seminf\/wp-content\/uploads\/sites\/6\/2025\/07\/IMG_7343.jpg","datePublished":"2025-07-24T01:41:10+00:00","dateModified":"2025-07-24T01:41:12+00:00","author":{"@id":"https:\/\/www.manaus.am.gov.br\/seminf\/#\/schema\/person\/466a0e03ae4b6062809046bd560ac955"},"description":"A Prefeitura de Manaus, por meio da Secretaria Municipal de Infraestrutura (Seminf), deu in\u00edcio, nesta quarta-feira, 23\/7, \u00e0 primeira frente de obras de recapeamento do pacote de renova\u00e7\u00e3o vi\u00e1ria da zona Norte da cidade.","inLanguage":"pt-BR","potentialAction":[{"@type":"ReadAction","target":["https:\/\/www.manaus.am.gov.br\/seminf\/recapeamento-na-zona-norte\/"]}]},{"@type":"ImageObject","inLanguage":"pt-BR","@id":"https:\/\/www.manaus.am.gov.br\/seminf\/recapeamento-na-zona-norte\/#primaryimage","url":"https:\/\/www.manaus.am.gov.br\/seminf\/wp-content\/uploads\/sites\/6\/2025\/07\/IMG_7343.jpg","contentUrl":"https:\/\/www.manaus.am.gov.br\/seminf\/wp-content\/uploads\/sites\/6\/2025\/07\/IMG_7343.jpg","width":3520,"height":1980},{"@type":"WebSite","@id":"https:\/\/www.manaus.am.gov.br\/seminf\/#website","url":"https:\/\/www.manaus.am.gov.br\/seminf\/","name":"Secretaria de Infraestrutura","description":"Secretaria Municipal de Infraestrutura","potentialAction":[{"@type":"SearchAction","target":{"@type":"EntryPoint","urlTemplate":"https:\/\/www.manaus.am.gov.br\/seminf\/?s={search_term_string}"},"query-input":"required name=search_term_string"}],"inLanguage":"pt-BR"},{"@type":"Person","@id":"https:\/\/www.manaus.am.gov.br\/seminf\/#\/schema\/person\/466a0e03ae4b6062809046bd560ac955","name":"bvalente","image":{"@type":"ImageObject","inLanguage":"pt-BR","@id":"https:\/\/www.manaus.am.gov.br\/seminf\/#\/schema\/person\/image\/","url":"https:\/\/secure.gravatar.com\/avatar\/3e69bc2b014bdad41adfec3a39de07d2?s=96&d=mm&r=g","contentUrl":"https:\/\/secure.gravatar.com\/avatar\/3e69bc2b014bdad41adfec3a39de07d2?s=96&d=mm&r=g","caption":"bvalente"}}]}},"_links":{"self":[{"href":"https:\/\/www.manaus.am.gov.br\/seminf\/wp-json\/wp\/v2\/posts\/6235"}],"collection":[{"href":"https:\/\/www.manaus.am.gov.br\/seminf\/wp-json\/wp\/v2\/posts"}],"about":[{"href":"https:\/\/www.manaus.am.gov.br\/seminf\/wp-json\/wp\/v2\/types\/post"}],"author":[{"embeddable":true,"href":"https:\/\/www.manaus.am.gov.br\/seminf\/wp-json\/wp\/v2\/users\/68"}],"replies":[{"embeddable":true,"href":"https:\/\/www.manaus.am.gov.br\/seminf\/wp-json\/wp\/v2\/comments?post=6235"}],"version-history":[{"count":0,"href":"https:\/\/www.manaus.am.gov.br\/seminf\/wp-json\/wp\/v2\/posts\/6235\/revisions"}],"wp:featuredmedia":[{"embeddable":true,"href":"https:\/\/www.manaus.am.gov.br\/seminf\/wp-json\/wp\/v2\/media\/6236"}],"wp:attachment":[{"href":"https:\/\/www.manaus.am.gov.br\/seminf\/wp-json\/wp\/v2\/media?parent=6235"}],"wp:term":[{"taxonomy":"category","embeddable":true,"href":"https:\/\/www.manaus.am.gov.br\/seminf\/wp-json\/wp\/v2\/categories?post=6235"},{"taxonomy":"post_tag","embeddable":true,"href":"https:\/\/www.manaus.am.gov.br\/seminf\/wp-json\/wp\/v2\/tags?post=6235"}],"curies":[{"name":"wp","href":"https:\/\/api.w.org\/{rel}","templated":true}]}}