{"id":621,"date":"2023-02-06T20:57:56","date_gmt":"2023-02-07T00:57:56","guid":{"rendered":"https:\/\/www.manaus.am.gov.br\/seminf\/prefeito-david-almeida-destaca-avancos-na-infraestrutura-e-anuncia-grandes-obras-para-2023-em-manaus\/"},"modified":"2023-02-07T16:48:09","modified_gmt":"2023-02-07T20:48:09","slug":"prefeito-david-almeida-destaca-avancos-na-infraestrutura-e-anuncia-grandes-obras-para-2023-em-manaus","status":"publish","type":"post","link":"https:\/\/www.manaus.am.gov.br\/seminf\/prefeito-david-almeida-destaca-avancos-na-infraestrutura-e-anuncia-grandes-obras-para-2023-em-manaus\/","title":{"rendered":"Prefeito David Almeida destaca avan\u00e7os na infraestrutura e anuncia grandes obras para 2023 em Manaus"},"content":{"rendered":"\n<p>Em leitura da Mensagem Governamental, na C\u00e2mara Municipal de Manaus (CMM), que marcou o in\u00edcio do ano legislativo de 2023, nesta segunda-feira, 6\/2, o prefeito David Almeida destacou as principais obras realizadas em 2022, como os avan\u00e7os do programa \u201cAsfalta Manaus\u201d, e anunciou outras novas obras a serem iniciadas neste ano, como a constru\u00e7\u00e3o dos viadutos da rotat\u00f3ria do Produtor e da avenida das Torres.<\/p>\n\n\n\n<p>\u201cDesde que foi lan\u00e7ado, em abril de 2022, o \u2018Asfalta Manaus\u2019 transformou 1,7 mil vias. Ruas e avenidas que hoje garantem mobilidade \u00e0s fam\u00edlias, possibilitam o devido acesso a \u00f4nibus, ambul\u00e2ncias do Samu e coletores de lixo. Realidades transformadas em muitas comunidades\u201d, salientou o prefeito.<\/p>\n\n\n\n<p>Durante o pronunciamento, o prefeito David Almeida anunciou outras quatro ordens de servi\u00e7o para in\u00edcio de grandes obras de mobilidade urbana, sem especificar quais, que dar\u00e3o maior fluidez ao tr\u00e2nsito de Manaus, al\u00e9m de alargamento de avenidas, como a de alargamento e constru\u00e7\u00e3o de uma passarela, prevista para a avenida Ephig\u00eanio Salles.<\/p>\n\n\n\n<p>O prefeito apresentou, ainda, a meta de chegar, neste ano, a 4 mil ruas recapeadas pelo programa \u201cAsfalta Manaus\u201d.&nbsp;\u201cO alargamento da avenida Ephig\u00eanio Salles, assim como os complexos vi\u00e1rios, \u00e9 uma obra na qual contamos com a parceria do governo do Estado. Haver\u00e1 uma passarela de fundamental import\u00e2ncia para o fluxo de pedestres que transitam naquela regi\u00e3o\u201d, explica.<\/p>\n\n\n\n<p>\u201cConseguimos avan\u00e7ar para que possamos seguir com as obras dos primeiros dois novos complexos vi\u00e1rios que a cidade vai ganhar: o da bola do Produtor, que demos o nome de Rei Pel\u00e9, na zona Leste; e o de Flores, na zona Centro-Sul, batizado de Prefeito Jos\u00e9 Fernandes, empreendimentos que j\u00e1 est\u00e3o com as ordens de servi\u00e7o assinadas\u201d, destacou David.<\/p>\n\n\n\n<p>O prefeito ressaltou tamb\u00e9m os trabalhos de drenagem. \u201cManaus teve mais de 9 mil quil\u00f4metros em redes de drenagem renovadas apenas em 2022. Um trabalho gradativo e que continuaremos este ano\u201d.<\/p>\n\n\n\n<p>O secret\u00e1rio de obras, Renato Junior, que prestigiou a solenidade na c\u00e2mara, ressalta que o ano ser\u00e1 promissor com grandes interven\u00e7\u00f5es de infraestrutura.<\/p>\n\n\n\n<p>&#8220;Estamos iniciando o ano com a programa\u00e7\u00e3o de muitas obras impactantes para a nossa cidade, o que resultar\u00e1 em uma maior fluidez nos corredores vi\u00e1rios da nossa cidade. Tamb\u00e9m vamos avan\u00e7ar com o programa \u2018Asfalta Manaus\u2019. A nossa meta, conforme preconiza o prefeito David, \u00e9 chegarmos a 4 mil ruas asfaltadas em 2023&#8221;, ressalta Renato.<\/p>\n\n\n\n<p>&#8212; &#8212; &#8212;<\/p>\n\n\n\n<p><strong>Texto<\/strong> &#8211; Valesca Martins \/ Seminf<\/p>\n\n\n\n<p><strong>Foto<\/strong> &#8211; M\u00e1rcio Melo \/ Seminf&nbsp;<\/p>\n","protected":false},"excerpt":{"rendered":"","protected":false},"author":31,"featured_media":622,"comment_status":"closed","ping_status":"closed","sticky":false,"template":"","format":"standard","meta":{"footnotes":""},"categories":[109],"tags":[52,182,22,183],"acf":[],"yoast_head":"<!-- This site is optimized with the Yoast SEO plugin v23.0 - https:\/\/yoast.com\/wordpress\/plugins\/seo\/ -->\n<title>Prefeito David Almeida destaca avan\u00e7os na infraestrutura e anuncia grandes obras para 2023 em Manaus - SEMINF<\/title>\n<meta name=\"robots\" content=\"index, follow, max-snippet:-1, max-image-preview:large, max-video-preview:-1\" \/>\n<link rel=\"canonical\" href=\"https:\/\/www.manaus.am.gov.br\/seminf\/prefeito-david-almeida-destaca-avancos-na-infraestrutura-e-anuncia-grandes-obras-para-2023-em-manaus\/\" \/>\n<meta property=\"og:locale\" content=\"pt_BR\" \/>\n<meta property=\"og:type\" content=\"article\" \/>\n<meta property=\"og:title\" content=\"Prefeito David Almeida destaca avan\u00e7os na infraestrutura e anuncia grandes obras para 2023 em Manaus - SEMINF\" \/>\n<meta property=\"og:url\" content=\"https:\/\/www.manaus.am.gov.br\/seminf\/prefeito-david-almeida-destaca-avancos-na-infraestrutura-e-anuncia-grandes-obras-para-2023-em-manaus\/\" \/>\n<meta property=\"og:site_name\" content=\"SEMINF\" \/>\n<meta property=\"article:published_time\" content=\"2023-02-07T00:57:56+00:00\" \/>\n<meta property=\"article:modified_time\" content=\"2023-02-07T20:48:09+00:00\" \/>\n<meta property=\"og:image\" content=\"https:\/\/www.manaus.am.gov.br\/seminf\/wp-content\/uploads\/sites\/6\/2023\/02\/image00010.jpeg\" \/>\n\t<meta property=\"og:image:width\" content=\"1349\" \/>\n\t<meta property=\"og:image:height\" content=\"757\" \/>\n\t<meta property=\"og:image:type\" content=\"image\/jpeg\" \/>\n<meta name=\"author\" content=\"Renata Felix\" \/>\n<meta name=\"twitter:card\" content=\"summary_large_image\" \/>\n<meta name=\"twitter:label1\" content=\"Written by\" \/>\n\t<meta name=\"twitter:data1\" content=\"Renata Felix\" \/>\n\t<meta name=\"twitter:label2\" content=\"Est. reading time\" \/>\n\t<meta name=\"twitter:data2\" content=\"3 minutos\" \/>\n<script type=\"application\/ld+json\" class=\"yoast-schema-graph\">{\"@context\":\"https:\/\/schema.org\",\"@graph\":[{\"@type\":\"WebPage\",\"@id\":\"https:\/\/www.manaus.am.gov.br\/seminf\/prefeito-david-almeida-destaca-avancos-na-infraestrutura-e-anuncia-grandes-obras-para-2023-em-manaus\/\",\"url\":\"https:\/\/www.manaus.am.gov.br\/seminf\/prefeito-david-almeida-destaca-avancos-na-infraestrutura-e-anuncia-grandes-obras-para-2023-em-manaus\/\",\"name\":\"Prefeito David Almeida destaca avan\u00e7os na infraestrutura e anuncia grandes obras para 2023 em Manaus - SEMINF\",\"isPartOf\":{\"@id\":\"https:\/\/www.manaus.am.gov.br\/seminf\/#website\"},\"primaryImageOfPage\":{\"@id\":\"https:\/\/www.manaus.am.gov.br\/seminf\/prefeito-david-almeida-destaca-avancos-na-infraestrutura-e-anuncia-grandes-obras-para-2023-em-manaus\/#primaryimage\"},\"image\":{\"@id\":\"https:\/\/www.manaus.am.gov.br\/seminf\/prefeito-david-almeida-destaca-avancos-na-infraestrutura-e-anuncia-grandes-obras-para-2023-em-manaus\/#primaryimage\"},\"thumbnailUrl\":\"https:\/\/www.manaus.am.gov.br\/seminf\/wp-content\/uploads\/sites\/6\/2023\/02\/image00010.jpeg\",\"datePublished\":\"2023-02-07T00:57:56+00:00\",\"dateModified\":\"2023-02-07T20:48:09+00:00\",\"author\":{\"@id\":\"https:\/\/www.manaus.am.gov.br\/seminf\/#\/schema\/person\/4eea2a8f78dc853097abb026f728aa06\"},\"inLanguage\":\"pt-BR\",\"potentialAction\":[{\"@type\":\"ReadAction\",\"target\":[\"https:\/\/www.manaus.am.gov.br\/seminf\/prefeito-david-almeida-destaca-avancos-na-infraestrutura-e-anuncia-grandes-obras-para-2023-em-manaus\/\"]}]},{\"@type\":\"ImageObject\",\"inLanguage\":\"pt-BR\",\"@id\":\"https:\/\/www.manaus.am.gov.br\/seminf\/prefeito-david-almeida-destaca-avancos-na-infraestrutura-e-anuncia-grandes-obras-para-2023-em-manaus\/#primaryimage\",\"url\":\"https:\/\/www.manaus.am.gov.br\/seminf\/wp-content\/uploads\/sites\/6\/2023\/02\/image00010.jpeg\",\"contentUrl\":\"https:\/\/www.manaus.am.gov.br\/seminf\/wp-content\/uploads\/sites\/6\/2023\/02\/image00010.jpeg\",\"width\":1349,\"height\":757},{\"@type\":\"WebSite\",\"@id\":\"https:\/\/www.manaus.am.gov.br\/seminf\/#website\",\"url\":\"https:\/\/www.manaus.am.gov.br\/seminf\/\",\"name\":\"Secretaria de Infraestrutura\",\"description\":\"Secretaria Municipal de Infraestrutura\",\"potentialAction\":[{\"@type\":\"SearchAction\",\"target\":{\"@type\":\"EntryPoint\",\"urlTemplate\":\"https:\/\/www.manaus.am.gov.br\/seminf\/?s={search_term_string}\"},\"query-input\":\"required name=search_term_string\"}],\"inLanguage\":\"pt-BR\"},{\"@type\":\"Person\",\"@id\":\"https:\/\/www.manaus.am.gov.br\/seminf\/#\/schema\/person\/4eea2a8f78dc853097abb026f728aa06\",\"name\":\"Renata Felix\",\"image\":{\"@type\":\"ImageObject\",\"inLanguage\":\"pt-BR\",\"@id\":\"https:\/\/www.manaus.am.gov.br\/seminf\/#\/schema\/person\/image\/\",\"url\":\"https:\/\/secure.gravatar.com\/avatar\/3c196cf9d3b837b24c8edb2c50fd8f29?s=96&d=mm&r=g\",\"contentUrl\":\"https:\/\/secure.gravatar.com\/avatar\/3c196cf9d3b837b24c8edb2c50fd8f29?s=96&d=mm&r=g\",\"caption\":\"Renata Felix\"}}]}<\/script>\n<!-- \/ Yoast SEO plugin. -->","yoast_head_json":{"title":"Prefeito David Almeida destaca avan\u00e7os na infraestrutura e anuncia grandes obras para 2023 em Manaus - SEMINF","robots":{"index":"index","follow":"follow","max-snippet":"max-snippet:-1","max-image-preview":"max-image-preview:large","max-video-preview":"max-video-preview:-1"},"canonical":"https:\/\/www.manaus.am.gov.br\/seminf\/prefeito-david-almeida-destaca-avancos-na-infraestrutura-e-anuncia-grandes-obras-para-2023-em-manaus\/","og_locale":"pt_BR","og_type":"article","og_title":"Prefeito David Almeida destaca avan\u00e7os na infraestrutura e anuncia grandes obras para 2023 em Manaus - SEMINF","og_url":"https:\/\/www.manaus.am.gov.br\/seminf\/prefeito-david-almeida-destaca-avancos-na-infraestrutura-e-anuncia-grandes-obras-para-2023-em-manaus\/","og_site_name":"SEMINF","article_published_time":"2023-02-07T00:57:56+00:00","article_modified_time":"2023-02-07T20:48:09+00:00","og_image":[{"width":1349,"height":757,"url":"https:\/\/www.manaus.am.gov.br\/seminf\/wp-content\/uploads\/sites\/6\/2023\/02\/image00010.jpeg","type":"image\/jpeg"}],"author":"Renata Felix","twitter_card":"summary_large_image","twitter_misc":{"Written by":"Renata Felix","Est. reading time":"3 minutos"},"schema":{"@context":"https:\/\/schema.org","@graph":[{"@type":"WebPage","@id":"https:\/\/www.manaus.am.gov.br\/seminf\/prefeito-david-almeida-destaca-avancos-na-infraestrutura-e-anuncia-grandes-obras-para-2023-em-manaus\/","url":"https:\/\/www.manaus.am.gov.br\/seminf\/prefeito-david-almeida-destaca-avancos-na-infraestrutura-e-anuncia-grandes-obras-para-2023-em-manaus\/","name":"Prefeito David Almeida destaca avan\u00e7os na infraestrutura e anuncia grandes obras para 2023 em Manaus - SEMINF","isPartOf":{"@id":"https:\/\/www.manaus.am.gov.br\/seminf\/#website"},"primaryImageOfPage":{"@id":"https:\/\/www.manaus.am.gov.br\/seminf\/prefeito-david-almeida-destaca-avancos-na-infraestrutura-e-anuncia-grandes-obras-para-2023-em-manaus\/#primaryimage"},"image":{"@id":"https:\/\/www.manaus.am.gov.br\/seminf\/prefeito-david-almeida-destaca-avancos-na-infraestrutura-e-anuncia-grandes-obras-para-2023-em-manaus\/#primaryimage"},"thumbnailUrl":"https:\/\/www.manaus.am.gov.br\/seminf\/wp-content\/uploads\/sites\/6\/2023\/02\/image00010.jpeg","datePublished":"2023-02-07T00:57:56+00:00","dateModified":"2023-02-07T20:48:09+00:00","author":{"@id":"https:\/\/www.manaus.am.gov.br\/seminf\/#\/schema\/person\/4eea2a8f78dc853097abb026f728aa06"},"inLanguage":"pt-BR","potentialAction":[{"@type":"ReadAction","target":["https:\/\/www.manaus.am.gov.br\/seminf\/prefeito-david-almeida-destaca-avancos-na-infraestrutura-e-anuncia-grandes-obras-para-2023-em-manaus\/"]}]},{"@type":"ImageObject","inLanguage":"pt-BR","@id":"https:\/\/www.manaus.am.gov.br\/seminf\/prefeito-david-almeida-destaca-avancos-na-infraestrutura-e-anuncia-grandes-obras-para-2023-em-manaus\/#primaryimage","url":"https:\/\/www.manaus.am.gov.br\/seminf\/wp-content\/uploads\/sites\/6\/2023\/02\/image00010.jpeg","contentUrl":"https:\/\/www.manaus.am.gov.br\/seminf\/wp-content\/uploads\/sites\/6\/2023\/02\/image00010.jpeg","width":1349,"height":757},{"@type":"WebSite","@id":"https:\/\/www.manaus.am.gov.br\/seminf\/#website","url":"https:\/\/www.manaus.am.gov.br\/seminf\/","name":"Secretaria de Infraestrutura","description":"Secretaria Municipal de Infraestrutura","potentialAction":[{"@type":"SearchAction","target":{"@type":"EntryPoint","urlTemplate":"https:\/\/www.manaus.am.gov.br\/seminf\/?s={search_term_string}"},"query-input":"required name=search_term_string"}],"inLanguage":"pt-BR"},{"@type":"Person","@id":"https:\/\/www.manaus.am.gov.br\/seminf\/#\/schema\/person\/4eea2a8f78dc853097abb026f728aa06","name":"Renata Felix","image":{"@type":"ImageObject","inLanguage":"pt-BR","@id":"https:\/\/www.manaus.am.gov.br\/seminf\/#\/schema\/person\/image\/","url":"https:\/\/secure.gravatar.com\/avatar\/3c196cf9d3b837b24c8edb2c50fd8f29?s=96&d=mm&r=g","contentUrl":"https:\/\/secure.gravatar.com\/avatar\/3c196cf9d3b837b24c8edb2c50fd8f29?s=96&d=mm&r=g","caption":"Renata Felix"}}]}},"_links":{"self":[{"href":"https:\/\/www.manaus.am.gov.br\/seminf\/wp-json\/wp\/v2\/posts\/621"}],"collection":[{"href":"https:\/\/www.manaus.am.gov.br\/seminf\/wp-json\/wp\/v2\/posts"}],"about":[{"href":"https:\/\/www.manaus.am.gov.br\/seminf\/wp-json\/wp\/v2\/types\/post"}],"author":[{"embeddable":true,"href":"https:\/\/www.manaus.am.gov.br\/seminf\/wp-json\/wp\/v2\/users\/31"}],"replies":[{"embeddable":true,"href":"https:\/\/www.manaus.am.gov.br\/seminf\/wp-json\/wp\/v2\/comments?post=621"}],"version-history":[{"count":1,"href":"https:\/\/www.manaus.am.gov.br\/seminf\/wp-json\/wp\/v2\/posts\/621\/revisions"}],"predecessor-version":[{"id":630,"href":"https:\/\/www.manaus.am.gov.br\/seminf\/wp-json\/wp\/v2\/posts\/621\/revisions\/630"}],"wp:featuredmedia":[{"embeddable":true,"href":"https:\/\/www.manaus.am.gov.br\/seminf\/wp-json\/wp\/v2\/media\/622"}],"wp:attachment":[{"href":"https:\/\/www.manaus.am.gov.br\/seminf\/wp-json\/wp\/v2\/media?parent=621"}],"wp:term":[{"taxonomy":"category","embeddable":true,"href":"https:\/\/www.manaus.am.gov.br\/seminf\/wp-json\/wp\/v2\/categories?post=621"},{"taxonomy":"post_tag","embeddable":true,"href":"https:\/\/www.manaus.am.gov.br\/seminf\/wp-json\/wp\/v2\/tags?post=621"}],"curies":[{"name":"wp","href":"https:\/\/api.w.org\/{rel}","templated":true}]}}