{"id":6180,"date":"2025-07-21T16:06:37","date_gmt":"2025-07-21T20:06:37","guid":{"rendered":"https:\/\/www.manaus.am.gov.br\/seminf\/obra-drenagem-bairro-alvorada\/"},"modified":"2025-07-21T16:06:37","modified_gmt":"2025-07-21T20:06:37","slug":"obra-drenagem-bairro-alvorada","status":"publish","type":"post","link":"https:\/\/www.manaus.am.gov.br\/seminf\/obra-drenagem-bairro-alvorada\/","title":{"rendered":"Prefeitura realiza obra de drenagem no bairro Alvorada e refor\u00e7a compromisso com as demandas da popula\u00e7\u00e3o"},"content":{"rendered":"\n<p>Atendendo as demandas da popula\u00e7\u00e3o, a Prefeitura de Manaus, por meio da Secretaria Municipal de Infraestrutura (Seminf), iniciou, nesta segunda-feira, 21\/7, mais uma frente de obra no bairro Alvorada, zona Centro-Oeste da capital. Desta vez, os servi\u00e7os de recupera\u00e7\u00e3o da rede de drenagem profunda ocorrem na rua Imbiara, que vinha enfrentando recorrentes alagamentos por conta do sistema comprometido.<\/p>\n\n\n\n<p>Segundo o vice-prefeito e secret\u00e1rio de Obras, Renato Junior, o atendimento direto \u00e0 popula\u00e7\u00e3o \u00e9 prioridade na gest\u00e3o municipal. \u201cAqui na Seminf, nossa miss\u00e3o \u00e9 ouvir o cidad\u00e3o, acolher as demandas e transformar isso em a\u00e7\u00f5es concretas. Nossos distritos de obras est\u00e3o sempre de portas abertas e cada solicita\u00e7\u00e3o \u00e9 tratada com seriedade. Esse \u00e9 o modelo de gest\u00e3o que o prefeito David Almeida nos orienta a seguir, perto do povo e com trabalho eficiente\u201d, refor\u00e7ou.<\/p>\n\n\n\n<p>A a\u00e7\u00e3o \u00e9 resultado de uma solicita\u00e7\u00e3o feita pelo morador Elias Costa, de 77 anos, diretamente ao distrito de obras da Seminf. O aposentado expressou sua satisfa\u00e7\u00e3o com a resposta r\u00e1pida e eficaz da prefeitura.<\/p>\n\n\n\n<p>\u201cAgrade\u00e7o \u00e0 Prefeitura de Manaus por sempre ouvir nossas solicita\u00e7\u00f5es. O servi\u00e7o chegou r\u00e1pido, a equipe trabalha com dedica\u00e7\u00e3o, e fico feliz em ver nossa rua sendo cuidada. Meu agradecimento vai ao prefeito David Almeida e ao secret\u00e1rio Renato Junior\u201d, destacou Elias.<\/p>\n\n\n\n<p>A interven\u00e7\u00e3o visa restaurar o pleno funcionamento da drenagem da via, garantindo o escoamento adequado das \u00e1guas pluviais e prevenindo novos alagamentos, que comprometem a mobilidade e a seguran\u00e7a dos moradores.<\/p>\n\n\n\n<p>A Prefeitura de Manaus mant\u00e9m seu compromisso de avan\u00e7ar com obras de infraestrutura que impactam diretamente a qualidade de vida da popula\u00e7\u00e3o, atuando com responsabilidade, agilidade e presen\u00e7a constante nos bairros da capital.<\/p>\n\n\n\n<figure class=\"wp-block-image size-large\"><img loading=\"lazy\" decoding=\"async\" width=\"1024\" height=\"768\" src=\"https:\/\/www.manaus.am.gov.br\/seminf\/wp-content\/uploads\/sites\/6\/2025\/07\/WhatsApp-Image-2025-07-21-at-15.48.02-1024x768.jpeg\" alt=\"\" class=\"wp-image-6182\" srcset=\"https:\/\/www.manaus.am.gov.br\/seminf\/wp-content\/uploads\/sites\/6\/2025\/07\/WhatsApp-Image-2025-07-21-at-15.48.02-1024x768.jpeg 1024w, https:\/\/www.manaus.am.gov.br\/seminf\/wp-content\/uploads\/sites\/6\/2025\/07\/WhatsApp-Image-2025-07-21-at-15.48.02-300x225.jpeg 300w, https:\/\/www.manaus.am.gov.br\/seminf\/wp-content\/uploads\/sites\/6\/2025\/07\/WhatsApp-Image-2025-07-21-at-15.48.02-768x576.jpeg 768w, https:\/\/www.manaus.am.gov.br\/seminf\/wp-content\/uploads\/sites\/6\/2025\/07\/WhatsApp-Image-2025-07-21-at-15.48.02.jpeg 1280w\" sizes=\"(max-width: 1024px) 100vw, 1024px\" \/><\/figure>\n\n\n\n<p>&#8212; &#8212; &#8212;<\/p>\n\n\n\n<p><strong>Texto\u00a0<\/strong>&#8211; Rayana Coutinho\/Seminf<\/p>\n\n\n\n<p><strong>Fotos &#8211;<\/strong> Alessandro Ara\u00fajo\/Seminf<\/p>\n","protected":false},"excerpt":{"rendered":"","protected":false},"author":39,"featured_media":6181,"comment_status":"closed","ping_status":"closed","sticky":false,"template":"","format":"standard","meta":{"footnotes":""},"categories":[12],"tags":[124,2288,2300,43,26],"acf":[],"yoast_head":"<!-- This site is optimized with the Yoast SEO plugin v23.0 - https:\/\/yoast.com\/wordpress\/plugins\/seo\/ -->\n<title>Prefeitura realiza obra de drenagem no bairro Alvorada<\/title>\n<meta name=\"description\" content=\"Prefeitura realiza obra de drenagem no bairro Alvorada e refor\u00e7a compromisso com as demandas da popula\u00e7\u00e3o.\" \/>\n<meta name=\"robots\" content=\"index, follow, max-snippet:-1, max-image-preview:large, max-video-preview:-1\" \/>\n<link rel=\"canonical\" href=\"https:\/\/www.manaus.am.gov.br\/seminf\/obra-drenagem-bairro-alvorada\/\" \/>\n<meta property=\"og:locale\" content=\"pt_BR\" \/>\n<meta property=\"og:type\" content=\"article\" \/>\n<meta property=\"og:title\" content=\"Prefeitura realiza obra de drenagem no bairro Alvorada\" \/>\n<meta property=\"og:description\" content=\"Prefeitura realiza obra de drenagem no bairro Alvorada e refor\u00e7a compromisso com as demandas da popula\u00e7\u00e3o.\" \/>\n<meta property=\"og:url\" content=\"https:\/\/www.manaus.am.gov.br\/seminf\/obra-drenagem-bairro-alvorada\/\" \/>\n<meta property=\"og:site_name\" content=\"SEMINF\" \/>\n<meta property=\"article:published_time\" content=\"2025-07-21T20:06:37+00:00\" \/>\n<meta property=\"og:image\" content=\"https:\/\/www.manaus.am.gov.br\/seminf\/wp-content\/uploads\/sites\/6\/2025\/07\/WhatsApp-Image-2025-07-21-at-15.48.03-1.jpeg\" \/>\n\t<meta property=\"og:image:width\" content=\"1280\" \/>\n\t<meta property=\"og:image:height\" content=\"960\" \/>\n\t<meta property=\"og:image:type\" content=\"image\/jpeg\" \/>\n<meta name=\"author\" content=\"Bruna Greco\" \/>\n<meta name=\"twitter:card\" content=\"summary_large_image\" \/>\n<meta name=\"twitter:label1\" content=\"Written by\" \/>\n\t<meta name=\"twitter:data1\" content=\"Bruna Greco\" \/>\n\t<meta name=\"twitter:label2\" content=\"Est. reading time\" \/>\n\t<meta name=\"twitter:data2\" content=\"2 minutos\" \/>\n<script type=\"application\/ld+json\" class=\"yoast-schema-graph\">{\"@context\":\"https:\/\/schema.org\",\"@graph\":[{\"@type\":\"WebPage\",\"@id\":\"https:\/\/www.manaus.am.gov.br\/seminf\/obra-drenagem-bairro-alvorada\/\",\"url\":\"https:\/\/www.manaus.am.gov.br\/seminf\/obra-drenagem-bairro-alvorada\/\",\"name\":\"Prefeitura realiza obra de drenagem no bairro Alvorada\",\"isPartOf\":{\"@id\":\"https:\/\/www.manaus.am.gov.br\/seminf\/#website\"},\"primaryImageOfPage\":{\"@id\":\"https:\/\/www.manaus.am.gov.br\/seminf\/obra-drenagem-bairro-alvorada\/#primaryimage\"},\"image\":{\"@id\":\"https:\/\/www.manaus.am.gov.br\/seminf\/obra-drenagem-bairro-alvorada\/#primaryimage\"},\"thumbnailUrl\":\"https:\/\/www.manaus.am.gov.br\/seminf\/wp-content\/uploads\/sites\/6\/2025\/07\/WhatsApp-Image-2025-07-21-at-15.48.03-1.jpeg\",\"datePublished\":\"2025-07-21T20:06:37+00:00\",\"dateModified\":\"2025-07-21T20:06:37+00:00\",\"author\":{\"@id\":\"https:\/\/www.manaus.am.gov.br\/seminf\/#\/schema\/person\/05d223aea2bf115f9883a6ff3683d81b\"},\"description\":\"Prefeitura realiza obra de drenagem no bairro Alvorada e refor\u00e7a compromisso com as demandas da popula\u00e7\u00e3o.\",\"inLanguage\":\"pt-BR\",\"potentialAction\":[{\"@type\":\"ReadAction\",\"target\":[\"https:\/\/www.manaus.am.gov.br\/seminf\/obra-drenagem-bairro-alvorada\/\"]}]},{\"@type\":\"ImageObject\",\"inLanguage\":\"pt-BR\",\"@id\":\"https:\/\/www.manaus.am.gov.br\/seminf\/obra-drenagem-bairro-alvorada\/#primaryimage\",\"url\":\"https:\/\/www.manaus.am.gov.br\/seminf\/wp-content\/uploads\/sites\/6\/2025\/07\/WhatsApp-Image-2025-07-21-at-15.48.03-1.jpeg\",\"contentUrl\":\"https:\/\/www.manaus.am.gov.br\/seminf\/wp-content\/uploads\/sites\/6\/2025\/07\/WhatsApp-Image-2025-07-21-at-15.48.03-1.jpeg\",\"width\":1280,\"height\":960,\"caption\":\"#paratodosverem - Equipe da Seminf executando obras de drenagem na rua Imbiara, no bairro Alvorada\"},{\"@type\":\"WebSite\",\"@id\":\"https:\/\/www.manaus.am.gov.br\/seminf\/#website\",\"url\":\"https:\/\/www.manaus.am.gov.br\/seminf\/\",\"name\":\"Secretaria de Infraestrutura\",\"description\":\"Secretaria Municipal de Infraestrutura\",\"potentialAction\":[{\"@type\":\"SearchAction\",\"target\":{\"@type\":\"EntryPoint\",\"urlTemplate\":\"https:\/\/www.manaus.am.gov.br\/seminf\/?s={search_term_string}\"},\"query-input\":\"required name=search_term_string\"}],\"inLanguage\":\"pt-BR\"},{\"@type\":\"Person\",\"@id\":\"https:\/\/www.manaus.am.gov.br\/seminf\/#\/schema\/person\/05d223aea2bf115f9883a6ff3683d81b\",\"name\":\"Bruna Greco\",\"image\":{\"@type\":\"ImageObject\",\"inLanguage\":\"pt-BR\",\"@id\":\"https:\/\/www.manaus.am.gov.br\/seminf\/#\/schema\/person\/image\/\",\"url\":\"https:\/\/secure.gravatar.com\/avatar\/9c877d1a6adc2a055330e5c09a8653ce?s=96&d=mm&r=g\",\"contentUrl\":\"https:\/\/secure.gravatar.com\/avatar\/9c877d1a6adc2a055330e5c09a8653ce?s=96&d=mm&r=g\",\"caption\":\"Bruna Greco\"}}]}<\/script>\n<!-- \/ Yoast SEO plugin. -->","yoast_head_json":{"title":"Prefeitura realiza obra de drenagem no bairro Alvorada","description":"Prefeitura realiza obra de drenagem no bairro Alvorada e refor\u00e7a compromisso com as demandas da popula\u00e7\u00e3o.","robots":{"index":"index","follow":"follow","max-snippet":"max-snippet:-1","max-image-preview":"max-image-preview:large","max-video-preview":"max-video-preview:-1"},"canonical":"https:\/\/www.manaus.am.gov.br\/seminf\/obra-drenagem-bairro-alvorada\/","og_locale":"pt_BR","og_type":"article","og_title":"Prefeitura realiza obra de drenagem no bairro Alvorada","og_description":"Prefeitura realiza obra de drenagem no bairro Alvorada e refor\u00e7a compromisso com as demandas da popula\u00e7\u00e3o.","og_url":"https:\/\/www.manaus.am.gov.br\/seminf\/obra-drenagem-bairro-alvorada\/","og_site_name":"SEMINF","article_published_time":"2025-07-21T20:06:37+00:00","og_image":[{"width":1280,"height":960,"url":"https:\/\/www.manaus.am.gov.br\/seminf\/wp-content\/uploads\/sites\/6\/2025\/07\/WhatsApp-Image-2025-07-21-at-15.48.03-1.jpeg","type":"image\/jpeg"}],"author":"Bruna Greco","twitter_card":"summary_large_image","twitter_misc":{"Written by":"Bruna Greco","Est. reading time":"2 minutos"},"schema":{"@context":"https:\/\/schema.org","@graph":[{"@type":"WebPage","@id":"https:\/\/www.manaus.am.gov.br\/seminf\/obra-drenagem-bairro-alvorada\/","url":"https:\/\/www.manaus.am.gov.br\/seminf\/obra-drenagem-bairro-alvorada\/","name":"Prefeitura realiza obra de drenagem no bairro Alvorada","isPartOf":{"@id":"https:\/\/www.manaus.am.gov.br\/seminf\/#website"},"primaryImageOfPage":{"@id":"https:\/\/www.manaus.am.gov.br\/seminf\/obra-drenagem-bairro-alvorada\/#primaryimage"},"image":{"@id":"https:\/\/www.manaus.am.gov.br\/seminf\/obra-drenagem-bairro-alvorada\/#primaryimage"},"thumbnailUrl":"https:\/\/www.manaus.am.gov.br\/seminf\/wp-content\/uploads\/sites\/6\/2025\/07\/WhatsApp-Image-2025-07-21-at-15.48.03-1.jpeg","datePublished":"2025-07-21T20:06:37+00:00","dateModified":"2025-07-21T20:06:37+00:00","author":{"@id":"https:\/\/www.manaus.am.gov.br\/seminf\/#\/schema\/person\/05d223aea2bf115f9883a6ff3683d81b"},"description":"Prefeitura realiza obra de drenagem no bairro Alvorada e refor\u00e7a compromisso com as demandas da popula\u00e7\u00e3o.","inLanguage":"pt-BR","potentialAction":[{"@type":"ReadAction","target":["https:\/\/www.manaus.am.gov.br\/seminf\/obra-drenagem-bairro-alvorada\/"]}]},{"@type":"ImageObject","inLanguage":"pt-BR","@id":"https:\/\/www.manaus.am.gov.br\/seminf\/obra-drenagem-bairro-alvorada\/#primaryimage","url":"https:\/\/www.manaus.am.gov.br\/seminf\/wp-content\/uploads\/sites\/6\/2025\/07\/WhatsApp-Image-2025-07-21-at-15.48.03-1.jpeg","contentUrl":"https:\/\/www.manaus.am.gov.br\/seminf\/wp-content\/uploads\/sites\/6\/2025\/07\/WhatsApp-Image-2025-07-21-at-15.48.03-1.jpeg","width":1280,"height":960,"caption":"#paratodosverem - Equipe da Seminf executando obras de drenagem na rua Imbiara, no bairro Alvorada"},{"@type":"WebSite","@id":"https:\/\/www.manaus.am.gov.br\/seminf\/#website","url":"https:\/\/www.manaus.am.gov.br\/seminf\/","name":"Secretaria de Infraestrutura","description":"Secretaria Municipal de Infraestrutura","potentialAction":[{"@type":"SearchAction","target":{"@type":"EntryPoint","urlTemplate":"https:\/\/www.manaus.am.gov.br\/seminf\/?s={search_term_string}"},"query-input":"required name=search_term_string"}],"inLanguage":"pt-BR"},{"@type":"Person","@id":"https:\/\/www.manaus.am.gov.br\/seminf\/#\/schema\/person\/05d223aea2bf115f9883a6ff3683d81b","name":"Bruna Greco","image":{"@type":"ImageObject","inLanguage":"pt-BR","@id":"https:\/\/www.manaus.am.gov.br\/seminf\/#\/schema\/person\/image\/","url":"https:\/\/secure.gravatar.com\/avatar\/9c877d1a6adc2a055330e5c09a8653ce?s=96&d=mm&r=g","contentUrl":"https:\/\/secure.gravatar.com\/avatar\/9c877d1a6adc2a055330e5c09a8653ce?s=96&d=mm&r=g","caption":"Bruna Greco"}}]}},"_links":{"self":[{"href":"https:\/\/www.manaus.am.gov.br\/seminf\/wp-json\/wp\/v2\/posts\/6180"}],"collection":[{"href":"https:\/\/www.manaus.am.gov.br\/seminf\/wp-json\/wp\/v2\/posts"}],"about":[{"href":"https:\/\/www.manaus.am.gov.br\/seminf\/wp-json\/wp\/v2\/types\/post"}],"author":[{"embeddable":true,"href":"https:\/\/www.manaus.am.gov.br\/seminf\/wp-json\/wp\/v2\/users\/39"}],"replies":[{"embeddable":true,"href":"https:\/\/www.manaus.am.gov.br\/seminf\/wp-json\/wp\/v2\/comments?post=6180"}],"version-history":[{"count":1,"href":"https:\/\/www.manaus.am.gov.br\/seminf\/wp-json\/wp\/v2\/posts\/6180\/revisions"}],"predecessor-version":[{"id":6183,"href":"https:\/\/www.manaus.am.gov.br\/seminf\/wp-json\/wp\/v2\/posts\/6180\/revisions\/6183"}],"wp:featuredmedia":[{"embeddable":true,"href":"https:\/\/www.manaus.am.gov.br\/seminf\/wp-json\/wp\/v2\/media\/6181"}],"wp:attachment":[{"href":"https:\/\/www.manaus.am.gov.br\/seminf\/wp-json\/wp\/v2\/media?parent=6180"}],"wp:term":[{"taxonomy":"category","embeddable":true,"href":"https:\/\/www.manaus.am.gov.br\/seminf\/wp-json\/wp\/v2\/categories?post=6180"},{"taxonomy":"post_tag","embeddable":true,"href":"https:\/\/www.manaus.am.gov.br\/seminf\/wp-json\/wp\/v2\/tags?post=6180"}],"curies":[{"name":"wp","href":"https:\/\/api.w.org\/{rel}","templated":true}]}}