{"id":6141,"date":"2025-07-18T16:03:31","date_gmt":"2025-07-18T20:03:31","guid":{"rendered":"https:\/\/www.manaus.am.gov.br\/seminf\/manutencao-em-rede-de-drenagem\/"},"modified":"2025-07-18T16:03:32","modified_gmt":"2025-07-18T20:03:32","slug":"manutencao-em-rede-de-drenagem","status":"publish","type":"post","link":"https:\/\/www.manaus.am.gov.br\/seminf\/manutencao-em-rede-de-drenagem\/","title":{"rendered":"Prefeitura de Manaus realiza manuten\u00e7\u00e3o em rede de drenagem e refor\u00e7a infraestrutura no bairro Alvorada 2"},"content":{"rendered":"\n<p>A Prefeitura de Manaus segue avan\u00e7ando com obras que refor\u00e7am a infraestrutura urbana da capital. Nesta sexta-feira, 18\/7, as equipes da Secretaria Municipal de Infraestrutura (Seminf) executaram servi\u00e7os de manuten\u00e7\u00e3o na rede de drenagem profunda da rua Itatuba, no bairro Alvorada 2, zona Centro-Oeste da cidade.<\/p>\n\n\n\n<p>A interven\u00e7\u00e3o foi realizada em um trecho de aproximadamente 4 metros, onde os t\u00e9cnicos da Seminf realizaram o anelamento da tubula\u00e7\u00e3o, procedimento essencial para garantir a veda\u00e7\u00e3o e o bom funcionamento do sistema de escoamento das \u00e1guas pluviais. A medida busca prevenir alagamentos e minimizar os transtornos enfrentados pelos moradores, especialmente durante o per\u00edodo de chuvas intensas.<\/p>\n\n\n\n<p>De acordo com o prefeito em exerc\u00edcio e secret\u00e1rio de Obras, Renato Junior, as equipes est\u00e3o atuando em ritmo acelerado para atender as demandas da popula\u00e7\u00e3o e assegurar a manuten\u00e7\u00e3o eficiente da malha urbana.<\/p>\n\n\n\n<p>\u201cNosso compromisso \u00e9 garantir que a cidade funcione bem para todos. Manter as redes de drenagem em pleno funcionamento significa cuidar da seguran\u00e7a, da sa\u00fade e da qualidade de vida da popula\u00e7\u00e3o. Essa \u00e9 uma das prioridades da nossa gest\u00e3o\u201d, afirmou Renato Junior.&nbsp;<\/p>\n\n\n\n<p>A obra integra o cronograma de manuten\u00e7\u00e3o cont\u00ednua da Prefeitura de Manaus, que contempla a\u00e7\u00f5es preventivas e corretivas em diversos bairros da cidade, com foco na preven\u00e7\u00e3o de danos e na melhoria da infraestrutura p\u00fablica.<\/p>\n\n\n\n<p>\u2014 \u2014 \u2014<strong><br>Texto &#8211; <\/strong>Maria Amed \/ Seminf<br><strong>Fotos &#8211; <\/strong>Divulga\u00e7\u00e3o \/ Seminf<\/p>\n","protected":false},"excerpt":{"rendered":"","protected":false},"author":68,"featured_media":6142,"comment_status":"closed","ping_status":"closed","sticky":false,"template":"","format":"standard","meta":{"footnotes":""},"categories":[4],"tags":[43,2287,26],"acf":[],"yoast_head":"<!-- This site is optimized with the Yoast SEO plugin v23.0 - https:\/\/yoast.com\/wordpress\/plugins\/seo\/ -->\n<title>Prefeitura de Manaus realiza manuten\u00e7\u00e3o em rede de drenagem e refor\u00e7a infraestrutura no bairro Alvorada 2<\/title>\n<meta name=\"description\" content=\"A Prefeitura de Manaus segue avan\u00e7ando com obras que refor\u00e7am a infraestrutura urbana da capital. Nesta sexta-feira, 18\/7, as equipes da Secretaria Municipal de Infraestrutura (Seminf) executaram servi\u00e7os de manuten\u00e7\u00e3o na rede de drenagem profunda da rua Itatuba, no bairro Alvorada 2, zona Centro-Oeste da cidade.\" \/>\n<meta name=\"robots\" content=\"index, follow, max-snippet:-1, max-image-preview:large, max-video-preview:-1\" \/>\n<link rel=\"canonical\" href=\"https:\/\/www.manaus.am.gov.br\/seminf\/manutencao-em-rede-de-drenagem\/\" \/>\n<meta property=\"og:locale\" content=\"pt_BR\" \/>\n<meta property=\"og:type\" content=\"article\" \/>\n<meta property=\"og:title\" content=\"Prefeitura de Manaus realiza manuten\u00e7\u00e3o em rede de drenagem e refor\u00e7a infraestrutura no bairro Alvorada 2\" \/>\n<meta property=\"og:description\" content=\"A Prefeitura de Manaus segue avan\u00e7ando com obras que refor\u00e7am a infraestrutura urbana da capital. Nesta sexta-feira, 18\/7, as equipes da Secretaria Municipal de Infraestrutura (Seminf) executaram servi\u00e7os de manuten\u00e7\u00e3o na rede de drenagem profunda da rua Itatuba, no bairro Alvorada 2, zona Centro-Oeste da cidade.\" \/>\n<meta property=\"og:url\" content=\"https:\/\/www.manaus.am.gov.br\/seminf\/manutencao-em-rede-de-drenagem\/\" \/>\n<meta property=\"og:site_name\" content=\"SEMINF\" \/>\n<meta property=\"article:published_time\" content=\"2025-07-18T20:03:31+00:00\" \/>\n<meta property=\"article:modified_time\" content=\"2025-07-18T20:03:32+00:00\" \/>\n<meta property=\"og:image\" content=\"https:\/\/www.manaus.am.gov.br\/seminf\/wp-content\/uploads\/sites\/6\/2025\/07\/Prefeitura-de-Manaus-realiza-manutencao-em-rede-de-drenagem-e-reforca-infraestrutura-no-bairro-Alvorada-2-2.jpg\" \/>\n\t<meta property=\"og:image:width\" content=\"1599\" \/>\n\t<meta property=\"og:image:height\" content=\"899\" \/>\n\t<meta property=\"og:image:type\" content=\"image\/jpeg\" \/>\n<meta name=\"author\" content=\"bvalente\" \/>\n<meta name=\"twitter:card\" content=\"summary_large_image\" \/>\n<meta name=\"twitter:label1\" content=\"Written by\" \/>\n\t<meta name=\"twitter:data1\" content=\"bvalente\" \/>\n\t<meta name=\"twitter:label2\" content=\"Est. reading time\" \/>\n\t<meta name=\"twitter:data2\" content=\"2 minutos\" \/>\n<script type=\"application\/ld+json\" class=\"yoast-schema-graph\">{\"@context\":\"https:\/\/schema.org\",\"@graph\":[{\"@type\":\"WebPage\",\"@id\":\"https:\/\/www.manaus.am.gov.br\/seminf\/manutencao-em-rede-de-drenagem\/\",\"url\":\"https:\/\/www.manaus.am.gov.br\/seminf\/manutencao-em-rede-de-drenagem\/\",\"name\":\"Prefeitura de Manaus realiza manuten\u00e7\u00e3o em rede de drenagem e refor\u00e7a infraestrutura no bairro Alvorada 2\",\"isPartOf\":{\"@id\":\"https:\/\/www.manaus.am.gov.br\/seminf\/#website\"},\"primaryImageOfPage\":{\"@id\":\"https:\/\/www.manaus.am.gov.br\/seminf\/manutencao-em-rede-de-drenagem\/#primaryimage\"},\"image\":{\"@id\":\"https:\/\/www.manaus.am.gov.br\/seminf\/manutencao-em-rede-de-drenagem\/#primaryimage\"},\"thumbnailUrl\":\"https:\/\/www.manaus.am.gov.br\/seminf\/wp-content\/uploads\/sites\/6\/2025\/07\/Prefeitura-de-Manaus-realiza-manutencao-em-rede-de-drenagem-e-reforca-infraestrutura-no-bairro-Alvorada-2-2.jpg\",\"datePublished\":\"2025-07-18T20:03:31+00:00\",\"dateModified\":\"2025-07-18T20:03:32+00:00\",\"author\":{\"@id\":\"https:\/\/www.manaus.am.gov.br\/seminf\/#\/schema\/person\/466a0e03ae4b6062809046bd560ac955\"},\"description\":\"A Prefeitura de Manaus segue avan\u00e7ando com obras que refor\u00e7am a infraestrutura urbana da capital. Nesta sexta-feira, 18\/7, as equipes da Secretaria Municipal de Infraestrutura (Seminf) executaram servi\u00e7os de manuten\u00e7\u00e3o na rede de drenagem profunda da rua Itatuba, no bairro Alvorada 2, zona Centro-Oeste da cidade.\",\"inLanguage\":\"pt-BR\",\"potentialAction\":[{\"@type\":\"ReadAction\",\"target\":[\"https:\/\/www.manaus.am.gov.br\/seminf\/manutencao-em-rede-de-drenagem\/\"]}]},{\"@type\":\"ImageObject\",\"inLanguage\":\"pt-BR\",\"@id\":\"https:\/\/www.manaus.am.gov.br\/seminf\/manutencao-em-rede-de-drenagem\/#primaryimage\",\"url\":\"https:\/\/www.manaus.am.gov.br\/seminf\/wp-content\/uploads\/sites\/6\/2025\/07\/Prefeitura-de-Manaus-realiza-manutencao-em-rede-de-drenagem-e-reforca-infraestrutura-no-bairro-Alvorada-2-2.jpg\",\"contentUrl\":\"https:\/\/www.manaus.am.gov.br\/seminf\/wp-content\/uploads\/sites\/6\/2025\/07\/Prefeitura-de-Manaus-realiza-manutencao-em-rede-de-drenagem-e-reforca-infraestrutura-no-bairro-Alvorada-2-2.jpg\",\"width\":1599,\"height\":899},{\"@type\":\"WebSite\",\"@id\":\"https:\/\/www.manaus.am.gov.br\/seminf\/#website\",\"url\":\"https:\/\/www.manaus.am.gov.br\/seminf\/\",\"name\":\"Secretaria de Infraestrutura\",\"description\":\"Secretaria Municipal de Infraestrutura\",\"potentialAction\":[{\"@type\":\"SearchAction\",\"target\":{\"@type\":\"EntryPoint\",\"urlTemplate\":\"https:\/\/www.manaus.am.gov.br\/seminf\/?s={search_term_string}\"},\"query-input\":\"required name=search_term_string\"}],\"inLanguage\":\"pt-BR\"},{\"@type\":\"Person\",\"@id\":\"https:\/\/www.manaus.am.gov.br\/seminf\/#\/schema\/person\/466a0e03ae4b6062809046bd560ac955\",\"name\":\"bvalente\",\"image\":{\"@type\":\"ImageObject\",\"inLanguage\":\"pt-BR\",\"@id\":\"https:\/\/www.manaus.am.gov.br\/seminf\/#\/schema\/person\/image\/\",\"url\":\"https:\/\/secure.gravatar.com\/avatar\/3e69bc2b014bdad41adfec3a39de07d2?s=96&d=mm&r=g\",\"contentUrl\":\"https:\/\/secure.gravatar.com\/avatar\/3e69bc2b014bdad41adfec3a39de07d2?s=96&d=mm&r=g\",\"caption\":\"bvalente\"}}]}<\/script>\n<!-- \/ Yoast SEO plugin. -->","yoast_head_json":{"title":"Prefeitura de Manaus realiza manuten\u00e7\u00e3o em rede de drenagem e refor\u00e7a infraestrutura no bairro Alvorada 2","description":"A Prefeitura de Manaus segue avan\u00e7ando com obras que refor\u00e7am a infraestrutura urbana da capital. Nesta sexta-feira, 18\/7, as equipes da Secretaria Municipal de Infraestrutura (Seminf) executaram servi\u00e7os de manuten\u00e7\u00e3o na rede de drenagem profunda da rua Itatuba, no bairro Alvorada 2, zona Centro-Oeste da cidade.","robots":{"index":"index","follow":"follow","max-snippet":"max-snippet:-1","max-image-preview":"max-image-preview:large","max-video-preview":"max-video-preview:-1"},"canonical":"https:\/\/www.manaus.am.gov.br\/seminf\/manutencao-em-rede-de-drenagem\/","og_locale":"pt_BR","og_type":"article","og_title":"Prefeitura de Manaus realiza manuten\u00e7\u00e3o em rede de drenagem e refor\u00e7a infraestrutura no bairro Alvorada 2","og_description":"A Prefeitura de Manaus segue avan\u00e7ando com obras que refor\u00e7am a infraestrutura urbana da capital. Nesta sexta-feira, 18\/7, as equipes da Secretaria Municipal de Infraestrutura (Seminf) executaram servi\u00e7os de manuten\u00e7\u00e3o na rede de drenagem profunda da rua Itatuba, no bairro Alvorada 2, zona Centro-Oeste da cidade.","og_url":"https:\/\/www.manaus.am.gov.br\/seminf\/manutencao-em-rede-de-drenagem\/","og_site_name":"SEMINF","article_published_time":"2025-07-18T20:03:31+00:00","article_modified_time":"2025-07-18T20:03:32+00:00","og_image":[{"width":1599,"height":899,"url":"https:\/\/www.manaus.am.gov.br\/seminf\/wp-content\/uploads\/sites\/6\/2025\/07\/Prefeitura-de-Manaus-realiza-manutencao-em-rede-de-drenagem-e-reforca-infraestrutura-no-bairro-Alvorada-2-2.jpg","type":"image\/jpeg"}],"author":"bvalente","twitter_card":"summary_large_image","twitter_misc":{"Written by":"bvalente","Est. reading time":"2 minutos"},"schema":{"@context":"https:\/\/schema.org","@graph":[{"@type":"WebPage","@id":"https:\/\/www.manaus.am.gov.br\/seminf\/manutencao-em-rede-de-drenagem\/","url":"https:\/\/www.manaus.am.gov.br\/seminf\/manutencao-em-rede-de-drenagem\/","name":"Prefeitura de Manaus realiza manuten\u00e7\u00e3o em rede de drenagem e refor\u00e7a infraestrutura no bairro Alvorada 2","isPartOf":{"@id":"https:\/\/www.manaus.am.gov.br\/seminf\/#website"},"primaryImageOfPage":{"@id":"https:\/\/www.manaus.am.gov.br\/seminf\/manutencao-em-rede-de-drenagem\/#primaryimage"},"image":{"@id":"https:\/\/www.manaus.am.gov.br\/seminf\/manutencao-em-rede-de-drenagem\/#primaryimage"},"thumbnailUrl":"https:\/\/www.manaus.am.gov.br\/seminf\/wp-content\/uploads\/sites\/6\/2025\/07\/Prefeitura-de-Manaus-realiza-manutencao-em-rede-de-drenagem-e-reforca-infraestrutura-no-bairro-Alvorada-2-2.jpg","datePublished":"2025-07-18T20:03:31+00:00","dateModified":"2025-07-18T20:03:32+00:00","author":{"@id":"https:\/\/www.manaus.am.gov.br\/seminf\/#\/schema\/person\/466a0e03ae4b6062809046bd560ac955"},"description":"A Prefeitura de Manaus segue avan\u00e7ando com obras que refor\u00e7am a infraestrutura urbana da capital. Nesta sexta-feira, 18\/7, as equipes da Secretaria Municipal de Infraestrutura (Seminf) executaram servi\u00e7os de manuten\u00e7\u00e3o na rede de drenagem profunda da rua Itatuba, no bairro Alvorada 2, zona Centro-Oeste da cidade.","inLanguage":"pt-BR","potentialAction":[{"@type":"ReadAction","target":["https:\/\/www.manaus.am.gov.br\/seminf\/manutencao-em-rede-de-drenagem\/"]}]},{"@type":"ImageObject","inLanguage":"pt-BR","@id":"https:\/\/www.manaus.am.gov.br\/seminf\/manutencao-em-rede-de-drenagem\/#primaryimage","url":"https:\/\/www.manaus.am.gov.br\/seminf\/wp-content\/uploads\/sites\/6\/2025\/07\/Prefeitura-de-Manaus-realiza-manutencao-em-rede-de-drenagem-e-reforca-infraestrutura-no-bairro-Alvorada-2-2.jpg","contentUrl":"https:\/\/www.manaus.am.gov.br\/seminf\/wp-content\/uploads\/sites\/6\/2025\/07\/Prefeitura-de-Manaus-realiza-manutencao-em-rede-de-drenagem-e-reforca-infraestrutura-no-bairro-Alvorada-2-2.jpg","width":1599,"height":899},{"@type":"WebSite","@id":"https:\/\/www.manaus.am.gov.br\/seminf\/#website","url":"https:\/\/www.manaus.am.gov.br\/seminf\/","name":"Secretaria de Infraestrutura","description":"Secretaria Municipal de Infraestrutura","potentialAction":[{"@type":"SearchAction","target":{"@type":"EntryPoint","urlTemplate":"https:\/\/www.manaus.am.gov.br\/seminf\/?s={search_term_string}"},"query-input":"required name=search_term_string"}],"inLanguage":"pt-BR"},{"@type":"Person","@id":"https:\/\/www.manaus.am.gov.br\/seminf\/#\/schema\/person\/466a0e03ae4b6062809046bd560ac955","name":"bvalente","image":{"@type":"ImageObject","inLanguage":"pt-BR","@id":"https:\/\/www.manaus.am.gov.br\/seminf\/#\/schema\/person\/image\/","url":"https:\/\/secure.gravatar.com\/avatar\/3e69bc2b014bdad41adfec3a39de07d2?s=96&d=mm&r=g","contentUrl":"https:\/\/secure.gravatar.com\/avatar\/3e69bc2b014bdad41adfec3a39de07d2?s=96&d=mm&r=g","caption":"bvalente"}}]}},"_links":{"self":[{"href":"https:\/\/www.manaus.am.gov.br\/seminf\/wp-json\/wp\/v2\/posts\/6141"}],"collection":[{"href":"https:\/\/www.manaus.am.gov.br\/seminf\/wp-json\/wp\/v2\/posts"}],"about":[{"href":"https:\/\/www.manaus.am.gov.br\/seminf\/wp-json\/wp\/v2\/types\/post"}],"author":[{"embeddable":true,"href":"https:\/\/www.manaus.am.gov.br\/seminf\/wp-json\/wp\/v2\/users\/68"}],"replies":[{"embeddable":true,"href":"https:\/\/www.manaus.am.gov.br\/seminf\/wp-json\/wp\/v2\/comments?post=6141"}],"version-history":[{"count":0,"href":"https:\/\/www.manaus.am.gov.br\/seminf\/wp-json\/wp\/v2\/posts\/6141\/revisions"}],"wp:featuredmedia":[{"embeddable":true,"href":"https:\/\/www.manaus.am.gov.br\/seminf\/wp-json\/wp\/v2\/media\/6142"}],"wp:attachment":[{"href":"https:\/\/www.manaus.am.gov.br\/seminf\/wp-json\/wp\/v2\/media?parent=6141"}],"wp:term":[{"taxonomy":"category","embeddable":true,"href":"https:\/\/www.manaus.am.gov.br\/seminf\/wp-json\/wp\/v2\/categories?post=6141"},{"taxonomy":"post_tag","embeddable":true,"href":"https:\/\/www.manaus.am.gov.br\/seminf\/wp-json\/wp\/v2\/tags?post=6141"}],"curies":[{"name":"wp","href":"https:\/\/api.w.org\/{rel}","templated":true}]}}