{"id":6128,"date":"2025-07-17T18:03:35","date_gmt":"2025-07-17T22:03:35","guid":{"rendered":"https:\/\/www.manaus.am.gov.br\/seminf\/manutencao-viaria-bairro-alvorada\/"},"modified":"2025-07-17T18:08:57","modified_gmt":"2025-07-17T22:08:57","slug":"manutencao-viaria-bairro-alvorada","status":"publish","type":"post","link":"https:\/\/www.manaus.am.gov.br\/seminf\/manutencao-viaria-bairro-alvorada\/","title":{"rendered":"Prefeitura de Manaus realiza manuten\u00e7\u00e3o vi\u00e1ria e melhora mobilidade urbana no bairro Alvorada"},"content":{"rendered":"\n<p>A Prefeitura de Manaus, por meio da Secretaria Municipal de Infraestrutura (Seminf), intensifica, nesta quinta-feira, 17\/7, os servi\u00e7os de manuten\u00e7\u00e3o vi\u00e1ria e avan\u00e7a com a recupera\u00e7\u00e3o asf\u00e1ltica na rua Walter Bellian, no bairro Alvorada, zona Centro-Oeste da capital. A via, que registra grande fluxo de ve\u00edculos por ser acesso direto \u00e0 avenida Constantino Nery, recebe cerca de 60 toneladas de massa asf\u00e1ltica em um trecho de 70 metros.<\/p>\n\n\n\n<p>Com a recupera\u00e7\u00e3o do pavimento, a a\u00e7\u00e3o visa n\u00e3o apenas melhorar o tr\u00e1fego de ve\u00edculos, mas tamb\u00e9m garantir mais seguran\u00e7a e fluidez para motoristas e pedestres da regi\u00e3o. De acordo com o prefeito em exerc\u00edcio e secret\u00e1rio de Obras, Renato Junior, o trabalho atende \u00e0 orienta\u00e7\u00e3o do prefeito David Almeida de levar infraestrutura de qualidade aos bairros da capital.<\/p>\n\n\n\n<p>&#8220;Essas a\u00e7\u00f5es de manuten\u00e7\u00e3o s\u00e3o fundamentais para garantir a mobilidade urbana e preservar a integridade das vias. \u00c9 um servi\u00e7o que impacta diretamente na rotina da popula\u00e7\u00e3o, principalmente em ruas de grande circula\u00e7\u00e3o como esta. Nosso compromisso \u00e9 seguir atuando onde h\u00e1 necessidade&#8221;, refor\u00e7ou Renato Junior.<\/p>\n\n\n\n<p>Para garantir maior efici\u00eancia na aplica\u00e7\u00e3o do novo asfalto, a equipe utiliza a vibroacabadora, equipamento que distribui, nivela e compacta a massa asf\u00e1ltica de forma cont\u00ednua, cobrindo os pontos mais cr\u00edticos da via e corrigindo irregularidades que comprometiam o tr\u00e1fego.<\/p>\n\n\n\n<p>Os moradores comemoram a chegada da melhoria. A aut\u00f4noma Edicleide Barbosa, de 51 anos, acompanha diariamente o movimento da rua ao deixar o filho na escola e relata as dificuldades enfrentadas antes da interven\u00e7\u00e3o. &#8220;Era complicado andar por aqui de moto com tantos buracos. Agora est\u00e1 ficando \u00f3timo, s\u00f3 temos a agradecer \u00e0 prefeitura&#8221;, afirmou.<\/p>\n\n\n\n<p>A a\u00e7\u00e3o faz parte de um cronograma cont\u00ednuo da Seminf, que realiza servi\u00e7os semelhantes em diferentes zonas da cidade. O objetivo \u00e9 proporcionar mais seguran\u00e7a vi\u00e1ria e qualidade de vida para a popula\u00e7\u00e3o, refor\u00e7ando o compromisso da gest\u00e3o municipal com a infraestrutura urbana.<\/p>\n\n\n\n<figure class=\"wp-block-image size-full\"><img loading=\"lazy\" decoding=\"async\" width=\"652\" height=\"490\" src=\"https:\/\/www.manaus.am.gov.br\/seminf\/wp-content\/uploads\/sites\/6\/2025\/07\/Pavimentacao-3.jpg\" alt=\"\" class=\"wp-image-6129\" srcset=\"https:\/\/www.manaus.am.gov.br\/seminf\/wp-content\/uploads\/sites\/6\/2025\/07\/Pavimentacao-3.jpg 652w, https:\/\/www.manaus.am.gov.br\/seminf\/wp-content\/uploads\/sites\/6\/2025\/07\/Pavimentacao-3-300x225.jpg 300w\" sizes=\"(max-width: 652px) 100vw, 652px\" \/><\/figure>\n\n\n\n<p>&#8212; &#8212; &#8212;<\/p>\n\n\n\n<p><strong>Texto e fotos &#8211;<\/strong> Eduarda Lira\/Seminf<\/p>\n","protected":false},"excerpt":{"rendered":"","protected":false},"author":39,"featured_media":6130,"comment_status":"closed","ping_status":"closed","sticky":false,"template":"","format":"standard","meta":{"footnotes":""},"categories":[3],"tags":[124,361,743,43,26],"acf":[],"yoast_head":"<!-- This site is optimized with the Yoast SEO plugin v23.0 - https:\/\/yoast.com\/wordpress\/plugins\/seo\/ -->\n<title>Manuten\u00e7\u00e3o vi\u00e1ria e melhora mobilidade urbana no bairro Alvorada<\/title>\n<meta name=\"description\" content=\"Prefeitura de Manaus, por meio da Seminf, realiza manuten\u00e7\u00e3o vi\u00e1ria e melhora mobilidade urbana no bairro Alvorada.\" \/>\n<meta name=\"robots\" content=\"index, follow, max-snippet:-1, max-image-preview:large, max-video-preview:-1\" \/>\n<link rel=\"canonical\" href=\"https:\/\/www.manaus.am.gov.br\/seminf\/manutencao-viaria-bairro-alvorada\/\" \/>\n<meta property=\"og:locale\" content=\"pt_BR\" \/>\n<meta property=\"og:type\" content=\"article\" \/>\n<meta property=\"og:title\" content=\"Manuten\u00e7\u00e3o vi\u00e1ria e melhora mobilidade urbana no bairro Alvorada\" \/>\n<meta property=\"og:description\" content=\"Prefeitura de Manaus, por meio da Seminf, realiza manuten\u00e7\u00e3o vi\u00e1ria e melhora mobilidade urbana no bairro Alvorada.\" \/>\n<meta property=\"og:url\" content=\"https:\/\/www.manaus.am.gov.br\/seminf\/manutencao-viaria-bairro-alvorada\/\" \/>\n<meta property=\"og:site_name\" content=\"SEMINF\" \/>\n<meta property=\"article:published_time\" content=\"2025-07-17T22:03:35+00:00\" \/>\n<meta property=\"article:modified_time\" content=\"2025-07-17T22:08:57+00:00\" \/>\n<meta property=\"og:image\" content=\"https:\/\/www.manaus.am.gov.br\/seminf\/wp-content\/uploads\/sites\/6\/2025\/07\/Pavimentacao-1.jpg\" \/>\n\t<meta property=\"og:image:width\" content=\"651\" \/>\n\t<meta property=\"og:image:height\" content=\"488\" \/>\n\t<meta property=\"og:image:type\" content=\"image\/jpeg\" \/>\n<meta name=\"author\" content=\"Bruna Greco\" \/>\n<meta name=\"twitter:card\" content=\"summary_large_image\" \/>\n<meta name=\"twitter:label1\" content=\"Written by\" \/>\n\t<meta name=\"twitter:data1\" content=\"Bruna Greco\" \/>\n\t<meta name=\"twitter:label2\" content=\"Est. reading time\" \/>\n\t<meta name=\"twitter:data2\" content=\"3 minutos\" \/>\n<script type=\"application\/ld+json\" class=\"yoast-schema-graph\">{\"@context\":\"https:\/\/schema.org\",\"@graph\":[{\"@type\":\"WebPage\",\"@id\":\"https:\/\/www.manaus.am.gov.br\/seminf\/manutencao-viaria-bairro-alvorada\/\",\"url\":\"https:\/\/www.manaus.am.gov.br\/seminf\/manutencao-viaria-bairro-alvorada\/\",\"name\":\"Manuten\u00e7\u00e3o vi\u00e1ria e melhora mobilidade urbana no bairro Alvorada\",\"isPartOf\":{\"@id\":\"https:\/\/www.manaus.am.gov.br\/seminf\/#website\"},\"primaryImageOfPage\":{\"@id\":\"https:\/\/www.manaus.am.gov.br\/seminf\/manutencao-viaria-bairro-alvorada\/#primaryimage\"},\"image\":{\"@id\":\"https:\/\/www.manaus.am.gov.br\/seminf\/manutencao-viaria-bairro-alvorada\/#primaryimage\"},\"thumbnailUrl\":\"https:\/\/www.manaus.am.gov.br\/seminf\/wp-content\/uploads\/sites\/6\/2025\/07\/Pavimentacao-1.jpg\",\"datePublished\":\"2025-07-17T22:03:35+00:00\",\"dateModified\":\"2025-07-17T22:08:57+00:00\",\"author\":{\"@id\":\"https:\/\/www.manaus.am.gov.br\/seminf\/#\/schema\/person\/05d223aea2bf115f9883a6ff3683d81b\"},\"description\":\"Prefeitura de Manaus, por meio da Seminf, realiza manuten\u00e7\u00e3o vi\u00e1ria e melhora mobilidade urbana no bairro Alvorada.\",\"inLanguage\":\"pt-BR\",\"potentialAction\":[{\"@type\":\"ReadAction\",\"target\":[\"https:\/\/www.manaus.am.gov.br\/seminf\/manutencao-viaria-bairro-alvorada\/\"]}]},{\"@type\":\"ImageObject\",\"inLanguage\":\"pt-BR\",\"@id\":\"https:\/\/www.manaus.am.gov.br\/seminf\/manutencao-viaria-bairro-alvorada\/#primaryimage\",\"url\":\"https:\/\/www.manaus.am.gov.br\/seminf\/wp-content\/uploads\/sites\/6\/2025\/07\/Pavimentacao-1.jpg\",\"contentUrl\":\"https:\/\/www.manaus.am.gov.br\/seminf\/wp-content\/uploads\/sites\/6\/2025\/07\/Pavimentacao-1.jpg\",\"width\":651,\"height\":488,\"caption\":\"#paratodosverem - Equipe da Seminf executando os servi\u00e7os de pavimenta\u00e7\u00e3o da rua Walter Bellian, no bairro Alvorada\"},{\"@type\":\"WebSite\",\"@id\":\"https:\/\/www.manaus.am.gov.br\/seminf\/#website\",\"url\":\"https:\/\/www.manaus.am.gov.br\/seminf\/\",\"name\":\"Secretaria de Infraestrutura\",\"description\":\"Secretaria Municipal de Infraestrutura\",\"potentialAction\":[{\"@type\":\"SearchAction\",\"target\":{\"@type\":\"EntryPoint\",\"urlTemplate\":\"https:\/\/www.manaus.am.gov.br\/seminf\/?s={search_term_string}\"},\"query-input\":\"required name=search_term_string\"}],\"inLanguage\":\"pt-BR\"},{\"@type\":\"Person\",\"@id\":\"https:\/\/www.manaus.am.gov.br\/seminf\/#\/schema\/person\/05d223aea2bf115f9883a6ff3683d81b\",\"name\":\"Bruna Greco\",\"image\":{\"@type\":\"ImageObject\",\"inLanguage\":\"pt-BR\",\"@id\":\"https:\/\/www.manaus.am.gov.br\/seminf\/#\/schema\/person\/image\/\",\"url\":\"https:\/\/secure.gravatar.com\/avatar\/9c877d1a6adc2a055330e5c09a8653ce?s=96&d=mm&r=g\",\"contentUrl\":\"https:\/\/secure.gravatar.com\/avatar\/9c877d1a6adc2a055330e5c09a8653ce?s=96&d=mm&r=g\",\"caption\":\"Bruna Greco\"}}]}<\/script>\n<!-- \/ Yoast SEO plugin. -->","yoast_head_json":{"title":"Manuten\u00e7\u00e3o vi\u00e1ria e melhora mobilidade urbana no bairro Alvorada","description":"Prefeitura de Manaus, por meio da Seminf, realiza manuten\u00e7\u00e3o vi\u00e1ria e melhora mobilidade urbana no bairro Alvorada.","robots":{"index":"index","follow":"follow","max-snippet":"max-snippet:-1","max-image-preview":"max-image-preview:large","max-video-preview":"max-video-preview:-1"},"canonical":"https:\/\/www.manaus.am.gov.br\/seminf\/manutencao-viaria-bairro-alvorada\/","og_locale":"pt_BR","og_type":"article","og_title":"Manuten\u00e7\u00e3o vi\u00e1ria e melhora mobilidade urbana no bairro Alvorada","og_description":"Prefeitura de Manaus, por meio da Seminf, realiza manuten\u00e7\u00e3o vi\u00e1ria e melhora mobilidade urbana no bairro Alvorada.","og_url":"https:\/\/www.manaus.am.gov.br\/seminf\/manutencao-viaria-bairro-alvorada\/","og_site_name":"SEMINF","article_published_time":"2025-07-17T22:03:35+00:00","article_modified_time":"2025-07-17T22:08:57+00:00","og_image":[{"width":651,"height":488,"url":"https:\/\/www.manaus.am.gov.br\/seminf\/wp-content\/uploads\/sites\/6\/2025\/07\/Pavimentacao-1.jpg","type":"image\/jpeg"}],"author":"Bruna Greco","twitter_card":"summary_large_image","twitter_misc":{"Written by":"Bruna Greco","Est. reading time":"3 minutos"},"schema":{"@context":"https:\/\/schema.org","@graph":[{"@type":"WebPage","@id":"https:\/\/www.manaus.am.gov.br\/seminf\/manutencao-viaria-bairro-alvorada\/","url":"https:\/\/www.manaus.am.gov.br\/seminf\/manutencao-viaria-bairro-alvorada\/","name":"Manuten\u00e7\u00e3o vi\u00e1ria e melhora mobilidade urbana no bairro Alvorada","isPartOf":{"@id":"https:\/\/www.manaus.am.gov.br\/seminf\/#website"},"primaryImageOfPage":{"@id":"https:\/\/www.manaus.am.gov.br\/seminf\/manutencao-viaria-bairro-alvorada\/#primaryimage"},"image":{"@id":"https:\/\/www.manaus.am.gov.br\/seminf\/manutencao-viaria-bairro-alvorada\/#primaryimage"},"thumbnailUrl":"https:\/\/www.manaus.am.gov.br\/seminf\/wp-content\/uploads\/sites\/6\/2025\/07\/Pavimentacao-1.jpg","datePublished":"2025-07-17T22:03:35+00:00","dateModified":"2025-07-17T22:08:57+00:00","author":{"@id":"https:\/\/www.manaus.am.gov.br\/seminf\/#\/schema\/person\/05d223aea2bf115f9883a6ff3683d81b"},"description":"Prefeitura de Manaus, por meio da Seminf, realiza manuten\u00e7\u00e3o vi\u00e1ria e melhora mobilidade urbana no bairro Alvorada.","inLanguage":"pt-BR","potentialAction":[{"@type":"ReadAction","target":["https:\/\/www.manaus.am.gov.br\/seminf\/manutencao-viaria-bairro-alvorada\/"]}]},{"@type":"ImageObject","inLanguage":"pt-BR","@id":"https:\/\/www.manaus.am.gov.br\/seminf\/manutencao-viaria-bairro-alvorada\/#primaryimage","url":"https:\/\/www.manaus.am.gov.br\/seminf\/wp-content\/uploads\/sites\/6\/2025\/07\/Pavimentacao-1.jpg","contentUrl":"https:\/\/www.manaus.am.gov.br\/seminf\/wp-content\/uploads\/sites\/6\/2025\/07\/Pavimentacao-1.jpg","width":651,"height":488,"caption":"#paratodosverem - Equipe da Seminf executando os servi\u00e7os de pavimenta\u00e7\u00e3o da rua Walter Bellian, no bairro Alvorada"},{"@type":"WebSite","@id":"https:\/\/www.manaus.am.gov.br\/seminf\/#website","url":"https:\/\/www.manaus.am.gov.br\/seminf\/","name":"Secretaria de Infraestrutura","description":"Secretaria Municipal de Infraestrutura","potentialAction":[{"@type":"SearchAction","target":{"@type":"EntryPoint","urlTemplate":"https:\/\/www.manaus.am.gov.br\/seminf\/?s={search_term_string}"},"query-input":"required name=search_term_string"}],"inLanguage":"pt-BR"},{"@type":"Person","@id":"https:\/\/www.manaus.am.gov.br\/seminf\/#\/schema\/person\/05d223aea2bf115f9883a6ff3683d81b","name":"Bruna Greco","image":{"@type":"ImageObject","inLanguage":"pt-BR","@id":"https:\/\/www.manaus.am.gov.br\/seminf\/#\/schema\/person\/image\/","url":"https:\/\/secure.gravatar.com\/avatar\/9c877d1a6adc2a055330e5c09a8653ce?s=96&d=mm&r=g","contentUrl":"https:\/\/secure.gravatar.com\/avatar\/9c877d1a6adc2a055330e5c09a8653ce?s=96&d=mm&r=g","caption":"Bruna Greco"}}]}},"_links":{"self":[{"href":"https:\/\/www.manaus.am.gov.br\/seminf\/wp-json\/wp\/v2\/posts\/6128"}],"collection":[{"href":"https:\/\/www.manaus.am.gov.br\/seminf\/wp-json\/wp\/v2\/posts"}],"about":[{"href":"https:\/\/www.manaus.am.gov.br\/seminf\/wp-json\/wp\/v2\/types\/post"}],"author":[{"embeddable":true,"href":"https:\/\/www.manaus.am.gov.br\/seminf\/wp-json\/wp\/v2\/users\/39"}],"replies":[{"embeddable":true,"href":"https:\/\/www.manaus.am.gov.br\/seminf\/wp-json\/wp\/v2\/comments?post=6128"}],"version-history":[{"count":3,"href":"https:\/\/www.manaus.am.gov.br\/seminf\/wp-json\/wp\/v2\/posts\/6128\/revisions"}],"predecessor-version":[{"id":6133,"href":"https:\/\/www.manaus.am.gov.br\/seminf\/wp-json\/wp\/v2\/posts\/6128\/revisions\/6133"}],"wp:featuredmedia":[{"embeddable":true,"href":"https:\/\/www.manaus.am.gov.br\/seminf\/wp-json\/wp\/v2\/media\/6130"}],"wp:attachment":[{"href":"https:\/\/www.manaus.am.gov.br\/seminf\/wp-json\/wp\/v2\/media?parent=6128"}],"wp:term":[{"taxonomy":"category","embeddable":true,"href":"https:\/\/www.manaus.am.gov.br\/seminf\/wp-json\/wp\/v2\/categories?post=6128"},{"taxonomy":"post_tag","embeddable":true,"href":"https:\/\/www.manaus.am.gov.br\/seminf\/wp-json\/wp\/v2\/tags?post=6128"}],"curies":[{"name":"wp","href":"https:\/\/api.w.org\/{rel}","templated":true}]}}