{"id":6093,"date":"2025-07-16T16:04:50","date_gmt":"2025-07-16T20:04:50","guid":{"rendered":"https:\/\/www.manaus.am.gov.br\/seminf\/servicos-de-drenagem-profunda-urbanizacao\/"},"modified":"2025-07-16T16:23:48","modified_gmt":"2025-07-16T20:23:48","slug":"servicos-de-drenagem-profunda-urbanizacao","status":"publish","type":"post","link":"https:\/\/www.manaus.am.gov.br\/seminf\/servicos-de-drenagem-profunda-urbanizacao\/","title":{"rendered":"Prefeitura conclui servi\u00e7os de drenagem profunda e inicia urbaniza\u00e7\u00e3o no bairro Japiim"},"content":{"rendered":"\n<p>A Prefeitura de Manaus, por meio da Secretaria Municipal de Infraestrutura (Seminf), concluiu a manuten\u00e7\u00e3o de uma rede de drenagem profunda na avenida Am\u00e9rico Antony, antiga avenida Penetra\u00e7\u00e3o 3, no bairro Japiim, zona Sul da capital. Com o servi\u00e7o estrutural finalizado, as equipes avan\u00e7aram para a recupera\u00e7\u00e3o da drenagem superficial da via, nesta quarta-feira, 16\/7.<\/p>\n\n\n\n<p>A interven\u00e7\u00e3o incluiu o anelamento de um trecho de 8 metros da galeria subterr\u00e2nea, seguido pelo aterramento da \u00e1rea. Agora, as frentes de obra executam o assentamento de 15 blocos de meio-fio, com aproximadamente um metro de comprimento cada, al\u00e9m da confec\u00e7\u00e3o de sarjeta e cal\u00e7ada.<\/p>\n\n\n\n<p>O prefeito em exerc\u00edcio e secret\u00e1rio de Obras, Renato Junior, ressaltou que o trabalho segue a determina\u00e7\u00e3o do prefeito David Almeida de entregar obras completas \u00e0 popula\u00e7\u00e3o. \u201cA orienta\u00e7\u00e3o da gest\u00e3o \u00e9 clara, onde a prefeitura atua, o servi\u00e7o precisa ser completo. Da drenagem profunda \u00e0 urbaniza\u00e7\u00e3o da via, como estamos fazendo aqui no Japiim. Isso garante seguran\u00e7a, mobilidade e dignidade aos moradores\u201d, afirmou Renato Junior.<\/p>\n\n\n\n<p>A aposentada Deuzita Rodrigues, de 84 anos, moradora da via, destacou o impacto positivo da a\u00e7\u00e3o. \u201cEst\u00e1vamos precisando muito desse servi\u00e7o. Agora, com a presen\u00e7a da prefeitura, estamos mais tranquilos. Vai melhorar bastante a seguran\u00e7a por aqui\u201d, disse a moradora.<\/p>\n\n\n\n<p>A obra refor\u00e7a o compromisso da Prefeitura de Manaus em melhorar o escoamento das \u00e1guas pluviais e prevenir alagamentos, promovendo mais qualidade de vida nas comunidades da capital.<\/p>\n\n\n\n<p>\u2014 \u2014 \u2014<br><strong>Texto &#8211; <\/strong>Eduarda Lira\/ Seminf<br><strong>Fotos &#8211; <\/strong>Alessandro Ara\u00fajo\/ Seminf<\/p>\n","protected":false},"excerpt":{"rendered":"","protected":false},"author":68,"featured_media":6094,"comment_status":"closed","ping_status":"closed","sticky":false,"template":"","format":"standard","meta":{"footnotes":""},"categories":[4],"tags":[2275,43,26],"acf":[],"yoast_head":"<!-- This site is optimized with the Yoast SEO plugin v23.0 - https:\/\/yoast.com\/wordpress\/plugins\/seo\/ -->\n<title>Prefeitura conclui servi\u00e7os de drenagem profunda e inicia urbaniza\u00e7\u00e3o no bairro Japiim<\/title>\n<meta name=\"description\" content=\"A Prefeitura de Manaus, por meio da Secretaria Municipal de Infraestrutura (Seminf), concluiu a manuten\u00e7\u00e3o de uma rede de drenagem profunda na avenida Am\u00e9rico Antony, antiga avenida Penetra\u00e7\u00e3o 3, no bairro Japiim, zona Sul da capital.\" \/>\n<meta name=\"robots\" content=\"index, follow, max-snippet:-1, max-image-preview:large, max-video-preview:-1\" \/>\n<link rel=\"canonical\" href=\"https:\/\/www.manaus.am.gov.br\/seminf\/servicos-de-drenagem-profunda-urbanizacao\/\" \/>\n<meta property=\"og:locale\" content=\"pt_BR\" \/>\n<meta property=\"og:type\" content=\"article\" \/>\n<meta property=\"og:title\" content=\"Prefeitura conclui servi\u00e7os de drenagem profunda e inicia urbaniza\u00e7\u00e3o no bairro Japiim\" \/>\n<meta property=\"og:description\" content=\"A Prefeitura de Manaus, por meio da Secretaria Municipal de Infraestrutura (Seminf), concluiu a manuten\u00e7\u00e3o de uma rede de drenagem profunda na avenida Am\u00e9rico Antony, antiga avenida Penetra\u00e7\u00e3o 3, no bairro Japiim, zona Sul da capital.\" \/>\n<meta property=\"og:url\" content=\"https:\/\/www.manaus.am.gov.br\/seminf\/servicos-de-drenagem-profunda-urbanizacao\/\" \/>\n<meta property=\"og:site_name\" content=\"SEMINF\" \/>\n<meta property=\"article:published_time\" content=\"2025-07-16T20:04:50+00:00\" \/>\n<meta property=\"article:modified_time\" content=\"2025-07-16T20:23:48+00:00\" \/>\n<meta property=\"og:image\" content=\"https:\/\/www.manaus.am.gov.br\/seminf\/wp-content\/uploads\/sites\/6\/2025\/07\/Prefeitura-conclui-servicos-de-drenagem-profunda-e-inicia-urbanizacao-no-bairro-Japiim-3.jpg\" \/>\n\t<meta property=\"og:image:width\" content=\"800\" \/>\n\t<meta property=\"og:image:height\" content=\"600\" \/>\n\t<meta property=\"og:image:type\" content=\"image\/jpeg\" \/>\n<meta name=\"author\" content=\"bvalente\" \/>\n<meta name=\"twitter:card\" content=\"summary_large_image\" \/>\n<meta name=\"twitter:label1\" content=\"Written by\" \/>\n\t<meta name=\"twitter:data1\" content=\"bvalente\" \/>\n\t<meta name=\"twitter:label2\" content=\"Est. reading time\" \/>\n\t<meta name=\"twitter:data2\" content=\"2 minutos\" \/>\n<script type=\"application\/ld+json\" class=\"yoast-schema-graph\">{\"@context\":\"https:\/\/schema.org\",\"@graph\":[{\"@type\":\"WebPage\",\"@id\":\"https:\/\/www.manaus.am.gov.br\/seminf\/servicos-de-drenagem-profunda-urbanizacao\/\",\"url\":\"https:\/\/www.manaus.am.gov.br\/seminf\/servicos-de-drenagem-profunda-urbanizacao\/\",\"name\":\"Prefeitura conclui servi\u00e7os de drenagem profunda e inicia urbaniza\u00e7\u00e3o no bairro Japiim\",\"isPartOf\":{\"@id\":\"https:\/\/www.manaus.am.gov.br\/seminf\/#website\"},\"primaryImageOfPage\":{\"@id\":\"https:\/\/www.manaus.am.gov.br\/seminf\/servicos-de-drenagem-profunda-urbanizacao\/#primaryimage\"},\"image\":{\"@id\":\"https:\/\/www.manaus.am.gov.br\/seminf\/servicos-de-drenagem-profunda-urbanizacao\/#primaryimage\"},\"thumbnailUrl\":\"https:\/\/www.manaus.am.gov.br\/seminf\/wp-content\/uploads\/sites\/6\/2025\/07\/Prefeitura-conclui-servicos-de-drenagem-profunda-e-inicia-urbanizacao-no-bairro-Japiim-3.jpg\",\"datePublished\":\"2025-07-16T20:04:50+00:00\",\"dateModified\":\"2025-07-16T20:23:48+00:00\",\"author\":{\"@id\":\"https:\/\/www.manaus.am.gov.br\/seminf\/#\/schema\/person\/466a0e03ae4b6062809046bd560ac955\"},\"description\":\"A Prefeitura de Manaus, por meio da Secretaria Municipal de Infraestrutura (Seminf), concluiu a manuten\u00e7\u00e3o de uma rede de drenagem profunda na avenida Am\u00e9rico Antony, antiga avenida Penetra\u00e7\u00e3o 3, no bairro Japiim, zona Sul da capital.\",\"inLanguage\":\"pt-BR\",\"potentialAction\":[{\"@type\":\"ReadAction\",\"target\":[\"https:\/\/www.manaus.am.gov.br\/seminf\/servicos-de-drenagem-profunda-urbanizacao\/\"]}]},{\"@type\":\"ImageObject\",\"inLanguage\":\"pt-BR\",\"@id\":\"https:\/\/www.manaus.am.gov.br\/seminf\/servicos-de-drenagem-profunda-urbanizacao\/#primaryimage\",\"url\":\"https:\/\/www.manaus.am.gov.br\/seminf\/wp-content\/uploads\/sites\/6\/2025\/07\/Prefeitura-conclui-servicos-de-drenagem-profunda-e-inicia-urbanizacao-no-bairro-Japiim-3.jpg\",\"contentUrl\":\"https:\/\/www.manaus.am.gov.br\/seminf\/wp-content\/uploads\/sites\/6\/2025\/07\/Prefeitura-conclui-servicos-de-drenagem-profunda-e-inicia-urbanizacao-no-bairro-Japiim-3.jpg\",\"width\":800,\"height\":600},{\"@type\":\"WebSite\",\"@id\":\"https:\/\/www.manaus.am.gov.br\/seminf\/#website\",\"url\":\"https:\/\/www.manaus.am.gov.br\/seminf\/\",\"name\":\"Secretaria de Infraestrutura\",\"description\":\"Secretaria Municipal de Infraestrutura\",\"potentialAction\":[{\"@type\":\"SearchAction\",\"target\":{\"@type\":\"EntryPoint\",\"urlTemplate\":\"https:\/\/www.manaus.am.gov.br\/seminf\/?s={search_term_string}\"},\"query-input\":\"required name=search_term_string\"}],\"inLanguage\":\"pt-BR\"},{\"@type\":\"Person\",\"@id\":\"https:\/\/www.manaus.am.gov.br\/seminf\/#\/schema\/person\/466a0e03ae4b6062809046bd560ac955\",\"name\":\"bvalente\",\"image\":{\"@type\":\"ImageObject\",\"inLanguage\":\"pt-BR\",\"@id\":\"https:\/\/www.manaus.am.gov.br\/seminf\/#\/schema\/person\/image\/\",\"url\":\"https:\/\/secure.gravatar.com\/avatar\/3e69bc2b014bdad41adfec3a39de07d2?s=96&d=mm&r=g\",\"contentUrl\":\"https:\/\/secure.gravatar.com\/avatar\/3e69bc2b014bdad41adfec3a39de07d2?s=96&d=mm&r=g\",\"caption\":\"bvalente\"}}]}<\/script>\n<!-- \/ Yoast SEO plugin. -->","yoast_head_json":{"title":"Prefeitura conclui servi\u00e7os de drenagem profunda e inicia urbaniza\u00e7\u00e3o no bairro Japiim","description":"A Prefeitura de Manaus, por meio da Secretaria Municipal de Infraestrutura (Seminf), concluiu a manuten\u00e7\u00e3o de uma rede de drenagem profunda na avenida Am\u00e9rico Antony, antiga avenida Penetra\u00e7\u00e3o 3, no bairro Japiim, zona Sul da capital.","robots":{"index":"index","follow":"follow","max-snippet":"max-snippet:-1","max-image-preview":"max-image-preview:large","max-video-preview":"max-video-preview:-1"},"canonical":"https:\/\/www.manaus.am.gov.br\/seminf\/servicos-de-drenagem-profunda-urbanizacao\/","og_locale":"pt_BR","og_type":"article","og_title":"Prefeitura conclui servi\u00e7os de drenagem profunda e inicia urbaniza\u00e7\u00e3o no bairro Japiim","og_description":"A Prefeitura de Manaus, por meio da Secretaria Municipal de Infraestrutura (Seminf), concluiu a manuten\u00e7\u00e3o de uma rede de drenagem profunda na avenida Am\u00e9rico Antony, antiga avenida Penetra\u00e7\u00e3o 3, no bairro Japiim, zona Sul da capital.","og_url":"https:\/\/www.manaus.am.gov.br\/seminf\/servicos-de-drenagem-profunda-urbanizacao\/","og_site_name":"SEMINF","article_published_time":"2025-07-16T20:04:50+00:00","article_modified_time":"2025-07-16T20:23:48+00:00","og_image":[{"width":800,"height":600,"url":"https:\/\/www.manaus.am.gov.br\/seminf\/wp-content\/uploads\/sites\/6\/2025\/07\/Prefeitura-conclui-servicos-de-drenagem-profunda-e-inicia-urbanizacao-no-bairro-Japiim-3.jpg","type":"image\/jpeg"}],"author":"bvalente","twitter_card":"summary_large_image","twitter_misc":{"Written by":"bvalente","Est. reading time":"2 minutos"},"schema":{"@context":"https:\/\/schema.org","@graph":[{"@type":"WebPage","@id":"https:\/\/www.manaus.am.gov.br\/seminf\/servicos-de-drenagem-profunda-urbanizacao\/","url":"https:\/\/www.manaus.am.gov.br\/seminf\/servicos-de-drenagem-profunda-urbanizacao\/","name":"Prefeitura conclui servi\u00e7os de drenagem profunda e inicia urbaniza\u00e7\u00e3o no bairro Japiim","isPartOf":{"@id":"https:\/\/www.manaus.am.gov.br\/seminf\/#website"},"primaryImageOfPage":{"@id":"https:\/\/www.manaus.am.gov.br\/seminf\/servicos-de-drenagem-profunda-urbanizacao\/#primaryimage"},"image":{"@id":"https:\/\/www.manaus.am.gov.br\/seminf\/servicos-de-drenagem-profunda-urbanizacao\/#primaryimage"},"thumbnailUrl":"https:\/\/www.manaus.am.gov.br\/seminf\/wp-content\/uploads\/sites\/6\/2025\/07\/Prefeitura-conclui-servicos-de-drenagem-profunda-e-inicia-urbanizacao-no-bairro-Japiim-3.jpg","datePublished":"2025-07-16T20:04:50+00:00","dateModified":"2025-07-16T20:23:48+00:00","author":{"@id":"https:\/\/www.manaus.am.gov.br\/seminf\/#\/schema\/person\/466a0e03ae4b6062809046bd560ac955"},"description":"A Prefeitura de Manaus, por meio da Secretaria Municipal de Infraestrutura (Seminf), concluiu a manuten\u00e7\u00e3o de uma rede de drenagem profunda na avenida Am\u00e9rico Antony, antiga avenida Penetra\u00e7\u00e3o 3, no bairro Japiim, zona Sul da capital.","inLanguage":"pt-BR","potentialAction":[{"@type":"ReadAction","target":["https:\/\/www.manaus.am.gov.br\/seminf\/servicos-de-drenagem-profunda-urbanizacao\/"]}]},{"@type":"ImageObject","inLanguage":"pt-BR","@id":"https:\/\/www.manaus.am.gov.br\/seminf\/servicos-de-drenagem-profunda-urbanizacao\/#primaryimage","url":"https:\/\/www.manaus.am.gov.br\/seminf\/wp-content\/uploads\/sites\/6\/2025\/07\/Prefeitura-conclui-servicos-de-drenagem-profunda-e-inicia-urbanizacao-no-bairro-Japiim-3.jpg","contentUrl":"https:\/\/www.manaus.am.gov.br\/seminf\/wp-content\/uploads\/sites\/6\/2025\/07\/Prefeitura-conclui-servicos-de-drenagem-profunda-e-inicia-urbanizacao-no-bairro-Japiim-3.jpg","width":800,"height":600},{"@type":"WebSite","@id":"https:\/\/www.manaus.am.gov.br\/seminf\/#website","url":"https:\/\/www.manaus.am.gov.br\/seminf\/","name":"Secretaria de Infraestrutura","description":"Secretaria Municipal de Infraestrutura","potentialAction":[{"@type":"SearchAction","target":{"@type":"EntryPoint","urlTemplate":"https:\/\/www.manaus.am.gov.br\/seminf\/?s={search_term_string}"},"query-input":"required name=search_term_string"}],"inLanguage":"pt-BR"},{"@type":"Person","@id":"https:\/\/www.manaus.am.gov.br\/seminf\/#\/schema\/person\/466a0e03ae4b6062809046bd560ac955","name":"bvalente","image":{"@type":"ImageObject","inLanguage":"pt-BR","@id":"https:\/\/www.manaus.am.gov.br\/seminf\/#\/schema\/person\/image\/","url":"https:\/\/secure.gravatar.com\/avatar\/3e69bc2b014bdad41adfec3a39de07d2?s=96&d=mm&r=g","contentUrl":"https:\/\/secure.gravatar.com\/avatar\/3e69bc2b014bdad41adfec3a39de07d2?s=96&d=mm&r=g","caption":"bvalente"}}]}},"_links":{"self":[{"href":"https:\/\/www.manaus.am.gov.br\/seminf\/wp-json\/wp\/v2\/posts\/6093"}],"collection":[{"href":"https:\/\/www.manaus.am.gov.br\/seminf\/wp-json\/wp\/v2\/posts"}],"about":[{"href":"https:\/\/www.manaus.am.gov.br\/seminf\/wp-json\/wp\/v2\/types\/post"}],"author":[{"embeddable":true,"href":"https:\/\/www.manaus.am.gov.br\/seminf\/wp-json\/wp\/v2\/users\/68"}],"replies":[{"embeddable":true,"href":"https:\/\/www.manaus.am.gov.br\/seminf\/wp-json\/wp\/v2\/comments?post=6093"}],"version-history":[{"count":1,"href":"https:\/\/www.manaus.am.gov.br\/seminf\/wp-json\/wp\/v2\/posts\/6093\/revisions"}],"predecessor-version":[{"id":6096,"href":"https:\/\/www.manaus.am.gov.br\/seminf\/wp-json\/wp\/v2\/posts\/6093\/revisions\/6096"}],"wp:featuredmedia":[{"embeddable":true,"href":"https:\/\/www.manaus.am.gov.br\/seminf\/wp-json\/wp\/v2\/media\/6094"}],"wp:attachment":[{"href":"https:\/\/www.manaus.am.gov.br\/seminf\/wp-json\/wp\/v2\/media?parent=6093"}],"wp:term":[{"taxonomy":"category","embeddable":true,"href":"https:\/\/www.manaus.am.gov.br\/seminf\/wp-json\/wp\/v2\/categories?post=6093"},{"taxonomy":"post_tag","embeddable":true,"href":"https:\/\/www.manaus.am.gov.br\/seminf\/wp-json\/wp\/v2\/tags?post=6093"}],"curies":[{"name":"wp","href":"https:\/\/api.w.org\/{rel}","templated":true}]}}