{"id":6059,"date":"2025-07-14T16:40:12","date_gmt":"2025-07-14T20:40:12","guid":{"rendered":"https:\/\/www.manaus.am.gov.br\/seminf\/servico-de-pavimentacao-no-bairro-japiim\/"},"modified":"2025-07-14T16:40:13","modified_gmt":"2025-07-14T20:40:13","slug":"servico-de-pavimentacao-no-bairro-japiim","status":"publish","type":"post","link":"https:\/\/www.manaus.am.gov.br\/seminf\/servico-de-pavimentacao-no-bairro-japiim\/","title":{"rendered":"Prefeitura de Manaus realiza servi\u00e7o de pavimenta\u00e7\u00e3o no bairro Japiim"},"content":{"rendered":"\n<p>A Prefeitura de Manaus, por meio da Secretaria Municipal de Infraestrutura (Seminf), deu in\u00edcio, nesta segunda-feira, 14\/7, \u00e0 revitaliza\u00e7\u00e3o completa da rua 30, no bairro Japiim, zona Sul da capital. Com mais de 210 metros de extens\u00e3o, a via recebeu obras de recapeamento asf\u00e1ltico, garantindo mais seguran\u00e7a, conforto e mobilidade para moradores, motoristas e pedestres.<\/p>\n\n\n\n<p>A interven\u00e7\u00e3o atende a uma solicita\u00e7\u00e3o direta dos moradores da \u00e1rea, que reivindicaram melhorias na pavimenta\u00e7\u00e3o. A resposta r\u00e1pida da prefeitura evidencia o compromisso da gest\u00e3o municipal em ouvir a popula\u00e7\u00e3o e promover melhorias efetivas nos bairros.<\/p>\n\n\n\n<p>O prefeito de Manaus em exerc\u00edcio e secret\u00e1rio de Obras, Renato Junior, destacou o ritmo acelerado de trabalho da secretaria logo no in\u00edcio da semana.<\/p>\n\n\n\n<p>\u201cCome\u00e7amos a segunda-feira com for\u00e7a total, levando infraestrutura de qualidade a diversas zonas da cidade. S\u00e3o obras que transformam realidades e garantem dignidade \u00e0 popula\u00e7\u00e3o. E o mais importante: esse \u00e9 s\u00f3 o come\u00e7o da semana. Temos muito mais pela frente. Essa \u00e9 a gest\u00e3o comprometida do prefeito David Almeida\u201d, afirmou Renato Junior.<br><br>A artes\u00e3 Tereza Soares, 62 anos, foi uma das moradoras que pediu a obra e celebrou o novo asfalto. \u201cQuero agradecer por terem atendido nossa solicita\u00e7\u00e3o. Todos est\u00e3o de parab\u00e9ns. Esse asfalto ficou maravilhoso. Os trabalhadores s\u00e3o nota 10\u201d, declarou a artes\u00e3 e moradora da \u00e1rea.<\/p>\n\n\n\n<p>Antes da aplica\u00e7\u00e3o da nova camada de asfalto, as equipes da Seminf realizaram a limpeza da via, prepara\u00e7\u00e3o da base, imprima\u00e7\u00e3o e a aplica\u00e7\u00e3o da massa asf\u00e1ltica, etapa que garante durabilidade e qualidade no servi\u00e7o.<\/p>\n\n\n\n<p>Com a interven\u00e7\u00e3o na rua 30, a Prefeitura de Manaus soma mais de 120 vias recapeadas somente no bairro Japiim. Al\u00e9m da pavimenta\u00e7\u00e3o, a regi\u00e3o tamb\u00e9m vem sendo beneficiada com servi\u00e7os de drenagem profunda, superficial e limpeza urbana, refor\u00e7ando a atua\u00e7\u00e3o integrada do poder p\u00fablico em prol da melhoria da infraestrutura da cidade.<\/p>\n\n\n\n<p>\u2014 \u2014 \u2014<br><strong>Texto &#8211; <\/strong>Rayana Coutinho\/ Seminf<br><strong>Fotos &#8211; <\/strong>Alessandro Ara\u00fajo\/ Seminf<\/p>\n","protected":false},"excerpt":{"rendered":"","protected":false},"author":68,"featured_media":6060,"comment_status":"closed","ping_status":"closed","sticky":false,"template":"","format":"standard","meta":{"footnotes":""},"categories":[3],"tags":[43,2267,26],"acf":[],"yoast_head":"<!-- This site is optimized with the Yoast SEO plugin v23.0 - https:\/\/yoast.com\/wordpress\/plugins\/seo\/ -->\n<title>Prefeitura de Manaus realiza servi\u00e7o de pavimenta\u00e7\u00e3o no bairro Japiim<\/title>\n<meta name=\"description\" content=\"A Prefeitura de Manaus, por meio da Secretaria Municipal de Infraestrutura (Seminf), deu in\u00edcio, nesta segunda-feira, 14\/7, \u00e0 revitaliza\u00e7\u00e3o completa da rua 30, no bairro Japiim, zona Sul da capital. Com mais de 210 metros de extens\u00e3o, a via recebeu obras de recapeamento asf\u00e1ltico, garantindo mais seguran\u00e7a, conforto e mobilidade para moradores, motoristas e pedestres.\" \/>\n<meta name=\"robots\" content=\"index, follow, max-snippet:-1, max-image-preview:large, max-video-preview:-1\" \/>\n<link rel=\"canonical\" href=\"https:\/\/www.manaus.am.gov.br\/seminf\/servico-de-pavimentacao-no-bairro-japiim\/\" \/>\n<meta property=\"og:locale\" content=\"pt_BR\" \/>\n<meta property=\"og:type\" content=\"article\" \/>\n<meta property=\"og:title\" content=\"Prefeitura de Manaus realiza servi\u00e7o de pavimenta\u00e7\u00e3o no bairro Japiim\" \/>\n<meta property=\"og:description\" content=\"A Prefeitura de Manaus, por meio da Secretaria Municipal de Infraestrutura (Seminf), deu in\u00edcio, nesta segunda-feira, 14\/7, \u00e0 revitaliza\u00e7\u00e3o completa da rua 30, no bairro Japiim, zona Sul da capital. Com mais de 210 metros de extens\u00e3o, a via recebeu obras de recapeamento asf\u00e1ltico, garantindo mais seguran\u00e7a, conforto e mobilidade para moradores, motoristas e pedestres.\" \/>\n<meta property=\"og:url\" content=\"https:\/\/www.manaus.am.gov.br\/seminf\/servico-de-pavimentacao-no-bairro-japiim\/\" \/>\n<meta property=\"og:site_name\" content=\"SEMINF\" \/>\n<meta property=\"article:published_time\" content=\"2025-07-14T20:40:12+00:00\" \/>\n<meta property=\"article:modified_time\" content=\"2025-07-14T20:40:13+00:00\" \/>\n<meta property=\"og:image\" content=\"https:\/\/www.manaus.am.gov.br\/seminf\/wp-content\/uploads\/sites\/6\/2025\/07\/Prefeitura-de-Manaus-realiza-obras-de-pavimentacao-no-bairro-Japiim.jpg\" \/>\n\t<meta property=\"og:image:width\" content=\"800\" \/>\n\t<meta property=\"og:image:height\" content=\"600\" \/>\n\t<meta property=\"og:image:type\" content=\"image\/jpeg\" \/>\n<meta name=\"author\" content=\"bvalente\" \/>\n<meta name=\"twitter:card\" content=\"summary_large_image\" \/>\n<meta name=\"twitter:label1\" content=\"Written by\" \/>\n\t<meta name=\"twitter:data1\" content=\"bvalente\" \/>\n\t<meta name=\"twitter:label2\" content=\"Est. reading time\" \/>\n\t<meta name=\"twitter:data2\" content=\"2 minutos\" \/>\n<script type=\"application\/ld+json\" class=\"yoast-schema-graph\">{\"@context\":\"https:\/\/schema.org\",\"@graph\":[{\"@type\":\"WebPage\",\"@id\":\"https:\/\/www.manaus.am.gov.br\/seminf\/servico-de-pavimentacao-no-bairro-japiim\/\",\"url\":\"https:\/\/www.manaus.am.gov.br\/seminf\/servico-de-pavimentacao-no-bairro-japiim\/\",\"name\":\"Prefeitura de Manaus realiza servi\u00e7o de pavimenta\u00e7\u00e3o no bairro Japiim\",\"isPartOf\":{\"@id\":\"https:\/\/www.manaus.am.gov.br\/seminf\/#website\"},\"primaryImageOfPage\":{\"@id\":\"https:\/\/www.manaus.am.gov.br\/seminf\/servico-de-pavimentacao-no-bairro-japiim\/#primaryimage\"},\"image\":{\"@id\":\"https:\/\/www.manaus.am.gov.br\/seminf\/servico-de-pavimentacao-no-bairro-japiim\/#primaryimage\"},\"thumbnailUrl\":\"https:\/\/www.manaus.am.gov.br\/seminf\/wp-content\/uploads\/sites\/6\/2025\/07\/Prefeitura-de-Manaus-realiza-obras-de-pavimentacao-no-bairro-Japiim.jpg\",\"datePublished\":\"2025-07-14T20:40:12+00:00\",\"dateModified\":\"2025-07-14T20:40:13+00:00\",\"author\":{\"@id\":\"https:\/\/www.manaus.am.gov.br\/seminf\/#\/schema\/person\/466a0e03ae4b6062809046bd560ac955\"},\"description\":\"A Prefeitura de Manaus, por meio da Secretaria Municipal de Infraestrutura (Seminf), deu in\u00edcio, nesta segunda-feira, 14\/7, \u00e0 revitaliza\u00e7\u00e3o completa da rua 30, no bairro Japiim, zona Sul da capital. Com mais de 210 metros de extens\u00e3o, a via recebeu obras de recapeamento asf\u00e1ltico, garantindo mais seguran\u00e7a, conforto e mobilidade para moradores, motoristas e pedestres.\",\"inLanguage\":\"pt-BR\",\"potentialAction\":[{\"@type\":\"ReadAction\",\"target\":[\"https:\/\/www.manaus.am.gov.br\/seminf\/servico-de-pavimentacao-no-bairro-japiim\/\"]}]},{\"@type\":\"ImageObject\",\"inLanguage\":\"pt-BR\",\"@id\":\"https:\/\/www.manaus.am.gov.br\/seminf\/servico-de-pavimentacao-no-bairro-japiim\/#primaryimage\",\"url\":\"https:\/\/www.manaus.am.gov.br\/seminf\/wp-content\/uploads\/sites\/6\/2025\/07\/Prefeitura-de-Manaus-realiza-obras-de-pavimentacao-no-bairro-Japiim.jpg\",\"contentUrl\":\"https:\/\/www.manaus.am.gov.br\/seminf\/wp-content\/uploads\/sites\/6\/2025\/07\/Prefeitura-de-Manaus-realiza-obras-de-pavimentacao-no-bairro-Japiim.jpg\",\"width\":800,\"height\":600},{\"@type\":\"WebSite\",\"@id\":\"https:\/\/www.manaus.am.gov.br\/seminf\/#website\",\"url\":\"https:\/\/www.manaus.am.gov.br\/seminf\/\",\"name\":\"Secretaria de Infraestrutura\",\"description\":\"Secretaria Municipal de Infraestrutura\",\"potentialAction\":[{\"@type\":\"SearchAction\",\"target\":{\"@type\":\"EntryPoint\",\"urlTemplate\":\"https:\/\/www.manaus.am.gov.br\/seminf\/?s={search_term_string}\"},\"query-input\":\"required name=search_term_string\"}],\"inLanguage\":\"pt-BR\"},{\"@type\":\"Person\",\"@id\":\"https:\/\/www.manaus.am.gov.br\/seminf\/#\/schema\/person\/466a0e03ae4b6062809046bd560ac955\",\"name\":\"bvalente\",\"image\":{\"@type\":\"ImageObject\",\"inLanguage\":\"pt-BR\",\"@id\":\"https:\/\/www.manaus.am.gov.br\/seminf\/#\/schema\/person\/image\/\",\"url\":\"https:\/\/secure.gravatar.com\/avatar\/3e69bc2b014bdad41adfec3a39de07d2?s=96&d=mm&r=g\",\"contentUrl\":\"https:\/\/secure.gravatar.com\/avatar\/3e69bc2b014bdad41adfec3a39de07d2?s=96&d=mm&r=g\",\"caption\":\"bvalente\"}}]}<\/script>\n<!-- \/ Yoast SEO plugin. -->","yoast_head_json":{"title":"Prefeitura de Manaus realiza servi\u00e7o de pavimenta\u00e7\u00e3o no bairro Japiim","description":"A Prefeitura de Manaus, por meio da Secretaria Municipal de Infraestrutura (Seminf), deu in\u00edcio, nesta segunda-feira, 14\/7, \u00e0 revitaliza\u00e7\u00e3o completa da rua 30, no bairro Japiim, zona Sul da capital. Com mais de 210 metros de extens\u00e3o, a via recebeu obras de recapeamento asf\u00e1ltico, garantindo mais seguran\u00e7a, conforto e mobilidade para moradores, motoristas e pedestres.","robots":{"index":"index","follow":"follow","max-snippet":"max-snippet:-1","max-image-preview":"max-image-preview:large","max-video-preview":"max-video-preview:-1"},"canonical":"https:\/\/www.manaus.am.gov.br\/seminf\/servico-de-pavimentacao-no-bairro-japiim\/","og_locale":"pt_BR","og_type":"article","og_title":"Prefeitura de Manaus realiza servi\u00e7o de pavimenta\u00e7\u00e3o no bairro Japiim","og_description":"A Prefeitura de Manaus, por meio da Secretaria Municipal de Infraestrutura (Seminf), deu in\u00edcio, nesta segunda-feira, 14\/7, \u00e0 revitaliza\u00e7\u00e3o completa da rua 30, no bairro Japiim, zona Sul da capital. Com mais de 210 metros de extens\u00e3o, a via recebeu obras de recapeamento asf\u00e1ltico, garantindo mais seguran\u00e7a, conforto e mobilidade para moradores, motoristas e pedestres.","og_url":"https:\/\/www.manaus.am.gov.br\/seminf\/servico-de-pavimentacao-no-bairro-japiim\/","og_site_name":"SEMINF","article_published_time":"2025-07-14T20:40:12+00:00","article_modified_time":"2025-07-14T20:40:13+00:00","og_image":[{"width":800,"height":600,"url":"https:\/\/www.manaus.am.gov.br\/seminf\/wp-content\/uploads\/sites\/6\/2025\/07\/Prefeitura-de-Manaus-realiza-obras-de-pavimentacao-no-bairro-Japiim.jpg","type":"image\/jpeg"}],"author":"bvalente","twitter_card":"summary_large_image","twitter_misc":{"Written by":"bvalente","Est. reading time":"2 minutos"},"schema":{"@context":"https:\/\/schema.org","@graph":[{"@type":"WebPage","@id":"https:\/\/www.manaus.am.gov.br\/seminf\/servico-de-pavimentacao-no-bairro-japiim\/","url":"https:\/\/www.manaus.am.gov.br\/seminf\/servico-de-pavimentacao-no-bairro-japiim\/","name":"Prefeitura de Manaus realiza servi\u00e7o de pavimenta\u00e7\u00e3o no bairro Japiim","isPartOf":{"@id":"https:\/\/www.manaus.am.gov.br\/seminf\/#website"},"primaryImageOfPage":{"@id":"https:\/\/www.manaus.am.gov.br\/seminf\/servico-de-pavimentacao-no-bairro-japiim\/#primaryimage"},"image":{"@id":"https:\/\/www.manaus.am.gov.br\/seminf\/servico-de-pavimentacao-no-bairro-japiim\/#primaryimage"},"thumbnailUrl":"https:\/\/www.manaus.am.gov.br\/seminf\/wp-content\/uploads\/sites\/6\/2025\/07\/Prefeitura-de-Manaus-realiza-obras-de-pavimentacao-no-bairro-Japiim.jpg","datePublished":"2025-07-14T20:40:12+00:00","dateModified":"2025-07-14T20:40:13+00:00","author":{"@id":"https:\/\/www.manaus.am.gov.br\/seminf\/#\/schema\/person\/466a0e03ae4b6062809046bd560ac955"},"description":"A Prefeitura de Manaus, por meio da Secretaria Municipal de Infraestrutura (Seminf), deu in\u00edcio, nesta segunda-feira, 14\/7, \u00e0 revitaliza\u00e7\u00e3o completa da rua 30, no bairro Japiim, zona Sul da capital. Com mais de 210 metros de extens\u00e3o, a via recebeu obras de recapeamento asf\u00e1ltico, garantindo mais seguran\u00e7a, conforto e mobilidade para moradores, motoristas e pedestres.","inLanguage":"pt-BR","potentialAction":[{"@type":"ReadAction","target":["https:\/\/www.manaus.am.gov.br\/seminf\/servico-de-pavimentacao-no-bairro-japiim\/"]}]},{"@type":"ImageObject","inLanguage":"pt-BR","@id":"https:\/\/www.manaus.am.gov.br\/seminf\/servico-de-pavimentacao-no-bairro-japiim\/#primaryimage","url":"https:\/\/www.manaus.am.gov.br\/seminf\/wp-content\/uploads\/sites\/6\/2025\/07\/Prefeitura-de-Manaus-realiza-obras-de-pavimentacao-no-bairro-Japiim.jpg","contentUrl":"https:\/\/www.manaus.am.gov.br\/seminf\/wp-content\/uploads\/sites\/6\/2025\/07\/Prefeitura-de-Manaus-realiza-obras-de-pavimentacao-no-bairro-Japiim.jpg","width":800,"height":600},{"@type":"WebSite","@id":"https:\/\/www.manaus.am.gov.br\/seminf\/#website","url":"https:\/\/www.manaus.am.gov.br\/seminf\/","name":"Secretaria de Infraestrutura","description":"Secretaria Municipal de Infraestrutura","potentialAction":[{"@type":"SearchAction","target":{"@type":"EntryPoint","urlTemplate":"https:\/\/www.manaus.am.gov.br\/seminf\/?s={search_term_string}"},"query-input":"required name=search_term_string"}],"inLanguage":"pt-BR"},{"@type":"Person","@id":"https:\/\/www.manaus.am.gov.br\/seminf\/#\/schema\/person\/466a0e03ae4b6062809046bd560ac955","name":"bvalente","image":{"@type":"ImageObject","inLanguage":"pt-BR","@id":"https:\/\/www.manaus.am.gov.br\/seminf\/#\/schema\/person\/image\/","url":"https:\/\/secure.gravatar.com\/avatar\/3e69bc2b014bdad41adfec3a39de07d2?s=96&d=mm&r=g","contentUrl":"https:\/\/secure.gravatar.com\/avatar\/3e69bc2b014bdad41adfec3a39de07d2?s=96&d=mm&r=g","caption":"bvalente"}}]}},"_links":{"self":[{"href":"https:\/\/www.manaus.am.gov.br\/seminf\/wp-json\/wp\/v2\/posts\/6059"}],"collection":[{"href":"https:\/\/www.manaus.am.gov.br\/seminf\/wp-json\/wp\/v2\/posts"}],"about":[{"href":"https:\/\/www.manaus.am.gov.br\/seminf\/wp-json\/wp\/v2\/types\/post"}],"author":[{"embeddable":true,"href":"https:\/\/www.manaus.am.gov.br\/seminf\/wp-json\/wp\/v2\/users\/68"}],"replies":[{"embeddable":true,"href":"https:\/\/www.manaus.am.gov.br\/seminf\/wp-json\/wp\/v2\/comments?post=6059"}],"version-history":[{"count":0,"href":"https:\/\/www.manaus.am.gov.br\/seminf\/wp-json\/wp\/v2\/posts\/6059\/revisions"}],"wp:featuredmedia":[{"embeddable":true,"href":"https:\/\/www.manaus.am.gov.br\/seminf\/wp-json\/wp\/v2\/media\/6060"}],"wp:attachment":[{"href":"https:\/\/www.manaus.am.gov.br\/seminf\/wp-json\/wp\/v2\/media?parent=6059"}],"wp:term":[{"taxonomy":"category","embeddable":true,"href":"https:\/\/www.manaus.am.gov.br\/seminf\/wp-json\/wp\/v2\/categories?post=6059"},{"taxonomy":"post_tag","embeddable":true,"href":"https:\/\/www.manaus.am.gov.br\/seminf\/wp-json\/wp\/v2\/tags?post=6059"}],"curies":[{"name":"wp","href":"https:\/\/api.w.org\/{rel}","templated":true}]}}