{"id":6028,"date":"2025-07-10T16:13:46","date_gmt":"2025-07-10T20:13:46","guid":{"rendered":"https:\/\/www.manaus.am.gov.br\/seminf\/asfalto-novo\/"},"modified":"2025-07-10T16:13:48","modified_gmt":"2025-07-10T20:13:48","slug":"asfalto-novo","status":"publish","type":"post","link":"https:\/\/www.manaus.am.gov.br\/seminf\/asfalto-novo\/","title":{"rendered":"Asfalto novo da Prefeitura de Manaus chega em vias do bairro Pra\u00e7a 14\u00a0"},"content":{"rendered":"\n<p>A Prefeitura de Manaus, por meio da Secretaria Municipal de Infraestrutura (Seminf), atua, nesta quinta-feira, 10\/7, com os servi\u00e7os de recupera\u00e7\u00e3o asf\u00e1ltica no cruzamento das ruas Em\u00edlio Moreira com a Tarum\u00e3 e na rua Jonathas Pedrosa, localizadas no bairro Pra\u00e7a 14, zona Sul da capital.&nbsp;<\/p>\n\n\n\n<p>\u201cA Seminf segue em ritmo acelerado, trabalhamos muito durante o dia e a tarde os trabalhos s\u00f3 avan\u00e7am, estamos com muitas frentes atuando de forma simult\u00e2nea pelas zonas da capital. A prioridade do prefeito David Almeida \u00e9 atender a popula\u00e7\u00e3o e garantir o bem-estar por meio da infraestrutura\u201d, afirma o vice-prefeito e secret\u00e1rio de Obras, Renato Junior.&nbsp;<\/p>\n\n\n\n<p>A equipe, estabelecida por 15 trabalhadores, identificou a degrada\u00e7\u00e3o no pavimento dessas vias e prontamente executaram os reparos necess\u00e1rios com asfalto. O aut\u00f4nomo Marcelo Fernandez, 50 anos, celebra a presen\u00e7a das equipes da prefeitura em seu bairro.&nbsp;<\/p>\n\n\n\n<p>\u201cEu sou morador da Pra\u00e7a 14 h\u00e1 50 anos, estou gostando muito de ver o trabalho do nosso prefeito David e do nosso vice Renato, o trabalho realmente n\u00e3o para e continua, essa \u00e9 uma das principais ruas do nosso bairro, muito movimentada e a Prefeitura de Manaus est\u00e1 presente\u201d, afirma o morador.&nbsp;<\/p>\n\n\n\n<p>As a\u00e7\u00f5es de recupera\u00e7\u00e3o da Prefeitura de Manaus garantem mais durabilidade ao pavimento, e melhoram o tr\u00e1fego nas vias atendidas pelas equipes de infraestrutura.<\/p>\n\n\n\n<p>\u2014 \u2014 \u2014<br><strong>Texto &#8211; <\/strong>Rayana Coutinho \/ Seminf<br><strong>Fotos &#8211; <\/strong>M\u00e1rcio Melo \/ Seminf<\/p>\n","protected":false},"excerpt":{"rendered":"","protected":false},"author":68,"featured_media":6029,"comment_status":"closed","ping_status":"closed","sticky":false,"template":"","format":"standard","meta":{"footnotes":""},"categories":[6],"tags":[2259,43,26],"acf":[],"yoast_head":"<!-- This site is optimized with the Yoast SEO plugin v23.0 - https:\/\/yoast.com\/wordpress\/plugins\/seo\/ -->\n<title>Asfalto novo da Prefeitura de Manaus chega em vias do bairro Pra\u00e7a 14\u00a0<\/title>\n<meta name=\"description\" content=\"A Prefeitura de Manaus, por meio da Secretaria Municipal de Infraestrutura (Seminf), atua, nesta quinta-feira, 10\/7, com os servi\u00e7os de recupera\u00e7\u00e3o asf\u00e1ltica no cruzamento das ruas Em\u00edlio Moreira com a Tarum\u00e3 e na rua Jonathas Pedrosa, localizadas no bairro Pra\u00e7a 14, zona Sul da capital.\" \/>\n<meta name=\"robots\" content=\"index, follow, max-snippet:-1, max-image-preview:large, max-video-preview:-1\" \/>\n<link rel=\"canonical\" href=\"https:\/\/www.manaus.am.gov.br\/seminf\/asfalto-novo\/\" \/>\n<meta property=\"og:locale\" content=\"pt_BR\" \/>\n<meta property=\"og:type\" content=\"article\" \/>\n<meta property=\"og:title\" content=\"Asfalto novo da Prefeitura de Manaus chega em vias do bairro Pra\u00e7a 14\u00a0\" \/>\n<meta property=\"og:description\" content=\"A Prefeitura de Manaus, por meio da Secretaria Municipal de Infraestrutura (Seminf), atua, nesta quinta-feira, 10\/7, com os servi\u00e7os de recupera\u00e7\u00e3o asf\u00e1ltica no cruzamento das ruas Em\u00edlio Moreira com a Tarum\u00e3 e na rua Jonathas Pedrosa, localizadas no bairro Pra\u00e7a 14, zona Sul da capital.\" \/>\n<meta property=\"og:url\" content=\"https:\/\/www.manaus.am.gov.br\/seminf\/asfalto-novo\/\" \/>\n<meta property=\"og:site_name\" content=\"SEMINF\" \/>\n<meta property=\"article:published_time\" content=\"2025-07-10T20:13:46+00:00\" \/>\n<meta property=\"article:modified_time\" content=\"2025-07-10T20:13:48+00:00\" \/>\n<meta property=\"og:image\" content=\"https:\/\/www.manaus.am.gov.br\/seminf\/wp-content\/uploads\/sites\/6\/2025\/07\/736A2168-1024x683.jpg\" \/>\n\t<meta property=\"og:image:width\" content=\"1024\" \/>\n\t<meta property=\"og:image:height\" content=\"683\" \/>\n\t<meta property=\"og:image:type\" content=\"image\/jpeg\" \/>\n<meta name=\"author\" content=\"bvalente\" \/>\n<meta name=\"twitter:card\" content=\"summary_large_image\" \/>\n<meta name=\"twitter:label1\" content=\"Written by\" \/>\n\t<meta name=\"twitter:data1\" content=\"bvalente\" \/>\n\t<meta name=\"twitter:label2\" content=\"Est. reading time\" \/>\n\t<meta name=\"twitter:data2\" content=\"2 minutos\" \/>\n<script type=\"application\/ld+json\" class=\"yoast-schema-graph\">{\"@context\":\"https:\/\/schema.org\",\"@graph\":[{\"@type\":\"WebPage\",\"@id\":\"https:\/\/www.manaus.am.gov.br\/seminf\/asfalto-novo\/\",\"url\":\"https:\/\/www.manaus.am.gov.br\/seminf\/asfalto-novo\/\",\"name\":\"Asfalto novo da Prefeitura de Manaus chega em vias do bairro Pra\u00e7a 14\u00a0\",\"isPartOf\":{\"@id\":\"https:\/\/www.manaus.am.gov.br\/seminf\/#website\"},\"primaryImageOfPage\":{\"@id\":\"https:\/\/www.manaus.am.gov.br\/seminf\/asfalto-novo\/#primaryimage\"},\"image\":{\"@id\":\"https:\/\/www.manaus.am.gov.br\/seminf\/asfalto-novo\/#primaryimage\"},\"thumbnailUrl\":\"https:\/\/www.manaus.am.gov.br\/seminf\/wp-content\/uploads\/sites\/6\/2025\/07\/736A2168.jpg\",\"datePublished\":\"2025-07-10T20:13:46+00:00\",\"dateModified\":\"2025-07-10T20:13:48+00:00\",\"author\":{\"@id\":\"https:\/\/www.manaus.am.gov.br\/seminf\/#\/schema\/person\/466a0e03ae4b6062809046bd560ac955\"},\"description\":\"A Prefeitura de Manaus, por meio da Secretaria Municipal de Infraestrutura (Seminf), atua, nesta quinta-feira, 10\/7, com os servi\u00e7os de recupera\u00e7\u00e3o asf\u00e1ltica no cruzamento das ruas Em\u00edlio Moreira com a Tarum\u00e3 e na rua Jonathas Pedrosa, localizadas no bairro Pra\u00e7a 14, zona Sul da capital.\",\"inLanguage\":\"pt-BR\",\"potentialAction\":[{\"@type\":\"ReadAction\",\"target\":[\"https:\/\/www.manaus.am.gov.br\/seminf\/asfalto-novo\/\"]}]},{\"@type\":\"ImageObject\",\"inLanguage\":\"pt-BR\",\"@id\":\"https:\/\/www.manaus.am.gov.br\/seminf\/asfalto-novo\/#primaryimage\",\"url\":\"https:\/\/www.manaus.am.gov.br\/seminf\/wp-content\/uploads\/sites\/6\/2025\/07\/736A2168.jpg\",\"contentUrl\":\"https:\/\/www.manaus.am.gov.br\/seminf\/wp-content\/uploads\/sites\/6\/2025\/07\/736A2168.jpg\",\"width\":4464,\"height\":2976},{\"@type\":\"WebSite\",\"@id\":\"https:\/\/www.manaus.am.gov.br\/seminf\/#website\",\"url\":\"https:\/\/www.manaus.am.gov.br\/seminf\/\",\"name\":\"Secretaria de Infraestrutura\",\"description\":\"Secretaria Municipal de Infraestrutura\",\"potentialAction\":[{\"@type\":\"SearchAction\",\"target\":{\"@type\":\"EntryPoint\",\"urlTemplate\":\"https:\/\/www.manaus.am.gov.br\/seminf\/?s={search_term_string}\"},\"query-input\":\"required name=search_term_string\"}],\"inLanguage\":\"pt-BR\"},{\"@type\":\"Person\",\"@id\":\"https:\/\/www.manaus.am.gov.br\/seminf\/#\/schema\/person\/466a0e03ae4b6062809046bd560ac955\",\"name\":\"bvalente\",\"image\":{\"@type\":\"ImageObject\",\"inLanguage\":\"pt-BR\",\"@id\":\"https:\/\/www.manaus.am.gov.br\/seminf\/#\/schema\/person\/image\/\",\"url\":\"https:\/\/secure.gravatar.com\/avatar\/3e69bc2b014bdad41adfec3a39de07d2?s=96&d=mm&r=g\",\"contentUrl\":\"https:\/\/secure.gravatar.com\/avatar\/3e69bc2b014bdad41adfec3a39de07d2?s=96&d=mm&r=g\",\"caption\":\"bvalente\"}}]}<\/script>\n<!-- \/ Yoast SEO plugin. -->","yoast_head_json":{"title":"Asfalto novo da Prefeitura de Manaus chega em vias do bairro Pra\u00e7a 14\u00a0","description":"A Prefeitura de Manaus, por meio da Secretaria Municipal de Infraestrutura (Seminf), atua, nesta quinta-feira, 10\/7, com os servi\u00e7os de recupera\u00e7\u00e3o asf\u00e1ltica no cruzamento das ruas Em\u00edlio Moreira com a Tarum\u00e3 e na rua Jonathas Pedrosa, localizadas no bairro Pra\u00e7a 14, zona Sul da capital.","robots":{"index":"index","follow":"follow","max-snippet":"max-snippet:-1","max-image-preview":"max-image-preview:large","max-video-preview":"max-video-preview:-1"},"canonical":"https:\/\/www.manaus.am.gov.br\/seminf\/asfalto-novo\/","og_locale":"pt_BR","og_type":"article","og_title":"Asfalto novo da Prefeitura de Manaus chega em vias do bairro Pra\u00e7a 14\u00a0","og_description":"A Prefeitura de Manaus, por meio da Secretaria Municipal de Infraestrutura (Seminf), atua, nesta quinta-feira, 10\/7, com os servi\u00e7os de recupera\u00e7\u00e3o asf\u00e1ltica no cruzamento das ruas Em\u00edlio Moreira com a Tarum\u00e3 e na rua Jonathas Pedrosa, localizadas no bairro Pra\u00e7a 14, zona Sul da capital.","og_url":"https:\/\/www.manaus.am.gov.br\/seminf\/asfalto-novo\/","og_site_name":"SEMINF","article_published_time":"2025-07-10T20:13:46+00:00","article_modified_time":"2025-07-10T20:13:48+00:00","og_image":[{"width":1024,"height":683,"url":"https:\/\/www.manaus.am.gov.br\/seminf\/wp-content\/uploads\/sites\/6\/2025\/07\/736A2168-1024x683.jpg","type":"image\/jpeg"}],"author":"bvalente","twitter_card":"summary_large_image","twitter_misc":{"Written by":"bvalente","Est. reading time":"2 minutos"},"schema":{"@context":"https:\/\/schema.org","@graph":[{"@type":"WebPage","@id":"https:\/\/www.manaus.am.gov.br\/seminf\/asfalto-novo\/","url":"https:\/\/www.manaus.am.gov.br\/seminf\/asfalto-novo\/","name":"Asfalto novo da Prefeitura de Manaus chega em vias do bairro Pra\u00e7a 14\u00a0","isPartOf":{"@id":"https:\/\/www.manaus.am.gov.br\/seminf\/#website"},"primaryImageOfPage":{"@id":"https:\/\/www.manaus.am.gov.br\/seminf\/asfalto-novo\/#primaryimage"},"image":{"@id":"https:\/\/www.manaus.am.gov.br\/seminf\/asfalto-novo\/#primaryimage"},"thumbnailUrl":"https:\/\/www.manaus.am.gov.br\/seminf\/wp-content\/uploads\/sites\/6\/2025\/07\/736A2168.jpg","datePublished":"2025-07-10T20:13:46+00:00","dateModified":"2025-07-10T20:13:48+00:00","author":{"@id":"https:\/\/www.manaus.am.gov.br\/seminf\/#\/schema\/person\/466a0e03ae4b6062809046bd560ac955"},"description":"A Prefeitura de Manaus, por meio da Secretaria Municipal de Infraestrutura (Seminf), atua, nesta quinta-feira, 10\/7, com os servi\u00e7os de recupera\u00e7\u00e3o asf\u00e1ltica no cruzamento das ruas Em\u00edlio Moreira com a Tarum\u00e3 e na rua Jonathas Pedrosa, localizadas no bairro Pra\u00e7a 14, zona Sul da capital.","inLanguage":"pt-BR","potentialAction":[{"@type":"ReadAction","target":["https:\/\/www.manaus.am.gov.br\/seminf\/asfalto-novo\/"]}]},{"@type":"ImageObject","inLanguage":"pt-BR","@id":"https:\/\/www.manaus.am.gov.br\/seminf\/asfalto-novo\/#primaryimage","url":"https:\/\/www.manaus.am.gov.br\/seminf\/wp-content\/uploads\/sites\/6\/2025\/07\/736A2168.jpg","contentUrl":"https:\/\/www.manaus.am.gov.br\/seminf\/wp-content\/uploads\/sites\/6\/2025\/07\/736A2168.jpg","width":4464,"height":2976},{"@type":"WebSite","@id":"https:\/\/www.manaus.am.gov.br\/seminf\/#website","url":"https:\/\/www.manaus.am.gov.br\/seminf\/","name":"Secretaria de Infraestrutura","description":"Secretaria Municipal de Infraestrutura","potentialAction":[{"@type":"SearchAction","target":{"@type":"EntryPoint","urlTemplate":"https:\/\/www.manaus.am.gov.br\/seminf\/?s={search_term_string}"},"query-input":"required name=search_term_string"}],"inLanguage":"pt-BR"},{"@type":"Person","@id":"https:\/\/www.manaus.am.gov.br\/seminf\/#\/schema\/person\/466a0e03ae4b6062809046bd560ac955","name":"bvalente","image":{"@type":"ImageObject","inLanguage":"pt-BR","@id":"https:\/\/www.manaus.am.gov.br\/seminf\/#\/schema\/person\/image\/","url":"https:\/\/secure.gravatar.com\/avatar\/3e69bc2b014bdad41adfec3a39de07d2?s=96&d=mm&r=g","contentUrl":"https:\/\/secure.gravatar.com\/avatar\/3e69bc2b014bdad41adfec3a39de07d2?s=96&d=mm&r=g","caption":"bvalente"}}]}},"_links":{"self":[{"href":"https:\/\/www.manaus.am.gov.br\/seminf\/wp-json\/wp\/v2\/posts\/6028"}],"collection":[{"href":"https:\/\/www.manaus.am.gov.br\/seminf\/wp-json\/wp\/v2\/posts"}],"about":[{"href":"https:\/\/www.manaus.am.gov.br\/seminf\/wp-json\/wp\/v2\/types\/post"}],"author":[{"embeddable":true,"href":"https:\/\/www.manaus.am.gov.br\/seminf\/wp-json\/wp\/v2\/users\/68"}],"replies":[{"embeddable":true,"href":"https:\/\/www.manaus.am.gov.br\/seminf\/wp-json\/wp\/v2\/comments?post=6028"}],"version-history":[{"count":0,"href":"https:\/\/www.manaus.am.gov.br\/seminf\/wp-json\/wp\/v2\/posts\/6028\/revisions"}],"wp:featuredmedia":[{"embeddable":true,"href":"https:\/\/www.manaus.am.gov.br\/seminf\/wp-json\/wp\/v2\/media\/6029"}],"wp:attachment":[{"href":"https:\/\/www.manaus.am.gov.br\/seminf\/wp-json\/wp\/v2\/media?parent=6028"}],"wp:term":[{"taxonomy":"category","embeddable":true,"href":"https:\/\/www.manaus.am.gov.br\/seminf\/wp-json\/wp\/v2\/categories?post=6028"},{"taxonomy":"post_tag","embeddable":true,"href":"https:\/\/www.manaus.am.gov.br\/seminf\/wp-json\/wp\/v2\/tags?post=6028"}],"curies":[{"name":"wp","href":"https:\/\/api.w.org\/{rel}","templated":true}]}}