{"id":6025,"date":"2025-07-10T15:51:25","date_gmt":"2025-07-10T19:51:25","guid":{"rendered":"https:\/\/www.manaus.am.gov.br\/seminf\/servico-de-recuperacao-asfaltica-4\/"},"modified":"2025-07-10T15:51:27","modified_gmt":"2025-07-10T19:51:27","slug":"servico-de-recuperacao-asfaltica-4","status":"publish","type":"post","link":"https:\/\/www.manaus.am.gov.br\/seminf\/servico-de-recuperacao-asfaltica-4\/","title":{"rendered":"Prefeitura de Manaus realiza servi\u00e7o de recupera\u00e7\u00e3o asf\u00e1ltica no bairro Novo Aleixo e melhora mobilidade urbana"},"content":{"rendered":"\n<p>A Prefeitura de Manaus, por meio da Secretaria Municipal de Infraestrutura (Seminf), executa, nesta quinta-feira, 10\/7, obras de recupera\u00e7\u00e3o asf\u00e1ltica na rua Waldemar Jardim Mau\u00e9s, localizada no bairro Novo Aleixo, entre as zonas Norte e Leste da capital. A interven\u00e7\u00e3o tem como objetivo melhorar a mobilidade e garantir mais seguran\u00e7a no tr\u00e1fego de ve\u00edculos.<\/p>\n\n\n\n<p>De acordo com o vice-prefeito e secret\u00e1rio da Seminf, Renato Junior, os servi\u00e7os seguem o ritmo intenso determinado pelo prefeito David Almeida.&nbsp;<\/p>\n\n\n\n<p>\u201cEstamos em diversas frentes de trabalho atuando simultaneamente, levando infraestrutura para a popula\u00e7\u00e3o, com responsabilidade e compromisso. Essa via sofreu com a chegada de grandes empreendimentos particulares que rasgaram o asfalto para fazerem suas tubula\u00e7\u00f5es e com o grande n\u00famero de ve\u00edculos pesados, comprometeu o pavimento. A determina\u00e7\u00e3o do prefeito David Almeida \u00e9 recuperar a via e devolver a trafegabilidade segura aos motoristas e estamos executando\u201d, destacou Renato Junior.<\/p>\n\n\n\n<p>A via est\u00e1 recebendo duas ca\u00e7ambas de massa asf\u00e1ltica, nas \u00e1reas mais comprometidas pelo desgaste do pavimento. O aut\u00f4nomo Eduardo Apar\u00edcio, 43, que passa diariamente de motocicleta pelo trecho, comemorou os trabalhos. \u201cEssa obra vai melhorar muito a nossa rotina. A rua estava cheia de buracos e agora, com o novo asfalto, vai facilitar bastante para quem anda de moto como eu. S\u00f3 tenho a agradecer\u201d, disse o motoqueiro.<\/p>\n\n\n\n<p>A iniciativa integra o cronograma permanente da Prefeitura de Manaus, que atua nos bairros com a\u00e7\u00f5es de infraestrutura, garantindo acessibilidade, qualidade vi\u00e1ria e resposta direta \u00e0s demandas da popula\u00e7\u00e3o.<\/p>\n\n\n\n<p>\u2014 \u2014 \u2014<br><strong>Texto &#8211; <\/strong>Rayana Coutinho \/ Seminf<br><strong>Fotos &#8211; <\/strong>M\u00e1rcio Melo \/ Seminf<\/p>\n","protected":false},"excerpt":{"rendered":"","protected":false},"author":68,"featured_media":6026,"comment_status":"closed","ping_status":"closed","sticky":false,"template":"","format":"standard","meta":{"footnotes":""},"categories":[3],"tags":[43,2258,26],"acf":[],"yoast_head":"<!-- This site is optimized with the Yoast SEO plugin v23.0 - https:\/\/yoast.com\/wordpress\/plugins\/seo\/ -->\n<title>Prefeitura de Manaus realiza servi\u00e7o de recupera\u00e7\u00e3o asf\u00e1ltica no bairro Novo Aleixo e melhora mobilidade urbana<\/title>\n<meta name=\"description\" content=\"A Prefeitura de Manaus, por meio da Secretaria Municipal de Infraestrutura (Seminf), executa, nesta quinta-feira, 10\/7, obras de recupera\u00e7\u00e3o asf\u00e1ltica na rua Waldemar Jardim Mau\u00e9s, localizada no bairro Novo Aleixo, entre as zonas Norte e Leste da capital. A interven\u00e7\u00e3o tem como objetivo melhorar a mobilidade e garantir mais seguran\u00e7a no tr\u00e1fego de ve\u00edculos.\" \/>\n<meta name=\"robots\" content=\"index, follow, max-snippet:-1, max-image-preview:large, max-video-preview:-1\" \/>\n<link rel=\"canonical\" href=\"https:\/\/www.manaus.am.gov.br\/seminf\/servico-de-recuperacao-asfaltica-4\/\" \/>\n<meta property=\"og:locale\" content=\"pt_BR\" \/>\n<meta property=\"og:type\" content=\"article\" \/>\n<meta property=\"og:title\" content=\"Prefeitura de Manaus realiza servi\u00e7o de recupera\u00e7\u00e3o asf\u00e1ltica no bairro Novo Aleixo e melhora mobilidade urbana\" \/>\n<meta property=\"og:description\" content=\"A Prefeitura de Manaus, por meio da Secretaria Municipal de Infraestrutura (Seminf), executa, nesta quinta-feira, 10\/7, obras de recupera\u00e7\u00e3o asf\u00e1ltica na rua Waldemar Jardim Mau\u00e9s, localizada no bairro Novo Aleixo, entre as zonas Norte e Leste da capital. A interven\u00e7\u00e3o tem como objetivo melhorar a mobilidade e garantir mais seguran\u00e7a no tr\u00e1fego de ve\u00edculos.\" \/>\n<meta property=\"og:url\" content=\"https:\/\/www.manaus.am.gov.br\/seminf\/servico-de-recuperacao-asfaltica-4\/\" \/>\n<meta property=\"og:site_name\" content=\"SEMINF\" \/>\n<meta property=\"article:published_time\" content=\"2025-07-10T19:51:25+00:00\" \/>\n<meta property=\"article:modified_time\" content=\"2025-07-10T19:51:27+00:00\" \/>\n<meta property=\"og:image\" content=\"https:\/\/www.manaus.am.gov.br\/seminf\/wp-content\/uploads\/sites\/6\/2025\/07\/IMG_7567-1024x683.jpg\" \/>\n\t<meta property=\"og:image:width\" content=\"1024\" \/>\n\t<meta property=\"og:image:height\" content=\"683\" \/>\n\t<meta property=\"og:image:type\" content=\"image\/jpeg\" \/>\n<meta name=\"author\" content=\"bvalente\" \/>\n<meta name=\"twitter:card\" content=\"summary_large_image\" \/>\n<meta name=\"twitter:label1\" content=\"Written by\" \/>\n\t<meta name=\"twitter:data1\" content=\"bvalente\" \/>\n\t<meta name=\"twitter:label2\" content=\"Est. reading time\" \/>\n\t<meta name=\"twitter:data2\" content=\"2 minutos\" \/>\n<script type=\"application\/ld+json\" class=\"yoast-schema-graph\">{\"@context\":\"https:\/\/schema.org\",\"@graph\":[{\"@type\":\"WebPage\",\"@id\":\"https:\/\/www.manaus.am.gov.br\/seminf\/servico-de-recuperacao-asfaltica-4\/\",\"url\":\"https:\/\/www.manaus.am.gov.br\/seminf\/servico-de-recuperacao-asfaltica-4\/\",\"name\":\"Prefeitura de Manaus realiza servi\u00e7o de recupera\u00e7\u00e3o asf\u00e1ltica no bairro Novo Aleixo e melhora mobilidade urbana\",\"isPartOf\":{\"@id\":\"https:\/\/www.manaus.am.gov.br\/seminf\/#website\"},\"primaryImageOfPage\":{\"@id\":\"https:\/\/www.manaus.am.gov.br\/seminf\/servico-de-recuperacao-asfaltica-4\/#primaryimage\"},\"image\":{\"@id\":\"https:\/\/www.manaus.am.gov.br\/seminf\/servico-de-recuperacao-asfaltica-4\/#primaryimage\"},\"thumbnailUrl\":\"https:\/\/www.manaus.am.gov.br\/seminf\/wp-content\/uploads\/sites\/6\/2025\/07\/IMG_7567.jpg\",\"datePublished\":\"2025-07-10T19:51:25+00:00\",\"dateModified\":\"2025-07-10T19:51:27+00:00\",\"author\":{\"@id\":\"https:\/\/www.manaus.am.gov.br\/seminf\/#\/schema\/person\/466a0e03ae4b6062809046bd560ac955\"},\"description\":\"A Prefeitura de Manaus, por meio da Secretaria Municipal de Infraestrutura (Seminf), executa, nesta quinta-feira, 10\/7, obras de recupera\u00e7\u00e3o asf\u00e1ltica na rua Waldemar Jardim Mau\u00e9s, localizada no bairro Novo Aleixo, entre as zonas Norte e Leste da capital. A interven\u00e7\u00e3o tem como objetivo melhorar a mobilidade e garantir mais seguran\u00e7a no tr\u00e1fego de ve\u00edculos.\",\"inLanguage\":\"pt-BR\",\"potentialAction\":[{\"@type\":\"ReadAction\",\"target\":[\"https:\/\/www.manaus.am.gov.br\/seminf\/servico-de-recuperacao-asfaltica-4\/\"]}]},{\"@type\":\"ImageObject\",\"inLanguage\":\"pt-BR\",\"@id\":\"https:\/\/www.manaus.am.gov.br\/seminf\/servico-de-recuperacao-asfaltica-4\/#primaryimage\",\"url\":\"https:\/\/www.manaus.am.gov.br\/seminf\/wp-content\/uploads\/sites\/6\/2025\/07\/IMG_7567.jpg\",\"contentUrl\":\"https:\/\/www.manaus.am.gov.br\/seminf\/wp-content\/uploads\/sites\/6\/2025\/07\/IMG_7567.jpg\",\"width\":6720,\"height\":4480},{\"@type\":\"WebSite\",\"@id\":\"https:\/\/www.manaus.am.gov.br\/seminf\/#website\",\"url\":\"https:\/\/www.manaus.am.gov.br\/seminf\/\",\"name\":\"Secretaria de Infraestrutura\",\"description\":\"Secretaria Municipal de Infraestrutura\",\"potentialAction\":[{\"@type\":\"SearchAction\",\"target\":{\"@type\":\"EntryPoint\",\"urlTemplate\":\"https:\/\/www.manaus.am.gov.br\/seminf\/?s={search_term_string}\"},\"query-input\":\"required name=search_term_string\"}],\"inLanguage\":\"pt-BR\"},{\"@type\":\"Person\",\"@id\":\"https:\/\/www.manaus.am.gov.br\/seminf\/#\/schema\/person\/466a0e03ae4b6062809046bd560ac955\",\"name\":\"bvalente\",\"image\":{\"@type\":\"ImageObject\",\"inLanguage\":\"pt-BR\",\"@id\":\"https:\/\/www.manaus.am.gov.br\/seminf\/#\/schema\/person\/image\/\",\"url\":\"https:\/\/secure.gravatar.com\/avatar\/3e69bc2b014bdad41adfec3a39de07d2?s=96&d=mm&r=g\",\"contentUrl\":\"https:\/\/secure.gravatar.com\/avatar\/3e69bc2b014bdad41adfec3a39de07d2?s=96&d=mm&r=g\",\"caption\":\"bvalente\"}}]}<\/script>\n<!-- \/ Yoast SEO plugin. -->","yoast_head_json":{"title":"Prefeitura de Manaus realiza servi\u00e7o de recupera\u00e7\u00e3o asf\u00e1ltica no bairro Novo Aleixo e melhora mobilidade urbana","description":"A Prefeitura de Manaus, por meio da Secretaria Municipal de Infraestrutura (Seminf), executa, nesta quinta-feira, 10\/7, obras de recupera\u00e7\u00e3o asf\u00e1ltica na rua Waldemar Jardim Mau\u00e9s, localizada no bairro Novo Aleixo, entre as zonas Norte e Leste da capital. A interven\u00e7\u00e3o tem como objetivo melhorar a mobilidade e garantir mais seguran\u00e7a no tr\u00e1fego de ve\u00edculos.","robots":{"index":"index","follow":"follow","max-snippet":"max-snippet:-1","max-image-preview":"max-image-preview:large","max-video-preview":"max-video-preview:-1"},"canonical":"https:\/\/www.manaus.am.gov.br\/seminf\/servico-de-recuperacao-asfaltica-4\/","og_locale":"pt_BR","og_type":"article","og_title":"Prefeitura de Manaus realiza servi\u00e7o de recupera\u00e7\u00e3o asf\u00e1ltica no bairro Novo Aleixo e melhora mobilidade urbana","og_description":"A Prefeitura de Manaus, por meio da Secretaria Municipal de Infraestrutura (Seminf), executa, nesta quinta-feira, 10\/7, obras de recupera\u00e7\u00e3o asf\u00e1ltica na rua Waldemar Jardim Mau\u00e9s, localizada no bairro Novo Aleixo, entre as zonas Norte e Leste da capital. A interven\u00e7\u00e3o tem como objetivo melhorar a mobilidade e garantir mais seguran\u00e7a no tr\u00e1fego de ve\u00edculos.","og_url":"https:\/\/www.manaus.am.gov.br\/seminf\/servico-de-recuperacao-asfaltica-4\/","og_site_name":"SEMINF","article_published_time":"2025-07-10T19:51:25+00:00","article_modified_time":"2025-07-10T19:51:27+00:00","og_image":[{"width":1024,"height":683,"url":"https:\/\/www.manaus.am.gov.br\/seminf\/wp-content\/uploads\/sites\/6\/2025\/07\/IMG_7567-1024x683.jpg","type":"image\/jpeg"}],"author":"bvalente","twitter_card":"summary_large_image","twitter_misc":{"Written by":"bvalente","Est. reading time":"2 minutos"},"schema":{"@context":"https:\/\/schema.org","@graph":[{"@type":"WebPage","@id":"https:\/\/www.manaus.am.gov.br\/seminf\/servico-de-recuperacao-asfaltica-4\/","url":"https:\/\/www.manaus.am.gov.br\/seminf\/servico-de-recuperacao-asfaltica-4\/","name":"Prefeitura de Manaus realiza servi\u00e7o de recupera\u00e7\u00e3o asf\u00e1ltica no bairro Novo Aleixo e melhora mobilidade urbana","isPartOf":{"@id":"https:\/\/www.manaus.am.gov.br\/seminf\/#website"},"primaryImageOfPage":{"@id":"https:\/\/www.manaus.am.gov.br\/seminf\/servico-de-recuperacao-asfaltica-4\/#primaryimage"},"image":{"@id":"https:\/\/www.manaus.am.gov.br\/seminf\/servico-de-recuperacao-asfaltica-4\/#primaryimage"},"thumbnailUrl":"https:\/\/www.manaus.am.gov.br\/seminf\/wp-content\/uploads\/sites\/6\/2025\/07\/IMG_7567.jpg","datePublished":"2025-07-10T19:51:25+00:00","dateModified":"2025-07-10T19:51:27+00:00","author":{"@id":"https:\/\/www.manaus.am.gov.br\/seminf\/#\/schema\/person\/466a0e03ae4b6062809046bd560ac955"},"description":"A Prefeitura de Manaus, por meio da Secretaria Municipal de Infraestrutura (Seminf), executa, nesta quinta-feira, 10\/7, obras de recupera\u00e7\u00e3o asf\u00e1ltica na rua Waldemar Jardim Mau\u00e9s, localizada no bairro Novo Aleixo, entre as zonas Norte e Leste da capital. A interven\u00e7\u00e3o tem como objetivo melhorar a mobilidade e garantir mais seguran\u00e7a no tr\u00e1fego de ve\u00edculos.","inLanguage":"pt-BR","potentialAction":[{"@type":"ReadAction","target":["https:\/\/www.manaus.am.gov.br\/seminf\/servico-de-recuperacao-asfaltica-4\/"]}]},{"@type":"ImageObject","inLanguage":"pt-BR","@id":"https:\/\/www.manaus.am.gov.br\/seminf\/servico-de-recuperacao-asfaltica-4\/#primaryimage","url":"https:\/\/www.manaus.am.gov.br\/seminf\/wp-content\/uploads\/sites\/6\/2025\/07\/IMG_7567.jpg","contentUrl":"https:\/\/www.manaus.am.gov.br\/seminf\/wp-content\/uploads\/sites\/6\/2025\/07\/IMG_7567.jpg","width":6720,"height":4480},{"@type":"WebSite","@id":"https:\/\/www.manaus.am.gov.br\/seminf\/#website","url":"https:\/\/www.manaus.am.gov.br\/seminf\/","name":"Secretaria de Infraestrutura","description":"Secretaria Municipal de Infraestrutura","potentialAction":[{"@type":"SearchAction","target":{"@type":"EntryPoint","urlTemplate":"https:\/\/www.manaus.am.gov.br\/seminf\/?s={search_term_string}"},"query-input":"required name=search_term_string"}],"inLanguage":"pt-BR"},{"@type":"Person","@id":"https:\/\/www.manaus.am.gov.br\/seminf\/#\/schema\/person\/466a0e03ae4b6062809046bd560ac955","name":"bvalente","image":{"@type":"ImageObject","inLanguage":"pt-BR","@id":"https:\/\/www.manaus.am.gov.br\/seminf\/#\/schema\/person\/image\/","url":"https:\/\/secure.gravatar.com\/avatar\/3e69bc2b014bdad41adfec3a39de07d2?s=96&d=mm&r=g","contentUrl":"https:\/\/secure.gravatar.com\/avatar\/3e69bc2b014bdad41adfec3a39de07d2?s=96&d=mm&r=g","caption":"bvalente"}}]}},"_links":{"self":[{"href":"https:\/\/www.manaus.am.gov.br\/seminf\/wp-json\/wp\/v2\/posts\/6025"}],"collection":[{"href":"https:\/\/www.manaus.am.gov.br\/seminf\/wp-json\/wp\/v2\/posts"}],"about":[{"href":"https:\/\/www.manaus.am.gov.br\/seminf\/wp-json\/wp\/v2\/types\/post"}],"author":[{"embeddable":true,"href":"https:\/\/www.manaus.am.gov.br\/seminf\/wp-json\/wp\/v2\/users\/68"}],"replies":[{"embeddable":true,"href":"https:\/\/www.manaus.am.gov.br\/seminf\/wp-json\/wp\/v2\/comments?post=6025"}],"version-history":[{"count":0,"href":"https:\/\/www.manaus.am.gov.br\/seminf\/wp-json\/wp\/v2\/posts\/6025\/revisions"}],"wp:featuredmedia":[{"embeddable":true,"href":"https:\/\/www.manaus.am.gov.br\/seminf\/wp-json\/wp\/v2\/media\/6026"}],"wp:attachment":[{"href":"https:\/\/www.manaus.am.gov.br\/seminf\/wp-json\/wp\/v2\/media?parent=6025"}],"wp:term":[{"taxonomy":"category","embeddable":true,"href":"https:\/\/www.manaus.am.gov.br\/seminf\/wp-json\/wp\/v2\/categories?post=6025"},{"taxonomy":"post_tag","embeddable":true,"href":"https:\/\/www.manaus.am.gov.br\/seminf\/wp-json\/wp\/v2\/tags?post=6025"}],"curies":[{"name":"wp","href":"https:\/\/api.w.org\/{rel}","templated":true}]}}