{"id":6023,"date":"2025-07-09T18:44:25","date_gmt":"2025-07-09T22:44:25","guid":{"rendered":"https:\/\/www.manaus.am.gov.br\/seminf\/manutencao-asfaltica-no-bairro-jorge-teixeira\/"},"modified":"2025-07-09T18:44:27","modified_gmt":"2025-07-09T22:44:27","slug":"manutencao-asfaltica-no-bairro-jorge-teixeira","status":"publish","type":"post","link":"https:\/\/www.manaus.am.gov.br\/seminf\/manutencao-asfaltica-no-bairro-jorge-teixeira\/","title":{"rendered":"Prefeitura de Manaus realiza manuten\u00e7\u00e3o asf\u00e1ltica no bairro Jorge Teixeira"},"content":{"rendered":"\n<p>A <a href=\"https:\/\/www.instagram.com\/prefeiturademanaus\/\">Prefeitura de Manaus<\/a>, por meio da <a href=\"https:\/\/www.manaus.am.gov.br\/seminf\/\">Secretaria Municipal de Infraestrutura (Seminf)<\/a>, intensificou nesta quarta-feira, 9\/7, os servi\u00e7os de manuten\u00e7\u00e3o asf\u00e1ltica no bairro Jorge Teixeira, zona Leste da capital, com o objetivo de melhorar a mobilidade urbana e atender \u00e0s demandas da popula\u00e7\u00e3o.<\/p>\n\n\n\n<p>As frentes de obras atuam nas ruas T e Jo\u00e3o Paulo, na comunidade Monte Si\u00e3o, onde os trechos mais deteriorados est\u00e3o sendo recuperados. Aproximadamente 20 toneladas de massa asf\u00e1ltica est\u00e3o sendo aplicadas ao longo das vias, garantindo melhores condi\u00e7\u00f5es de trafegabilidade e mais seguran\u00e7a para condutores e pedestres.<\/p>\n\n\n\n<p>O vice-prefeito e secret\u00e1rio de Obras, Renato Junior, destacou que os servi\u00e7os seguem as diretrizes da atual gest\u00e3o, que tem como prioridade atender as regi\u00f5es com maior fluxo e necessidade de interven\u00e7\u00e3o.<\/p>\n\n\n\n<p>\u201cEstamos concentrando esfor\u00e7os em todas as zonas da cidade, conforme determina\u00e7\u00e3o do prefeito David Almeida. O objetivo \u00e9 atender \u00e0s solicita\u00e7\u00f5es dos moradores e recuperar vias importantes tamb\u00e9m na zona Leste, onde h\u00e1 grande concentra\u00e7\u00e3o de com\u00e9rcios e movimenta\u00e7\u00e3o intensa de ve\u00edculos\u201d, afirmou Renato Junior.<\/p>\n\n\n\n<p>A a\u00e7\u00e3o faz parte do cronograma cont\u00ednuo de recupera\u00e7\u00e3o vi\u00e1ria executado pela Seminf, que avan\u00e7a com equipes em todas as zonas da cidade para garantir infraestrutura de qualidade e mais qualidade de vida \u00e0 popula\u00e7\u00e3o.<\/p>\n\n\n\n<p>&#8212; &#8212; &#8212;<\/p>\n\n\n\n<p><strong>Texto &#8211;<\/strong> Eduarda Lira \/ Seminf<\/p>\n\n\n\n<p><strong>Fotos &#8211;<\/strong> Divulga\u00e7\u00e3o \/ Seminf<\/p>\n","protected":false},"excerpt":{"rendered":"","protected":false},"author":57,"featured_media":6024,"comment_status":"closed","ping_status":"closed","sticky":false,"template":"","format":"standard","meta":{"footnotes":""},"categories":[4],"tags":[2257,208,43,26],"acf":[],"yoast_head":"<!-- This site is optimized with the Yoast SEO plugin v23.0 - https:\/\/yoast.com\/wordpress\/plugins\/seo\/ -->\n<title>Prefeitura realiza manuten\u00e7\u00e3o asf\u00e1ltica no bairro Jorge Teixeira<\/title>\n<meta name=\"description\" content=\"A Prefeitura de Manaus intensificou os servi\u00e7os de manuten\u00e7\u00e3o asf\u00e1ltica no bairro Jorge Teixeira, zona Leste da capital.\" \/>\n<meta name=\"robots\" content=\"index, follow, max-snippet:-1, max-image-preview:large, max-video-preview:-1\" \/>\n<link rel=\"canonical\" href=\"https:\/\/www.manaus.am.gov.br\/seminf\/manutencao-asfaltica-no-bairro-jorge-teixeira\/\" \/>\n<meta property=\"og:locale\" content=\"pt_BR\" \/>\n<meta property=\"og:type\" content=\"article\" \/>\n<meta property=\"og:title\" content=\"Prefeitura realiza manuten\u00e7\u00e3o asf\u00e1ltica no bairro Jorge Teixeira\" \/>\n<meta property=\"og:description\" content=\"A Prefeitura de Manaus intensificou os servi\u00e7os de manuten\u00e7\u00e3o asf\u00e1ltica no bairro Jorge Teixeira, zona Leste da capital.\" \/>\n<meta property=\"og:url\" content=\"https:\/\/www.manaus.am.gov.br\/seminf\/manutencao-asfaltica-no-bairro-jorge-teixeira\/\" \/>\n<meta property=\"og:site_name\" content=\"SEMINF\" \/>\n<meta property=\"article:published_time\" content=\"2025-07-09T22:44:25+00:00\" \/>\n<meta property=\"article:modified_time\" content=\"2025-07-09T22:44:27+00:00\" \/>\n<meta property=\"og:image\" content=\"https:\/\/www.manaus.am.gov.br\/seminf\/wp-content\/uploads\/sites\/6\/2025\/07\/manutencao-asfaltica-no-bairro-Jorge-Teixeira-1.jpeg\" \/>\n\t<meta property=\"og:image:width\" content=\"1108\" \/>\n\t<meta property=\"og:image:height\" content=\"765\" \/>\n\t<meta property=\"og:image:type\" content=\"image\/jpeg\" \/>\n<meta name=\"author\" content=\"Thiago Fernando\" \/>\n<meta name=\"twitter:card\" content=\"summary_large_image\" \/>\n<meta name=\"twitter:label1\" content=\"Written by\" \/>\n\t<meta name=\"twitter:data1\" content=\"Thiago Fernando\" \/>\n\t<meta name=\"twitter:label2\" content=\"Est. reading time\" \/>\n\t<meta name=\"twitter:data2\" content=\"2 minutos\" \/>\n<script type=\"application\/ld+json\" class=\"yoast-schema-graph\">{\"@context\":\"https:\/\/schema.org\",\"@graph\":[{\"@type\":\"WebPage\",\"@id\":\"https:\/\/www.manaus.am.gov.br\/seminf\/manutencao-asfaltica-no-bairro-jorge-teixeira\/\",\"url\":\"https:\/\/www.manaus.am.gov.br\/seminf\/manutencao-asfaltica-no-bairro-jorge-teixeira\/\",\"name\":\"Prefeitura realiza manuten\u00e7\u00e3o asf\u00e1ltica no bairro Jorge Teixeira\",\"isPartOf\":{\"@id\":\"https:\/\/www.manaus.am.gov.br\/seminf\/#website\"},\"primaryImageOfPage\":{\"@id\":\"https:\/\/www.manaus.am.gov.br\/seminf\/manutencao-asfaltica-no-bairro-jorge-teixeira\/#primaryimage\"},\"image\":{\"@id\":\"https:\/\/www.manaus.am.gov.br\/seminf\/manutencao-asfaltica-no-bairro-jorge-teixeira\/#primaryimage\"},\"thumbnailUrl\":\"https:\/\/www.manaus.am.gov.br\/seminf\/wp-content\/uploads\/sites\/6\/2025\/07\/manutencao-asfaltica-no-bairro-Jorge-Teixeira-1.jpeg\",\"datePublished\":\"2025-07-09T22:44:25+00:00\",\"dateModified\":\"2025-07-09T22:44:27+00:00\",\"author\":{\"@id\":\"https:\/\/www.manaus.am.gov.br\/seminf\/#\/schema\/person\/a5ee5376db6e21af026374b369f30882\"},\"description\":\"A Prefeitura de Manaus intensificou os servi\u00e7os de manuten\u00e7\u00e3o asf\u00e1ltica no bairro Jorge Teixeira, zona Leste da capital.\",\"inLanguage\":\"pt-BR\",\"potentialAction\":[{\"@type\":\"ReadAction\",\"target\":[\"https:\/\/www.manaus.am.gov.br\/seminf\/manutencao-asfaltica-no-bairro-jorge-teixeira\/\"]}]},{\"@type\":\"ImageObject\",\"inLanguage\":\"pt-BR\",\"@id\":\"https:\/\/www.manaus.am.gov.br\/seminf\/manutencao-asfaltica-no-bairro-jorge-teixeira\/#primaryimage\",\"url\":\"https:\/\/www.manaus.am.gov.br\/seminf\/wp-content\/uploads\/sites\/6\/2025\/07\/manutencao-asfaltica-no-bairro-Jorge-Teixeira-1.jpeg\",\"contentUrl\":\"https:\/\/www.manaus.am.gov.br\/seminf\/wp-content\/uploads\/sites\/6\/2025\/07\/manutencao-asfaltica-no-bairro-Jorge-Teixeira-1.jpeg\",\"width\":1108,\"height\":765,\"caption\":\"manuten\u00e7\u00e3o asf\u00e1ltica no bairro Jorge Teixeira\"},{\"@type\":\"WebSite\",\"@id\":\"https:\/\/www.manaus.am.gov.br\/seminf\/#website\",\"url\":\"https:\/\/www.manaus.am.gov.br\/seminf\/\",\"name\":\"Secretaria de Infraestrutura\",\"description\":\"Secretaria Municipal de Infraestrutura\",\"potentialAction\":[{\"@type\":\"SearchAction\",\"target\":{\"@type\":\"EntryPoint\",\"urlTemplate\":\"https:\/\/www.manaus.am.gov.br\/seminf\/?s={search_term_string}\"},\"query-input\":\"required name=search_term_string\"}],\"inLanguage\":\"pt-BR\"},{\"@type\":\"Person\",\"@id\":\"https:\/\/www.manaus.am.gov.br\/seminf\/#\/schema\/person\/a5ee5376db6e21af026374b369f30882\",\"name\":\"Thiago Fernando\",\"image\":{\"@type\":\"ImageObject\",\"inLanguage\":\"pt-BR\",\"@id\":\"https:\/\/www.manaus.am.gov.br\/seminf\/#\/schema\/person\/image\/\",\"url\":\"https:\/\/secure.gravatar.com\/avatar\/f5aab8722444041451501c077052ac07?s=96&d=mm&r=g\",\"contentUrl\":\"https:\/\/secure.gravatar.com\/avatar\/f5aab8722444041451501c077052ac07?s=96&d=mm&r=g\",\"caption\":\"Thiago Fernando\"}}]}<\/script>\n<!-- \/ Yoast SEO plugin. -->","yoast_head_json":{"title":"Prefeitura realiza manuten\u00e7\u00e3o asf\u00e1ltica no bairro Jorge Teixeira","description":"A Prefeitura de Manaus intensificou os servi\u00e7os de manuten\u00e7\u00e3o asf\u00e1ltica no bairro Jorge Teixeira, zona Leste da capital.","robots":{"index":"index","follow":"follow","max-snippet":"max-snippet:-1","max-image-preview":"max-image-preview:large","max-video-preview":"max-video-preview:-1"},"canonical":"https:\/\/www.manaus.am.gov.br\/seminf\/manutencao-asfaltica-no-bairro-jorge-teixeira\/","og_locale":"pt_BR","og_type":"article","og_title":"Prefeitura realiza manuten\u00e7\u00e3o asf\u00e1ltica no bairro Jorge Teixeira","og_description":"A Prefeitura de Manaus intensificou os servi\u00e7os de manuten\u00e7\u00e3o asf\u00e1ltica no bairro Jorge Teixeira, zona Leste da capital.","og_url":"https:\/\/www.manaus.am.gov.br\/seminf\/manutencao-asfaltica-no-bairro-jorge-teixeira\/","og_site_name":"SEMINF","article_published_time":"2025-07-09T22:44:25+00:00","article_modified_time":"2025-07-09T22:44:27+00:00","og_image":[{"width":1108,"height":765,"url":"https:\/\/www.manaus.am.gov.br\/seminf\/wp-content\/uploads\/sites\/6\/2025\/07\/manutencao-asfaltica-no-bairro-Jorge-Teixeira-1.jpeg","type":"image\/jpeg"}],"author":"Thiago Fernando","twitter_card":"summary_large_image","twitter_misc":{"Written by":"Thiago Fernando","Est. reading time":"2 minutos"},"schema":{"@context":"https:\/\/schema.org","@graph":[{"@type":"WebPage","@id":"https:\/\/www.manaus.am.gov.br\/seminf\/manutencao-asfaltica-no-bairro-jorge-teixeira\/","url":"https:\/\/www.manaus.am.gov.br\/seminf\/manutencao-asfaltica-no-bairro-jorge-teixeira\/","name":"Prefeitura realiza manuten\u00e7\u00e3o asf\u00e1ltica no bairro Jorge Teixeira","isPartOf":{"@id":"https:\/\/www.manaus.am.gov.br\/seminf\/#website"},"primaryImageOfPage":{"@id":"https:\/\/www.manaus.am.gov.br\/seminf\/manutencao-asfaltica-no-bairro-jorge-teixeira\/#primaryimage"},"image":{"@id":"https:\/\/www.manaus.am.gov.br\/seminf\/manutencao-asfaltica-no-bairro-jorge-teixeira\/#primaryimage"},"thumbnailUrl":"https:\/\/www.manaus.am.gov.br\/seminf\/wp-content\/uploads\/sites\/6\/2025\/07\/manutencao-asfaltica-no-bairro-Jorge-Teixeira-1.jpeg","datePublished":"2025-07-09T22:44:25+00:00","dateModified":"2025-07-09T22:44:27+00:00","author":{"@id":"https:\/\/www.manaus.am.gov.br\/seminf\/#\/schema\/person\/a5ee5376db6e21af026374b369f30882"},"description":"A Prefeitura de Manaus intensificou os servi\u00e7os de manuten\u00e7\u00e3o asf\u00e1ltica no bairro Jorge Teixeira, zona Leste da capital.","inLanguage":"pt-BR","potentialAction":[{"@type":"ReadAction","target":["https:\/\/www.manaus.am.gov.br\/seminf\/manutencao-asfaltica-no-bairro-jorge-teixeira\/"]}]},{"@type":"ImageObject","inLanguage":"pt-BR","@id":"https:\/\/www.manaus.am.gov.br\/seminf\/manutencao-asfaltica-no-bairro-jorge-teixeira\/#primaryimage","url":"https:\/\/www.manaus.am.gov.br\/seminf\/wp-content\/uploads\/sites\/6\/2025\/07\/manutencao-asfaltica-no-bairro-Jorge-Teixeira-1.jpeg","contentUrl":"https:\/\/www.manaus.am.gov.br\/seminf\/wp-content\/uploads\/sites\/6\/2025\/07\/manutencao-asfaltica-no-bairro-Jorge-Teixeira-1.jpeg","width":1108,"height":765,"caption":"manuten\u00e7\u00e3o asf\u00e1ltica no bairro Jorge Teixeira"},{"@type":"WebSite","@id":"https:\/\/www.manaus.am.gov.br\/seminf\/#website","url":"https:\/\/www.manaus.am.gov.br\/seminf\/","name":"Secretaria de Infraestrutura","description":"Secretaria Municipal de Infraestrutura","potentialAction":[{"@type":"SearchAction","target":{"@type":"EntryPoint","urlTemplate":"https:\/\/www.manaus.am.gov.br\/seminf\/?s={search_term_string}"},"query-input":"required name=search_term_string"}],"inLanguage":"pt-BR"},{"@type":"Person","@id":"https:\/\/www.manaus.am.gov.br\/seminf\/#\/schema\/person\/a5ee5376db6e21af026374b369f30882","name":"Thiago Fernando","image":{"@type":"ImageObject","inLanguage":"pt-BR","@id":"https:\/\/www.manaus.am.gov.br\/seminf\/#\/schema\/person\/image\/","url":"https:\/\/secure.gravatar.com\/avatar\/f5aab8722444041451501c077052ac07?s=96&d=mm&r=g","contentUrl":"https:\/\/secure.gravatar.com\/avatar\/f5aab8722444041451501c077052ac07?s=96&d=mm&r=g","caption":"Thiago Fernando"}}]}},"_links":{"self":[{"href":"https:\/\/www.manaus.am.gov.br\/seminf\/wp-json\/wp\/v2\/posts\/6023"}],"collection":[{"href":"https:\/\/www.manaus.am.gov.br\/seminf\/wp-json\/wp\/v2\/posts"}],"about":[{"href":"https:\/\/www.manaus.am.gov.br\/seminf\/wp-json\/wp\/v2\/types\/post"}],"author":[{"embeddable":true,"href":"https:\/\/www.manaus.am.gov.br\/seminf\/wp-json\/wp\/v2\/users\/57"}],"replies":[{"embeddable":true,"href":"https:\/\/www.manaus.am.gov.br\/seminf\/wp-json\/wp\/v2\/comments?post=6023"}],"version-history":[{"count":0,"href":"https:\/\/www.manaus.am.gov.br\/seminf\/wp-json\/wp\/v2\/posts\/6023\/revisions"}],"wp:featuredmedia":[{"embeddable":true,"href":"https:\/\/www.manaus.am.gov.br\/seminf\/wp-json\/wp\/v2\/media\/6024"}],"wp:attachment":[{"href":"https:\/\/www.manaus.am.gov.br\/seminf\/wp-json\/wp\/v2\/media?parent=6023"}],"wp:term":[{"taxonomy":"category","embeddable":true,"href":"https:\/\/www.manaus.am.gov.br\/seminf\/wp-json\/wp\/v2\/categories?post=6023"},{"taxonomy":"post_tag","embeddable":true,"href":"https:\/\/www.manaus.am.gov.br\/seminf\/wp-json\/wp\/v2\/tags?post=6023"}],"curies":[{"name":"wp","href":"https:\/\/api.w.org\/{rel}","templated":true}]}}